{"id":104364,"date":"2020-06-17T11:02:54","date_gmt":"2020-06-17T09:02:54","guid":{"rendered":"https:\/\/batijournal.com\/?p=104364"},"modified":"2020-06-17T11:02:54","modified_gmt":"2020-06-17T09:02:54","slug":"le-secteur-sengage-pour-la-renovation-energetique","status":"publish","type":"post","link":"https:\/\/batijournal.com\/index.php\/le-secteur-sengage-pour-la-renovation-energetique\/104364\/","title":{"rendered":"Le secteur s\u2019engage pour la r\u00e9novation \u00e9nerg\u00e9tique"},"content":{"rendered":"<p>La r\u00e9novation \u00e9nerg\u00e9tique repr\u00e9sente un d\u00e9fi majeur que la fili\u00e8re B\u00e2timent notamment, doit relever pour permettre \u00e0 la France de respecter ses engagements internationaux. Le march\u00e9 de la r\u00e9novation \u00e9nerg\u00e9tique est une opportunit\u00e9 exceptionnelle de d\u00e9veloppement. Une convention de partenariat entre la FFB Grand Paris, R\u00c9NOVACTIF et ALEC-MVE vient d&rsquo;\u00eatre sign\u00e9e afin de promouvoir et d\u00e9fendre le march\u00e9 de la r\u00e9novation \u00e9nerg\u00e9tique. Les trois organismes r\u00e9unissent expertises afin de proposer aux entreprises des offres adapt\u00e9es et des pratiques dans l\u2019approche des chantiers. Les partenaires s\u2019engagent \u00e0 poursuivre le d\u00e9veloppement de la plateforme Pass\u2019R\u00e9no Habitat qui met en relation les particuliers et le r\u00e9seau de professionnels RGE locaux pour la r\u00e9alisation de travaux \u00e9nerg\u00e9tiques. Mais aussi, promouvoir et d\u00e9fendre le march\u00e9 m\u00e9tropolitain de la r\u00e9novation \u00e9nerg\u00e9tique. Une coop\u00e9ration qui s\u2019exprimera par des actions de communication communes (interventions conjointes lors d\u2019\u00e9v\u00e9nements, collaborations techniques ou partages d\u2019exp\u00e9riences).<\/p>\n","protected":false},"excerpt":{"rendered":"<p>La r\u00e9novation \u00e9nerg\u00e9tique repr\u00e9sente un d\u00e9fi majeur que la fili\u00e8re B\u00e2timent notamment, doit relever pour permettre \u00e0 la France de respecter ses engagements internationaux. Le march\u00e9 de la r\u00e9novation \u00e9nerg\u00e9tique est une opportunit\u00e9 exceptionnelle de d\u00e9veloppement. Une convention de partenariat entre la FFB Grand Paris, R\u00c9NOVACTIF et ALEC-MVE vient d&rsquo;\u00eatre sign\u00e9e afin de promouvoir et [&hellip;]<\/p>\n","protected":false},"author":17,"featured_media":98496,"comment_status":"closed","ping_status":"closed","sticky":false,"template":"","format":"standard","meta":{"_et_pb_use_builder":"","_et_pb_old_content":"","_et_gb_content_width":"","footnotes":""},"categories":[10530,6351,10781,10778],"tags":[1683],"class_list":["post-104364","post","type-post","status-publish","format-standard","has-post-thumbnail","hentry","category-actualites","category-energie-environnement","category-publications-planete","category-planete","tag-renovation-energetique"],"yoast_head":"<!-- This site is optimized with the Yoast SEO plugin v27.4 - https:\/\/yoast.com\/product\/yoast-seo-wordpress\/ -->\n<title>Le secteur s\u2019engage pour la r\u00e9novation \u00e9nerg\u00e9tique<\/title>\n<meta name=\"robots\" content=\"index, follow, max-snippet:-1, max-image-preview:large, max-video-preview:-1\" \/>\n<link rel=\"canonical\" href=\"https:\/\/batijournal.com\/index.php\/le-secteur-sengage-pour-la-renovation-energetique\/104364\/\" \/>\n<meta property=\"og:locale\" content=\"fr_FR\" \/>\n<meta property=\"og:type\" content=\"article\" \/>\n<meta property=\"og:title\" content=\"Le secteur s\u2019engage pour la r\u00e9novation \u00e9nerg\u00e9tique\" \/>\n<meta property=\"og:description\" content=\"La r\u00e9novation \u00e9nerg\u00e9tique repr\u00e9sente un d\u00e9fi majeur que la fili\u00e8re B\u00e2timent notamment, doit relever pour permettre \u00e0 la France de respecter ses engagements internationaux. Le march\u00e9 de la r\u00e9novation \u00e9nerg\u00e9tique est une opportunit\u00e9 exceptionnelle de d\u00e9veloppement. Une convention de partenariat entre la FFB Grand Paris, R\u00c9NOVACTIF et ALEC-MVE vient d&rsquo;\u00eatre sign\u00e9e afin de promouvoir et [&hellip;]\" \/>\n<meta property=\"og:url\" content=\"https:\/\/batijournal.com\/index.php\/le-secteur-sengage-pour-la-renovation-energetique\/104364\/\" \/>\n<meta property=\"og:site_name\" content=\"Batijournal\" \/>\n<meta property=\"article:published_time\" content=\"2020-06-17T09:02:54+00:00\" \/>\n<meta property=\"og:image\" content=\"https:\/\/batijournal.com\/wp-content\/uploads\/2018\/02\/ite.jpg\" \/>\n\t<meta property=\"og:image:width\" content=\"1200\" \/>\n\t<meta property=\"og:image:height\" content=\"779\" \/>\n\t<meta property=\"og:image:type\" content=\"image\/jpeg\" \/>\n<meta name=\"author\" content=\"St\u00e9phane Miget\" \/>\n<meta name=\"twitter:card\" content=\"summary_large_image\" \/>\n<meta name=\"twitter:creator\" content=\"@bati_journal\" \/>\n<meta name=\"twitter:site\" content=\"@bati_journal\" \/>\n<meta name=\"twitter:label1\" content=\"\u00c9crit par\" \/>\n\t<meta name=\"twitter:data1\" content=\"St\u00e9phane Miget\" \/>\n\t<meta name=\"twitter:label2\" content=\"Dur\u00e9e de lecture estim\u00e9e\" \/>\n\t<meta name=\"twitter:data2\" content=\"1 minute\" \/>\n<script type=\"application\/ld+json\" class=\"yoast-schema-graph\">{\"@context\":\"https:\\\/\\\/schema.org\",\"@graph\":[{\"@type\":\"Article\",\"@id\":\"https:\\\/\\\/batijournal.com\\\/index.php\\\/le-secteur-sengage-pour-la-renovation-energetique\\\/104364\\\/#article\",\"isPartOf\":{\"@id\":\"https:\\\/\\\/batijournal.com\\\/index.php\\\/le-secteur-sengage-pour-la-renovation-energetique\\\/104364\\\/\"},\"author\":{\"name\":\"St\u00e9phane Miget\",\"@id\":\"https:\\\/\\\/batijournal.com\\\/#\\\/schema\\\/person\\\/1dc96ec6957aa1ccb25ebe78bb19f100\"},\"headline\":\"Le secteur s\u2019engage pour la r\u00e9novation \u00e9nerg\u00e9tique\",\"datePublished\":\"2020-06-17T09:02:54+00:00\",\"mainEntityOfPage\":{\"@id\":\"https:\\\/\\\/batijournal.com\\\/index.php\\\/le-secteur-sengage-pour-la-renovation-energetique\\\/104364\\\/\"},\"wordCount\":187,\"image\":{\"@id\":\"https:\\\/\\\/batijournal.com\\\/index.php\\\/le-secteur-sengage-pour-la-renovation-energetique\\\/104364\\\/#primaryimage\"},\"thumbnailUrl\":\"https:\\\/\\\/batijournal.com\\\/wp-content\\\/uploads\\\/2018\\\/02\\\/ite.jpg\",\"keywords\":[\"renovation energetique\"],\"articleSection\":[\"Actualit\u00e9s\",\"\u00c9nergie &amp; Environnement\",\"zz_Actualit\u00e9s - Plan\u00e8te\",\"zz_Plan\u00e8te B\u00e2timent\"],\"inLanguage\":\"fr-FR\"},{\"@type\":\"WebPage\",\"@id\":\"https:\\\/\\\/batijournal.com\\\/index.php\\\/le-secteur-sengage-pour-la-renovation-energetique\\\/104364\\\/\",\"url\":\"https:\\\/\\\/batijournal.com\\\/index.php\\\/le-secteur-sengage-pour-la-renovation-energetique\\\/104364\\\/\",\"name\":\"Le secteur s\u2019engage pour la r\u00e9novation \u00e9nerg\u00e9tique\",\"isPartOf\":{\"@id\":\"https:\\\/\\\/batijournal.com\\\/#website\"},\"primaryImageOfPage\":{\"@id\":\"https:\\\/\\\/batijournal.com\\\/index.php\\\/le-secteur-sengage-pour-la-renovation-energetique\\\/104364\\\/#primaryimage\"},\"image\":{\"@id\":\"https:\\\/\\\/batijournal.com\\\/index.php\\\/le-secteur-sengage-pour-la-renovation-energetique\\\/104364\\\/#primaryimage\"},\"thumbnailUrl\":\"https:\\\/\\\/batijournal.com\\\/wp-content\\\/uploads\\\/2018\\\/02\\\/ite.jpg\",\"datePublished\":\"2020-06-17T09:02:54+00:00\",\"author\":{\"@id\":\"https:\\\/\\\/batijournal.com\\\/#\\\/schema\\\/person\\\/1dc96ec6957aa1ccb25ebe78bb19f100\"},\"breadcrumb\":{\"@id\":\"https:\\\/\\\/batijournal.com\\\/index.php\\\/le-secteur-sengage-pour-la-renovation-energetique\\\/104364\\\/#breadcrumb\"},\"inLanguage\":\"fr-FR\",\"potentialAction\":[{\"@type\":\"ReadAction\",\"target\":[\"https:\\\/\\\/batijournal.com\\\/index.php\\\/le-secteur-sengage-pour-la-renovation-energetique\\\/104364\\\/\"]}]},{\"@type\":\"ImageObject\",\"inLanguage\":\"fr-FR\",\"@id\":\"https:\\\/\\\/batijournal.com\\\/index.php\\\/le-secteur-sengage-pour-la-renovation-energetique\\\/104364\\\/#primaryimage\",\"url\":\"https:\\\/\\\/batijournal.com\\\/wp-content\\\/uploads\\\/2018\\\/02\\\/ite.jpg\",\"contentUrl\":\"https:\\\/\\\/batijournal.com\\\/wp-content\\\/uploads\\\/2018\\\/02\\\/ite.jpg\",\"width\":1200,\"height\":779,\"caption\":\"Energie-Climat ADEME\"},{\"@type\":\"BreadcrumbList\",\"@id\":\"https:\\\/\\\/batijournal.com\\\/index.php\\\/le-secteur-sengage-pour-la-renovation-energetique\\\/104364\\\/#breadcrumb\",\"itemListElement\":[{\"@type\":\"ListItem\",\"position\":1,\"name\":\"Accueil\",\"item\":\"https:\\\/\\\/batijournal.com\\\/\"},{\"@type\":\"ListItem\",\"position\":2,\"name\":\"Actualit\u00e9s\",\"item\":\"https:\\\/\\\/batijournal.com\\\/index.php\\\/category\\\/actualites\\\/\"},{\"@type\":\"ListItem\",\"position\":3,\"name\":\"\u00c9nergie &amp; Environnement\",\"item\":\"https:\\\/\\\/batijournal.com\\\/index.php\\\/category\\\/actualites\\\/energie-environnement\\\/\"},{\"@type\":\"ListItem\",\"position\":4,\"name\":\"Le secteur s\u2019engage pour la r\u00e9novation \u00e9nerg\u00e9tique\"}]},{\"@type\":\"WebSite\",\"@id\":\"https:\\\/\\\/batijournal.com\\\/#website\",\"url\":\"https:\\\/\\\/batijournal.com\\\/\",\"name\":\"Batijournal\",\"description\":\"L&#039;actualit\u00e9 du b\u00e2timent\",\"potentialAction\":[{\"@type\":\"SearchAction\",\"target\":{\"@type\":\"EntryPoint\",\"urlTemplate\":\"https:\\\/\\\/batijournal.com\\\/?s={search_term_string}\"},\"query-input\":{\"@type\":\"PropertyValueSpecification\",\"valueRequired\":true,\"valueName\":\"search_term_string\"}}],\"inLanguage\":\"fr-FR\"},{\"@type\":\"Person\",\"@id\":\"https:\\\/\\\/batijournal.com\\\/#\\\/schema\\\/person\\\/1dc96ec6957aa1ccb25ebe78bb19f100\",\"name\":\"St\u00e9phane Miget\",\"image\":{\"@type\":\"ImageObject\",\"inLanguage\":\"fr-FR\",\"@id\":\"https:\\\/\\\/secure.gravatar.com\\\/avatar\\\/89915563d925342126b8ef0281b93d9d7fc337043e8df017f780908eb9644451?s=96&d=mm&r=g\",\"url\":\"https:\\\/\\\/secure.gravatar.com\\\/avatar\\\/89915563d925342126b8ef0281b93d9d7fc337043e8df017f780908eb9644451?s=96&d=mm&r=g\",\"contentUrl\":\"https:\\\/\\\/secure.gravatar.com\\\/avatar\\\/89915563d925342126b8ef0281b93d9d7fc337043e8df017f780908eb9644451?s=96&d=mm&r=g\",\"caption\":\"St\u00e9phane Miget\"},\"url\":\"https:\\\/\\\/batijournal.com\\\/index.php\\\/author\\\/stephane\\\/\"}]}<\/script>\n<!-- \/ Yoast SEO plugin. -->","yoast_head_json":{"title":"Le secteur s\u2019engage pour la r\u00e9novation \u00e9nerg\u00e9tique","robots":{"index":"index","follow":"follow","max-snippet":"max-snippet:-1","max-image-preview":"max-image-preview:large","max-video-preview":"max-video-preview:-1"},"canonical":"https:\/\/batijournal.com\/index.php\/le-secteur-sengage-pour-la-renovation-energetique\/104364\/","og_locale":"fr_FR","og_type":"article","og_title":"Le secteur s\u2019engage pour la r\u00e9novation \u00e9nerg\u00e9tique","og_description":"La r\u00e9novation \u00e9nerg\u00e9tique repr\u00e9sente un d\u00e9fi majeur que la fili\u00e8re B\u00e2timent notamment, doit relever pour permettre \u00e0 la France de respecter ses engagements internationaux. Le march\u00e9 de la r\u00e9novation \u00e9nerg\u00e9tique est une opportunit\u00e9 exceptionnelle de d\u00e9veloppement. Une convention de partenariat entre la FFB Grand Paris, R\u00c9NOVACTIF et ALEC-MVE vient d&rsquo;\u00eatre sign\u00e9e afin de promouvoir et [&hellip;]","og_url":"https:\/\/batijournal.com\/index.php\/le-secteur-sengage-pour-la-renovation-energetique\/104364\/","og_site_name":"Batijournal","article_published_time":"2020-06-17T09:02:54+00:00","og_image":[{"width":1200,"height":779,"url":"https:\/\/batijournal.com\/wp-content\/uploads\/2018\/02\/ite.jpg","type":"image\/jpeg"}],"author":"St\u00e9phane Miget","twitter_card":"summary_large_image","twitter_creator":"@bati_journal","twitter_site":"@bati_journal","twitter_misc":{"\u00c9crit par":"St\u00e9phane Miget","Dur\u00e9e de lecture estim\u00e9e":"1 minute"},"schema":{"@context":"https:\/\/schema.org","@graph":[{"@type":"Article","@id":"https:\/\/batijournal.com\/index.php\/le-secteur-sengage-pour-la-renovation-energetique\/104364\/#article","isPartOf":{"@id":"https:\/\/batijournal.com\/index.php\/le-secteur-sengage-pour-la-renovation-energetique\/104364\/"},"author":{"name":"St\u00e9phane Miget","@id":"https:\/\/batijournal.com\/#\/schema\/person\/1dc96ec6957aa1ccb25ebe78bb19f100"},"headline":"Le secteur s\u2019engage pour la r\u00e9novation \u00e9nerg\u00e9tique","datePublished":"2020-06-17T09:02:54+00:00","mainEntityOfPage":{"@id":"https:\/\/batijournal.com\/index.php\/le-secteur-sengage-pour-la-renovation-energetique\/104364\/"},"wordCount":187,"image":{"@id":"https:\/\/batijournal.com\/index.php\/le-secteur-sengage-pour-la-renovation-energetique\/104364\/#primaryimage"},"thumbnailUrl":"https:\/\/batijournal.com\/wp-content\/uploads\/2018\/02\/ite.jpg","keywords":["renovation energetique"],"articleSection":["Actualit\u00e9s","\u00c9nergie &amp; Environnement","zz_Actualit\u00e9s - Plan\u00e8te","zz_Plan\u00e8te B\u00e2timent"],"inLanguage":"fr-FR"},{"@type":"WebPage","@id":"https:\/\/batijournal.com\/index.php\/le-secteur-sengage-pour-la-renovation-energetique\/104364\/","url":"https:\/\/batijournal.com\/index.php\/le-secteur-sengage-pour-la-renovation-energetique\/104364\/","name":"Le secteur s\u2019engage pour la r\u00e9novation \u00e9nerg\u00e9tique","isPartOf":{"@id":"https:\/\/batijournal.com\/#website"},"primaryImageOfPage":{"@id":"https:\/\/batijournal.com\/index.php\/le-secteur-sengage-pour-la-renovation-energetique\/104364\/#primaryimage"},"image":{"@id":"https:\/\/batijournal.com\/index.php\/le-secteur-sengage-pour-la-renovation-energetique\/104364\/#primaryimage"},"thumbnailUrl":"https:\/\/batijournal.com\/wp-content\/uploads\/2018\/02\/ite.jpg","datePublished":"2020-06-17T09:02:54+00:00","author":{"@id":"https:\/\/batijournal.com\/#\/schema\/person\/1dc96ec6957aa1ccb25ebe78bb19f100"},"breadcrumb":{"@id":"https:\/\/batijournal.com\/index.php\/le-secteur-sengage-pour-la-renovation-energetique\/104364\/#breadcrumb"},"inLanguage":"fr-FR","potentialAction":[{"@type":"ReadAction","target":["https:\/\/batijournal.com\/index.php\/le-secteur-sengage-pour-la-renovation-energetique\/104364\/"]}]},{"@type":"ImageObject","inLanguage":"fr-FR","@id":"https:\/\/batijournal.com\/index.php\/le-secteur-sengage-pour-la-renovation-energetique\/104364\/#primaryimage","url":"https:\/\/batijournal.com\/wp-content\/uploads\/2018\/02\/ite.jpg","contentUrl":"https:\/\/batijournal.com\/wp-content\/uploads\/2018\/02\/ite.jpg","width":1200,"height":779,"caption":"Energie-Climat ADEME"},{"@type":"BreadcrumbList","@id":"https:\/\/batijournal.com\/index.php\/le-secteur-sengage-pour-la-renovation-energetique\/104364\/#breadcrumb","itemListElement":[{"@type":"ListItem","position":1,"name":"Accueil","item":"https:\/\/batijournal.com\/"},{"@type":"ListItem","position":2,"name":"Actualit\u00e9s","item":"https:\/\/batijournal.com\/index.php\/category\/actualites\/"},{"@type":"ListItem","position":3,"name":"\u00c9nergie &amp; Environnement","item":"https:\/\/batijournal.com\/index.php\/category\/actualites\/energie-environnement\/"},{"@type":"ListItem","position":4,"name":"Le secteur s\u2019engage pour la r\u00e9novation \u00e9nerg\u00e9tique"}]},{"@type":"WebSite","@id":"https:\/\/batijournal.com\/#website","url":"https:\/\/batijournal.com\/","name":"Batijournal","description":"L&#039;actualit\u00e9 du b\u00e2timent","potentialAction":[{"@type":"SearchAction","target":{"@type":"EntryPoint","urlTemplate":"https:\/\/batijournal.com\/?s={search_term_string}"},"query-input":{"@type":"PropertyValueSpecification","valueRequired":true,"valueName":"search_term_string"}}],"inLanguage":"fr-FR"},{"@type":"Person","@id":"https:\/\/batijournal.com\/#\/schema\/person\/1dc96ec6957aa1ccb25ebe78bb19f100","name":"St\u00e9phane Miget","image":{"@type":"ImageObject","inLanguage":"fr-FR","@id":"https:\/\/secure.gravatar.com\/avatar\/89915563d925342126b8ef0281b93d9d7fc337043e8df017f780908eb9644451?s=96&d=mm&r=g","url":"https:\/\/secure.gravatar.com\/avatar\/89915563d925342126b8ef0281b93d9d7fc337043e8df017f780908eb9644451?s=96&d=mm&r=g","contentUrl":"https:\/\/secure.gravatar.com\/avatar\/89915563d925342126b8ef0281b93d9d7fc337043e8df017f780908eb9644451?s=96&d=mm&r=g","caption":"St\u00e9phane Miget"},"url":"https:\/\/batijournal.com\/index.php\/author\/stephane\/"}]}},"_links":{"self":[{"href":"https:\/\/batijournal.com\/index.php\/wp-json\/wp\/v2\/posts\/104364","targetHints":{"allow":["GET"]}}],"collection":[{"href":"https:\/\/batijournal.com\/index.php\/wp-json\/wp\/v2\/posts"}],"about":[{"href":"https:\/\/batijournal.com\/index.php\/wp-json\/wp\/v2\/types\/post"}],"author":[{"embeddable":true,"href":"https:\/\/batijournal.com\/index.php\/wp-json\/wp\/v2\/users\/17"}],"replies":[{"embeddable":true,"href":"https:\/\/batijournal.com\/index.php\/wp-json\/wp\/v2\/comments?post=104364"}],"version-history":[{"count":0,"href":"https:\/\/batijournal.com\/index.php\/wp-json\/wp\/v2\/posts\/104364\/revisions"}],"wp:featuredmedia":[{"embeddable":true,"href":"https:\/\/batijournal.com\/index.php\/wp-json\/wp\/v2\/media\/98496"}],"wp:attachment":[{"href":"https:\/\/batijournal.com\/index.php\/wp-json\/wp\/v2\/media?parent=104364"}],"wp:term":[{"taxonomy":"category","embeddable":true,"href":"https:\/\/batijournal.com\/index.php\/wp-json\/wp\/v2\/categories?post=104364"},{"taxonomy":"post_tag","embeddable":true,"href":"https:\/\/batijournal.com\/index.php\/wp-json\/wp\/v2\/tags?post=104364"}],"curies":[{"name":"wp","href":"https:\/\/api.w.org\/{rel}","templated":true}]}}