{"id":104365,"date":"2020-06-17T11:08:35","date_gmt":"2020-06-17T09:08:35","guid":{"rendered":"https:\/\/batijournal.com\/?p=104365"},"modified":"2020-06-17T11:08:35","modified_gmt":"2020-06-17T09:08:35","slug":"6-mesures-concretes-pour-relancer-lactivite-tout-en-gardant-le-cap-de-la-transition-energetique","status":"publish","type":"post","link":"https:\/\/batijournal.com\/index.php\/6-mesures-concretes-pour-relancer-lactivite-tout-en-gardant-le-cap-de-la-transition-energetique\/104365\/","title":{"rendered":"6 mesures concr\u00e8tes pour relancer l&rsquo;activit\u00e9 tout en gardant le cap de la transition \u00e9nerg\u00e9tique"},"content":{"rendered":"<p><strong>Il est important de redonner confiance aux m\u00e9nages pour qu&rsquo;ils investissent dans la r\u00e9novation de leur logement et permettre un red\u00e9marrage de l&rsquo;activit\u00e9 des entreprises du b\u00e2timent. Co\u00e9nove fait des propositions pens\u00e9es de fa\u00e7on \u00e0 ce qu&rsquo;il n&rsquo;y ait qu&rsquo;un co\u00fbt suppl\u00e9mentaire limit\u00e9 pour l&rsquo;\u00c9tat. Co\u00e9nove propose une vision pragmatique avec plusieurs niveaux d&rsquo;actions concr\u00e8tes, et positive aussi bien pour l&rsquo;\u00e9conomie que pour la transition \u00e9nerg\u00e9tique.<\/strong><\/p>\n<p>Objectif 1 : Donner la priorit\u00e9 \u00e0 la relance de l&rsquo;activit\u00e9 \u00e9conomique, en s&rsquo;appuyant sur les objectifs de transition \u00e9nerg\u00e9tique<\/p>\n<p>&#8211; Via une communication destin\u00e9e au grand public, faire conna\u00eetre et mettre en \u0153uvre la mesure de soutien financier d\u00e9j\u00e0 pr\u00e9vue par la loi de finances 2020 pour les bouquets de travaux dans les maisons individuelles des classes \u00e9nerg\u00e9tiques F &amp; G, permettant ainsi une acc\u00e9l\u00e9ration de l&rsquo;\u00e9radication des passoires thermiques (co\u00fbt suppl\u00e9mentaire pour l&rsquo;\u00c9tat : nul)<\/p>\n<p>&#8211; Poursuivre les actions (m\u00e9canismes Coup de pouce) permettant le remplacement des chaudi\u00e8res v\u00e9tustes, notamment au fioul (co\u00fbt suppl\u00e9mentaire pour l&rsquo;\u00c9tat : nul)<\/p>\n<p>&#8211; Permettre aux m\u00e9nages (cat\u00e9gorie des d\u00e9ciles 5 \u00e0 8) le remplacement de leur ancien \u00e9quipement de chauffage par une chaudi\u00e8re gaz \u00e0 tr\u00e8s haute performance \u00e9nerg\u00e9tique : 400\u20ac\/logt en cas de chaudi\u00e8re individuelle et 150\u20ac\/logt en chauffage collectif (co\u00fbt pour l&rsquo;\u00c9tat : 20 M\u20ac en 2020 avec 50 000 chaudi\u00e8res prim\u00e9es)<\/p>\n<p>Objectif 2 : Stabiliser les exigences impos\u00e9es aux acteurs de la construction pour leur permettre de red\u00e9marrer leur activit\u00e9<\/p>\n<p>&#8211; pour rendre compatibles les nouvelles exigences avec la p\u00e9riode de relance de l&rsquo;\u00e9conomie, pr\u00e9voir un \u00e9chelonnement de la nouvelle r\u00e9glementation dans la construction neuve (la RE2020) avec une applicabilit\u00e9 au 1er janvier 2022 au lieu de l&rsquo;\u00e9t\u00e9 2021 (avec d\u00e8s le 1er janvier 2021, un label pr\u00e9figurant la RE2020) (co\u00fbt pour l&rsquo;\u00c9tat : nul)<\/p>\n<p>Objectif 3 : Acc\u00e9l\u00e9rer la production fran\u00e7aise de gaz renouvelables, source d&rsquo;ind\u00e9pendance \u00e9nerg\u00e9tique et de dynamisation des territoires<\/p>\n<p>&#8211; Soutenir la fili\u00e8re de biom\u00e9thane en France en lui permettant d&rsquo;atteindre d\u00e8s 2023 un niveau d&rsquo;injection de 10 TWh, soit 12 TWh en capacit\u00e9 install\u00e9e (Surco\u00fbt pour l&rsquo;\u00c9tat estim\u00e9 \u00e0 150 M\u20ac par an sur les 15 prochaines ann\u00e9es, avec un effet de levier global significatif et de nombreuses externalit\u00e9s positives sur le climat, le sol et l&rsquo;eau)<\/p>\n<p>Objectif 4 : B\u00e2tir une fili\u00e8re franco-europ\u00e9enne des Pompes \u00e0 Chaleur (PAC) hybride<\/p>\n<p>&#8211; Inscrire, dans les l\u00e9gislations et r\u00e8glementations, la PAC hybride comme solution innovante et performante pour le b\u00e2timent (co\u00fbt pour l&rsquo;\u00c9tat : nul)<\/p>\n","protected":false},"excerpt":{"rendered":"<p>Il est important de redonner confiance aux m\u00e9nages pour qu&rsquo;ils investissent dans la r\u00e9novation de leur logement et permettre un red\u00e9marrage de l&rsquo;activit\u00e9 des entreprises du b\u00e2timent. Co\u00e9nove fait des propositions pens\u00e9es de fa\u00e7on \u00e0 ce qu&rsquo;il n&rsquo;y ait qu&rsquo;un co\u00fbt suppl\u00e9mentaire limit\u00e9 pour l&rsquo;\u00c9tat. Co\u00e9nove propose une vision pragmatique avec plusieurs niveaux d&rsquo;actions concr\u00e8tes, [&hellip;]<\/p>\n","protected":false},"author":17,"featured_media":86453,"comment_status":"closed","ping_status":"closed","sticky":false,"template":"","format":"standard","meta":{"_et_pb_use_builder":"","_et_pb_old_content":"","_et_gb_content_width":"","footnotes":""},"categories":[10530,6351,10781,10778],"tags":[11059],"class_list":["post-104365","post","type-post","status-publish","format-standard","has-post-thumbnail","hentry","category-actualites","category-energie-environnement","category-publications-planete","category-planete","tag-transition-energetique"],"yoast_head":"<!-- This site is optimized with the Yoast SEO plugin v27.4 - https:\/\/yoast.com\/product\/yoast-seo-wordpress\/ -->\n<title>6 mesures concr\u00e8tes pour relancer l&#039;activit\u00e9 tout en gardant le cap de la transition \u00e9nerg\u00e9tique<\/title>\n<meta name=\"robots\" content=\"index, follow, max-snippet:-1, max-image-preview:large, max-video-preview:-1\" \/>\n<link rel=\"canonical\" href=\"https:\/\/batijournal.com\/index.php\/6-mesures-concretes-pour-relancer-lactivite-tout-en-gardant-le-cap-de-la-transition-energetique\/104365\/\" \/>\n<meta property=\"og:locale\" content=\"fr_FR\" \/>\n<meta property=\"og:type\" content=\"article\" \/>\n<meta property=\"og:title\" content=\"6 mesures concr\u00e8tes pour relancer l&#039;activit\u00e9 tout en gardant le cap de la transition \u00e9nerg\u00e9tique\" \/>\n<meta property=\"og:description\" content=\"Il est important de redonner confiance aux m\u00e9nages pour qu&rsquo;ils investissent dans la r\u00e9novation de leur logement et permettre un red\u00e9marrage de l&rsquo;activit\u00e9 des entreprises du b\u00e2timent. Co\u00e9nove fait des propositions pens\u00e9es de fa\u00e7on \u00e0 ce qu&rsquo;il n&rsquo;y ait qu&rsquo;un co\u00fbt suppl\u00e9mentaire limit\u00e9 pour l&rsquo;\u00c9tat. Co\u00e9nove propose une vision pragmatique avec plusieurs niveaux d&rsquo;actions concr\u00e8tes, [&hellip;]\" \/>\n<meta property=\"og:url\" content=\"https:\/\/batijournal.com\/index.php\/6-mesures-concretes-pour-relancer-lactivite-tout-en-gardant-le-cap-de-la-transition-energetique\/104365\/\" \/>\n<meta property=\"og:site_name\" content=\"Batijournal\" \/>\n<meta property=\"article:published_time\" content=\"2020-06-17T09:08:35+00:00\" \/>\n<meta property=\"og:image\" content=\"https:\/\/batijournal.com\/wp-content\/uploads\/2015\/03\/97273383.jpg\" \/>\n\t<meta property=\"og:image:width\" content=\"600\" \/>\n\t<meta property=\"og:image:height\" content=\"560\" \/>\n\t<meta property=\"og:image:type\" content=\"image\/jpeg\" \/>\n<meta name=\"author\" content=\"St\u00e9phane Miget\" \/>\n<meta name=\"twitter:card\" content=\"summary_large_image\" \/>\n<meta name=\"twitter:creator\" content=\"@bati_journal\" \/>\n<meta name=\"twitter:site\" content=\"@bati_journal\" \/>\n<meta name=\"twitter:label1\" content=\"\u00c9crit par\" \/>\n\t<meta name=\"twitter:data1\" content=\"St\u00e9phane Miget\" \/>\n\t<meta name=\"twitter:label2\" content=\"Dur\u00e9e de lecture estim\u00e9e\" \/>\n\t<meta name=\"twitter:data2\" content=\"2 minutes\" \/>\n<script type=\"application\/ld+json\" class=\"yoast-schema-graph\">{\"@context\":\"https:\\\/\\\/schema.org\",\"@graph\":[{\"@type\":\"Article\",\"@id\":\"https:\\\/\\\/batijournal.com\\\/index.php\\\/6-mesures-concretes-pour-relancer-lactivite-tout-en-gardant-le-cap-de-la-transition-energetique\\\/104365\\\/#article\",\"isPartOf\":{\"@id\":\"https:\\\/\\\/batijournal.com\\\/index.php\\\/6-mesures-concretes-pour-relancer-lactivite-tout-en-gardant-le-cap-de-la-transition-energetique\\\/104365\\\/\"},\"author\":{\"name\":\"St\u00e9phane Miget\",\"@id\":\"https:\\\/\\\/batijournal.com\\\/#\\\/schema\\\/person\\\/1dc96ec6957aa1ccb25ebe78bb19f100\"},\"headline\":\"6 mesures concr\u00e8tes pour relancer l&rsquo;activit\u00e9 tout en gardant le cap de la transition \u00e9nerg\u00e9tique\",\"datePublished\":\"2020-06-17T09:08:35+00:00\",\"mainEntityOfPage\":{\"@id\":\"https:\\\/\\\/batijournal.com\\\/index.php\\\/6-mesures-concretes-pour-relancer-lactivite-tout-en-gardant-le-cap-de-la-transition-energetique\\\/104365\\\/\"},\"wordCount\":474,\"image\":{\"@id\":\"https:\\\/\\\/batijournal.com\\\/index.php\\\/6-mesures-concretes-pour-relancer-lactivite-tout-en-gardant-le-cap-de-la-transition-energetique\\\/104365\\\/#primaryimage\"},\"thumbnailUrl\":\"https:\\\/\\\/batijournal.com\\\/wp-content\\\/uploads\\\/2015\\\/03\\\/97273383.jpg\",\"keywords\":[\"transition \u00e9nerg\u00e9tique\"],\"articleSection\":[\"Actualit\u00e9s\",\"\u00c9nergie &amp; Environnement\",\"zz_Actualit\u00e9s - Plan\u00e8te\",\"zz_Plan\u00e8te B\u00e2timent\"],\"inLanguage\":\"fr-FR\"},{\"@type\":\"WebPage\",\"@id\":\"https:\\\/\\\/batijournal.com\\\/index.php\\\/6-mesures-concretes-pour-relancer-lactivite-tout-en-gardant-le-cap-de-la-transition-energetique\\\/104365\\\/\",\"url\":\"https:\\\/\\\/batijournal.com\\\/index.php\\\/6-mesures-concretes-pour-relancer-lactivite-tout-en-gardant-le-cap-de-la-transition-energetique\\\/104365\\\/\",\"name\":\"6 mesures concr\u00e8tes pour relancer l'activit\u00e9 tout en gardant le cap de la transition \u00e9nerg\u00e9tique\",\"isPartOf\":{\"@id\":\"https:\\\/\\\/batijournal.com\\\/#website\"},\"primaryImageOfPage\":{\"@id\":\"https:\\\/\\\/batijournal.com\\\/index.php\\\/6-mesures-concretes-pour-relancer-lactivite-tout-en-gardant-le-cap-de-la-transition-energetique\\\/104365\\\/#primaryimage\"},\"image\":{\"@id\":\"https:\\\/\\\/batijournal.com\\\/index.php\\\/6-mesures-concretes-pour-relancer-lactivite-tout-en-gardant-le-cap-de-la-transition-energetique\\\/104365\\\/#primaryimage\"},\"thumbnailUrl\":\"https:\\\/\\\/batijournal.com\\\/wp-content\\\/uploads\\\/2015\\\/03\\\/97273383.jpg\",\"datePublished\":\"2020-06-17T09:08:35+00:00\",\"author\":{\"@id\":\"https:\\\/\\\/batijournal.com\\\/#\\\/schema\\\/person\\\/1dc96ec6957aa1ccb25ebe78bb19f100\"},\"breadcrumb\":{\"@id\":\"https:\\\/\\\/batijournal.com\\\/index.php\\\/6-mesures-concretes-pour-relancer-lactivite-tout-en-gardant-le-cap-de-la-transition-energetique\\\/104365\\\/#breadcrumb\"},\"inLanguage\":\"fr-FR\",\"potentialAction\":[{\"@type\":\"ReadAction\",\"target\":[\"https:\\\/\\\/batijournal.com\\\/index.php\\\/6-mesures-concretes-pour-relancer-lactivite-tout-en-gardant-le-cap-de-la-transition-energetique\\\/104365\\\/\"]}]},{\"@type\":\"ImageObject\",\"inLanguage\":\"fr-FR\",\"@id\":\"https:\\\/\\\/batijournal.com\\\/index.php\\\/6-mesures-concretes-pour-relancer-lactivite-tout-en-gardant-le-cap-de-la-transition-energetique\\\/104365\\\/#primaryimage\",\"url\":\"https:\\\/\\\/batijournal.com\\\/wp-content\\\/uploads\\\/2015\\\/03\\\/97273383.jpg\",\"contentUrl\":\"https:\\\/\\\/batijournal.com\\\/wp-content\\\/uploads\\\/2015\\\/03\\\/97273383.jpg\",\"width\":600,\"height\":560,\"caption\":\"r\u00e9novation\"},{\"@type\":\"BreadcrumbList\",\"@id\":\"https:\\\/\\\/batijournal.com\\\/index.php\\\/6-mesures-concretes-pour-relancer-lactivite-tout-en-gardant-le-cap-de-la-transition-energetique\\\/104365\\\/#breadcrumb\",\"itemListElement\":[{\"@type\":\"ListItem\",\"position\":1,\"name\":\"Accueil\",\"item\":\"https:\\\/\\\/batijournal.com\\\/\"},{\"@type\":\"ListItem\",\"position\":2,\"name\":\"Actualit\u00e9s\",\"item\":\"https:\\\/\\\/batijournal.com\\\/index.php\\\/category\\\/actualites\\\/\"},{\"@type\":\"ListItem\",\"position\":3,\"name\":\"\u00c9nergie &amp; Environnement\",\"item\":\"https:\\\/\\\/batijournal.com\\\/index.php\\\/category\\\/actualites\\\/energie-environnement\\\/\"},{\"@type\":\"ListItem\",\"position\":4,\"name\":\"6 mesures concr\u00e8tes pour relancer l&rsquo;activit\u00e9 tout en gardant le cap de la transition \u00e9nerg\u00e9tique\"}]},{\"@type\":\"WebSite\",\"@id\":\"https:\\\/\\\/batijournal.com\\\/#website\",\"url\":\"https:\\\/\\\/batijournal.com\\\/\",\"name\":\"Batijournal\",\"description\":\"L&#039;actualit\u00e9 du b\u00e2timent\",\"potentialAction\":[{\"@type\":\"SearchAction\",\"target\":{\"@type\":\"EntryPoint\",\"urlTemplate\":\"https:\\\/\\\/batijournal.com\\\/?s={search_term_string}\"},\"query-input\":{\"@type\":\"PropertyValueSpecification\",\"valueRequired\":true,\"valueName\":\"search_term_string\"}}],\"inLanguage\":\"fr-FR\"},{\"@type\":\"Person\",\"@id\":\"https:\\\/\\\/batijournal.com\\\/#\\\/schema\\\/person\\\/1dc96ec6957aa1ccb25ebe78bb19f100\",\"name\":\"St\u00e9phane Miget\",\"image\":{\"@type\":\"ImageObject\",\"inLanguage\":\"fr-FR\",\"@id\":\"https:\\\/\\\/secure.gravatar.com\\\/avatar\\\/89915563d925342126b8ef0281b93d9d7fc337043e8df017f780908eb9644451?s=96&d=mm&r=g\",\"url\":\"https:\\\/\\\/secure.gravatar.com\\\/avatar\\\/89915563d925342126b8ef0281b93d9d7fc337043e8df017f780908eb9644451?s=96&d=mm&r=g\",\"contentUrl\":\"https:\\\/\\\/secure.gravatar.com\\\/avatar\\\/89915563d925342126b8ef0281b93d9d7fc337043e8df017f780908eb9644451?s=96&d=mm&r=g\",\"caption\":\"St\u00e9phane Miget\"},\"url\":\"https:\\\/\\\/batijournal.com\\\/index.php\\\/author\\\/stephane\\\/\"}]}<\/script>\n<!-- \/ Yoast SEO plugin. -->","yoast_head_json":{"title":"6 mesures concr\u00e8tes pour relancer l'activit\u00e9 tout en gardant le cap de la transition \u00e9nerg\u00e9tique","robots":{"index":"index","follow":"follow","max-snippet":"max-snippet:-1","max-image-preview":"max-image-preview:large","max-video-preview":"max-video-preview:-1"},"canonical":"https:\/\/batijournal.com\/index.php\/6-mesures-concretes-pour-relancer-lactivite-tout-en-gardant-le-cap-de-la-transition-energetique\/104365\/","og_locale":"fr_FR","og_type":"article","og_title":"6 mesures concr\u00e8tes pour relancer l'activit\u00e9 tout en gardant le cap de la transition \u00e9nerg\u00e9tique","og_description":"Il est important de redonner confiance aux m\u00e9nages pour qu&rsquo;ils investissent dans la r\u00e9novation de leur logement et permettre un red\u00e9marrage de l&rsquo;activit\u00e9 des entreprises du b\u00e2timent. Co\u00e9nove fait des propositions pens\u00e9es de fa\u00e7on \u00e0 ce qu&rsquo;il n&rsquo;y ait qu&rsquo;un co\u00fbt suppl\u00e9mentaire limit\u00e9 pour l&rsquo;\u00c9tat. Co\u00e9nove propose une vision pragmatique avec plusieurs niveaux d&rsquo;actions concr\u00e8tes, [&hellip;]","og_url":"https:\/\/batijournal.com\/index.php\/6-mesures-concretes-pour-relancer-lactivite-tout-en-gardant-le-cap-de-la-transition-energetique\/104365\/","og_site_name":"Batijournal","article_published_time":"2020-06-17T09:08:35+00:00","og_image":[{"width":600,"height":560,"url":"https:\/\/batijournal.com\/wp-content\/uploads\/2015\/03\/97273383.jpg","type":"image\/jpeg"}],"author":"St\u00e9phane Miget","twitter_card":"summary_large_image","twitter_creator":"@bati_journal","twitter_site":"@bati_journal","twitter_misc":{"\u00c9crit par":"St\u00e9phane Miget","Dur\u00e9e de lecture estim\u00e9e":"2 minutes"},"schema":{"@context":"https:\/\/schema.org","@graph":[{"@type":"Article","@id":"https:\/\/batijournal.com\/index.php\/6-mesures-concretes-pour-relancer-lactivite-tout-en-gardant-le-cap-de-la-transition-energetique\/104365\/#article","isPartOf":{"@id":"https:\/\/batijournal.com\/index.php\/6-mesures-concretes-pour-relancer-lactivite-tout-en-gardant-le-cap-de-la-transition-energetique\/104365\/"},"author":{"name":"St\u00e9phane Miget","@id":"https:\/\/batijournal.com\/#\/schema\/person\/1dc96ec6957aa1ccb25ebe78bb19f100"},"headline":"6 mesures concr\u00e8tes pour relancer l&rsquo;activit\u00e9 tout en gardant le cap de la transition \u00e9nerg\u00e9tique","datePublished":"2020-06-17T09:08:35+00:00","mainEntityOfPage":{"@id":"https:\/\/batijournal.com\/index.php\/6-mesures-concretes-pour-relancer-lactivite-tout-en-gardant-le-cap-de-la-transition-energetique\/104365\/"},"wordCount":474,"image":{"@id":"https:\/\/batijournal.com\/index.php\/6-mesures-concretes-pour-relancer-lactivite-tout-en-gardant-le-cap-de-la-transition-energetique\/104365\/#primaryimage"},"thumbnailUrl":"https:\/\/batijournal.com\/wp-content\/uploads\/2015\/03\/97273383.jpg","keywords":["transition \u00e9nerg\u00e9tique"],"articleSection":["Actualit\u00e9s","\u00c9nergie &amp; Environnement","zz_Actualit\u00e9s - Plan\u00e8te","zz_Plan\u00e8te B\u00e2timent"],"inLanguage":"fr-FR"},{"@type":"WebPage","@id":"https:\/\/batijournal.com\/index.php\/6-mesures-concretes-pour-relancer-lactivite-tout-en-gardant-le-cap-de-la-transition-energetique\/104365\/","url":"https:\/\/batijournal.com\/index.php\/6-mesures-concretes-pour-relancer-lactivite-tout-en-gardant-le-cap-de-la-transition-energetique\/104365\/","name":"6 mesures concr\u00e8tes pour relancer l'activit\u00e9 tout en gardant le cap de la transition \u00e9nerg\u00e9tique","isPartOf":{"@id":"https:\/\/batijournal.com\/#website"},"primaryImageOfPage":{"@id":"https:\/\/batijournal.com\/index.php\/6-mesures-concretes-pour-relancer-lactivite-tout-en-gardant-le-cap-de-la-transition-energetique\/104365\/#primaryimage"},"image":{"@id":"https:\/\/batijournal.com\/index.php\/6-mesures-concretes-pour-relancer-lactivite-tout-en-gardant-le-cap-de-la-transition-energetique\/104365\/#primaryimage"},"thumbnailUrl":"https:\/\/batijournal.com\/wp-content\/uploads\/2015\/03\/97273383.jpg","datePublished":"2020-06-17T09:08:35+00:00","author":{"@id":"https:\/\/batijournal.com\/#\/schema\/person\/1dc96ec6957aa1ccb25ebe78bb19f100"},"breadcrumb":{"@id":"https:\/\/batijournal.com\/index.php\/6-mesures-concretes-pour-relancer-lactivite-tout-en-gardant-le-cap-de-la-transition-energetique\/104365\/#breadcrumb"},"inLanguage":"fr-FR","potentialAction":[{"@type":"ReadAction","target":["https:\/\/batijournal.com\/index.php\/6-mesures-concretes-pour-relancer-lactivite-tout-en-gardant-le-cap-de-la-transition-energetique\/104365\/"]}]},{"@type":"ImageObject","inLanguage":"fr-FR","@id":"https:\/\/batijournal.com\/index.php\/6-mesures-concretes-pour-relancer-lactivite-tout-en-gardant-le-cap-de-la-transition-energetique\/104365\/#primaryimage","url":"https:\/\/batijournal.com\/wp-content\/uploads\/2015\/03\/97273383.jpg","contentUrl":"https:\/\/batijournal.com\/wp-content\/uploads\/2015\/03\/97273383.jpg","width":600,"height":560,"caption":"r\u00e9novation"},{"@type":"BreadcrumbList","@id":"https:\/\/batijournal.com\/index.php\/6-mesures-concretes-pour-relancer-lactivite-tout-en-gardant-le-cap-de-la-transition-energetique\/104365\/#breadcrumb","itemListElement":[{"@type":"ListItem","position":1,"name":"Accueil","item":"https:\/\/batijournal.com\/"},{"@type":"ListItem","position":2,"name":"Actualit\u00e9s","item":"https:\/\/batijournal.com\/index.php\/category\/actualites\/"},{"@type":"ListItem","position":3,"name":"\u00c9nergie &amp; Environnement","item":"https:\/\/batijournal.com\/index.php\/category\/actualites\/energie-environnement\/"},{"@type":"ListItem","position":4,"name":"6 mesures concr\u00e8tes pour relancer l&rsquo;activit\u00e9 tout en gardant le cap de la transition \u00e9nerg\u00e9tique"}]},{"@type":"WebSite","@id":"https:\/\/batijournal.com\/#website","url":"https:\/\/batijournal.com\/","name":"Batijournal","description":"L&#039;actualit\u00e9 du b\u00e2timent","potentialAction":[{"@type":"SearchAction","target":{"@type":"EntryPoint","urlTemplate":"https:\/\/batijournal.com\/?s={search_term_string}"},"query-input":{"@type":"PropertyValueSpecification","valueRequired":true,"valueName":"search_term_string"}}],"inLanguage":"fr-FR"},{"@type":"Person","@id":"https:\/\/batijournal.com\/#\/schema\/person\/1dc96ec6957aa1ccb25ebe78bb19f100","name":"St\u00e9phane Miget","image":{"@type":"ImageObject","inLanguage":"fr-FR","@id":"https:\/\/secure.gravatar.com\/avatar\/89915563d925342126b8ef0281b93d9d7fc337043e8df017f780908eb9644451?s=96&d=mm&r=g","url":"https:\/\/secure.gravatar.com\/avatar\/89915563d925342126b8ef0281b93d9d7fc337043e8df017f780908eb9644451?s=96&d=mm&r=g","contentUrl":"https:\/\/secure.gravatar.com\/avatar\/89915563d925342126b8ef0281b93d9d7fc337043e8df017f780908eb9644451?s=96&d=mm&r=g","caption":"St\u00e9phane Miget"},"url":"https:\/\/batijournal.com\/index.php\/author\/stephane\/"}]}},"_links":{"self":[{"href":"https:\/\/batijournal.com\/index.php\/wp-json\/wp\/v2\/posts\/104365","targetHints":{"allow":["GET"]}}],"collection":[{"href":"https:\/\/batijournal.com\/index.php\/wp-json\/wp\/v2\/posts"}],"about":[{"href":"https:\/\/batijournal.com\/index.php\/wp-json\/wp\/v2\/types\/post"}],"author":[{"embeddable":true,"href":"https:\/\/batijournal.com\/index.php\/wp-json\/wp\/v2\/users\/17"}],"replies":[{"embeddable":true,"href":"https:\/\/batijournal.com\/index.php\/wp-json\/wp\/v2\/comments?post=104365"}],"version-history":[{"count":0,"href":"https:\/\/batijournal.com\/index.php\/wp-json\/wp\/v2\/posts\/104365\/revisions"}],"wp:featuredmedia":[{"embeddable":true,"href":"https:\/\/batijournal.com\/index.php\/wp-json\/wp\/v2\/media\/86453"}],"wp:attachment":[{"href":"https:\/\/batijournal.com\/index.php\/wp-json\/wp\/v2\/media?parent=104365"}],"wp:term":[{"taxonomy":"category","embeddable":true,"href":"https:\/\/batijournal.com\/index.php\/wp-json\/wp\/v2\/categories?post=104365"},{"taxonomy":"post_tag","embeddable":true,"href":"https:\/\/batijournal.com\/index.php\/wp-json\/wp\/v2\/tags?post=104365"}],"curies":[{"name":"wp","href":"https:\/\/api.w.org\/{rel}","templated":true}]}}