{"id":104380,"date":"2020-06-19T15:40:04","date_gmt":"2020-06-19T13:40:04","guid":{"rendered":"https:\/\/batijournal.com\/?p=104380"},"modified":"2020-06-19T15:40:04","modified_gmt":"2020-06-19T13:40:04","slug":"facilicim-nf-dans-un-nouveau-sac-de-25-kg","status":"publish","type":"post","link":"https:\/\/batijournal.com\/index.php\/facilicim-nf-dans-un-nouveau-sac-de-25-kg\/104380\/","title":{"rendered":"Facilicim NF dans un nouveau sac de 25 kg"},"content":{"rendered":"<p>D\u00e9but juillet, Cem&rsquo;In&rsquo;Eu lancera un nouveau sac de ciment de 25KG en poly\u00e9thyl\u00e8ne. Plus pratique, facile \u00e0 stocker, moins lourd, recycl\u00e9 et recyclable. Depuis son lancement, la start-up Cem&rsquo;In&rsquo;Eu a imagin\u00e9 une organisation qui minimise son impact carbone tout au long de la chaine de valeur : approvisionnement en mati\u00e8res premi\u00e8res, logistique, production et distribution. Dans la droite ligne de cet engagement, Cem&rsquo;In&rsquo;Eu a imagin\u00e9 un nouveau sac. Fabriqu\u00e9 \u00e0 partir de poly\u00e9thyl\u00e8ne, il est d&rsquo;un tri facile et parfaitement recyclable. Ces sacs int\u00e8grent \u00e9galement des mat\u00e9riaux recycl\u00e9s. Particuli\u00e8rement \u00e0 l&rsquo;\u00e9coute des utilisateurs, Cem&rsquo;In&rsquo;Eu s&rsquo;est attach\u00e9 \u00e0 d\u00e9velopper un nouveau sac qui leur facilite r\u00e9ellement le quotidien. Moins lourd, le sac Facilicim 25KG facilite les manipulations. \u00c9tanche, il peut \u00eatre stock\u00e9 en ext\u00e9rieur sans risque de d\u00e9gradation. Moins fragile, il peut \u00eatre manipul\u00e9 sans risque de casse, limitant ainsi les pertes sur chantiers. Alors que certains pays frontaliers se sont convertis au sac en poly\u00e9thyl\u00e8ne depuis de nombreuses ann\u00e9es, celui-ci n&rsquo;est pas pr\u00e9sent en France. En capitalisant sur ses atouts pour les utilisateurs, l&rsquo;environnement et la s\u00e9curit\u00e9 au travail, Cem&rsquo;In&rsquo;Eu fait le pari de d\u00e9velopper ce march\u00e9 rapidement en collaboration \u00e9troite avec les n\u00e9gociants en mat\u00e9riaux de construction. Produit \u00e0 l&rsquo;usine Ali\u00e9nor Ciments \u00e0 Tonneins (47), le Facilicim CEM II\/B-LL 32,5R NF conditionn\u00e9 en sac de 25KG sera disponible d\u00e8s juillet 2020. Il vient compl\u00e9ter la gamme compos\u00e9e du Facilicim NF en sac de 35KG, ainsi que Le Ciment Europ\u00e9en marqu\u00e9 CE conditionn\u00e9 en 20KG et 35KG.<\/p>\n","protected":false},"excerpt":{"rendered":"<p>D\u00e9but juillet, Cem&rsquo;In&rsquo;Eu lancera un nouveau sac de ciment de 25KG en poly\u00e9thyl\u00e8ne. Plus pratique, facile \u00e0 stocker, moins lourd, recycl\u00e9 et recyclable. Depuis son lancement, la start-up Cem&rsquo;In&rsquo;Eu a imagin\u00e9 une organisation qui minimise son impact carbone tout au long de la chaine de valeur : approvisionnement en mati\u00e8res premi\u00e8res, logistique, production et distribution. [&hellip;]<\/p>\n","protected":false},"author":17,"featured_media":104381,"comment_status":"closed","ping_status":"closed","sticky":false,"template":"","format":"standard","meta":{"_et_pb_use_builder":"","_et_pb_old_content":"","_et_gb_content_width":"","footnotes":""},"categories":[10530,6345,10771,10774],"tags":[2391],"class_list":["post-104380","post","type-post","status-publish","format-standard","has-post-thumbnail","hentry","category-actualites","category-economie-marches","category-5facades","category-produits-5facades","tag-ciment"],"yoast_head":"<!-- This site is optimized with the Yoast SEO plugin v27.4 - https:\/\/yoast.com\/product\/yoast-seo-wordpress\/ -->\n<title>Facilicim NF dans un nouveau sac de 25 kg<\/title>\n<meta name=\"robots\" content=\"index, follow, max-snippet:-1, max-image-preview:large, max-video-preview:-1\" \/>\n<link rel=\"canonical\" href=\"https:\/\/batijournal.com\/index.php\/facilicim-nf-dans-un-nouveau-sac-de-25-kg\/104380\/\" \/>\n<meta property=\"og:locale\" content=\"fr_FR\" \/>\n<meta property=\"og:type\" content=\"article\" \/>\n<meta property=\"og:title\" content=\"Facilicim NF dans un nouveau sac de 25 kg\" \/>\n<meta property=\"og:description\" content=\"D\u00e9but juillet, Cem&rsquo;In&rsquo;Eu lancera un nouveau sac de ciment de 25KG en poly\u00e9thyl\u00e8ne. Plus pratique, facile \u00e0 stocker, moins lourd, recycl\u00e9 et recyclable. Depuis son lancement, la start-up Cem&rsquo;In&rsquo;Eu a imagin\u00e9 une organisation qui minimise son impact carbone tout au long de la chaine de valeur : approvisionnement en mati\u00e8res premi\u00e8res, logistique, production et distribution. [&hellip;]\" \/>\n<meta property=\"og:url\" content=\"https:\/\/batijournal.com\/index.php\/facilicim-nf-dans-un-nouveau-sac-de-25-kg\/104380\/\" \/>\n<meta property=\"og:site_name\" content=\"Batijournal\" \/>\n<meta property=\"article:published_time\" content=\"2020-06-19T13:40:04+00:00\" \/>\n<meta property=\"og:image\" content=\"https:\/\/batijournal.com\/wp-content\/uploads\/2020\/06\/cem-in-eu.png\" \/>\n\t<meta property=\"og:image:width\" content=\"749\" \/>\n\t<meta property=\"og:image:height\" content=\"345\" \/>\n\t<meta property=\"og:image:type\" content=\"image\/png\" \/>\n<meta name=\"author\" content=\"St\u00e9phane Miget\" \/>\n<meta name=\"twitter:card\" content=\"summary_large_image\" \/>\n<meta name=\"twitter:creator\" content=\"@bati_journal\" \/>\n<meta name=\"twitter:site\" content=\"@bati_journal\" \/>\n<meta name=\"twitter:label1\" content=\"\u00c9crit par\" \/>\n\t<meta name=\"twitter:data1\" content=\"St\u00e9phane Miget\" \/>\n\t<meta name=\"twitter:label2\" content=\"Dur\u00e9e de lecture estim\u00e9e\" \/>\n\t<meta name=\"twitter:data2\" content=\"1 minute\" \/>\n<script type=\"application\/ld+json\" class=\"yoast-schema-graph\">{\"@context\":\"https:\\\/\\\/schema.org\",\"@graph\":[{\"@type\":\"Article\",\"@id\":\"https:\\\/\\\/batijournal.com\\\/index.php\\\/facilicim-nf-dans-un-nouveau-sac-de-25-kg\\\/104380\\\/#article\",\"isPartOf\":{\"@id\":\"https:\\\/\\\/batijournal.com\\\/index.php\\\/facilicim-nf-dans-un-nouveau-sac-de-25-kg\\\/104380\\\/\"},\"author\":{\"name\":\"St\u00e9phane Miget\",\"@id\":\"https:\\\/\\\/batijournal.com\\\/#\\\/schema\\\/person\\\/1dc96ec6957aa1ccb25ebe78bb19f100\"},\"headline\":\"Facilicim NF dans un nouveau sac de 25 kg\",\"datePublished\":\"2020-06-19T13:40:04+00:00\",\"mainEntityOfPage\":{\"@id\":\"https:\\\/\\\/batijournal.com\\\/index.php\\\/facilicim-nf-dans-un-nouveau-sac-de-25-kg\\\/104380\\\/\"},\"wordCount\":291,\"image\":{\"@id\":\"https:\\\/\\\/batijournal.com\\\/index.php\\\/facilicim-nf-dans-un-nouveau-sac-de-25-kg\\\/104380\\\/#primaryimage\"},\"thumbnailUrl\":\"https:\\\/\\\/batijournal.com\\\/wp-content\\\/uploads\\\/2020\\\/06\\\/cem-in-eu.png\",\"keywords\":[\"ciment\"],\"articleSection\":[\"Actualit\u00e9s\",\"\u00c9conomie &amp; March\u00e9s\",\"zz_5fa\u00e7ades\",\"zz_Nouveaut\u00e9s Produits - 5fa\u00e7ades\"],\"inLanguage\":\"fr-FR\"},{\"@type\":\"WebPage\",\"@id\":\"https:\\\/\\\/batijournal.com\\\/index.php\\\/facilicim-nf-dans-un-nouveau-sac-de-25-kg\\\/104380\\\/\",\"url\":\"https:\\\/\\\/batijournal.com\\\/index.php\\\/facilicim-nf-dans-un-nouveau-sac-de-25-kg\\\/104380\\\/\",\"name\":\"Facilicim NF dans un nouveau sac de 25 kg\",\"isPartOf\":{\"@id\":\"https:\\\/\\\/batijournal.com\\\/#website\"},\"primaryImageOfPage\":{\"@id\":\"https:\\\/\\\/batijournal.com\\\/index.php\\\/facilicim-nf-dans-un-nouveau-sac-de-25-kg\\\/104380\\\/#primaryimage\"},\"image\":{\"@id\":\"https:\\\/\\\/batijournal.com\\\/index.php\\\/facilicim-nf-dans-un-nouveau-sac-de-25-kg\\\/104380\\\/#primaryimage\"},\"thumbnailUrl\":\"https:\\\/\\\/batijournal.com\\\/wp-content\\\/uploads\\\/2020\\\/06\\\/cem-in-eu.png\",\"datePublished\":\"2020-06-19T13:40:04+00:00\",\"author\":{\"@id\":\"https:\\\/\\\/batijournal.com\\\/#\\\/schema\\\/person\\\/1dc96ec6957aa1ccb25ebe78bb19f100\"},\"breadcrumb\":{\"@id\":\"https:\\\/\\\/batijournal.com\\\/index.php\\\/facilicim-nf-dans-un-nouveau-sac-de-25-kg\\\/104380\\\/#breadcrumb\"},\"inLanguage\":\"fr-FR\",\"potentialAction\":[{\"@type\":\"ReadAction\",\"target\":[\"https:\\\/\\\/batijournal.com\\\/index.php\\\/facilicim-nf-dans-un-nouveau-sac-de-25-kg\\\/104380\\\/\"]}]},{\"@type\":\"ImageObject\",\"inLanguage\":\"fr-FR\",\"@id\":\"https:\\\/\\\/batijournal.com\\\/index.php\\\/facilicim-nf-dans-un-nouveau-sac-de-25-kg\\\/104380\\\/#primaryimage\",\"url\":\"https:\\\/\\\/batijournal.com\\\/wp-content\\\/uploads\\\/2020\\\/06\\\/cem-in-eu.png\",\"contentUrl\":\"https:\\\/\\\/batijournal.com\\\/wp-content\\\/uploads\\\/2020\\\/06\\\/cem-in-eu.png\",\"width\":749,\"height\":345},{\"@type\":\"BreadcrumbList\",\"@id\":\"https:\\\/\\\/batijournal.com\\\/index.php\\\/facilicim-nf-dans-un-nouveau-sac-de-25-kg\\\/104380\\\/#breadcrumb\",\"itemListElement\":[{\"@type\":\"ListItem\",\"position\":1,\"name\":\"Accueil\",\"item\":\"https:\\\/\\\/batijournal.com\\\/\"},{\"@type\":\"ListItem\",\"position\":2,\"name\":\"Actualit\u00e9s\",\"item\":\"https:\\\/\\\/batijournal.com\\\/index.php\\\/category\\\/actualites\\\/\"},{\"@type\":\"ListItem\",\"position\":3,\"name\":\"\u00c9conomie &amp; March\u00e9s\",\"item\":\"https:\\\/\\\/batijournal.com\\\/index.php\\\/category\\\/actualites\\\/economie-marches\\\/\"},{\"@type\":\"ListItem\",\"position\":4,\"name\":\"Facilicim NF dans un nouveau sac de 25 kg\"}]},{\"@type\":\"WebSite\",\"@id\":\"https:\\\/\\\/batijournal.com\\\/#website\",\"url\":\"https:\\\/\\\/batijournal.com\\\/\",\"name\":\"Batijournal\",\"description\":\"L&#039;actualit\u00e9 du b\u00e2timent\",\"potentialAction\":[{\"@type\":\"SearchAction\",\"target\":{\"@type\":\"EntryPoint\",\"urlTemplate\":\"https:\\\/\\\/batijournal.com\\\/?s={search_term_string}\"},\"query-input\":{\"@type\":\"PropertyValueSpecification\",\"valueRequired\":true,\"valueName\":\"search_term_string\"}}],\"inLanguage\":\"fr-FR\"},{\"@type\":\"Person\",\"@id\":\"https:\\\/\\\/batijournal.com\\\/#\\\/schema\\\/person\\\/1dc96ec6957aa1ccb25ebe78bb19f100\",\"name\":\"St\u00e9phane Miget\",\"image\":{\"@type\":\"ImageObject\",\"inLanguage\":\"fr-FR\",\"@id\":\"https:\\\/\\\/secure.gravatar.com\\\/avatar\\\/89915563d925342126b8ef0281b93d9d7fc337043e8df017f780908eb9644451?s=96&d=mm&r=g\",\"url\":\"https:\\\/\\\/secure.gravatar.com\\\/avatar\\\/89915563d925342126b8ef0281b93d9d7fc337043e8df017f780908eb9644451?s=96&d=mm&r=g\",\"contentUrl\":\"https:\\\/\\\/secure.gravatar.com\\\/avatar\\\/89915563d925342126b8ef0281b93d9d7fc337043e8df017f780908eb9644451?s=96&d=mm&r=g\",\"caption\":\"St\u00e9phane Miget\"},\"url\":\"https:\\\/\\\/batijournal.com\\\/index.php\\\/author\\\/stephane\\\/\"}]}<\/script>\n<!-- \/ Yoast SEO plugin. -->","yoast_head_json":{"title":"Facilicim NF dans un nouveau sac de 25 kg","robots":{"index":"index","follow":"follow","max-snippet":"max-snippet:-1","max-image-preview":"max-image-preview:large","max-video-preview":"max-video-preview:-1"},"canonical":"https:\/\/batijournal.com\/index.php\/facilicim-nf-dans-un-nouveau-sac-de-25-kg\/104380\/","og_locale":"fr_FR","og_type":"article","og_title":"Facilicim NF dans un nouveau sac de 25 kg","og_description":"D\u00e9but juillet, Cem&rsquo;In&rsquo;Eu lancera un nouveau sac de ciment de 25KG en poly\u00e9thyl\u00e8ne. Plus pratique, facile \u00e0 stocker, moins lourd, recycl\u00e9 et recyclable. Depuis son lancement, la start-up Cem&rsquo;In&rsquo;Eu a imagin\u00e9 une organisation qui minimise son impact carbone tout au long de la chaine de valeur : approvisionnement en mati\u00e8res premi\u00e8res, logistique, production et distribution. [&hellip;]","og_url":"https:\/\/batijournal.com\/index.php\/facilicim-nf-dans-un-nouveau-sac-de-25-kg\/104380\/","og_site_name":"Batijournal","article_published_time":"2020-06-19T13:40:04+00:00","og_image":[{"width":749,"height":345,"url":"https:\/\/batijournal.com\/wp-content\/uploads\/2020\/06\/cem-in-eu.png","type":"image\/png"}],"author":"St\u00e9phane Miget","twitter_card":"summary_large_image","twitter_creator":"@bati_journal","twitter_site":"@bati_journal","twitter_misc":{"\u00c9crit par":"St\u00e9phane Miget","Dur\u00e9e de lecture estim\u00e9e":"1 minute"},"schema":{"@context":"https:\/\/schema.org","@graph":[{"@type":"Article","@id":"https:\/\/batijournal.com\/index.php\/facilicim-nf-dans-un-nouveau-sac-de-25-kg\/104380\/#article","isPartOf":{"@id":"https:\/\/batijournal.com\/index.php\/facilicim-nf-dans-un-nouveau-sac-de-25-kg\/104380\/"},"author":{"name":"St\u00e9phane Miget","@id":"https:\/\/batijournal.com\/#\/schema\/person\/1dc96ec6957aa1ccb25ebe78bb19f100"},"headline":"Facilicim NF dans un nouveau sac de 25 kg","datePublished":"2020-06-19T13:40:04+00:00","mainEntityOfPage":{"@id":"https:\/\/batijournal.com\/index.php\/facilicim-nf-dans-un-nouveau-sac-de-25-kg\/104380\/"},"wordCount":291,"image":{"@id":"https:\/\/batijournal.com\/index.php\/facilicim-nf-dans-un-nouveau-sac-de-25-kg\/104380\/#primaryimage"},"thumbnailUrl":"https:\/\/batijournal.com\/wp-content\/uploads\/2020\/06\/cem-in-eu.png","keywords":["ciment"],"articleSection":["Actualit\u00e9s","\u00c9conomie &amp; March\u00e9s","zz_5fa\u00e7ades","zz_Nouveaut\u00e9s Produits - 5fa\u00e7ades"],"inLanguage":"fr-FR"},{"@type":"WebPage","@id":"https:\/\/batijournal.com\/index.php\/facilicim-nf-dans-un-nouveau-sac-de-25-kg\/104380\/","url":"https:\/\/batijournal.com\/index.php\/facilicim-nf-dans-un-nouveau-sac-de-25-kg\/104380\/","name":"Facilicim NF dans un nouveau sac de 25 kg","isPartOf":{"@id":"https:\/\/batijournal.com\/#website"},"primaryImageOfPage":{"@id":"https:\/\/batijournal.com\/index.php\/facilicim-nf-dans-un-nouveau-sac-de-25-kg\/104380\/#primaryimage"},"image":{"@id":"https:\/\/batijournal.com\/index.php\/facilicim-nf-dans-un-nouveau-sac-de-25-kg\/104380\/#primaryimage"},"thumbnailUrl":"https:\/\/batijournal.com\/wp-content\/uploads\/2020\/06\/cem-in-eu.png","datePublished":"2020-06-19T13:40:04+00:00","author":{"@id":"https:\/\/batijournal.com\/#\/schema\/person\/1dc96ec6957aa1ccb25ebe78bb19f100"},"breadcrumb":{"@id":"https:\/\/batijournal.com\/index.php\/facilicim-nf-dans-un-nouveau-sac-de-25-kg\/104380\/#breadcrumb"},"inLanguage":"fr-FR","potentialAction":[{"@type":"ReadAction","target":["https:\/\/batijournal.com\/index.php\/facilicim-nf-dans-un-nouveau-sac-de-25-kg\/104380\/"]}]},{"@type":"ImageObject","inLanguage":"fr-FR","@id":"https:\/\/batijournal.com\/index.php\/facilicim-nf-dans-un-nouveau-sac-de-25-kg\/104380\/#primaryimage","url":"https:\/\/batijournal.com\/wp-content\/uploads\/2020\/06\/cem-in-eu.png","contentUrl":"https:\/\/batijournal.com\/wp-content\/uploads\/2020\/06\/cem-in-eu.png","width":749,"height":345},{"@type":"BreadcrumbList","@id":"https:\/\/batijournal.com\/index.php\/facilicim-nf-dans-un-nouveau-sac-de-25-kg\/104380\/#breadcrumb","itemListElement":[{"@type":"ListItem","position":1,"name":"Accueil","item":"https:\/\/batijournal.com\/"},{"@type":"ListItem","position":2,"name":"Actualit\u00e9s","item":"https:\/\/batijournal.com\/index.php\/category\/actualites\/"},{"@type":"ListItem","position":3,"name":"\u00c9conomie &amp; March\u00e9s","item":"https:\/\/batijournal.com\/index.php\/category\/actualites\/economie-marches\/"},{"@type":"ListItem","position":4,"name":"Facilicim NF dans un nouveau sac de 25 kg"}]},{"@type":"WebSite","@id":"https:\/\/batijournal.com\/#website","url":"https:\/\/batijournal.com\/","name":"Batijournal","description":"L&#039;actualit\u00e9 du b\u00e2timent","potentialAction":[{"@type":"SearchAction","target":{"@type":"EntryPoint","urlTemplate":"https:\/\/batijournal.com\/?s={search_term_string}"},"query-input":{"@type":"PropertyValueSpecification","valueRequired":true,"valueName":"search_term_string"}}],"inLanguage":"fr-FR"},{"@type":"Person","@id":"https:\/\/batijournal.com\/#\/schema\/person\/1dc96ec6957aa1ccb25ebe78bb19f100","name":"St\u00e9phane Miget","image":{"@type":"ImageObject","inLanguage":"fr-FR","@id":"https:\/\/secure.gravatar.com\/avatar\/89915563d925342126b8ef0281b93d9d7fc337043e8df017f780908eb9644451?s=96&d=mm&r=g","url":"https:\/\/secure.gravatar.com\/avatar\/89915563d925342126b8ef0281b93d9d7fc337043e8df017f780908eb9644451?s=96&d=mm&r=g","contentUrl":"https:\/\/secure.gravatar.com\/avatar\/89915563d925342126b8ef0281b93d9d7fc337043e8df017f780908eb9644451?s=96&d=mm&r=g","caption":"St\u00e9phane Miget"},"url":"https:\/\/batijournal.com\/index.php\/author\/stephane\/"}]}},"_links":{"self":[{"href":"https:\/\/batijournal.com\/index.php\/wp-json\/wp\/v2\/posts\/104380","targetHints":{"allow":["GET"]}}],"collection":[{"href":"https:\/\/batijournal.com\/index.php\/wp-json\/wp\/v2\/posts"}],"about":[{"href":"https:\/\/batijournal.com\/index.php\/wp-json\/wp\/v2\/types\/post"}],"author":[{"embeddable":true,"href":"https:\/\/batijournal.com\/index.php\/wp-json\/wp\/v2\/users\/17"}],"replies":[{"embeddable":true,"href":"https:\/\/batijournal.com\/index.php\/wp-json\/wp\/v2\/comments?post=104380"}],"version-history":[{"count":0,"href":"https:\/\/batijournal.com\/index.php\/wp-json\/wp\/v2\/posts\/104380\/revisions"}],"wp:featuredmedia":[{"embeddable":true,"href":"https:\/\/batijournal.com\/index.php\/wp-json\/wp\/v2\/media\/104381"}],"wp:attachment":[{"href":"https:\/\/batijournal.com\/index.php\/wp-json\/wp\/v2\/media?parent=104380"}],"wp:term":[{"taxonomy":"category","embeddable":true,"href":"https:\/\/batijournal.com\/index.php\/wp-json\/wp\/v2\/categories?post=104380"},{"taxonomy":"post_tag","embeddable":true,"href":"https:\/\/batijournal.com\/index.php\/wp-json\/wp\/v2\/tags?post=104380"}],"curies":[{"name":"wp","href":"https:\/\/api.w.org\/{rel}","templated":true}]}}