{"id":104386,"date":"2020-06-22T07:35:17","date_gmt":"2020-06-22T05:35:17","guid":{"rendered":"https:\/\/batijournal.com\/?p=104386"},"modified":"2020-06-22T07:35:17","modified_gmt":"2020-06-22T05:35:17","slug":"face-a-lurgence-les-opco-se-mobilisent","status":"publish","type":"post","link":"https:\/\/batijournal.com\/index.php\/face-a-lurgence-les-opco-se-mobilisent\/104386\/","title":{"rendered":"Face \u00e0 l\u2019urgence, les OPCO se mobilisent"},"content":{"rendered":"<p>Le FNE-formation est une convention conclue entre l\u2019\u00c9tat (Direccte) et une entreprise ou un OPCO charg\u00e9 d\u2019assurer un relais aupr\u00e8s des entreprises dans le but de mettre en oeuvre des mesures de formation professionnelle afin de faciliter la continuit\u00e9 de l\u2019activit\u00e9 des salari\u00e9s face aux transformations cons\u00e9cutives aux mutations \u00e9conomique, et de favoriser leur adaptation \u00e0 de nouveaux emplois. Quelques jours apr\u00e8s sollicitation de l\u2019Etat, les 11 OPCO ont d\u00e9ploy\u00e9 leurs \u00e9quipes de fa\u00e7on concert\u00e9e et coordonn\u00e9e. Chaque OPCO a ainsi contractualis\u00e9 avec les Direccte et est en charge pour les entreprises relevant de son p\u00e9rim\u00e8tre des actions de conseil, de l\u2019instruction des demandes et de la prise en charge des formations. Les conseillers des OPCO ont largement promu le FNE-formation aupr\u00e8s des entreprises et organismes de formation. Ils ont recens\u00e9 les formations et facilit\u00e9 un d\u00e9ploiement rapide en distanciel\/e-learning. En concertation avec les Direccte les phases d\u2019instruction des demandes ont \u00e9t\u00e9 raccourcies et les formalit\u00e9s all\u00e9g\u00e9es pour r\u00e9pondre aux sollicitations nombreuses, rapidement, face \u00e0 l\u2019urgence. Au 15 juin plus de 12 000 entreprises ont \u00e9t\u00e9 concern\u00e9es, 70 000 salari\u00e9s b\u00e9n\u00e9ficiaires et 52 M\u20ac engag\u00e9s.<\/p>\n","protected":false},"excerpt":{"rendered":"<p>Le FNE-formation est une convention conclue entre l\u2019\u00c9tat (Direccte) et une entreprise ou un OPCO charg\u00e9 d\u2019assurer un relais aupr\u00e8s des entreprises dans le but de mettre en oeuvre des mesures de formation professionnelle afin de faciliter la continuit\u00e9 de l\u2019activit\u00e9 des salari\u00e9s face aux transformations cons\u00e9cutives aux mutations \u00e9conomique, et de favoriser leur adaptation [&hellip;]<\/p>\n","protected":false},"author":17,"featured_media":104387,"comment_status":"closed","ping_status":"closed","sticky":false,"template":"","format":"standard","meta":{"_et_pb_use_builder":"","_et_pb_old_content":"","_et_gb_content_width":"","footnotes":""},"categories":[10530,6362],"tags":[517],"class_list":["post-104386","post","type-post","status-publish","format-standard","has-post-thumbnail","hentry","category-actualites","category-services-equipements","tag-formation"],"yoast_head":"<!-- This site is optimized with the Yoast SEO plugin v27.4 - https:\/\/yoast.com\/product\/yoast-seo-wordpress\/ -->\n<title>Face \u00e0 l\u2019urgence, les OPCO se mobilisent<\/title>\n<meta name=\"robots\" content=\"index, follow, max-snippet:-1, max-image-preview:large, max-video-preview:-1\" \/>\n<link rel=\"canonical\" href=\"https:\/\/batijournal.com\/index.php\/face-a-lurgence-les-opco-se-mobilisent\/104386\/\" \/>\n<meta property=\"og:locale\" content=\"fr_FR\" \/>\n<meta property=\"og:type\" content=\"article\" \/>\n<meta property=\"og:title\" content=\"Face \u00e0 l\u2019urgence, les OPCO se mobilisent\" \/>\n<meta property=\"og:description\" content=\"Le FNE-formation est une convention conclue entre l\u2019\u00c9tat (Direccte) et une entreprise ou un OPCO charg\u00e9 d\u2019assurer un relais aupr\u00e8s des entreprises dans le but de mettre en oeuvre des mesures de formation professionnelle afin de faciliter la continuit\u00e9 de l\u2019activit\u00e9 des salari\u00e9s face aux transformations cons\u00e9cutives aux mutations \u00e9conomique, et de favoriser leur adaptation [&hellip;]\" \/>\n<meta property=\"og:url\" content=\"https:\/\/batijournal.com\/index.php\/face-a-lurgence-les-opco-se-mobilisent\/104386\/\" \/>\n<meta property=\"og:site_name\" content=\"Batijournal\" \/>\n<meta property=\"article:published_time\" content=\"2020-06-22T05:35:17+00:00\" \/>\n<meta property=\"og:image\" content=\"https:\/\/batijournal.com\/wp-content\/uploads\/2020\/06\/fne-formation.jpg\" \/>\n\t<meta property=\"og:image:width\" content=\"939\" \/>\n\t<meta property=\"og:image:height\" content=\"627\" \/>\n\t<meta property=\"og:image:type\" content=\"image\/jpeg\" \/>\n<meta name=\"author\" content=\"St\u00e9phane Miget\" \/>\n<meta name=\"twitter:card\" content=\"summary_large_image\" \/>\n<meta name=\"twitter:creator\" content=\"@bati_journal\" \/>\n<meta name=\"twitter:site\" content=\"@bati_journal\" \/>\n<meta name=\"twitter:label1\" content=\"\u00c9crit par\" \/>\n\t<meta name=\"twitter:data1\" content=\"St\u00e9phane Miget\" \/>\n\t<meta name=\"twitter:label2\" content=\"Dur\u00e9e de lecture estim\u00e9e\" \/>\n\t<meta name=\"twitter:data2\" content=\"1 minute\" \/>\n<script type=\"application\/ld+json\" class=\"yoast-schema-graph\">{\"@context\":\"https:\\\/\\\/schema.org\",\"@graph\":[{\"@type\":\"Article\",\"@id\":\"https:\\\/\\\/batijournal.com\\\/index.php\\\/face-a-lurgence-les-opco-se-mobilisent\\\/104386\\\/#article\",\"isPartOf\":{\"@id\":\"https:\\\/\\\/batijournal.com\\\/index.php\\\/face-a-lurgence-les-opco-se-mobilisent\\\/104386\\\/\"},\"author\":{\"name\":\"St\u00e9phane Miget\",\"@id\":\"https:\\\/\\\/batijournal.com\\\/#\\\/schema\\\/person\\\/1dc96ec6957aa1ccb25ebe78bb19f100\"},\"headline\":\"Face \u00e0 l\u2019urgence, les OPCO se mobilisent\",\"datePublished\":\"2020-06-22T05:35:17+00:00\",\"mainEntityOfPage\":{\"@id\":\"https:\\\/\\\/batijournal.com\\\/index.php\\\/face-a-lurgence-les-opco-se-mobilisent\\\/104386\\\/\"},\"wordCount\":212,\"image\":{\"@id\":\"https:\\\/\\\/batijournal.com\\\/index.php\\\/face-a-lurgence-les-opco-se-mobilisent\\\/104386\\\/#primaryimage\"},\"thumbnailUrl\":\"https:\\\/\\\/batijournal.com\\\/wp-content\\\/uploads\\\/2020\\\/06\\\/fne-formation.jpg\",\"keywords\":[\"formation\"],\"articleSection\":[\"Actualit\u00e9s\",\"Divers\"],\"inLanguage\":\"fr-FR\"},{\"@type\":\"WebPage\",\"@id\":\"https:\\\/\\\/batijournal.com\\\/index.php\\\/face-a-lurgence-les-opco-se-mobilisent\\\/104386\\\/\",\"url\":\"https:\\\/\\\/batijournal.com\\\/index.php\\\/face-a-lurgence-les-opco-se-mobilisent\\\/104386\\\/\",\"name\":\"Face \u00e0 l\u2019urgence, les OPCO se mobilisent\",\"isPartOf\":{\"@id\":\"https:\\\/\\\/batijournal.com\\\/#website\"},\"primaryImageOfPage\":{\"@id\":\"https:\\\/\\\/batijournal.com\\\/index.php\\\/face-a-lurgence-les-opco-se-mobilisent\\\/104386\\\/#primaryimage\"},\"image\":{\"@id\":\"https:\\\/\\\/batijournal.com\\\/index.php\\\/face-a-lurgence-les-opco-se-mobilisent\\\/104386\\\/#primaryimage\"},\"thumbnailUrl\":\"https:\\\/\\\/batijournal.com\\\/wp-content\\\/uploads\\\/2020\\\/06\\\/fne-formation.jpg\",\"datePublished\":\"2020-06-22T05:35:17+00:00\",\"author\":{\"@id\":\"https:\\\/\\\/batijournal.com\\\/#\\\/schema\\\/person\\\/1dc96ec6957aa1ccb25ebe78bb19f100\"},\"breadcrumb\":{\"@id\":\"https:\\\/\\\/batijournal.com\\\/index.php\\\/face-a-lurgence-les-opco-se-mobilisent\\\/104386\\\/#breadcrumb\"},\"inLanguage\":\"fr-FR\",\"potentialAction\":[{\"@type\":\"ReadAction\",\"target\":[\"https:\\\/\\\/batijournal.com\\\/index.php\\\/face-a-lurgence-les-opco-se-mobilisent\\\/104386\\\/\"]}]},{\"@type\":\"ImageObject\",\"inLanguage\":\"fr-FR\",\"@id\":\"https:\\\/\\\/batijournal.com\\\/index.php\\\/face-a-lurgence-les-opco-se-mobilisent\\\/104386\\\/#primaryimage\",\"url\":\"https:\\\/\\\/batijournal.com\\\/wp-content\\\/uploads\\\/2020\\\/06\\\/fne-formation.jpg\",\"contentUrl\":\"https:\\\/\\\/batijournal.com\\\/wp-content\\\/uploads\\\/2020\\\/06\\\/fne-formation.jpg\",\"width\":939,\"height\":627},{\"@type\":\"BreadcrumbList\",\"@id\":\"https:\\\/\\\/batijournal.com\\\/index.php\\\/face-a-lurgence-les-opco-se-mobilisent\\\/104386\\\/#breadcrumb\",\"itemListElement\":[{\"@type\":\"ListItem\",\"position\":1,\"name\":\"Accueil\",\"item\":\"https:\\\/\\\/batijournal.com\\\/\"},{\"@type\":\"ListItem\",\"position\":2,\"name\":\"Actualit\u00e9s\",\"item\":\"https:\\\/\\\/batijournal.com\\\/index.php\\\/category\\\/actualites\\\/\"},{\"@type\":\"ListItem\",\"position\":3,\"name\":\"Divers\",\"item\":\"https:\\\/\\\/batijournal.com\\\/index.php\\\/category\\\/actualites\\\/services-equipements\\\/\"},{\"@type\":\"ListItem\",\"position\":4,\"name\":\"Face \u00e0 l\u2019urgence, les OPCO se mobilisent\"}]},{\"@type\":\"WebSite\",\"@id\":\"https:\\\/\\\/batijournal.com\\\/#website\",\"url\":\"https:\\\/\\\/batijournal.com\\\/\",\"name\":\"Batijournal\",\"description\":\"L&#039;actualit\u00e9 du b\u00e2timent\",\"potentialAction\":[{\"@type\":\"SearchAction\",\"target\":{\"@type\":\"EntryPoint\",\"urlTemplate\":\"https:\\\/\\\/batijournal.com\\\/?s={search_term_string}\"},\"query-input\":{\"@type\":\"PropertyValueSpecification\",\"valueRequired\":true,\"valueName\":\"search_term_string\"}}],\"inLanguage\":\"fr-FR\"},{\"@type\":\"Person\",\"@id\":\"https:\\\/\\\/batijournal.com\\\/#\\\/schema\\\/person\\\/1dc96ec6957aa1ccb25ebe78bb19f100\",\"name\":\"St\u00e9phane Miget\",\"image\":{\"@type\":\"ImageObject\",\"inLanguage\":\"fr-FR\",\"@id\":\"https:\\\/\\\/secure.gravatar.com\\\/avatar\\\/89915563d925342126b8ef0281b93d9d7fc337043e8df017f780908eb9644451?s=96&d=mm&r=g\",\"url\":\"https:\\\/\\\/secure.gravatar.com\\\/avatar\\\/89915563d925342126b8ef0281b93d9d7fc337043e8df017f780908eb9644451?s=96&d=mm&r=g\",\"contentUrl\":\"https:\\\/\\\/secure.gravatar.com\\\/avatar\\\/89915563d925342126b8ef0281b93d9d7fc337043e8df017f780908eb9644451?s=96&d=mm&r=g\",\"caption\":\"St\u00e9phane Miget\"},\"url\":\"https:\\\/\\\/batijournal.com\\\/index.php\\\/author\\\/stephane\\\/\"}]}<\/script>\n<!-- \/ Yoast SEO plugin. -->","yoast_head_json":{"title":"Face \u00e0 l\u2019urgence, les OPCO se mobilisent","robots":{"index":"index","follow":"follow","max-snippet":"max-snippet:-1","max-image-preview":"max-image-preview:large","max-video-preview":"max-video-preview:-1"},"canonical":"https:\/\/batijournal.com\/index.php\/face-a-lurgence-les-opco-se-mobilisent\/104386\/","og_locale":"fr_FR","og_type":"article","og_title":"Face \u00e0 l\u2019urgence, les OPCO se mobilisent","og_description":"Le FNE-formation est une convention conclue entre l\u2019\u00c9tat (Direccte) et une entreprise ou un OPCO charg\u00e9 d\u2019assurer un relais aupr\u00e8s des entreprises dans le but de mettre en oeuvre des mesures de formation professionnelle afin de faciliter la continuit\u00e9 de l\u2019activit\u00e9 des salari\u00e9s face aux transformations cons\u00e9cutives aux mutations \u00e9conomique, et de favoriser leur adaptation [&hellip;]","og_url":"https:\/\/batijournal.com\/index.php\/face-a-lurgence-les-opco-se-mobilisent\/104386\/","og_site_name":"Batijournal","article_published_time":"2020-06-22T05:35:17+00:00","og_image":[{"width":939,"height":627,"url":"https:\/\/batijournal.com\/wp-content\/uploads\/2020\/06\/fne-formation.jpg","type":"image\/jpeg"}],"author":"St\u00e9phane Miget","twitter_card":"summary_large_image","twitter_creator":"@bati_journal","twitter_site":"@bati_journal","twitter_misc":{"\u00c9crit par":"St\u00e9phane Miget","Dur\u00e9e de lecture estim\u00e9e":"1 minute"},"schema":{"@context":"https:\/\/schema.org","@graph":[{"@type":"Article","@id":"https:\/\/batijournal.com\/index.php\/face-a-lurgence-les-opco-se-mobilisent\/104386\/#article","isPartOf":{"@id":"https:\/\/batijournal.com\/index.php\/face-a-lurgence-les-opco-se-mobilisent\/104386\/"},"author":{"name":"St\u00e9phane Miget","@id":"https:\/\/batijournal.com\/#\/schema\/person\/1dc96ec6957aa1ccb25ebe78bb19f100"},"headline":"Face \u00e0 l\u2019urgence, les OPCO se mobilisent","datePublished":"2020-06-22T05:35:17+00:00","mainEntityOfPage":{"@id":"https:\/\/batijournal.com\/index.php\/face-a-lurgence-les-opco-se-mobilisent\/104386\/"},"wordCount":212,"image":{"@id":"https:\/\/batijournal.com\/index.php\/face-a-lurgence-les-opco-se-mobilisent\/104386\/#primaryimage"},"thumbnailUrl":"https:\/\/batijournal.com\/wp-content\/uploads\/2020\/06\/fne-formation.jpg","keywords":["formation"],"articleSection":["Actualit\u00e9s","Divers"],"inLanguage":"fr-FR"},{"@type":"WebPage","@id":"https:\/\/batijournal.com\/index.php\/face-a-lurgence-les-opco-se-mobilisent\/104386\/","url":"https:\/\/batijournal.com\/index.php\/face-a-lurgence-les-opco-se-mobilisent\/104386\/","name":"Face \u00e0 l\u2019urgence, les OPCO se mobilisent","isPartOf":{"@id":"https:\/\/batijournal.com\/#website"},"primaryImageOfPage":{"@id":"https:\/\/batijournal.com\/index.php\/face-a-lurgence-les-opco-se-mobilisent\/104386\/#primaryimage"},"image":{"@id":"https:\/\/batijournal.com\/index.php\/face-a-lurgence-les-opco-se-mobilisent\/104386\/#primaryimage"},"thumbnailUrl":"https:\/\/batijournal.com\/wp-content\/uploads\/2020\/06\/fne-formation.jpg","datePublished":"2020-06-22T05:35:17+00:00","author":{"@id":"https:\/\/batijournal.com\/#\/schema\/person\/1dc96ec6957aa1ccb25ebe78bb19f100"},"breadcrumb":{"@id":"https:\/\/batijournal.com\/index.php\/face-a-lurgence-les-opco-se-mobilisent\/104386\/#breadcrumb"},"inLanguage":"fr-FR","potentialAction":[{"@type":"ReadAction","target":["https:\/\/batijournal.com\/index.php\/face-a-lurgence-les-opco-se-mobilisent\/104386\/"]}]},{"@type":"ImageObject","inLanguage":"fr-FR","@id":"https:\/\/batijournal.com\/index.php\/face-a-lurgence-les-opco-se-mobilisent\/104386\/#primaryimage","url":"https:\/\/batijournal.com\/wp-content\/uploads\/2020\/06\/fne-formation.jpg","contentUrl":"https:\/\/batijournal.com\/wp-content\/uploads\/2020\/06\/fne-formation.jpg","width":939,"height":627},{"@type":"BreadcrumbList","@id":"https:\/\/batijournal.com\/index.php\/face-a-lurgence-les-opco-se-mobilisent\/104386\/#breadcrumb","itemListElement":[{"@type":"ListItem","position":1,"name":"Accueil","item":"https:\/\/batijournal.com\/"},{"@type":"ListItem","position":2,"name":"Actualit\u00e9s","item":"https:\/\/batijournal.com\/index.php\/category\/actualites\/"},{"@type":"ListItem","position":3,"name":"Divers","item":"https:\/\/batijournal.com\/index.php\/category\/actualites\/services-equipements\/"},{"@type":"ListItem","position":4,"name":"Face \u00e0 l\u2019urgence, les OPCO se mobilisent"}]},{"@type":"WebSite","@id":"https:\/\/batijournal.com\/#website","url":"https:\/\/batijournal.com\/","name":"Batijournal","description":"L&#039;actualit\u00e9 du b\u00e2timent","potentialAction":[{"@type":"SearchAction","target":{"@type":"EntryPoint","urlTemplate":"https:\/\/batijournal.com\/?s={search_term_string}"},"query-input":{"@type":"PropertyValueSpecification","valueRequired":true,"valueName":"search_term_string"}}],"inLanguage":"fr-FR"},{"@type":"Person","@id":"https:\/\/batijournal.com\/#\/schema\/person\/1dc96ec6957aa1ccb25ebe78bb19f100","name":"St\u00e9phane Miget","image":{"@type":"ImageObject","inLanguage":"fr-FR","@id":"https:\/\/secure.gravatar.com\/avatar\/89915563d925342126b8ef0281b93d9d7fc337043e8df017f780908eb9644451?s=96&d=mm&r=g","url":"https:\/\/secure.gravatar.com\/avatar\/89915563d925342126b8ef0281b93d9d7fc337043e8df017f780908eb9644451?s=96&d=mm&r=g","contentUrl":"https:\/\/secure.gravatar.com\/avatar\/89915563d925342126b8ef0281b93d9d7fc337043e8df017f780908eb9644451?s=96&d=mm&r=g","caption":"St\u00e9phane Miget"},"url":"https:\/\/batijournal.com\/index.php\/author\/stephane\/"}]}},"_links":{"self":[{"href":"https:\/\/batijournal.com\/index.php\/wp-json\/wp\/v2\/posts\/104386","targetHints":{"allow":["GET"]}}],"collection":[{"href":"https:\/\/batijournal.com\/index.php\/wp-json\/wp\/v2\/posts"}],"about":[{"href":"https:\/\/batijournal.com\/index.php\/wp-json\/wp\/v2\/types\/post"}],"author":[{"embeddable":true,"href":"https:\/\/batijournal.com\/index.php\/wp-json\/wp\/v2\/users\/17"}],"replies":[{"embeddable":true,"href":"https:\/\/batijournal.com\/index.php\/wp-json\/wp\/v2\/comments?post=104386"}],"version-history":[{"count":0,"href":"https:\/\/batijournal.com\/index.php\/wp-json\/wp\/v2\/posts\/104386\/revisions"}],"wp:featuredmedia":[{"embeddable":true,"href":"https:\/\/batijournal.com\/index.php\/wp-json\/wp\/v2\/media\/104387"}],"wp:attachment":[{"href":"https:\/\/batijournal.com\/index.php\/wp-json\/wp\/v2\/media?parent=104386"}],"wp:term":[{"taxonomy":"category","embeddable":true,"href":"https:\/\/batijournal.com\/index.php\/wp-json\/wp\/v2\/categories?post=104386"},{"taxonomy":"post_tag","embeddable":true,"href":"https:\/\/batijournal.com\/index.php\/wp-json\/wp\/v2\/tags?post=104386"}],"curies":[{"name":"wp","href":"https:\/\/api.w.org\/{rel}","templated":true}]}}