{"id":104388,"date":"2020-06-22T07:44:12","date_gmt":"2020-06-22T05:44:12","guid":{"rendered":"https:\/\/batijournal.com\/?p=104388"},"modified":"2020-06-22T07:44:12","modified_gmt":"2020-06-22T05:44:12","slug":"un-tiers-des-franc%cc%a7ais-souhaite-renover-son-logement-dici-la-fin-de-lannee","status":"publish","type":"post","link":"https:\/\/batijournal.com\/index.php\/un-tiers-des-franc%cc%a7ais-souhaite-renover-son-logement-dici-la-fin-de-lannee\/104388\/","title":{"rendered":"Un tiers des Franc\u0327ais souhaite re\u0301nover son logement d\u2019ici la fin de l\u2019anne\u0301e"},"content":{"rendered":"<p><strong>Une enqu\u00eate r\u00e9cente de Cofidis montre que les Fran\u00e7ais sont familiers des travaux de r\u00e9novation, 3 Fran\u00e7ais sur 4 (73%) ont d\u00e9j\u00e0 effectu\u00e9 des travaux de r\u00e9novation et 65% des chantiers r\u00e9alis\u00e9s sont r\u00e9cents (datent de moins de deux ans). 54% ont l\u2019intention de faire des travaux de r\u00e9novation prochainement, et un tiers (37%) d\u2019ici la fin de l\u2019ann\u00e9e 2020. C\u2019est le 2\u00e8me projet le plus populaire apr\u00e8s \u00ab partir en voyage \u00bb .<\/strong><\/p>\n<p>Le confort de vie est la principale raison pour entreprendre des travaux de r\u00e9novation : am\u00e9liorer le confort (52%) et \u00e9viter la v\u00e9tust\u00e9 (32%) de leur logement. La r\u00e9novation \u00e9nerg\u00e9tique passe au second plan : seul un quart des Fran\u00e7ais pr\u00e9voient des travaux de r\u00e9novation \u00e9nerg\u00e9tique ou d\u2019isolation thermique (26%). Le financement reste le principal frein. Le budget moyen envisag\u00e9 our r\u00e9aliser les travaux de r\u00e9novation est de 9 550\u20ac, avec des diff\u00e9rences importantes selon les cat\u00e9gories de Fran\u00e7ais. 31% affirment que le manque de budget est la raison pour laquelle ils n\u2019envisagent pas de travaux de r\u00e9novation en 2020. La somme qui leur manque pour financer leurs travaux est de 14 400\u20ac en moyenne. Pour financer leurs travaux de re\u0301novation, les Franc\u0327ais utilisent principalement le budget qu\u2019ils ont e\u0301conomise\u0301 a\u0300 cet effet (50%) et le budget courant de leur foyer (40%). Ils font e\u0301galement appel a\u0300 d\u2019autres modes de financement pour comple\u0301ter leur strate\u0301gie et leur capacite\u0301 financie\u0300re, comme le cre\u0301dit a\u0300 la consommation (17%).<\/p>\n<p>Source : enqu\u00eate \u00ab\u00a0Les Fran\u00e7ais et la r\u00e9novation de leur logement\u00a0\u00bb, de Cofidis r\u00e9alis\u00e9e en partenariat avec CSA.<\/p>\n","protected":false},"excerpt":{"rendered":"<p>Une enqu\u00eate r\u00e9cente de Cofidis montre que les Fran\u00e7ais sont familiers des travaux de r\u00e9novation, 3 Fran\u00e7ais sur 4 (73%) ont d\u00e9j\u00e0 effectu\u00e9 des travaux de r\u00e9novation et 65% des chantiers r\u00e9alis\u00e9s sont r\u00e9cents (datent de moins de deux ans). 54% ont l\u2019intention de faire des travaux de r\u00e9novation prochainement, et un tiers (37%) d\u2019ici [&hellip;]<\/p>\n","protected":false},"author":17,"featured_media":86453,"comment_status":"closed","ping_status":"closed","sticky":false,"template":"","format":"standard","meta":{"_et_pb_use_builder":"","_et_pb_old_content":"","_et_gb_content_width":"","footnotes":""},"categories":[10530,6345,10789,10785],"tags":[6015],"class_list":["post-104388","post","type-post","status-publish","format-standard","has-post-thumbnail","hentry","category-actualites","category-economie-marches","category-publications-atrium","category-atrium","tag-renovation"],"yoast_head":"<!-- This site is optimized with the Yoast SEO plugin v27.4 - https:\/\/yoast.com\/product\/yoast-seo-wordpress\/ -->\n<title>Un tiers des Franc\u0327ais souhaite re\u0301nover son logement d\u2019ici la fin de l\u2019anne\u0301e<\/title>\n<meta name=\"robots\" content=\"index, follow, max-snippet:-1, max-image-preview:large, max-video-preview:-1\" \/>\n<link rel=\"canonical\" href=\"https:\/\/batijournal.com\/index.php\/un-tiers-des-franc\u0327ais-souhaite-renover-son-logement-dici-la-fin-de-lannee\/104388\/\" \/>\n<meta property=\"og:locale\" content=\"fr_FR\" \/>\n<meta property=\"og:type\" content=\"article\" \/>\n<meta property=\"og:title\" content=\"Un tiers des Franc\u0327ais souhaite re\u0301nover son logement d\u2019ici la fin de l\u2019anne\u0301e\" \/>\n<meta property=\"og:description\" content=\"Une enqu\u00eate r\u00e9cente de Cofidis montre que les Fran\u00e7ais sont familiers des travaux de r\u00e9novation, 3 Fran\u00e7ais sur 4 (73%) ont d\u00e9j\u00e0 effectu\u00e9 des travaux de r\u00e9novation et 65% des chantiers r\u00e9alis\u00e9s sont r\u00e9cents (datent de moins de deux ans). 54% ont l\u2019intention de faire des travaux de r\u00e9novation prochainement, et un tiers (37%) d\u2019ici [&hellip;]\" \/>\n<meta property=\"og:url\" content=\"https:\/\/batijournal.com\/index.php\/un-tiers-des-franc\u0327ais-souhaite-renover-son-logement-dici-la-fin-de-lannee\/104388\/\" \/>\n<meta property=\"og:site_name\" content=\"Batijournal\" \/>\n<meta property=\"article:published_time\" content=\"2020-06-22T05:44:12+00:00\" \/>\n<meta property=\"og:image\" content=\"https:\/\/batijournal.com\/wp-content\/uploads\/2015\/03\/97273383.jpg\" \/>\n\t<meta property=\"og:image:width\" content=\"600\" \/>\n\t<meta property=\"og:image:height\" content=\"560\" \/>\n\t<meta property=\"og:image:type\" content=\"image\/jpeg\" \/>\n<meta name=\"author\" content=\"St\u00e9phane Miget\" \/>\n<meta name=\"twitter:card\" content=\"summary_large_image\" \/>\n<meta name=\"twitter:creator\" content=\"@bati_journal\" \/>\n<meta name=\"twitter:site\" content=\"@bati_journal\" \/>\n<meta name=\"twitter:label1\" content=\"\u00c9crit par\" \/>\n\t<meta name=\"twitter:data1\" content=\"St\u00e9phane Miget\" \/>\n\t<meta name=\"twitter:label2\" content=\"Dur\u00e9e de lecture estim\u00e9e\" \/>\n\t<meta name=\"twitter:data2\" content=\"1 minute\" \/>\n<script type=\"application\/ld+json\" class=\"yoast-schema-graph\">{\"@context\":\"https:\\\/\\\/schema.org\",\"@graph\":[{\"@type\":\"Article\",\"@id\":\"https:\\\/\\\/batijournal.com\\\/index.php\\\/un-tiers-des-franc%cc%a7ais-souhaite-renover-son-logement-dici-la-fin-de-lannee\\\/104388\\\/#article\",\"isPartOf\":{\"@id\":\"https:\\\/\\\/batijournal.com\\\/index.php\\\/un-tiers-des-franc%cc%a7ais-souhaite-renover-son-logement-dici-la-fin-de-lannee\\\/104388\\\/\"},\"author\":{\"name\":\"St\u00e9phane Miget\",\"@id\":\"https:\\\/\\\/batijournal.com\\\/#\\\/schema\\\/person\\\/1dc96ec6957aa1ccb25ebe78bb19f100\"},\"headline\":\"Un tiers des Franc\u0327ais souhaite re\u0301nover son logement d\u2019ici la fin de l\u2019anne\u0301e\",\"datePublished\":\"2020-06-22T05:44:12+00:00\",\"mainEntityOfPage\":{\"@id\":\"https:\\\/\\\/batijournal.com\\\/index.php\\\/un-tiers-des-franc%cc%a7ais-souhaite-renover-son-logement-dici-la-fin-de-lannee\\\/104388\\\/\"},\"wordCount\":300,\"image\":{\"@id\":\"https:\\\/\\\/batijournal.com\\\/index.php\\\/un-tiers-des-franc%cc%a7ais-souhaite-renover-son-logement-dici-la-fin-de-lannee\\\/104388\\\/#primaryimage\"},\"thumbnailUrl\":\"https:\\\/\\\/batijournal.com\\\/wp-content\\\/uploads\\\/2015\\\/03\\\/97273383.jpg\",\"keywords\":[\"r\u00e9novation\"],\"articleSection\":[\"Actualit\u00e9s\",\"\u00c9conomie &amp; March\u00e9s\",\"zz_Actualit\u00e9s - Atrium\",\"zz_Atrium Patrimoine\"],\"inLanguage\":\"fr-FR\"},{\"@type\":\"WebPage\",\"@id\":\"https:\\\/\\\/batijournal.com\\\/index.php\\\/un-tiers-des-franc%cc%a7ais-souhaite-renover-son-logement-dici-la-fin-de-lannee\\\/104388\\\/\",\"url\":\"https:\\\/\\\/batijournal.com\\\/index.php\\\/un-tiers-des-franc%cc%a7ais-souhaite-renover-son-logement-dici-la-fin-de-lannee\\\/104388\\\/\",\"name\":\"Un tiers des Franc\u0327ais souhaite re\u0301nover son logement d\u2019ici la fin de l\u2019anne\u0301e\",\"isPartOf\":{\"@id\":\"https:\\\/\\\/batijournal.com\\\/#website\"},\"primaryImageOfPage\":{\"@id\":\"https:\\\/\\\/batijournal.com\\\/index.php\\\/un-tiers-des-franc%cc%a7ais-souhaite-renover-son-logement-dici-la-fin-de-lannee\\\/104388\\\/#primaryimage\"},\"image\":{\"@id\":\"https:\\\/\\\/batijournal.com\\\/index.php\\\/un-tiers-des-franc%cc%a7ais-souhaite-renover-son-logement-dici-la-fin-de-lannee\\\/104388\\\/#primaryimage\"},\"thumbnailUrl\":\"https:\\\/\\\/batijournal.com\\\/wp-content\\\/uploads\\\/2015\\\/03\\\/97273383.jpg\",\"datePublished\":\"2020-06-22T05:44:12+00:00\",\"author\":{\"@id\":\"https:\\\/\\\/batijournal.com\\\/#\\\/schema\\\/person\\\/1dc96ec6957aa1ccb25ebe78bb19f100\"},\"breadcrumb\":{\"@id\":\"https:\\\/\\\/batijournal.com\\\/index.php\\\/un-tiers-des-franc%cc%a7ais-souhaite-renover-son-logement-dici-la-fin-de-lannee\\\/104388\\\/#breadcrumb\"},\"inLanguage\":\"fr-FR\",\"potentialAction\":[{\"@type\":\"ReadAction\",\"target\":[\"https:\\\/\\\/batijournal.com\\\/index.php\\\/un-tiers-des-franc%cc%a7ais-souhaite-renover-son-logement-dici-la-fin-de-lannee\\\/104388\\\/\"]}]},{\"@type\":\"ImageObject\",\"inLanguage\":\"fr-FR\",\"@id\":\"https:\\\/\\\/batijournal.com\\\/index.php\\\/un-tiers-des-franc%cc%a7ais-souhaite-renover-son-logement-dici-la-fin-de-lannee\\\/104388\\\/#primaryimage\",\"url\":\"https:\\\/\\\/batijournal.com\\\/wp-content\\\/uploads\\\/2015\\\/03\\\/97273383.jpg\",\"contentUrl\":\"https:\\\/\\\/batijournal.com\\\/wp-content\\\/uploads\\\/2015\\\/03\\\/97273383.jpg\",\"width\":600,\"height\":560,\"caption\":\"r\u00e9novation\"},{\"@type\":\"BreadcrumbList\",\"@id\":\"https:\\\/\\\/batijournal.com\\\/index.php\\\/un-tiers-des-franc%cc%a7ais-souhaite-renover-son-logement-dici-la-fin-de-lannee\\\/104388\\\/#breadcrumb\",\"itemListElement\":[{\"@type\":\"ListItem\",\"position\":1,\"name\":\"Accueil\",\"item\":\"https:\\\/\\\/batijournal.com\\\/\"},{\"@type\":\"ListItem\",\"position\":2,\"name\":\"Actualit\u00e9s\",\"item\":\"https:\\\/\\\/batijournal.com\\\/index.php\\\/category\\\/actualites\\\/\"},{\"@type\":\"ListItem\",\"position\":3,\"name\":\"\u00c9conomie &amp; March\u00e9s\",\"item\":\"https:\\\/\\\/batijournal.com\\\/index.php\\\/category\\\/actualites\\\/economie-marches\\\/\"},{\"@type\":\"ListItem\",\"position\":4,\"name\":\"Un tiers des Franc\u0327ais souhaite re\u0301nover son logement d\u2019ici la fin de l\u2019anne\u0301e\"}]},{\"@type\":\"WebSite\",\"@id\":\"https:\\\/\\\/batijournal.com\\\/#website\",\"url\":\"https:\\\/\\\/batijournal.com\\\/\",\"name\":\"Batijournal\",\"description\":\"L&#039;actualit\u00e9 du b\u00e2timent\",\"potentialAction\":[{\"@type\":\"SearchAction\",\"target\":{\"@type\":\"EntryPoint\",\"urlTemplate\":\"https:\\\/\\\/batijournal.com\\\/?s={search_term_string}\"},\"query-input\":{\"@type\":\"PropertyValueSpecification\",\"valueRequired\":true,\"valueName\":\"search_term_string\"}}],\"inLanguage\":\"fr-FR\"},{\"@type\":\"Person\",\"@id\":\"https:\\\/\\\/batijournal.com\\\/#\\\/schema\\\/person\\\/1dc96ec6957aa1ccb25ebe78bb19f100\",\"name\":\"St\u00e9phane Miget\",\"image\":{\"@type\":\"ImageObject\",\"inLanguage\":\"fr-FR\",\"@id\":\"https:\\\/\\\/secure.gravatar.com\\\/avatar\\\/89915563d925342126b8ef0281b93d9d7fc337043e8df017f780908eb9644451?s=96&d=mm&r=g\",\"url\":\"https:\\\/\\\/secure.gravatar.com\\\/avatar\\\/89915563d925342126b8ef0281b93d9d7fc337043e8df017f780908eb9644451?s=96&d=mm&r=g\",\"contentUrl\":\"https:\\\/\\\/secure.gravatar.com\\\/avatar\\\/89915563d925342126b8ef0281b93d9d7fc337043e8df017f780908eb9644451?s=96&d=mm&r=g\",\"caption\":\"St\u00e9phane Miget\"},\"url\":\"https:\\\/\\\/batijournal.com\\\/index.php\\\/author\\\/stephane\\\/\"}]}<\/script>\n<!-- \/ Yoast SEO plugin. -->","yoast_head_json":{"title":"Un tiers des Franc\u0327ais souhaite re\u0301nover son logement d\u2019ici la fin de l\u2019anne\u0301e","robots":{"index":"index","follow":"follow","max-snippet":"max-snippet:-1","max-image-preview":"max-image-preview:large","max-video-preview":"max-video-preview:-1"},"canonical":"https:\/\/batijournal.com\/index.php\/un-tiers-des-franc\u0327ais-souhaite-renover-son-logement-dici-la-fin-de-lannee\/104388\/","og_locale":"fr_FR","og_type":"article","og_title":"Un tiers des Franc\u0327ais souhaite re\u0301nover son logement d\u2019ici la fin de l\u2019anne\u0301e","og_description":"Une enqu\u00eate r\u00e9cente de Cofidis montre que les Fran\u00e7ais sont familiers des travaux de r\u00e9novation, 3 Fran\u00e7ais sur 4 (73%) ont d\u00e9j\u00e0 effectu\u00e9 des travaux de r\u00e9novation et 65% des chantiers r\u00e9alis\u00e9s sont r\u00e9cents (datent de moins de deux ans). 54% ont l\u2019intention de faire des travaux de r\u00e9novation prochainement, et un tiers (37%) d\u2019ici [&hellip;]","og_url":"https:\/\/batijournal.com\/index.php\/un-tiers-des-franc\u0327ais-souhaite-renover-son-logement-dici-la-fin-de-lannee\/104388\/","og_site_name":"Batijournal","article_published_time":"2020-06-22T05:44:12+00:00","og_image":[{"width":600,"height":560,"url":"https:\/\/batijournal.com\/wp-content\/uploads\/2015\/03\/97273383.jpg","type":"image\/jpeg"}],"author":"St\u00e9phane Miget","twitter_card":"summary_large_image","twitter_creator":"@bati_journal","twitter_site":"@bati_journal","twitter_misc":{"\u00c9crit par":"St\u00e9phane Miget","Dur\u00e9e de lecture estim\u00e9e":"1 minute"},"schema":{"@context":"https:\/\/schema.org","@graph":[{"@type":"Article","@id":"https:\/\/batijournal.com\/index.php\/un-tiers-des-franc%cc%a7ais-souhaite-renover-son-logement-dici-la-fin-de-lannee\/104388\/#article","isPartOf":{"@id":"https:\/\/batijournal.com\/index.php\/un-tiers-des-franc%cc%a7ais-souhaite-renover-son-logement-dici-la-fin-de-lannee\/104388\/"},"author":{"name":"St\u00e9phane Miget","@id":"https:\/\/batijournal.com\/#\/schema\/person\/1dc96ec6957aa1ccb25ebe78bb19f100"},"headline":"Un tiers des Franc\u0327ais souhaite re\u0301nover son logement d\u2019ici la fin de l\u2019anne\u0301e","datePublished":"2020-06-22T05:44:12+00:00","mainEntityOfPage":{"@id":"https:\/\/batijournal.com\/index.php\/un-tiers-des-franc%cc%a7ais-souhaite-renover-son-logement-dici-la-fin-de-lannee\/104388\/"},"wordCount":300,"image":{"@id":"https:\/\/batijournal.com\/index.php\/un-tiers-des-franc%cc%a7ais-souhaite-renover-son-logement-dici-la-fin-de-lannee\/104388\/#primaryimage"},"thumbnailUrl":"https:\/\/batijournal.com\/wp-content\/uploads\/2015\/03\/97273383.jpg","keywords":["r\u00e9novation"],"articleSection":["Actualit\u00e9s","\u00c9conomie &amp; March\u00e9s","zz_Actualit\u00e9s - Atrium","zz_Atrium Patrimoine"],"inLanguage":"fr-FR"},{"@type":"WebPage","@id":"https:\/\/batijournal.com\/index.php\/un-tiers-des-franc%cc%a7ais-souhaite-renover-son-logement-dici-la-fin-de-lannee\/104388\/","url":"https:\/\/batijournal.com\/index.php\/un-tiers-des-franc%cc%a7ais-souhaite-renover-son-logement-dici-la-fin-de-lannee\/104388\/","name":"Un tiers des Franc\u0327ais souhaite re\u0301nover son logement d\u2019ici la fin de l\u2019anne\u0301e","isPartOf":{"@id":"https:\/\/batijournal.com\/#website"},"primaryImageOfPage":{"@id":"https:\/\/batijournal.com\/index.php\/un-tiers-des-franc%cc%a7ais-souhaite-renover-son-logement-dici-la-fin-de-lannee\/104388\/#primaryimage"},"image":{"@id":"https:\/\/batijournal.com\/index.php\/un-tiers-des-franc%cc%a7ais-souhaite-renover-son-logement-dici-la-fin-de-lannee\/104388\/#primaryimage"},"thumbnailUrl":"https:\/\/batijournal.com\/wp-content\/uploads\/2015\/03\/97273383.jpg","datePublished":"2020-06-22T05:44:12+00:00","author":{"@id":"https:\/\/batijournal.com\/#\/schema\/person\/1dc96ec6957aa1ccb25ebe78bb19f100"},"breadcrumb":{"@id":"https:\/\/batijournal.com\/index.php\/un-tiers-des-franc%cc%a7ais-souhaite-renover-son-logement-dici-la-fin-de-lannee\/104388\/#breadcrumb"},"inLanguage":"fr-FR","potentialAction":[{"@type":"ReadAction","target":["https:\/\/batijournal.com\/index.php\/un-tiers-des-franc%cc%a7ais-souhaite-renover-son-logement-dici-la-fin-de-lannee\/104388\/"]}]},{"@type":"ImageObject","inLanguage":"fr-FR","@id":"https:\/\/batijournal.com\/index.php\/un-tiers-des-franc%cc%a7ais-souhaite-renover-son-logement-dici-la-fin-de-lannee\/104388\/#primaryimage","url":"https:\/\/batijournal.com\/wp-content\/uploads\/2015\/03\/97273383.jpg","contentUrl":"https:\/\/batijournal.com\/wp-content\/uploads\/2015\/03\/97273383.jpg","width":600,"height":560,"caption":"r\u00e9novation"},{"@type":"BreadcrumbList","@id":"https:\/\/batijournal.com\/index.php\/un-tiers-des-franc%cc%a7ais-souhaite-renover-son-logement-dici-la-fin-de-lannee\/104388\/#breadcrumb","itemListElement":[{"@type":"ListItem","position":1,"name":"Accueil","item":"https:\/\/batijournal.com\/"},{"@type":"ListItem","position":2,"name":"Actualit\u00e9s","item":"https:\/\/batijournal.com\/index.php\/category\/actualites\/"},{"@type":"ListItem","position":3,"name":"\u00c9conomie &amp; March\u00e9s","item":"https:\/\/batijournal.com\/index.php\/category\/actualites\/economie-marches\/"},{"@type":"ListItem","position":4,"name":"Un tiers des Franc\u0327ais souhaite re\u0301nover son logement d\u2019ici la fin de l\u2019anne\u0301e"}]},{"@type":"WebSite","@id":"https:\/\/batijournal.com\/#website","url":"https:\/\/batijournal.com\/","name":"Batijournal","description":"L&#039;actualit\u00e9 du b\u00e2timent","potentialAction":[{"@type":"SearchAction","target":{"@type":"EntryPoint","urlTemplate":"https:\/\/batijournal.com\/?s={search_term_string}"},"query-input":{"@type":"PropertyValueSpecification","valueRequired":true,"valueName":"search_term_string"}}],"inLanguage":"fr-FR"},{"@type":"Person","@id":"https:\/\/batijournal.com\/#\/schema\/person\/1dc96ec6957aa1ccb25ebe78bb19f100","name":"St\u00e9phane Miget","image":{"@type":"ImageObject","inLanguage":"fr-FR","@id":"https:\/\/secure.gravatar.com\/avatar\/89915563d925342126b8ef0281b93d9d7fc337043e8df017f780908eb9644451?s=96&d=mm&r=g","url":"https:\/\/secure.gravatar.com\/avatar\/89915563d925342126b8ef0281b93d9d7fc337043e8df017f780908eb9644451?s=96&d=mm&r=g","contentUrl":"https:\/\/secure.gravatar.com\/avatar\/89915563d925342126b8ef0281b93d9d7fc337043e8df017f780908eb9644451?s=96&d=mm&r=g","caption":"St\u00e9phane Miget"},"url":"https:\/\/batijournal.com\/index.php\/author\/stephane\/"}]}},"_links":{"self":[{"href":"https:\/\/batijournal.com\/index.php\/wp-json\/wp\/v2\/posts\/104388","targetHints":{"allow":["GET"]}}],"collection":[{"href":"https:\/\/batijournal.com\/index.php\/wp-json\/wp\/v2\/posts"}],"about":[{"href":"https:\/\/batijournal.com\/index.php\/wp-json\/wp\/v2\/types\/post"}],"author":[{"embeddable":true,"href":"https:\/\/batijournal.com\/index.php\/wp-json\/wp\/v2\/users\/17"}],"replies":[{"embeddable":true,"href":"https:\/\/batijournal.com\/index.php\/wp-json\/wp\/v2\/comments?post=104388"}],"version-history":[{"count":0,"href":"https:\/\/batijournal.com\/index.php\/wp-json\/wp\/v2\/posts\/104388\/revisions"}],"wp:featuredmedia":[{"embeddable":true,"href":"https:\/\/batijournal.com\/index.php\/wp-json\/wp\/v2\/media\/86453"}],"wp:attachment":[{"href":"https:\/\/batijournal.com\/index.php\/wp-json\/wp\/v2\/media?parent=104388"}],"wp:term":[{"taxonomy":"category","embeddable":true,"href":"https:\/\/batijournal.com\/index.php\/wp-json\/wp\/v2\/categories?post=104388"},{"taxonomy":"post_tag","embeddable":true,"href":"https:\/\/batijournal.com\/index.php\/wp-json\/wp\/v2\/tags?post=104388"}],"curies":[{"name":"wp","href":"https:\/\/api.w.org\/{rel}","templated":true}]}}