{"id":104389,"date":"2020-06-22T14:04:22","date_gmt":"2020-06-22T12:04:22","guid":{"rendered":"https:\/\/batijournal.com\/?p=104389"},"modified":"2020-06-22T15:23:20","modified_gmt":"2020-06-22T13:23:20","slug":"une-task-force-pour-accompagner-le-plan-de-relance-et-la-transformation-du-btp","status":"publish","type":"post","link":"https:\/\/batijournal.com\/index.php\/une-task-force-pour-accompagner-le-plan-de-relance-et-la-transformation-du-btp\/104389\/","title":{"rendered":"Une \u00ab task force \u00bb pour accompagner le plan de relance et la transformation du BTP"},"content":{"rendered":"<p>Apre\u0300s plusieurs semaines d\u2019e\u0301changes et de concertations, la Fe\u0301de\u0301ration CINOV, repre\u0301sentative des me\u0301tiers de la prestation de services intellectuels du conseil, de l&rsquo;inge\u0301nierie et du nume\u0301rique, a pre\u0301sente\u0301 a\u0300 Julien Denormandie, ministre charge\u0301 de la Ville et du Logement, ses propositions pour sauver et valoriser le secteur du BTP. Outre des mesures pour l\u2019emploi, la tre\u0301sorerie des entreprises et le rede\u0301marrage du secteur, CINOV appelle a\u0300 la cre\u0301ation imme\u0301diate d\u2019une \u00ab task force \u00bb repre\u0301sentative de la filie\u0300re. <em>\u00ab Avec cette task force repre\u0301sentative de la filie\u0300re, nous pourrons mettre en \u0153uvre plusieurs grandes ide\u0301es ambitieuses autour des impacts sociaux et environnementaux du ba\u0302timent et des infrastructures \u00bb<\/em>, affirme Fre\u0301de\u0301ric LAFAGE, pre\u0301sident de la Fe\u0301de\u0301ration CINOV. <em>\u00ab Nous souhaitons notamment de\u0301finir et mettre en place un agenda de la transition e\u0301cologique du secteur, recourir massivement a\u0300 la finance responsable, investir dans les infrastructures durables et concevoir un ame\u0301nagement urbain durable et de\u0301sirable pour penser le logement autrement et re\u0301ussir, enfin, sa re\u0301novation. \u00bb Plusieurs des propositions du CINOV vont dans le sens de la r\u00e9novation \u00e9nerg\u00e9tique des b\u00e2timents et rejoignent les propositions phares de la Convention citoyenne pour le climat qui viennent d&rsquo;\u00eatre rendues publiques, notamment celle \u2013 contraignante \u2013 de rendre la r\u00e9novation obligatoire d\u2019ici 2040.<br \/>\n<\/em><\/p>\n","protected":false},"excerpt":{"rendered":"<p>Apre\u0300s plusieurs semaines d\u2019e\u0301changes et de concertations, la Fe\u0301de\u0301ration CINOV, repre\u0301sentative des me\u0301tiers de la prestation de services intellectuels du conseil, de l&rsquo;inge\u0301nierie et du nume\u0301rique, a pre\u0301sente\u0301 a\u0300 Julien Denormandie, ministre charge\u0301 de la Ville et du Logement, ses propositions pour sauver et valoriser le secteur du BTP. Outre des mesures pour l\u2019emploi, la [&hellip;]<\/p>\n","protected":false},"author":17,"featured_media":96385,"comment_status":"closed","ping_status":"closed","sticky":false,"template":"","format":"standard","meta":{"_et_pb_use_builder":"","_et_pb_old_content":"","_et_gb_content_width":"","footnotes":""},"categories":[10530,6345],"tags":[1255,871],"class_list":["post-104389","post","type-post","status-publish","format-standard","has-post-thumbnail","hentry","category-actualites","category-economie-marches","tag-btp","tag-renovation-thermique"],"yoast_head":"<!-- This site is optimized with the Yoast SEO plugin v27.4 - https:\/\/yoast.com\/product\/yoast-seo-wordpress\/ -->\n<title>Une \u00ab task force \u00bb pour accompagner le plan de relance et la transformation du BTP<\/title>\n<meta name=\"robots\" content=\"index, follow, max-snippet:-1, max-image-preview:large, max-video-preview:-1\" \/>\n<link rel=\"canonical\" href=\"https:\/\/batijournal.com\/index.php\/une-task-force-pour-accompagner-le-plan-de-relance-et-la-transformation-du-btp\/104389\/\" \/>\n<meta property=\"og:locale\" content=\"fr_FR\" \/>\n<meta property=\"og:type\" content=\"article\" \/>\n<meta property=\"og:title\" content=\"Une \u00ab task force \u00bb pour accompagner le plan de relance et la transformation du BTP\" \/>\n<meta property=\"og:description\" content=\"Apre\u0300s plusieurs semaines d\u2019e\u0301changes et de concertations, la Fe\u0301de\u0301ration CINOV, repre\u0301sentative des me\u0301tiers de la prestation de services intellectuels du conseil, de l&rsquo;inge\u0301nierie et du nume\u0301rique, a pre\u0301sente\u0301 a\u0300 Julien Denormandie, ministre charge\u0301 de la Ville et du Logement, ses propositions pour sauver et valoriser le secteur du BTP. Outre des mesures pour l\u2019emploi, la [&hellip;]\" \/>\n<meta property=\"og:url\" content=\"https:\/\/batijournal.com\/index.php\/une-task-force-pour-accompagner-le-plan-de-relance-et-la-transformation-du-btp\/104389\/\" \/>\n<meta property=\"og:site_name\" content=\"Batijournal\" \/>\n<meta property=\"article:published_time\" content=\"2020-06-22T12:04:22+00:00\" \/>\n<meta property=\"article:modified_time\" content=\"2020-06-22T13:23:20+00:00\" \/>\n<meta property=\"og:image\" content=\"https:\/\/batijournal.com\/wp-content\/uploads\/2017\/06\/travaux-bati-ancien-tva-reduite.jpg\" \/>\n\t<meta property=\"og:image:width\" content=\"1200\" \/>\n\t<meta property=\"og:image:height\" content=\"690\" \/>\n\t<meta property=\"og:image:type\" content=\"image\/jpeg\" \/>\n<meta name=\"author\" content=\"St\u00e9phane Miget\" \/>\n<meta name=\"twitter:card\" content=\"summary_large_image\" \/>\n<meta name=\"twitter:creator\" content=\"@bati_journal\" \/>\n<meta name=\"twitter:site\" content=\"@bati_journal\" \/>\n<meta name=\"twitter:label1\" content=\"\u00c9crit par\" \/>\n\t<meta name=\"twitter:data1\" content=\"St\u00e9phane Miget\" \/>\n\t<meta name=\"twitter:label2\" content=\"Dur\u00e9e de lecture estim\u00e9e\" \/>\n\t<meta name=\"twitter:data2\" content=\"1 minute\" \/>\n<script type=\"application\/ld+json\" class=\"yoast-schema-graph\">{\"@context\":\"https:\\\/\\\/schema.org\",\"@graph\":[{\"@type\":\"Article\",\"@id\":\"https:\\\/\\\/batijournal.com\\\/index.php\\\/une-task-force-pour-accompagner-le-plan-de-relance-et-la-transformation-du-btp\\\/104389\\\/#article\",\"isPartOf\":{\"@id\":\"https:\\\/\\\/batijournal.com\\\/index.php\\\/une-task-force-pour-accompagner-le-plan-de-relance-et-la-transformation-du-btp\\\/104389\\\/\"},\"author\":{\"name\":\"St\u00e9phane Miget\",\"@id\":\"https:\\\/\\\/batijournal.com\\\/#\\\/schema\\\/person\\\/1dc96ec6957aa1ccb25ebe78bb19f100\"},\"headline\":\"Une \u00ab task force \u00bb pour accompagner le plan de relance et la transformation du BTP\",\"datePublished\":\"2020-06-22T12:04:22+00:00\",\"dateModified\":\"2020-06-22T13:23:20+00:00\",\"mainEntityOfPage\":{\"@id\":\"https:\\\/\\\/batijournal.com\\\/index.php\\\/une-task-force-pour-accompagner-le-plan-de-relance-et-la-transformation-du-btp\\\/104389\\\/\"},\"wordCount\":252,\"image\":{\"@id\":\"https:\\\/\\\/batijournal.com\\\/index.php\\\/une-task-force-pour-accompagner-le-plan-de-relance-et-la-transformation-du-btp\\\/104389\\\/#primaryimage\"},\"thumbnailUrl\":\"https:\\\/\\\/batijournal.com\\\/wp-content\\\/uploads\\\/2017\\\/06\\\/travaux-bati-ancien-tva-reduite.jpg\",\"keywords\":[\"BTP\",\"r\u00e9novation thermique\"],\"articleSection\":[\"Actualit\u00e9s\",\"\u00c9conomie &amp; March\u00e9s\"],\"inLanguage\":\"fr-FR\"},{\"@type\":\"WebPage\",\"@id\":\"https:\\\/\\\/batijournal.com\\\/index.php\\\/une-task-force-pour-accompagner-le-plan-de-relance-et-la-transformation-du-btp\\\/104389\\\/\",\"url\":\"https:\\\/\\\/batijournal.com\\\/index.php\\\/une-task-force-pour-accompagner-le-plan-de-relance-et-la-transformation-du-btp\\\/104389\\\/\",\"name\":\"Une \u00ab task force \u00bb pour accompagner le plan de relance et la transformation du BTP\",\"isPartOf\":{\"@id\":\"https:\\\/\\\/batijournal.com\\\/#website\"},\"primaryImageOfPage\":{\"@id\":\"https:\\\/\\\/batijournal.com\\\/index.php\\\/une-task-force-pour-accompagner-le-plan-de-relance-et-la-transformation-du-btp\\\/104389\\\/#primaryimage\"},\"image\":{\"@id\":\"https:\\\/\\\/batijournal.com\\\/index.php\\\/une-task-force-pour-accompagner-le-plan-de-relance-et-la-transformation-du-btp\\\/104389\\\/#primaryimage\"},\"thumbnailUrl\":\"https:\\\/\\\/batijournal.com\\\/wp-content\\\/uploads\\\/2017\\\/06\\\/travaux-bati-ancien-tva-reduite.jpg\",\"datePublished\":\"2020-06-22T12:04:22+00:00\",\"dateModified\":\"2020-06-22T13:23:20+00:00\",\"author\":{\"@id\":\"https:\\\/\\\/batijournal.com\\\/#\\\/schema\\\/person\\\/1dc96ec6957aa1ccb25ebe78bb19f100\"},\"breadcrumb\":{\"@id\":\"https:\\\/\\\/batijournal.com\\\/index.php\\\/une-task-force-pour-accompagner-le-plan-de-relance-et-la-transformation-du-btp\\\/104389\\\/#breadcrumb\"},\"inLanguage\":\"fr-FR\",\"potentialAction\":[{\"@type\":\"ReadAction\",\"target\":[\"https:\\\/\\\/batijournal.com\\\/index.php\\\/une-task-force-pour-accompagner-le-plan-de-relance-et-la-transformation-du-btp\\\/104389\\\/\"]}]},{\"@type\":\"ImageObject\",\"inLanguage\":\"fr-FR\",\"@id\":\"https:\\\/\\\/batijournal.com\\\/index.php\\\/une-task-force-pour-accompagner-le-plan-de-relance-et-la-transformation-du-btp\\\/104389\\\/#primaryimage\",\"url\":\"https:\\\/\\\/batijournal.com\\\/wp-content\\\/uploads\\\/2017\\\/06\\\/travaux-bati-ancien-tva-reduite.jpg\",\"contentUrl\":\"https:\\\/\\\/batijournal.com\\\/wp-content\\\/uploads\\\/2017\\\/06\\\/travaux-bati-ancien-tva-reduite.jpg\",\"width\":1200,\"height\":690},{\"@type\":\"BreadcrumbList\",\"@id\":\"https:\\\/\\\/batijournal.com\\\/index.php\\\/une-task-force-pour-accompagner-le-plan-de-relance-et-la-transformation-du-btp\\\/104389\\\/#breadcrumb\",\"itemListElement\":[{\"@type\":\"ListItem\",\"position\":1,\"name\":\"Accueil\",\"item\":\"https:\\\/\\\/batijournal.com\\\/\"},{\"@type\":\"ListItem\",\"position\":2,\"name\":\"Actualit\u00e9s\",\"item\":\"https:\\\/\\\/batijournal.com\\\/index.php\\\/category\\\/actualites\\\/\"},{\"@type\":\"ListItem\",\"position\":3,\"name\":\"\u00c9conomie &amp; March\u00e9s\",\"item\":\"https:\\\/\\\/batijournal.com\\\/index.php\\\/category\\\/actualites\\\/economie-marches\\\/\"},{\"@type\":\"ListItem\",\"position\":4,\"name\":\"Une \u00ab task force \u00bb pour accompagner le plan de relance et la transformation du BTP\"}]},{\"@type\":\"WebSite\",\"@id\":\"https:\\\/\\\/batijournal.com\\\/#website\",\"url\":\"https:\\\/\\\/batijournal.com\\\/\",\"name\":\"Batijournal\",\"description\":\"L&#039;actualit\u00e9 du b\u00e2timent\",\"potentialAction\":[{\"@type\":\"SearchAction\",\"target\":{\"@type\":\"EntryPoint\",\"urlTemplate\":\"https:\\\/\\\/batijournal.com\\\/?s={search_term_string}\"},\"query-input\":{\"@type\":\"PropertyValueSpecification\",\"valueRequired\":true,\"valueName\":\"search_term_string\"}}],\"inLanguage\":\"fr-FR\"},{\"@type\":\"Person\",\"@id\":\"https:\\\/\\\/batijournal.com\\\/#\\\/schema\\\/person\\\/1dc96ec6957aa1ccb25ebe78bb19f100\",\"name\":\"St\u00e9phane Miget\",\"image\":{\"@type\":\"ImageObject\",\"inLanguage\":\"fr-FR\",\"@id\":\"https:\\\/\\\/secure.gravatar.com\\\/avatar\\\/89915563d925342126b8ef0281b93d9d7fc337043e8df017f780908eb9644451?s=96&d=mm&r=g\",\"url\":\"https:\\\/\\\/secure.gravatar.com\\\/avatar\\\/89915563d925342126b8ef0281b93d9d7fc337043e8df017f780908eb9644451?s=96&d=mm&r=g\",\"contentUrl\":\"https:\\\/\\\/secure.gravatar.com\\\/avatar\\\/89915563d925342126b8ef0281b93d9d7fc337043e8df017f780908eb9644451?s=96&d=mm&r=g\",\"caption\":\"St\u00e9phane Miget\"},\"url\":\"https:\\\/\\\/batijournal.com\\\/index.php\\\/author\\\/stephane\\\/\"}]}<\/script>\n<!-- \/ Yoast SEO plugin. -->","yoast_head_json":{"title":"Une \u00ab task force \u00bb pour accompagner le plan de relance et la transformation du BTP","robots":{"index":"index","follow":"follow","max-snippet":"max-snippet:-1","max-image-preview":"max-image-preview:large","max-video-preview":"max-video-preview:-1"},"canonical":"https:\/\/batijournal.com\/index.php\/une-task-force-pour-accompagner-le-plan-de-relance-et-la-transformation-du-btp\/104389\/","og_locale":"fr_FR","og_type":"article","og_title":"Une \u00ab task force \u00bb pour accompagner le plan de relance et la transformation du BTP","og_description":"Apre\u0300s plusieurs semaines d\u2019e\u0301changes et de concertations, la Fe\u0301de\u0301ration CINOV, repre\u0301sentative des me\u0301tiers de la prestation de services intellectuels du conseil, de l&rsquo;inge\u0301nierie et du nume\u0301rique, a pre\u0301sente\u0301 a\u0300 Julien Denormandie, ministre charge\u0301 de la Ville et du Logement, ses propositions pour sauver et valoriser le secteur du BTP. Outre des mesures pour l\u2019emploi, la [&hellip;]","og_url":"https:\/\/batijournal.com\/index.php\/une-task-force-pour-accompagner-le-plan-de-relance-et-la-transformation-du-btp\/104389\/","og_site_name":"Batijournal","article_published_time":"2020-06-22T12:04:22+00:00","article_modified_time":"2020-06-22T13:23:20+00:00","og_image":[{"width":1200,"height":690,"url":"https:\/\/batijournal.com\/wp-content\/uploads\/2017\/06\/travaux-bati-ancien-tva-reduite.jpg","type":"image\/jpeg"}],"author":"St\u00e9phane Miget","twitter_card":"summary_large_image","twitter_creator":"@bati_journal","twitter_site":"@bati_journal","twitter_misc":{"\u00c9crit par":"St\u00e9phane Miget","Dur\u00e9e de lecture estim\u00e9e":"1 minute"},"schema":{"@context":"https:\/\/schema.org","@graph":[{"@type":"Article","@id":"https:\/\/batijournal.com\/index.php\/une-task-force-pour-accompagner-le-plan-de-relance-et-la-transformation-du-btp\/104389\/#article","isPartOf":{"@id":"https:\/\/batijournal.com\/index.php\/une-task-force-pour-accompagner-le-plan-de-relance-et-la-transformation-du-btp\/104389\/"},"author":{"name":"St\u00e9phane Miget","@id":"https:\/\/batijournal.com\/#\/schema\/person\/1dc96ec6957aa1ccb25ebe78bb19f100"},"headline":"Une \u00ab task force \u00bb pour accompagner le plan de relance et la transformation du BTP","datePublished":"2020-06-22T12:04:22+00:00","dateModified":"2020-06-22T13:23:20+00:00","mainEntityOfPage":{"@id":"https:\/\/batijournal.com\/index.php\/une-task-force-pour-accompagner-le-plan-de-relance-et-la-transformation-du-btp\/104389\/"},"wordCount":252,"image":{"@id":"https:\/\/batijournal.com\/index.php\/une-task-force-pour-accompagner-le-plan-de-relance-et-la-transformation-du-btp\/104389\/#primaryimage"},"thumbnailUrl":"https:\/\/batijournal.com\/wp-content\/uploads\/2017\/06\/travaux-bati-ancien-tva-reduite.jpg","keywords":["BTP","r\u00e9novation thermique"],"articleSection":["Actualit\u00e9s","\u00c9conomie &amp; March\u00e9s"],"inLanguage":"fr-FR"},{"@type":"WebPage","@id":"https:\/\/batijournal.com\/index.php\/une-task-force-pour-accompagner-le-plan-de-relance-et-la-transformation-du-btp\/104389\/","url":"https:\/\/batijournal.com\/index.php\/une-task-force-pour-accompagner-le-plan-de-relance-et-la-transformation-du-btp\/104389\/","name":"Une \u00ab task force \u00bb pour accompagner le plan de relance et la transformation du BTP","isPartOf":{"@id":"https:\/\/batijournal.com\/#website"},"primaryImageOfPage":{"@id":"https:\/\/batijournal.com\/index.php\/une-task-force-pour-accompagner-le-plan-de-relance-et-la-transformation-du-btp\/104389\/#primaryimage"},"image":{"@id":"https:\/\/batijournal.com\/index.php\/une-task-force-pour-accompagner-le-plan-de-relance-et-la-transformation-du-btp\/104389\/#primaryimage"},"thumbnailUrl":"https:\/\/batijournal.com\/wp-content\/uploads\/2017\/06\/travaux-bati-ancien-tva-reduite.jpg","datePublished":"2020-06-22T12:04:22+00:00","dateModified":"2020-06-22T13:23:20+00:00","author":{"@id":"https:\/\/batijournal.com\/#\/schema\/person\/1dc96ec6957aa1ccb25ebe78bb19f100"},"breadcrumb":{"@id":"https:\/\/batijournal.com\/index.php\/une-task-force-pour-accompagner-le-plan-de-relance-et-la-transformation-du-btp\/104389\/#breadcrumb"},"inLanguage":"fr-FR","potentialAction":[{"@type":"ReadAction","target":["https:\/\/batijournal.com\/index.php\/une-task-force-pour-accompagner-le-plan-de-relance-et-la-transformation-du-btp\/104389\/"]}]},{"@type":"ImageObject","inLanguage":"fr-FR","@id":"https:\/\/batijournal.com\/index.php\/une-task-force-pour-accompagner-le-plan-de-relance-et-la-transformation-du-btp\/104389\/#primaryimage","url":"https:\/\/batijournal.com\/wp-content\/uploads\/2017\/06\/travaux-bati-ancien-tva-reduite.jpg","contentUrl":"https:\/\/batijournal.com\/wp-content\/uploads\/2017\/06\/travaux-bati-ancien-tva-reduite.jpg","width":1200,"height":690},{"@type":"BreadcrumbList","@id":"https:\/\/batijournal.com\/index.php\/une-task-force-pour-accompagner-le-plan-de-relance-et-la-transformation-du-btp\/104389\/#breadcrumb","itemListElement":[{"@type":"ListItem","position":1,"name":"Accueil","item":"https:\/\/batijournal.com\/"},{"@type":"ListItem","position":2,"name":"Actualit\u00e9s","item":"https:\/\/batijournal.com\/index.php\/category\/actualites\/"},{"@type":"ListItem","position":3,"name":"\u00c9conomie &amp; March\u00e9s","item":"https:\/\/batijournal.com\/index.php\/category\/actualites\/economie-marches\/"},{"@type":"ListItem","position":4,"name":"Une \u00ab task force \u00bb pour accompagner le plan de relance et la transformation du BTP"}]},{"@type":"WebSite","@id":"https:\/\/batijournal.com\/#website","url":"https:\/\/batijournal.com\/","name":"Batijournal","description":"L&#039;actualit\u00e9 du b\u00e2timent","potentialAction":[{"@type":"SearchAction","target":{"@type":"EntryPoint","urlTemplate":"https:\/\/batijournal.com\/?s={search_term_string}"},"query-input":{"@type":"PropertyValueSpecification","valueRequired":true,"valueName":"search_term_string"}}],"inLanguage":"fr-FR"},{"@type":"Person","@id":"https:\/\/batijournal.com\/#\/schema\/person\/1dc96ec6957aa1ccb25ebe78bb19f100","name":"St\u00e9phane Miget","image":{"@type":"ImageObject","inLanguage":"fr-FR","@id":"https:\/\/secure.gravatar.com\/avatar\/89915563d925342126b8ef0281b93d9d7fc337043e8df017f780908eb9644451?s=96&d=mm&r=g","url":"https:\/\/secure.gravatar.com\/avatar\/89915563d925342126b8ef0281b93d9d7fc337043e8df017f780908eb9644451?s=96&d=mm&r=g","contentUrl":"https:\/\/secure.gravatar.com\/avatar\/89915563d925342126b8ef0281b93d9d7fc337043e8df017f780908eb9644451?s=96&d=mm&r=g","caption":"St\u00e9phane Miget"},"url":"https:\/\/batijournal.com\/index.php\/author\/stephane\/"}]}},"_links":{"self":[{"href":"https:\/\/batijournal.com\/index.php\/wp-json\/wp\/v2\/posts\/104389","targetHints":{"allow":["GET"]}}],"collection":[{"href":"https:\/\/batijournal.com\/index.php\/wp-json\/wp\/v2\/posts"}],"about":[{"href":"https:\/\/batijournal.com\/index.php\/wp-json\/wp\/v2\/types\/post"}],"author":[{"embeddable":true,"href":"https:\/\/batijournal.com\/index.php\/wp-json\/wp\/v2\/users\/17"}],"replies":[{"embeddable":true,"href":"https:\/\/batijournal.com\/index.php\/wp-json\/wp\/v2\/comments?post=104389"}],"version-history":[{"count":0,"href":"https:\/\/batijournal.com\/index.php\/wp-json\/wp\/v2\/posts\/104389\/revisions"}],"wp:featuredmedia":[{"embeddable":true,"href":"https:\/\/batijournal.com\/index.php\/wp-json\/wp\/v2\/media\/96385"}],"wp:attachment":[{"href":"https:\/\/batijournal.com\/index.php\/wp-json\/wp\/v2\/media?parent=104389"}],"wp:term":[{"taxonomy":"category","embeddable":true,"href":"https:\/\/batijournal.com\/index.php\/wp-json\/wp\/v2\/categories?post=104389"},{"taxonomy":"post_tag","embeddable":true,"href":"https:\/\/batijournal.com\/index.php\/wp-json\/wp\/v2\/tags?post=104389"}],"curies":[{"name":"wp","href":"https:\/\/api.w.org\/{rel}","templated":true}]}}