{"id":104395,"date":"2020-06-24T06:31:34","date_gmt":"2020-06-24T04:31:34","guid":{"rendered":"https:\/\/batijournal.com\/?p=104395"},"modified":"2020-06-24T06:31:34","modified_gmt":"2020-06-24T04:31:34","slug":"un-grand-parc-central-a-paris","status":"publish","type":"post","link":"https:\/\/batijournal.com\/index.php\/un-grand-parc-central-a-paris\/104395\/","title":{"rendered":"Un grand parc central \u00e0 Paris"},"content":{"rendered":"<p>Le comit\u00e9 Champs-Elys\u00e9es et l\u2019architecte Philippe Chiambaretta ont d\u00e9voil\u00e9 leur projet de futur grand parc central de Paris : le parc des Champs-\u00c9lys\u00e9es. Il s\u2019agit de faire rena\u00eetre les 15 hectares oubli\u00e9s de jardin au bas de l\u2019Avenue, qui constituaient au XIX\u00e8me si\u00e8cle le parc le plus couru de Paris. Ils sont aujourd\u2019hui laiss\u00e9s \u00e0 l\u2019abandon et d\u00e9laiss\u00e9s des Parisiens. Il s\u2019agirait de les revitaliser, de les raccorder aux quais de Seine et de les connecter aux territoires voisins pour cr\u00e9er un vaste Parc de 78 ha qui r\u00e9unirait les Tuileries, la Concorde, Les Jardins des Champs, l\u2019esplanade des Invalides et le Port des Champs-\u00c9lys\u00e9es. Le programme d\u2019action est simple, \u00e9conome budg\u00e9tairement pour cr\u00e9er un immense Parc en moins de 4 ans, avec l\u2019horizon des Jeux Olympiques en ligne de mire pour accueillir le Monde comme les jardins des Champs-\u00c9lys\u00e9es accueillirent jadis les grandes expositions universelles.<\/p>\n<p>Ce parc central est aussi une r\u00e9ponse concr\u00e8te aux attentes des Parisiens, qui apr\u00e8s la p\u00e9riode exceptionnelle de confinement se sont massivement exprim\u00e9s \u00e0 l\u2019occasion d\u2019une consultation citoyenne Make.org (100 000 participants) en faveur de Champs-\u00c9lys\u00e9es davantage v\u00e9g\u00e9talis\u00e9s, avec moins de voitures et plus ouverts \u00e0 la promenade et aux mobilit\u00e9s douces. Ce nouveau \u00ab poumon vert \u00bb serait aussi une r\u00e9ponse aux vell\u00e9it\u00e9s de l\u2019ensemble des candidats aux municipales de cr\u00e9er des espaces v\u00e9g\u00e9talis\u00e9s \u00e0 Paris intra-muros. 14 millions de promeneurs fr\u00e9quentent le jardin des Tuileries chaque ann\u00e9e. Autant de Parisiens et touristes qui pourraient ainsi profiter \u00e9galement des jardins des Champs-\u00c9lys\u00e9es et acc\u00e9der facilement aux services et commodit\u00e9s de la partie haute des Champs-\u00c9lys\u00e9es (culture, patrimoine, commerces, restauration).<\/p>\n<p>Visuel : PCA-STREAM<\/p>\n","protected":false},"excerpt":{"rendered":"<p>Le comit\u00e9 Champs-Elys\u00e9es et l\u2019architecte Philippe Chiambaretta ont d\u00e9voil\u00e9 leur projet de futur grand parc central de Paris : le parc des Champs-\u00c9lys\u00e9es. Il s\u2019agit de faire rena\u00eetre les 15 hectares oubli\u00e9s de jardin au bas de l\u2019Avenue, qui constituaient au XIX\u00e8me si\u00e8cle le parc le plus couru de Paris. Ils sont aujourd\u2019hui laiss\u00e9s \u00e0 [&hellip;]<\/p>\n","protected":false},"author":17,"featured_media":104396,"comment_status":"closed","ping_status":"closed","sticky":false,"template":"","format":"standard","meta":{"_et_pb_use_builder":"","_et_pb_old_content":"","_et_gb_content_width":"","footnotes":""},"categories":[10530,6362,10789,10785],"tags":[4199],"class_list":["post-104395","post","type-post","status-publish","format-standard","has-post-thumbnail","hentry","category-actualites","category-services-equipements","category-publications-atrium","category-atrium","tag-jardin"],"yoast_head":"<!-- This site is optimized with the Yoast SEO plugin v27.4 - https:\/\/yoast.com\/product\/yoast-seo-wordpress\/ -->\n<title>Un grand parc central \u00e0 Paris<\/title>\n<meta name=\"robots\" content=\"index, follow, max-snippet:-1, max-image-preview:large, max-video-preview:-1\" \/>\n<link rel=\"canonical\" href=\"https:\/\/batijournal.com\/index.php\/un-grand-parc-central-a-paris\/104395\/\" \/>\n<meta property=\"og:locale\" content=\"fr_FR\" \/>\n<meta property=\"og:type\" content=\"article\" \/>\n<meta property=\"og:title\" content=\"Un grand parc central \u00e0 Paris\" \/>\n<meta property=\"og:description\" content=\"Le comit\u00e9 Champs-Elys\u00e9es et l\u2019architecte Philippe Chiambaretta ont d\u00e9voil\u00e9 leur projet de futur grand parc central de Paris : le parc des Champs-\u00c9lys\u00e9es. Il s\u2019agit de faire rena\u00eetre les 15 hectares oubli\u00e9s de jardin au bas de l\u2019Avenue, qui constituaient au XIX\u00e8me si\u00e8cle le parc le plus couru de Paris. Ils sont aujourd\u2019hui laiss\u00e9s \u00e0 [&hellip;]\" \/>\n<meta property=\"og:url\" content=\"https:\/\/batijournal.com\/index.php\/un-grand-parc-central-a-paris\/104395\/\" \/>\n<meta property=\"og:site_name\" content=\"Batijournal\" \/>\n<meta property=\"article:published_time\" content=\"2020-06-24T04:31:34+00:00\" \/>\n<meta property=\"og:image\" content=\"https:\/\/batijournal.com\/wp-content\/uploads\/2020\/06\/Jardins-de-pluie-de-la-place-de-la-Concorde.jpg\" \/>\n\t<meta property=\"og:image:width\" content=\"1200\" \/>\n\t<meta property=\"og:image:height\" content=\"675\" \/>\n\t<meta property=\"og:image:type\" content=\"image\/jpeg\" \/>\n<meta name=\"author\" content=\"St\u00e9phane Miget\" \/>\n<meta name=\"twitter:card\" content=\"summary_large_image\" \/>\n<meta name=\"twitter:creator\" content=\"@bati_journal\" \/>\n<meta name=\"twitter:site\" content=\"@bati_journal\" \/>\n<meta name=\"twitter:label1\" content=\"\u00c9crit par\" \/>\n\t<meta name=\"twitter:data1\" content=\"St\u00e9phane Miget\" \/>\n\t<meta name=\"twitter:label2\" content=\"Dur\u00e9e de lecture estim\u00e9e\" \/>\n\t<meta name=\"twitter:data2\" content=\"2 minutes\" \/>\n<script type=\"application\/ld+json\" class=\"yoast-schema-graph\">{\"@context\":\"https:\\\/\\\/schema.org\",\"@graph\":[{\"@type\":\"Article\",\"@id\":\"https:\\\/\\\/batijournal.com\\\/index.php\\\/un-grand-parc-central-a-paris\\\/104395\\\/#article\",\"isPartOf\":{\"@id\":\"https:\\\/\\\/batijournal.com\\\/index.php\\\/un-grand-parc-central-a-paris\\\/104395\\\/\"},\"author\":{\"name\":\"St\u00e9phane Miget\",\"@id\":\"https:\\\/\\\/batijournal.com\\\/#\\\/schema\\\/person\\\/1dc96ec6957aa1ccb25ebe78bb19f100\"},\"headline\":\"Un grand parc central \u00e0 Paris\",\"datePublished\":\"2020-06-24T04:31:34+00:00\",\"mainEntityOfPage\":{\"@id\":\"https:\\\/\\\/batijournal.com\\\/index.php\\\/un-grand-parc-central-a-paris\\\/104395\\\/\"},\"wordCount\":318,\"image\":{\"@id\":\"https:\\\/\\\/batijournal.com\\\/index.php\\\/un-grand-parc-central-a-paris\\\/104395\\\/#primaryimage\"},\"thumbnailUrl\":\"https:\\\/\\\/batijournal.com\\\/wp-content\\\/uploads\\\/2020\\\/06\\\/Jardins-de-pluie-de-la-place-de-la-Concorde.jpg\",\"keywords\":[\"jardin\"],\"articleSection\":[\"Actualit\u00e9s\",\"Divers\",\"zz_Actualit\u00e9s - Atrium\",\"zz_Atrium Patrimoine\"],\"inLanguage\":\"fr-FR\"},{\"@type\":\"WebPage\",\"@id\":\"https:\\\/\\\/batijournal.com\\\/index.php\\\/un-grand-parc-central-a-paris\\\/104395\\\/\",\"url\":\"https:\\\/\\\/batijournal.com\\\/index.php\\\/un-grand-parc-central-a-paris\\\/104395\\\/\",\"name\":\"Un grand parc central \u00e0 Paris\",\"isPartOf\":{\"@id\":\"https:\\\/\\\/batijournal.com\\\/#website\"},\"primaryImageOfPage\":{\"@id\":\"https:\\\/\\\/batijournal.com\\\/index.php\\\/un-grand-parc-central-a-paris\\\/104395\\\/#primaryimage\"},\"image\":{\"@id\":\"https:\\\/\\\/batijournal.com\\\/index.php\\\/un-grand-parc-central-a-paris\\\/104395\\\/#primaryimage\"},\"thumbnailUrl\":\"https:\\\/\\\/batijournal.com\\\/wp-content\\\/uploads\\\/2020\\\/06\\\/Jardins-de-pluie-de-la-place-de-la-Concorde.jpg\",\"datePublished\":\"2020-06-24T04:31:34+00:00\",\"author\":{\"@id\":\"https:\\\/\\\/batijournal.com\\\/#\\\/schema\\\/person\\\/1dc96ec6957aa1ccb25ebe78bb19f100\"},\"breadcrumb\":{\"@id\":\"https:\\\/\\\/batijournal.com\\\/index.php\\\/un-grand-parc-central-a-paris\\\/104395\\\/#breadcrumb\"},\"inLanguage\":\"fr-FR\",\"potentialAction\":[{\"@type\":\"ReadAction\",\"target\":[\"https:\\\/\\\/batijournal.com\\\/index.php\\\/un-grand-parc-central-a-paris\\\/104395\\\/\"]}]},{\"@type\":\"ImageObject\",\"inLanguage\":\"fr-FR\",\"@id\":\"https:\\\/\\\/batijournal.com\\\/index.php\\\/un-grand-parc-central-a-paris\\\/104395\\\/#primaryimage\",\"url\":\"https:\\\/\\\/batijournal.com\\\/wp-content\\\/uploads\\\/2020\\\/06\\\/Jardins-de-pluie-de-la-place-de-la-Concorde.jpg\",\"contentUrl\":\"https:\\\/\\\/batijournal.com\\\/wp-content\\\/uploads\\\/2020\\\/06\\\/Jardins-de-pluie-de-la-place-de-la-Concorde.jpg\",\"width\":1200,\"height\":675},{\"@type\":\"BreadcrumbList\",\"@id\":\"https:\\\/\\\/batijournal.com\\\/index.php\\\/un-grand-parc-central-a-paris\\\/104395\\\/#breadcrumb\",\"itemListElement\":[{\"@type\":\"ListItem\",\"position\":1,\"name\":\"Accueil\",\"item\":\"https:\\\/\\\/batijournal.com\\\/\"},{\"@type\":\"ListItem\",\"position\":2,\"name\":\"Actualit\u00e9s\",\"item\":\"https:\\\/\\\/batijournal.com\\\/index.php\\\/category\\\/actualites\\\/\"},{\"@type\":\"ListItem\",\"position\":3,\"name\":\"Divers\",\"item\":\"https:\\\/\\\/batijournal.com\\\/index.php\\\/category\\\/actualites\\\/services-equipements\\\/\"},{\"@type\":\"ListItem\",\"position\":4,\"name\":\"Un grand parc central \u00e0 Paris\"}]},{\"@type\":\"WebSite\",\"@id\":\"https:\\\/\\\/batijournal.com\\\/#website\",\"url\":\"https:\\\/\\\/batijournal.com\\\/\",\"name\":\"Batijournal\",\"description\":\"L&#039;actualit\u00e9 du b\u00e2timent\",\"potentialAction\":[{\"@type\":\"SearchAction\",\"target\":{\"@type\":\"EntryPoint\",\"urlTemplate\":\"https:\\\/\\\/batijournal.com\\\/?s={search_term_string}\"},\"query-input\":{\"@type\":\"PropertyValueSpecification\",\"valueRequired\":true,\"valueName\":\"search_term_string\"}}],\"inLanguage\":\"fr-FR\"},{\"@type\":\"Person\",\"@id\":\"https:\\\/\\\/batijournal.com\\\/#\\\/schema\\\/person\\\/1dc96ec6957aa1ccb25ebe78bb19f100\",\"name\":\"St\u00e9phane Miget\",\"image\":{\"@type\":\"ImageObject\",\"inLanguage\":\"fr-FR\",\"@id\":\"https:\\\/\\\/secure.gravatar.com\\\/avatar\\\/89915563d925342126b8ef0281b93d9d7fc337043e8df017f780908eb9644451?s=96&d=mm&r=g\",\"url\":\"https:\\\/\\\/secure.gravatar.com\\\/avatar\\\/89915563d925342126b8ef0281b93d9d7fc337043e8df017f780908eb9644451?s=96&d=mm&r=g\",\"contentUrl\":\"https:\\\/\\\/secure.gravatar.com\\\/avatar\\\/89915563d925342126b8ef0281b93d9d7fc337043e8df017f780908eb9644451?s=96&d=mm&r=g\",\"caption\":\"St\u00e9phane Miget\"},\"url\":\"https:\\\/\\\/batijournal.com\\\/index.php\\\/author\\\/stephane\\\/\"}]}<\/script>\n<!-- \/ Yoast SEO plugin. -->","yoast_head_json":{"title":"Un grand parc central \u00e0 Paris","robots":{"index":"index","follow":"follow","max-snippet":"max-snippet:-1","max-image-preview":"max-image-preview:large","max-video-preview":"max-video-preview:-1"},"canonical":"https:\/\/batijournal.com\/index.php\/un-grand-parc-central-a-paris\/104395\/","og_locale":"fr_FR","og_type":"article","og_title":"Un grand parc central \u00e0 Paris","og_description":"Le comit\u00e9 Champs-Elys\u00e9es et l\u2019architecte Philippe Chiambaretta ont d\u00e9voil\u00e9 leur projet de futur grand parc central de Paris : le parc des Champs-\u00c9lys\u00e9es. Il s\u2019agit de faire rena\u00eetre les 15 hectares oubli\u00e9s de jardin au bas de l\u2019Avenue, qui constituaient au XIX\u00e8me si\u00e8cle le parc le plus couru de Paris. Ils sont aujourd\u2019hui laiss\u00e9s \u00e0 [&hellip;]","og_url":"https:\/\/batijournal.com\/index.php\/un-grand-parc-central-a-paris\/104395\/","og_site_name":"Batijournal","article_published_time":"2020-06-24T04:31:34+00:00","og_image":[{"width":1200,"height":675,"url":"https:\/\/batijournal.com\/wp-content\/uploads\/2020\/06\/Jardins-de-pluie-de-la-place-de-la-Concorde.jpg","type":"image\/jpeg"}],"author":"St\u00e9phane Miget","twitter_card":"summary_large_image","twitter_creator":"@bati_journal","twitter_site":"@bati_journal","twitter_misc":{"\u00c9crit par":"St\u00e9phane Miget","Dur\u00e9e de lecture estim\u00e9e":"2 minutes"},"schema":{"@context":"https:\/\/schema.org","@graph":[{"@type":"Article","@id":"https:\/\/batijournal.com\/index.php\/un-grand-parc-central-a-paris\/104395\/#article","isPartOf":{"@id":"https:\/\/batijournal.com\/index.php\/un-grand-parc-central-a-paris\/104395\/"},"author":{"name":"St\u00e9phane Miget","@id":"https:\/\/batijournal.com\/#\/schema\/person\/1dc96ec6957aa1ccb25ebe78bb19f100"},"headline":"Un grand parc central \u00e0 Paris","datePublished":"2020-06-24T04:31:34+00:00","mainEntityOfPage":{"@id":"https:\/\/batijournal.com\/index.php\/un-grand-parc-central-a-paris\/104395\/"},"wordCount":318,"image":{"@id":"https:\/\/batijournal.com\/index.php\/un-grand-parc-central-a-paris\/104395\/#primaryimage"},"thumbnailUrl":"https:\/\/batijournal.com\/wp-content\/uploads\/2020\/06\/Jardins-de-pluie-de-la-place-de-la-Concorde.jpg","keywords":["jardin"],"articleSection":["Actualit\u00e9s","Divers","zz_Actualit\u00e9s - Atrium","zz_Atrium Patrimoine"],"inLanguage":"fr-FR"},{"@type":"WebPage","@id":"https:\/\/batijournal.com\/index.php\/un-grand-parc-central-a-paris\/104395\/","url":"https:\/\/batijournal.com\/index.php\/un-grand-parc-central-a-paris\/104395\/","name":"Un grand parc central \u00e0 Paris","isPartOf":{"@id":"https:\/\/batijournal.com\/#website"},"primaryImageOfPage":{"@id":"https:\/\/batijournal.com\/index.php\/un-grand-parc-central-a-paris\/104395\/#primaryimage"},"image":{"@id":"https:\/\/batijournal.com\/index.php\/un-grand-parc-central-a-paris\/104395\/#primaryimage"},"thumbnailUrl":"https:\/\/batijournal.com\/wp-content\/uploads\/2020\/06\/Jardins-de-pluie-de-la-place-de-la-Concorde.jpg","datePublished":"2020-06-24T04:31:34+00:00","author":{"@id":"https:\/\/batijournal.com\/#\/schema\/person\/1dc96ec6957aa1ccb25ebe78bb19f100"},"breadcrumb":{"@id":"https:\/\/batijournal.com\/index.php\/un-grand-parc-central-a-paris\/104395\/#breadcrumb"},"inLanguage":"fr-FR","potentialAction":[{"@type":"ReadAction","target":["https:\/\/batijournal.com\/index.php\/un-grand-parc-central-a-paris\/104395\/"]}]},{"@type":"ImageObject","inLanguage":"fr-FR","@id":"https:\/\/batijournal.com\/index.php\/un-grand-parc-central-a-paris\/104395\/#primaryimage","url":"https:\/\/batijournal.com\/wp-content\/uploads\/2020\/06\/Jardins-de-pluie-de-la-place-de-la-Concorde.jpg","contentUrl":"https:\/\/batijournal.com\/wp-content\/uploads\/2020\/06\/Jardins-de-pluie-de-la-place-de-la-Concorde.jpg","width":1200,"height":675},{"@type":"BreadcrumbList","@id":"https:\/\/batijournal.com\/index.php\/un-grand-parc-central-a-paris\/104395\/#breadcrumb","itemListElement":[{"@type":"ListItem","position":1,"name":"Accueil","item":"https:\/\/batijournal.com\/"},{"@type":"ListItem","position":2,"name":"Actualit\u00e9s","item":"https:\/\/batijournal.com\/index.php\/category\/actualites\/"},{"@type":"ListItem","position":3,"name":"Divers","item":"https:\/\/batijournal.com\/index.php\/category\/actualites\/services-equipements\/"},{"@type":"ListItem","position":4,"name":"Un grand parc central \u00e0 Paris"}]},{"@type":"WebSite","@id":"https:\/\/batijournal.com\/#website","url":"https:\/\/batijournal.com\/","name":"Batijournal","description":"L&#039;actualit\u00e9 du b\u00e2timent","potentialAction":[{"@type":"SearchAction","target":{"@type":"EntryPoint","urlTemplate":"https:\/\/batijournal.com\/?s={search_term_string}"},"query-input":{"@type":"PropertyValueSpecification","valueRequired":true,"valueName":"search_term_string"}}],"inLanguage":"fr-FR"},{"@type":"Person","@id":"https:\/\/batijournal.com\/#\/schema\/person\/1dc96ec6957aa1ccb25ebe78bb19f100","name":"St\u00e9phane Miget","image":{"@type":"ImageObject","inLanguage":"fr-FR","@id":"https:\/\/secure.gravatar.com\/avatar\/89915563d925342126b8ef0281b93d9d7fc337043e8df017f780908eb9644451?s=96&d=mm&r=g","url":"https:\/\/secure.gravatar.com\/avatar\/89915563d925342126b8ef0281b93d9d7fc337043e8df017f780908eb9644451?s=96&d=mm&r=g","contentUrl":"https:\/\/secure.gravatar.com\/avatar\/89915563d925342126b8ef0281b93d9d7fc337043e8df017f780908eb9644451?s=96&d=mm&r=g","caption":"St\u00e9phane Miget"},"url":"https:\/\/batijournal.com\/index.php\/author\/stephane\/"}]}},"_links":{"self":[{"href":"https:\/\/batijournal.com\/index.php\/wp-json\/wp\/v2\/posts\/104395","targetHints":{"allow":["GET"]}}],"collection":[{"href":"https:\/\/batijournal.com\/index.php\/wp-json\/wp\/v2\/posts"}],"about":[{"href":"https:\/\/batijournal.com\/index.php\/wp-json\/wp\/v2\/types\/post"}],"author":[{"embeddable":true,"href":"https:\/\/batijournal.com\/index.php\/wp-json\/wp\/v2\/users\/17"}],"replies":[{"embeddable":true,"href":"https:\/\/batijournal.com\/index.php\/wp-json\/wp\/v2\/comments?post=104395"}],"version-history":[{"count":0,"href":"https:\/\/batijournal.com\/index.php\/wp-json\/wp\/v2\/posts\/104395\/revisions"}],"wp:featuredmedia":[{"embeddable":true,"href":"https:\/\/batijournal.com\/index.php\/wp-json\/wp\/v2\/media\/104396"}],"wp:attachment":[{"href":"https:\/\/batijournal.com\/index.php\/wp-json\/wp\/v2\/media?parent=104395"}],"wp:term":[{"taxonomy":"category","embeddable":true,"href":"https:\/\/batijournal.com\/index.php\/wp-json\/wp\/v2\/categories?post=104395"},{"taxonomy":"post_tag","embeddable":true,"href":"https:\/\/batijournal.com\/index.php\/wp-json\/wp\/v2\/tags?post=104395"}],"curies":[{"name":"wp","href":"https:\/\/api.w.org\/{rel}","templated":true}]}}