{"id":104439,"date":"2020-07-06T14:30:40","date_gmt":"2020-07-06T12:30:40","guid":{"rendered":"https:\/\/batijournal.com\/?p=104439"},"modified":"2020-07-06T14:30:40","modified_gmt":"2020-07-06T12:30:40","slug":"le-salon-de-la-piscine-et-du-spa-de-lyon-aura-bien-lieu","status":"publish","type":"post","link":"https:\/\/batijournal.com\/index.php\/le-salon-de-la-piscine-et-du-spa-de-lyon-aura-bien-lieu\/104439\/","title":{"rendered":"Le salon de la piscine et du spa de Lyon aura bien lieu"},"content":{"rendered":"<p>Suite a\u0300 l\u2019annonce officielle du maintien de Piscine Global Europe, a\u0300 Lyon, du 17 au 20 novembre prochain, la Fe\u0301de\u0301ration des Professionnels de la Piscine (FPP) confirme son soutien a\u0300 l\u2019e\u0301ve\u0301nement leader de la filie\u0300re. <em>\u00ab La FPP est partenaire du salon, depuis 1993. A l\u2019heure ou\u0300 les entreprises ont le plus besoin de notre soutien, il e\u0301tait inconcevable de ne pas confirmer notre engagement re\u0301ciproque. Piscine Global Europe est un e\u0301ve\u0301nement indispensable a\u0300 l\u2019ensemble des acteurs de la filie\u0300re Piscine &amp; Spa pour accompagner la reprise \u00bb<\/em>, souligne Gilles Mouchiroud, Pre\u0301sident de la FPP. En affirmant sa volonte\u0301 d\u2019organiser Piscine Global Europe, au mois de novembre 2020, GL events confirme et poursuit son engagement aux co\u0302te\u0301s des acteurs du marche\u0301 de la piscine. Confiant quant aux e\u0301volutions sur la libre circulation des personnes, le Groupe proposera, en lien avec l\u2019ensemble des acteurs de l\u2019e\u0301ve\u0301nementiel et du tourisme d\u2019affaires, une offre de services pour faciliter le de\u0301placement des visiteurs et soutenir ainsi les entreprises de la filie\u0300re. La FPP fait pleinement confiance a\u0300 GL events, expert de l\u2019e\u0301ve\u0301nementiel, pour mettre en place les dispositions sanitaires qui seront en vigueur en novembre prochain.<\/p>\n","protected":false},"excerpt":{"rendered":"<p>Suite a\u0300 l\u2019annonce officielle du maintien de Piscine Global Europe, a\u0300 Lyon, du 17 au 20 novembre prochain, la Fe\u0301de\u0301ration des Professionnels de la Piscine (FPP) confirme son soutien a\u0300 l\u2019e\u0301ve\u0301nement leader de la filie\u0300re. \u00ab La FPP est partenaire du salon, depuis 1993. A l\u2019heure ou\u0300 les entreprises ont le plus besoin de notre [&hellip;]<\/p>\n","protected":false},"author":17,"featured_media":104440,"comment_status":"closed","ping_status":"closed","sticky":false,"template":"","format":"standard","meta":{"_et_pb_use_builder":"","_et_pb_old_content":"","_et_gb_content_width":"","footnotes":""},"categories":[10530,6362],"tags":[1245],"class_list":["post-104439","post","type-post","status-publish","format-standard","has-post-thumbnail","hentry","category-actualites","category-services-equipements","tag-piscine"],"yoast_head":"<!-- This site is optimized with the Yoast SEO plugin v27.4 - https:\/\/yoast.com\/product\/yoast-seo-wordpress\/ -->\n<title>Le salon de la piscine et du spa de Lyon aura bien lieu<\/title>\n<meta name=\"robots\" content=\"index, follow, max-snippet:-1, max-image-preview:large, max-video-preview:-1\" \/>\n<link rel=\"canonical\" href=\"https:\/\/batijournal.com\/index.php\/le-salon-de-la-piscine-et-du-spa-de-lyon-aura-bien-lieu\/104439\/\" \/>\n<meta property=\"og:locale\" content=\"fr_FR\" \/>\n<meta property=\"og:type\" content=\"article\" \/>\n<meta property=\"og:title\" content=\"Le salon de la piscine et du spa de Lyon aura bien lieu\" \/>\n<meta property=\"og:description\" content=\"Suite a\u0300 l\u2019annonce officielle du maintien de Piscine Global Europe, a\u0300 Lyon, du 17 au 20 novembre prochain, la Fe\u0301de\u0301ration des Professionnels de la Piscine (FPP) confirme son soutien a\u0300 l\u2019e\u0301ve\u0301nement leader de la filie\u0300re. \u00ab La FPP est partenaire du salon, depuis 1993. A l\u2019heure ou\u0300 les entreprises ont le plus besoin de notre [&hellip;]\" \/>\n<meta property=\"og:url\" content=\"https:\/\/batijournal.com\/index.php\/le-salon-de-la-piscine-et-du-spa-de-lyon-aura-bien-lieu\/104439\/\" \/>\n<meta property=\"og:site_name\" content=\"Batijournal\" \/>\n<meta property=\"article:published_time\" content=\"2020-07-06T12:30:40+00:00\" \/>\n<meta property=\"og:image\" content=\"https:\/\/batijournal.com\/wp-content\/uploads\/2020\/07\/salon-piscine.jpg\" \/>\n\t<meta property=\"og:image:width\" content=\"1469\" \/>\n\t<meta property=\"og:image:height\" content=\"979\" \/>\n\t<meta property=\"og:image:type\" content=\"image\/jpeg\" \/>\n<meta name=\"author\" content=\"St\u00e9phane Miget\" \/>\n<meta name=\"twitter:card\" content=\"summary_large_image\" \/>\n<meta name=\"twitter:creator\" content=\"@bati_journal\" \/>\n<meta name=\"twitter:site\" content=\"@bati_journal\" \/>\n<meta name=\"twitter:label1\" content=\"\u00c9crit par\" \/>\n\t<meta name=\"twitter:data1\" content=\"St\u00e9phane Miget\" \/>\n\t<meta name=\"twitter:label2\" content=\"Dur\u00e9e de lecture estim\u00e9e\" \/>\n\t<meta name=\"twitter:data2\" content=\"1 minute\" \/>\n<script type=\"application\/ld+json\" class=\"yoast-schema-graph\">{\"@context\":\"https:\\\/\\\/schema.org\",\"@graph\":[{\"@type\":\"Article\",\"@id\":\"https:\\\/\\\/batijournal.com\\\/index.php\\\/le-salon-de-la-piscine-et-du-spa-de-lyon-aura-bien-lieu\\\/104439\\\/#article\",\"isPartOf\":{\"@id\":\"https:\\\/\\\/batijournal.com\\\/index.php\\\/le-salon-de-la-piscine-et-du-spa-de-lyon-aura-bien-lieu\\\/104439\\\/\"},\"author\":{\"name\":\"St\u00e9phane Miget\",\"@id\":\"https:\\\/\\\/batijournal.com\\\/#\\\/schema\\\/person\\\/1dc96ec6957aa1ccb25ebe78bb19f100\"},\"headline\":\"Le salon de la piscine et du spa de Lyon aura bien lieu\",\"datePublished\":\"2020-07-06T12:30:40+00:00\",\"mainEntityOfPage\":{\"@id\":\"https:\\\/\\\/batijournal.com\\\/index.php\\\/le-salon-de-la-piscine-et-du-spa-de-lyon-aura-bien-lieu\\\/104439\\\/\"},\"wordCount\":228,\"image\":{\"@id\":\"https:\\\/\\\/batijournal.com\\\/index.php\\\/le-salon-de-la-piscine-et-du-spa-de-lyon-aura-bien-lieu\\\/104439\\\/#primaryimage\"},\"thumbnailUrl\":\"https:\\\/\\\/batijournal.com\\\/wp-content\\\/uploads\\\/2020\\\/07\\\/salon-piscine.jpg\",\"keywords\":[\"piscine\"],\"articleSection\":[\"Actualit\u00e9s\",\"Divers\"],\"inLanguage\":\"fr-FR\"},{\"@type\":\"WebPage\",\"@id\":\"https:\\\/\\\/batijournal.com\\\/index.php\\\/le-salon-de-la-piscine-et-du-spa-de-lyon-aura-bien-lieu\\\/104439\\\/\",\"url\":\"https:\\\/\\\/batijournal.com\\\/index.php\\\/le-salon-de-la-piscine-et-du-spa-de-lyon-aura-bien-lieu\\\/104439\\\/\",\"name\":\"Le salon de la piscine et du spa de Lyon aura bien lieu\",\"isPartOf\":{\"@id\":\"https:\\\/\\\/batijournal.com\\\/#website\"},\"primaryImageOfPage\":{\"@id\":\"https:\\\/\\\/batijournal.com\\\/index.php\\\/le-salon-de-la-piscine-et-du-spa-de-lyon-aura-bien-lieu\\\/104439\\\/#primaryimage\"},\"image\":{\"@id\":\"https:\\\/\\\/batijournal.com\\\/index.php\\\/le-salon-de-la-piscine-et-du-spa-de-lyon-aura-bien-lieu\\\/104439\\\/#primaryimage\"},\"thumbnailUrl\":\"https:\\\/\\\/batijournal.com\\\/wp-content\\\/uploads\\\/2020\\\/07\\\/salon-piscine.jpg\",\"datePublished\":\"2020-07-06T12:30:40+00:00\",\"author\":{\"@id\":\"https:\\\/\\\/batijournal.com\\\/#\\\/schema\\\/person\\\/1dc96ec6957aa1ccb25ebe78bb19f100\"},\"breadcrumb\":{\"@id\":\"https:\\\/\\\/batijournal.com\\\/index.php\\\/le-salon-de-la-piscine-et-du-spa-de-lyon-aura-bien-lieu\\\/104439\\\/#breadcrumb\"},\"inLanguage\":\"fr-FR\",\"potentialAction\":[{\"@type\":\"ReadAction\",\"target\":[\"https:\\\/\\\/batijournal.com\\\/index.php\\\/le-salon-de-la-piscine-et-du-spa-de-lyon-aura-bien-lieu\\\/104439\\\/\"]}]},{\"@type\":\"ImageObject\",\"inLanguage\":\"fr-FR\",\"@id\":\"https:\\\/\\\/batijournal.com\\\/index.php\\\/le-salon-de-la-piscine-et-du-spa-de-lyon-aura-bien-lieu\\\/104439\\\/#primaryimage\",\"url\":\"https:\\\/\\\/batijournal.com\\\/wp-content\\\/uploads\\\/2020\\\/07\\\/salon-piscine.jpg\",\"contentUrl\":\"https:\\\/\\\/batijournal.com\\\/wp-content\\\/uploads\\\/2020\\\/07\\\/salon-piscine.jpg\",\"width\":1469,\"height\":979},{\"@type\":\"BreadcrumbList\",\"@id\":\"https:\\\/\\\/batijournal.com\\\/index.php\\\/le-salon-de-la-piscine-et-du-spa-de-lyon-aura-bien-lieu\\\/104439\\\/#breadcrumb\",\"itemListElement\":[{\"@type\":\"ListItem\",\"position\":1,\"name\":\"Accueil\",\"item\":\"https:\\\/\\\/batijournal.com\\\/\"},{\"@type\":\"ListItem\",\"position\":2,\"name\":\"Actualit\u00e9s\",\"item\":\"https:\\\/\\\/batijournal.com\\\/index.php\\\/category\\\/actualites\\\/\"},{\"@type\":\"ListItem\",\"position\":3,\"name\":\"Divers\",\"item\":\"https:\\\/\\\/batijournal.com\\\/index.php\\\/category\\\/actualites\\\/services-equipements\\\/\"},{\"@type\":\"ListItem\",\"position\":4,\"name\":\"Le salon de la piscine et du spa de Lyon aura bien lieu\"}]},{\"@type\":\"WebSite\",\"@id\":\"https:\\\/\\\/batijournal.com\\\/#website\",\"url\":\"https:\\\/\\\/batijournal.com\\\/\",\"name\":\"Batijournal\",\"description\":\"L&#039;actualit\u00e9 du b\u00e2timent\",\"potentialAction\":[{\"@type\":\"SearchAction\",\"target\":{\"@type\":\"EntryPoint\",\"urlTemplate\":\"https:\\\/\\\/batijournal.com\\\/?s={search_term_string}\"},\"query-input\":{\"@type\":\"PropertyValueSpecification\",\"valueRequired\":true,\"valueName\":\"search_term_string\"}}],\"inLanguage\":\"fr-FR\"},{\"@type\":\"Person\",\"@id\":\"https:\\\/\\\/batijournal.com\\\/#\\\/schema\\\/person\\\/1dc96ec6957aa1ccb25ebe78bb19f100\",\"name\":\"St\u00e9phane Miget\",\"image\":{\"@type\":\"ImageObject\",\"inLanguage\":\"fr-FR\",\"@id\":\"https:\\\/\\\/secure.gravatar.com\\\/avatar\\\/89915563d925342126b8ef0281b93d9d7fc337043e8df017f780908eb9644451?s=96&d=mm&r=g\",\"url\":\"https:\\\/\\\/secure.gravatar.com\\\/avatar\\\/89915563d925342126b8ef0281b93d9d7fc337043e8df017f780908eb9644451?s=96&d=mm&r=g\",\"contentUrl\":\"https:\\\/\\\/secure.gravatar.com\\\/avatar\\\/89915563d925342126b8ef0281b93d9d7fc337043e8df017f780908eb9644451?s=96&d=mm&r=g\",\"caption\":\"St\u00e9phane Miget\"},\"url\":\"https:\\\/\\\/batijournal.com\\\/index.php\\\/author\\\/stephane\\\/\"}]}<\/script>\n<!-- \/ Yoast SEO plugin. -->","yoast_head_json":{"title":"Le salon de la piscine et du spa de Lyon aura bien lieu","robots":{"index":"index","follow":"follow","max-snippet":"max-snippet:-1","max-image-preview":"max-image-preview:large","max-video-preview":"max-video-preview:-1"},"canonical":"https:\/\/batijournal.com\/index.php\/le-salon-de-la-piscine-et-du-spa-de-lyon-aura-bien-lieu\/104439\/","og_locale":"fr_FR","og_type":"article","og_title":"Le salon de la piscine et du spa de Lyon aura bien lieu","og_description":"Suite a\u0300 l\u2019annonce officielle du maintien de Piscine Global Europe, a\u0300 Lyon, du 17 au 20 novembre prochain, la Fe\u0301de\u0301ration des Professionnels de la Piscine (FPP) confirme son soutien a\u0300 l\u2019e\u0301ve\u0301nement leader de la filie\u0300re. \u00ab La FPP est partenaire du salon, depuis 1993. A l\u2019heure ou\u0300 les entreprises ont le plus besoin de notre [&hellip;]","og_url":"https:\/\/batijournal.com\/index.php\/le-salon-de-la-piscine-et-du-spa-de-lyon-aura-bien-lieu\/104439\/","og_site_name":"Batijournal","article_published_time":"2020-07-06T12:30:40+00:00","og_image":[{"width":1469,"height":979,"url":"https:\/\/batijournal.com\/wp-content\/uploads\/2020\/07\/salon-piscine.jpg","type":"image\/jpeg"}],"author":"St\u00e9phane Miget","twitter_card":"summary_large_image","twitter_creator":"@bati_journal","twitter_site":"@bati_journal","twitter_misc":{"\u00c9crit par":"St\u00e9phane Miget","Dur\u00e9e de lecture estim\u00e9e":"1 minute"},"schema":{"@context":"https:\/\/schema.org","@graph":[{"@type":"Article","@id":"https:\/\/batijournal.com\/index.php\/le-salon-de-la-piscine-et-du-spa-de-lyon-aura-bien-lieu\/104439\/#article","isPartOf":{"@id":"https:\/\/batijournal.com\/index.php\/le-salon-de-la-piscine-et-du-spa-de-lyon-aura-bien-lieu\/104439\/"},"author":{"name":"St\u00e9phane Miget","@id":"https:\/\/batijournal.com\/#\/schema\/person\/1dc96ec6957aa1ccb25ebe78bb19f100"},"headline":"Le salon de la piscine et du spa de Lyon aura bien lieu","datePublished":"2020-07-06T12:30:40+00:00","mainEntityOfPage":{"@id":"https:\/\/batijournal.com\/index.php\/le-salon-de-la-piscine-et-du-spa-de-lyon-aura-bien-lieu\/104439\/"},"wordCount":228,"image":{"@id":"https:\/\/batijournal.com\/index.php\/le-salon-de-la-piscine-et-du-spa-de-lyon-aura-bien-lieu\/104439\/#primaryimage"},"thumbnailUrl":"https:\/\/batijournal.com\/wp-content\/uploads\/2020\/07\/salon-piscine.jpg","keywords":["piscine"],"articleSection":["Actualit\u00e9s","Divers"],"inLanguage":"fr-FR"},{"@type":"WebPage","@id":"https:\/\/batijournal.com\/index.php\/le-salon-de-la-piscine-et-du-spa-de-lyon-aura-bien-lieu\/104439\/","url":"https:\/\/batijournal.com\/index.php\/le-salon-de-la-piscine-et-du-spa-de-lyon-aura-bien-lieu\/104439\/","name":"Le salon de la piscine et du spa de Lyon aura bien lieu","isPartOf":{"@id":"https:\/\/batijournal.com\/#website"},"primaryImageOfPage":{"@id":"https:\/\/batijournal.com\/index.php\/le-salon-de-la-piscine-et-du-spa-de-lyon-aura-bien-lieu\/104439\/#primaryimage"},"image":{"@id":"https:\/\/batijournal.com\/index.php\/le-salon-de-la-piscine-et-du-spa-de-lyon-aura-bien-lieu\/104439\/#primaryimage"},"thumbnailUrl":"https:\/\/batijournal.com\/wp-content\/uploads\/2020\/07\/salon-piscine.jpg","datePublished":"2020-07-06T12:30:40+00:00","author":{"@id":"https:\/\/batijournal.com\/#\/schema\/person\/1dc96ec6957aa1ccb25ebe78bb19f100"},"breadcrumb":{"@id":"https:\/\/batijournal.com\/index.php\/le-salon-de-la-piscine-et-du-spa-de-lyon-aura-bien-lieu\/104439\/#breadcrumb"},"inLanguage":"fr-FR","potentialAction":[{"@type":"ReadAction","target":["https:\/\/batijournal.com\/index.php\/le-salon-de-la-piscine-et-du-spa-de-lyon-aura-bien-lieu\/104439\/"]}]},{"@type":"ImageObject","inLanguage":"fr-FR","@id":"https:\/\/batijournal.com\/index.php\/le-salon-de-la-piscine-et-du-spa-de-lyon-aura-bien-lieu\/104439\/#primaryimage","url":"https:\/\/batijournal.com\/wp-content\/uploads\/2020\/07\/salon-piscine.jpg","contentUrl":"https:\/\/batijournal.com\/wp-content\/uploads\/2020\/07\/salon-piscine.jpg","width":1469,"height":979},{"@type":"BreadcrumbList","@id":"https:\/\/batijournal.com\/index.php\/le-salon-de-la-piscine-et-du-spa-de-lyon-aura-bien-lieu\/104439\/#breadcrumb","itemListElement":[{"@type":"ListItem","position":1,"name":"Accueil","item":"https:\/\/batijournal.com\/"},{"@type":"ListItem","position":2,"name":"Actualit\u00e9s","item":"https:\/\/batijournal.com\/index.php\/category\/actualites\/"},{"@type":"ListItem","position":3,"name":"Divers","item":"https:\/\/batijournal.com\/index.php\/category\/actualites\/services-equipements\/"},{"@type":"ListItem","position":4,"name":"Le salon de la piscine et du spa de Lyon aura bien lieu"}]},{"@type":"WebSite","@id":"https:\/\/batijournal.com\/#website","url":"https:\/\/batijournal.com\/","name":"Batijournal","description":"L&#039;actualit\u00e9 du b\u00e2timent","potentialAction":[{"@type":"SearchAction","target":{"@type":"EntryPoint","urlTemplate":"https:\/\/batijournal.com\/?s={search_term_string}"},"query-input":{"@type":"PropertyValueSpecification","valueRequired":true,"valueName":"search_term_string"}}],"inLanguage":"fr-FR"},{"@type":"Person","@id":"https:\/\/batijournal.com\/#\/schema\/person\/1dc96ec6957aa1ccb25ebe78bb19f100","name":"St\u00e9phane Miget","image":{"@type":"ImageObject","inLanguage":"fr-FR","@id":"https:\/\/secure.gravatar.com\/avatar\/89915563d925342126b8ef0281b93d9d7fc337043e8df017f780908eb9644451?s=96&d=mm&r=g","url":"https:\/\/secure.gravatar.com\/avatar\/89915563d925342126b8ef0281b93d9d7fc337043e8df017f780908eb9644451?s=96&d=mm&r=g","contentUrl":"https:\/\/secure.gravatar.com\/avatar\/89915563d925342126b8ef0281b93d9d7fc337043e8df017f780908eb9644451?s=96&d=mm&r=g","caption":"St\u00e9phane Miget"},"url":"https:\/\/batijournal.com\/index.php\/author\/stephane\/"}]}},"_links":{"self":[{"href":"https:\/\/batijournal.com\/index.php\/wp-json\/wp\/v2\/posts\/104439","targetHints":{"allow":["GET"]}}],"collection":[{"href":"https:\/\/batijournal.com\/index.php\/wp-json\/wp\/v2\/posts"}],"about":[{"href":"https:\/\/batijournal.com\/index.php\/wp-json\/wp\/v2\/types\/post"}],"author":[{"embeddable":true,"href":"https:\/\/batijournal.com\/index.php\/wp-json\/wp\/v2\/users\/17"}],"replies":[{"embeddable":true,"href":"https:\/\/batijournal.com\/index.php\/wp-json\/wp\/v2\/comments?post=104439"}],"version-history":[{"count":0,"href":"https:\/\/batijournal.com\/index.php\/wp-json\/wp\/v2\/posts\/104439\/revisions"}],"wp:featuredmedia":[{"embeddable":true,"href":"https:\/\/batijournal.com\/index.php\/wp-json\/wp\/v2\/media\/104440"}],"wp:attachment":[{"href":"https:\/\/batijournal.com\/index.php\/wp-json\/wp\/v2\/media?parent=104439"}],"wp:term":[{"taxonomy":"category","embeddable":true,"href":"https:\/\/batijournal.com\/index.php\/wp-json\/wp\/v2\/categories?post=104439"},{"taxonomy":"post_tag","embeddable":true,"href":"https:\/\/batijournal.com\/index.php\/wp-json\/wp\/v2\/tags?post=104439"}],"curies":[{"name":"wp","href":"https:\/\/api.w.org\/{rel}","templated":true}]}}