{"id":104442,"date":"2020-07-06T16:22:13","date_gmt":"2020-07-06T14:22:13","guid":{"rendered":"https:\/\/batijournal.com\/?p=104442"},"modified":"2020-07-06T16:22:13","modified_gmt":"2020-07-06T14:22:13","slug":"eric-routier-a-ete-elu-a-la-presidence-du-ccca-btp","status":"publish","type":"post","link":"https:\/\/batijournal.com\/index.php\/eric-routier-a-ete-elu-a-la-presidence-du-ccca-btp\/104442\/","title":{"rendered":"\u00c9ric Routier a \u00e9t\u00e9 \u00e9lu \u00e0 la pr\u00e9sidence du CCCA-BTP"},"content":{"rendered":"<p>\u00c9ric Routier (FNCB-CFDT), 62 ans, a \u00e9t\u00e9 \u00e9lu \u00e0 la pr\u00e9sidence du CCCA-BTP ,il succ\u00e8de \u00e0 Jean-Christophe Repon (CAPEB), qui pr\u00e9sidait l\u2019association \u00e0 gouvernance paritaire depuis 2016. Il a enti\u00e8rement consacr\u00e9 sa carri\u00e8re professionnelle au secteur du b\u00e2timent et des travaux publics. Apr\u00e8s une formation en menuiserie et avoir exerc\u00e9 dans plusieurs entreprises de la fili\u00e8re, depuis 1984, il travaille au sein de l\u2019entreprise Kaefer Wanner, sp\u00e9cialiste de l\u2019isolation thermique, de montage d\u2019\u00e9chafaudages, de d\u00e9samiantage et de peinture en milieu industriel. Il est d\u00e9l\u00e9gu\u00e9 national CFDT au sein de l\u2019entreprise Kaefer Wanner depuis 1992 et a \u00e9galement \u00e9t\u00e9 conseiller f\u00e9d\u00e9ral au niveau national de la FNCB-CFDT pendant douze ans, jusqu\u2019en 2017.<\/p>\n<p>\u00c9ric Routier est \u00e9galement administrateur du CCCA-BTP depuis 1997. Jusqu\u2019en 2019, il en a \u00e9t\u00e9 le tr\u00e9sorier et le secr\u00e9taire pendant neuf ans. Son engagement de longue date dans la formation professionnelle aux m\u00e9tiers du b\u00e2timent et des travaux publics, en particulier par la voie de l\u2019apprentissage, l\u2019a amen\u00e9 \u00e0 pr\u00e9sider l\u2019association r\u00e9gionale \u00e0 gouvernance paritaire BTP CFA Nord &#8211; Pas-de-Calais, qui g\u00e8re les trois centres de formation du BTP du territoire. \u00c9ric Routier a par ailleurs pr\u00e9sid\u00e9 l\u2019AREF Nord &#8211; Pas-de-Calais, avant d\u2019\u00eatre nomm\u00e9 administrateur national de Constructys, alors OPCA de la Construction, o\u00f9 il \u00e9tait membre de la commission paritaire du b\u00e2timent des entreprises de moins de onze salari\u00e9s jusqu\u2019en 2019. Il est \u00e9galement administrateur de PRO BTP Pr\u00e9voyance, le groupe de protection sociale du BTP.<\/p>\n","protected":false},"excerpt":{"rendered":"<p>\u00c9ric Routier (FNCB-CFDT), 62 ans, a \u00e9t\u00e9 \u00e9lu \u00e0 la pr\u00e9sidence du CCCA-BTP ,il succ\u00e8de \u00e0 Jean-Christophe Repon (CAPEB), qui pr\u00e9sidait l\u2019association \u00e0 gouvernance paritaire depuis 2016. Il a enti\u00e8rement consacr\u00e9 sa carri\u00e8re professionnelle au secteur du b\u00e2timent et des travaux publics. Apr\u00e8s une formation en menuiserie et avoir exerc\u00e9 dans plusieurs entreprises de la [&hellip;]<\/p>\n","protected":false},"author":17,"featured_media":104443,"comment_status":"closed","ping_status":"closed","sticky":false,"template":"","format":"standard","meta":{"_et_pb_use_builder":"","_et_pb_old_content":"","_et_gb_content_width":"","footnotes":""},"categories":[10530,6345],"tags":[6086,517],"class_list":["post-104442","post","type-post","status-publish","format-standard","has-post-thumbnail","hentry","category-actualites","category-economie-marches","tag-ccca-btp","tag-formation"],"yoast_head":"<!-- This site is optimized with the Yoast SEO plugin v27.4 - https:\/\/yoast.com\/product\/yoast-seo-wordpress\/ -->\n<title>\u00c9ric Routier a \u00e9t\u00e9 \u00e9lu \u00e0 la pr\u00e9sidence du CCCA-BTP<\/title>\n<meta name=\"robots\" content=\"index, follow, max-snippet:-1, max-image-preview:large, max-video-preview:-1\" \/>\n<link rel=\"canonical\" href=\"https:\/\/batijournal.com\/index.php\/eric-routier-a-ete-elu-a-la-presidence-du-ccca-btp\/104442\/\" \/>\n<meta property=\"og:locale\" content=\"fr_FR\" \/>\n<meta property=\"og:type\" content=\"article\" \/>\n<meta property=\"og:title\" content=\"\u00c9ric Routier a \u00e9t\u00e9 \u00e9lu \u00e0 la pr\u00e9sidence du CCCA-BTP\" \/>\n<meta property=\"og:description\" content=\"\u00c9ric Routier (FNCB-CFDT), 62 ans, a \u00e9t\u00e9 \u00e9lu \u00e0 la pr\u00e9sidence du CCCA-BTP ,il succ\u00e8de \u00e0 Jean-Christophe Repon (CAPEB), qui pr\u00e9sidait l\u2019association \u00e0 gouvernance paritaire depuis 2016. Il a enti\u00e8rement consacr\u00e9 sa carri\u00e8re professionnelle au secteur du b\u00e2timent et des travaux publics. Apr\u00e8s une formation en menuiserie et avoir exerc\u00e9 dans plusieurs entreprises de la [&hellip;]\" \/>\n<meta property=\"og:url\" content=\"https:\/\/batijournal.com\/index.php\/eric-routier-a-ete-elu-a-la-presidence-du-ccca-btp\/104442\/\" \/>\n<meta property=\"og:site_name\" content=\"Batijournal\" \/>\n<meta property=\"article:published_time\" content=\"2020-07-06T14:22:13+00:00\" \/>\n<meta property=\"og:image\" content=\"https:\/\/batijournal.com\/wp-content\/uploads\/2020\/07\/ccabtp-Eric-Routier.jpg\" \/>\n\t<meta property=\"og:image:width\" content=\"1200\" \/>\n\t<meta property=\"og:image:height\" content=\"987\" \/>\n\t<meta property=\"og:image:type\" content=\"image\/jpeg\" \/>\n<meta name=\"author\" content=\"St\u00e9phane Miget\" \/>\n<meta name=\"twitter:card\" content=\"summary_large_image\" \/>\n<meta name=\"twitter:creator\" content=\"@bati_journal\" \/>\n<meta name=\"twitter:site\" content=\"@bati_journal\" \/>\n<meta name=\"twitter:label1\" content=\"\u00c9crit par\" \/>\n\t<meta name=\"twitter:data1\" content=\"St\u00e9phane Miget\" \/>\n\t<meta name=\"twitter:label2\" content=\"Dur\u00e9e de lecture estim\u00e9e\" \/>\n\t<meta name=\"twitter:data2\" content=\"1 minute\" \/>\n<script type=\"application\/ld+json\" class=\"yoast-schema-graph\">{\"@context\":\"https:\\\/\\\/schema.org\",\"@graph\":[{\"@type\":\"Article\",\"@id\":\"https:\\\/\\\/batijournal.com\\\/index.php\\\/eric-routier-a-ete-elu-a-la-presidence-du-ccca-btp\\\/104442\\\/#article\",\"isPartOf\":{\"@id\":\"https:\\\/\\\/batijournal.com\\\/index.php\\\/eric-routier-a-ete-elu-a-la-presidence-du-ccca-btp\\\/104442\\\/\"},\"author\":{\"name\":\"St\u00e9phane Miget\",\"@id\":\"https:\\\/\\\/batijournal.com\\\/#\\\/schema\\\/person\\\/1dc96ec6957aa1ccb25ebe78bb19f100\"},\"headline\":\"\u00c9ric Routier a \u00e9t\u00e9 \u00e9lu \u00e0 la pr\u00e9sidence du CCCA-BTP\",\"datePublished\":\"2020-07-06T14:22:13+00:00\",\"mainEntityOfPage\":{\"@id\":\"https:\\\/\\\/batijournal.com\\\/index.php\\\/eric-routier-a-ete-elu-a-la-presidence-du-ccca-btp\\\/104442\\\/\"},\"wordCount\":274,\"image\":{\"@id\":\"https:\\\/\\\/batijournal.com\\\/index.php\\\/eric-routier-a-ete-elu-a-la-presidence-du-ccca-btp\\\/104442\\\/#primaryimage\"},\"thumbnailUrl\":\"https:\\\/\\\/batijournal.com\\\/wp-content\\\/uploads\\\/2020\\\/07\\\/ccabtp-Eric-Routier.jpg\",\"keywords\":[\"CCCA-BTP\",\"formation\"],\"articleSection\":[\"Actualit\u00e9s\",\"\u00c9conomie &amp; March\u00e9s\"],\"inLanguage\":\"fr-FR\"},{\"@type\":\"WebPage\",\"@id\":\"https:\\\/\\\/batijournal.com\\\/index.php\\\/eric-routier-a-ete-elu-a-la-presidence-du-ccca-btp\\\/104442\\\/\",\"url\":\"https:\\\/\\\/batijournal.com\\\/index.php\\\/eric-routier-a-ete-elu-a-la-presidence-du-ccca-btp\\\/104442\\\/\",\"name\":\"\u00c9ric Routier a \u00e9t\u00e9 \u00e9lu \u00e0 la pr\u00e9sidence du CCCA-BTP\",\"isPartOf\":{\"@id\":\"https:\\\/\\\/batijournal.com\\\/#website\"},\"primaryImageOfPage\":{\"@id\":\"https:\\\/\\\/batijournal.com\\\/index.php\\\/eric-routier-a-ete-elu-a-la-presidence-du-ccca-btp\\\/104442\\\/#primaryimage\"},\"image\":{\"@id\":\"https:\\\/\\\/batijournal.com\\\/index.php\\\/eric-routier-a-ete-elu-a-la-presidence-du-ccca-btp\\\/104442\\\/#primaryimage\"},\"thumbnailUrl\":\"https:\\\/\\\/batijournal.com\\\/wp-content\\\/uploads\\\/2020\\\/07\\\/ccabtp-Eric-Routier.jpg\",\"datePublished\":\"2020-07-06T14:22:13+00:00\",\"author\":{\"@id\":\"https:\\\/\\\/batijournal.com\\\/#\\\/schema\\\/person\\\/1dc96ec6957aa1ccb25ebe78bb19f100\"},\"breadcrumb\":{\"@id\":\"https:\\\/\\\/batijournal.com\\\/index.php\\\/eric-routier-a-ete-elu-a-la-presidence-du-ccca-btp\\\/104442\\\/#breadcrumb\"},\"inLanguage\":\"fr-FR\",\"potentialAction\":[{\"@type\":\"ReadAction\",\"target\":[\"https:\\\/\\\/batijournal.com\\\/index.php\\\/eric-routier-a-ete-elu-a-la-presidence-du-ccca-btp\\\/104442\\\/\"]}]},{\"@type\":\"ImageObject\",\"inLanguage\":\"fr-FR\",\"@id\":\"https:\\\/\\\/batijournal.com\\\/index.php\\\/eric-routier-a-ete-elu-a-la-presidence-du-ccca-btp\\\/104442\\\/#primaryimage\",\"url\":\"https:\\\/\\\/batijournal.com\\\/wp-content\\\/uploads\\\/2020\\\/07\\\/ccabtp-Eric-Routier.jpg\",\"contentUrl\":\"https:\\\/\\\/batijournal.com\\\/wp-content\\\/uploads\\\/2020\\\/07\\\/ccabtp-Eric-Routier.jpg\",\"width\":1200,\"height\":987},{\"@type\":\"BreadcrumbList\",\"@id\":\"https:\\\/\\\/batijournal.com\\\/index.php\\\/eric-routier-a-ete-elu-a-la-presidence-du-ccca-btp\\\/104442\\\/#breadcrumb\",\"itemListElement\":[{\"@type\":\"ListItem\",\"position\":1,\"name\":\"Accueil\",\"item\":\"https:\\\/\\\/batijournal.com\\\/\"},{\"@type\":\"ListItem\",\"position\":2,\"name\":\"Actualit\u00e9s\",\"item\":\"https:\\\/\\\/batijournal.com\\\/index.php\\\/category\\\/actualites\\\/\"},{\"@type\":\"ListItem\",\"position\":3,\"name\":\"\u00c9conomie &amp; March\u00e9s\",\"item\":\"https:\\\/\\\/batijournal.com\\\/index.php\\\/category\\\/actualites\\\/economie-marches\\\/\"},{\"@type\":\"ListItem\",\"position\":4,\"name\":\"\u00c9ric Routier a \u00e9t\u00e9 \u00e9lu \u00e0 la pr\u00e9sidence du CCCA-BTP\"}]},{\"@type\":\"WebSite\",\"@id\":\"https:\\\/\\\/batijournal.com\\\/#website\",\"url\":\"https:\\\/\\\/batijournal.com\\\/\",\"name\":\"Batijournal\",\"description\":\"L&#039;actualit\u00e9 du b\u00e2timent\",\"potentialAction\":[{\"@type\":\"SearchAction\",\"target\":{\"@type\":\"EntryPoint\",\"urlTemplate\":\"https:\\\/\\\/batijournal.com\\\/?s={search_term_string}\"},\"query-input\":{\"@type\":\"PropertyValueSpecification\",\"valueRequired\":true,\"valueName\":\"search_term_string\"}}],\"inLanguage\":\"fr-FR\"},{\"@type\":\"Person\",\"@id\":\"https:\\\/\\\/batijournal.com\\\/#\\\/schema\\\/person\\\/1dc96ec6957aa1ccb25ebe78bb19f100\",\"name\":\"St\u00e9phane Miget\",\"image\":{\"@type\":\"ImageObject\",\"inLanguage\":\"fr-FR\",\"@id\":\"https:\\\/\\\/secure.gravatar.com\\\/avatar\\\/89915563d925342126b8ef0281b93d9d7fc337043e8df017f780908eb9644451?s=96&d=mm&r=g\",\"url\":\"https:\\\/\\\/secure.gravatar.com\\\/avatar\\\/89915563d925342126b8ef0281b93d9d7fc337043e8df017f780908eb9644451?s=96&d=mm&r=g\",\"contentUrl\":\"https:\\\/\\\/secure.gravatar.com\\\/avatar\\\/89915563d925342126b8ef0281b93d9d7fc337043e8df017f780908eb9644451?s=96&d=mm&r=g\",\"caption\":\"St\u00e9phane Miget\"},\"url\":\"https:\\\/\\\/batijournal.com\\\/index.php\\\/author\\\/stephane\\\/\"}]}<\/script>\n<!-- \/ Yoast SEO plugin. -->","yoast_head_json":{"title":"\u00c9ric Routier a \u00e9t\u00e9 \u00e9lu \u00e0 la pr\u00e9sidence du CCCA-BTP","robots":{"index":"index","follow":"follow","max-snippet":"max-snippet:-1","max-image-preview":"max-image-preview:large","max-video-preview":"max-video-preview:-1"},"canonical":"https:\/\/batijournal.com\/index.php\/eric-routier-a-ete-elu-a-la-presidence-du-ccca-btp\/104442\/","og_locale":"fr_FR","og_type":"article","og_title":"\u00c9ric Routier a \u00e9t\u00e9 \u00e9lu \u00e0 la pr\u00e9sidence du CCCA-BTP","og_description":"\u00c9ric Routier (FNCB-CFDT), 62 ans, a \u00e9t\u00e9 \u00e9lu \u00e0 la pr\u00e9sidence du CCCA-BTP ,il succ\u00e8de \u00e0 Jean-Christophe Repon (CAPEB), qui pr\u00e9sidait l\u2019association \u00e0 gouvernance paritaire depuis 2016. Il a enti\u00e8rement consacr\u00e9 sa carri\u00e8re professionnelle au secteur du b\u00e2timent et des travaux publics. Apr\u00e8s une formation en menuiserie et avoir exerc\u00e9 dans plusieurs entreprises de la [&hellip;]","og_url":"https:\/\/batijournal.com\/index.php\/eric-routier-a-ete-elu-a-la-presidence-du-ccca-btp\/104442\/","og_site_name":"Batijournal","article_published_time":"2020-07-06T14:22:13+00:00","og_image":[{"width":1200,"height":987,"url":"https:\/\/batijournal.com\/wp-content\/uploads\/2020\/07\/ccabtp-Eric-Routier.jpg","type":"image\/jpeg"}],"author":"St\u00e9phane Miget","twitter_card":"summary_large_image","twitter_creator":"@bati_journal","twitter_site":"@bati_journal","twitter_misc":{"\u00c9crit par":"St\u00e9phane Miget","Dur\u00e9e de lecture estim\u00e9e":"1 minute"},"schema":{"@context":"https:\/\/schema.org","@graph":[{"@type":"Article","@id":"https:\/\/batijournal.com\/index.php\/eric-routier-a-ete-elu-a-la-presidence-du-ccca-btp\/104442\/#article","isPartOf":{"@id":"https:\/\/batijournal.com\/index.php\/eric-routier-a-ete-elu-a-la-presidence-du-ccca-btp\/104442\/"},"author":{"name":"St\u00e9phane Miget","@id":"https:\/\/batijournal.com\/#\/schema\/person\/1dc96ec6957aa1ccb25ebe78bb19f100"},"headline":"\u00c9ric Routier a \u00e9t\u00e9 \u00e9lu \u00e0 la pr\u00e9sidence du CCCA-BTP","datePublished":"2020-07-06T14:22:13+00:00","mainEntityOfPage":{"@id":"https:\/\/batijournal.com\/index.php\/eric-routier-a-ete-elu-a-la-presidence-du-ccca-btp\/104442\/"},"wordCount":274,"image":{"@id":"https:\/\/batijournal.com\/index.php\/eric-routier-a-ete-elu-a-la-presidence-du-ccca-btp\/104442\/#primaryimage"},"thumbnailUrl":"https:\/\/batijournal.com\/wp-content\/uploads\/2020\/07\/ccabtp-Eric-Routier.jpg","keywords":["CCCA-BTP","formation"],"articleSection":["Actualit\u00e9s","\u00c9conomie &amp; March\u00e9s"],"inLanguage":"fr-FR"},{"@type":"WebPage","@id":"https:\/\/batijournal.com\/index.php\/eric-routier-a-ete-elu-a-la-presidence-du-ccca-btp\/104442\/","url":"https:\/\/batijournal.com\/index.php\/eric-routier-a-ete-elu-a-la-presidence-du-ccca-btp\/104442\/","name":"\u00c9ric Routier a \u00e9t\u00e9 \u00e9lu \u00e0 la pr\u00e9sidence du CCCA-BTP","isPartOf":{"@id":"https:\/\/batijournal.com\/#website"},"primaryImageOfPage":{"@id":"https:\/\/batijournal.com\/index.php\/eric-routier-a-ete-elu-a-la-presidence-du-ccca-btp\/104442\/#primaryimage"},"image":{"@id":"https:\/\/batijournal.com\/index.php\/eric-routier-a-ete-elu-a-la-presidence-du-ccca-btp\/104442\/#primaryimage"},"thumbnailUrl":"https:\/\/batijournal.com\/wp-content\/uploads\/2020\/07\/ccabtp-Eric-Routier.jpg","datePublished":"2020-07-06T14:22:13+00:00","author":{"@id":"https:\/\/batijournal.com\/#\/schema\/person\/1dc96ec6957aa1ccb25ebe78bb19f100"},"breadcrumb":{"@id":"https:\/\/batijournal.com\/index.php\/eric-routier-a-ete-elu-a-la-presidence-du-ccca-btp\/104442\/#breadcrumb"},"inLanguage":"fr-FR","potentialAction":[{"@type":"ReadAction","target":["https:\/\/batijournal.com\/index.php\/eric-routier-a-ete-elu-a-la-presidence-du-ccca-btp\/104442\/"]}]},{"@type":"ImageObject","inLanguage":"fr-FR","@id":"https:\/\/batijournal.com\/index.php\/eric-routier-a-ete-elu-a-la-presidence-du-ccca-btp\/104442\/#primaryimage","url":"https:\/\/batijournal.com\/wp-content\/uploads\/2020\/07\/ccabtp-Eric-Routier.jpg","contentUrl":"https:\/\/batijournal.com\/wp-content\/uploads\/2020\/07\/ccabtp-Eric-Routier.jpg","width":1200,"height":987},{"@type":"BreadcrumbList","@id":"https:\/\/batijournal.com\/index.php\/eric-routier-a-ete-elu-a-la-presidence-du-ccca-btp\/104442\/#breadcrumb","itemListElement":[{"@type":"ListItem","position":1,"name":"Accueil","item":"https:\/\/batijournal.com\/"},{"@type":"ListItem","position":2,"name":"Actualit\u00e9s","item":"https:\/\/batijournal.com\/index.php\/category\/actualites\/"},{"@type":"ListItem","position":3,"name":"\u00c9conomie &amp; March\u00e9s","item":"https:\/\/batijournal.com\/index.php\/category\/actualites\/economie-marches\/"},{"@type":"ListItem","position":4,"name":"\u00c9ric Routier a \u00e9t\u00e9 \u00e9lu \u00e0 la pr\u00e9sidence du CCCA-BTP"}]},{"@type":"WebSite","@id":"https:\/\/batijournal.com\/#website","url":"https:\/\/batijournal.com\/","name":"Batijournal","description":"L&#039;actualit\u00e9 du b\u00e2timent","potentialAction":[{"@type":"SearchAction","target":{"@type":"EntryPoint","urlTemplate":"https:\/\/batijournal.com\/?s={search_term_string}"},"query-input":{"@type":"PropertyValueSpecification","valueRequired":true,"valueName":"search_term_string"}}],"inLanguage":"fr-FR"},{"@type":"Person","@id":"https:\/\/batijournal.com\/#\/schema\/person\/1dc96ec6957aa1ccb25ebe78bb19f100","name":"St\u00e9phane Miget","image":{"@type":"ImageObject","inLanguage":"fr-FR","@id":"https:\/\/secure.gravatar.com\/avatar\/89915563d925342126b8ef0281b93d9d7fc337043e8df017f780908eb9644451?s=96&d=mm&r=g","url":"https:\/\/secure.gravatar.com\/avatar\/89915563d925342126b8ef0281b93d9d7fc337043e8df017f780908eb9644451?s=96&d=mm&r=g","contentUrl":"https:\/\/secure.gravatar.com\/avatar\/89915563d925342126b8ef0281b93d9d7fc337043e8df017f780908eb9644451?s=96&d=mm&r=g","caption":"St\u00e9phane Miget"},"url":"https:\/\/batijournal.com\/index.php\/author\/stephane\/"}]}},"_links":{"self":[{"href":"https:\/\/batijournal.com\/index.php\/wp-json\/wp\/v2\/posts\/104442","targetHints":{"allow":["GET"]}}],"collection":[{"href":"https:\/\/batijournal.com\/index.php\/wp-json\/wp\/v2\/posts"}],"about":[{"href":"https:\/\/batijournal.com\/index.php\/wp-json\/wp\/v2\/types\/post"}],"author":[{"embeddable":true,"href":"https:\/\/batijournal.com\/index.php\/wp-json\/wp\/v2\/users\/17"}],"replies":[{"embeddable":true,"href":"https:\/\/batijournal.com\/index.php\/wp-json\/wp\/v2\/comments?post=104442"}],"version-history":[{"count":0,"href":"https:\/\/batijournal.com\/index.php\/wp-json\/wp\/v2\/posts\/104442\/revisions"}],"wp:featuredmedia":[{"embeddable":true,"href":"https:\/\/batijournal.com\/index.php\/wp-json\/wp\/v2\/media\/104443"}],"wp:attachment":[{"href":"https:\/\/batijournal.com\/index.php\/wp-json\/wp\/v2\/media?parent=104442"}],"wp:term":[{"taxonomy":"category","embeddable":true,"href":"https:\/\/batijournal.com\/index.php\/wp-json\/wp\/v2\/categories?post=104442"},{"taxonomy":"post_tag","embeddable":true,"href":"https:\/\/batijournal.com\/index.php\/wp-json\/wp\/v2\/tags?post=104442"}],"curies":[{"name":"wp","href":"https:\/\/api.w.org\/{rel}","templated":true}]}}