{"id":104451,"date":"2020-07-06T16:44:58","date_gmt":"2020-07-06T14:44:58","guid":{"rendered":"https:\/\/batijournal.com\/?p=104451"},"modified":"2020-07-06T16:44:58","modified_gmt":"2020-07-06T14:44:58","slug":"jean-christophe-repon-nouveau-president-de-la-capeb","status":"publish","type":"post","link":"https:\/\/batijournal.com\/index.php\/jean-christophe-repon-nouveau-president-de-la-capeb\/104451\/","title":{"rendered":"Jean-Christophe REPON, nouveau pr\u00e9sident de la CAPEB"},"content":{"rendered":"<p>Jean-Christophe REPON vient d&rsquo;\u00eatre \u00e9lu Pr\u00e9sident de la CAPEB dont il \u00e9tait le 1er Vice-pr\u00e9sident depuis 2019. Il succ\u00e8de \u00e0 Patrick Li\u00e9bus. \u00c9lu au 1er tour d\u2019un scrutin \u00e0 bulletin secret par le Conseil d\u2019administration r\u00e9uni ce matin, Jean-Christophe Repon, ma\u00eetre artisan \u00e9lectricien \u00e0 la t\u00eate d\u2019une entreprise employant deux salari\u00e9s \u00e0 Toulon dans le Var, devient donc \u00e0 53 ans le nouveau chef de file de l\u2019artisanat du b\u00e2timent et le 7\u00e8me pr\u00e9sident de la CAPEB depuis sa cr\u00e9ation en 1946. Le Conseil d\u2019administration a ensuite proc\u00e9d\u00e9 \u00e0 l\u2019\u00e9lection du nouveau Bureau conf\u00e9d\u00e9ral, compte tenu des d\u00e9parts du pr\u00e9sident, d\u2019un vice-pr\u00e9sident et du secr\u00e9taire. Il se compose des huit membres suivants, int\u00e9grant 3 nouveaux membres (Christophe Bellanger, David Morales et Francis Mathieu issus du Conseil d\u2019administration) et 3 membres changeant de poste (Corine Postel ancienne tr\u00e9sori\u00e8re, Gilles Chatras ancien secr\u00e9taire adjoint et Michel Dumon ancien tr\u00e9sorier adjoint). Le conseil d\u2019administration a \u00e9lu membre d\u2019honneur Patrick Li\u00e9bus en sa qualit\u00e9 de pr\u00e9sident de la CAPEB de 2010 \u00e0 2020.<\/p>\n","protected":false},"excerpt":{"rendered":"<p>Jean-Christophe REPON vient d&rsquo;\u00eatre \u00e9lu Pr\u00e9sident de la CAPEB dont il \u00e9tait le 1er Vice-pr\u00e9sident depuis 2019. Il succ\u00e8de \u00e0 Patrick Li\u00e9bus. \u00c9lu au 1er tour d\u2019un scrutin \u00e0 bulletin secret par le Conseil d\u2019administration r\u00e9uni ce matin, Jean-Christophe Repon, ma\u00eetre artisan \u00e9lectricien \u00e0 la t\u00eate d\u2019une entreprise employant deux salari\u00e9s \u00e0 Toulon dans le [&hellip;]<\/p>\n","protected":false},"author":17,"featured_media":104452,"comment_status":"closed","ping_status":"closed","sticky":false,"template":"","format":"standard","meta":{"_et_pb_use_builder":"","_et_pb_old_content":"","_et_gb_content_width":"","footnotes":""},"categories":[10530,6345],"tags":[647],"class_list":["post-104451","post","type-post","status-publish","format-standard","has-post-thumbnail","hentry","category-actualites","category-economie-marches","tag-capeb"],"yoast_head":"<!-- This site is optimized with the Yoast SEO plugin v27.4 - https:\/\/yoast.com\/product\/yoast-seo-wordpress\/ -->\n<title>Jean-Christophe REPON, nouveau pr\u00e9sident de la CAPEB<\/title>\n<meta name=\"robots\" content=\"index, follow, max-snippet:-1, max-image-preview:large, max-video-preview:-1\" \/>\n<link rel=\"canonical\" href=\"https:\/\/batijournal.com\/index.php\/jean-christophe-repon-nouveau-president-de-la-capeb\/104451\/\" \/>\n<meta property=\"og:locale\" content=\"fr_FR\" \/>\n<meta property=\"og:type\" content=\"article\" \/>\n<meta property=\"og:title\" content=\"Jean-Christophe REPON, nouveau pr\u00e9sident de la CAPEB\" \/>\n<meta property=\"og:description\" content=\"Jean-Christophe REPON vient d&rsquo;\u00eatre \u00e9lu Pr\u00e9sident de la CAPEB dont il \u00e9tait le 1er Vice-pr\u00e9sident depuis 2019. Il succ\u00e8de \u00e0 Patrick Li\u00e9bus. \u00c9lu au 1er tour d\u2019un scrutin \u00e0 bulletin secret par le Conseil d\u2019administration r\u00e9uni ce matin, Jean-Christophe Repon, ma\u00eetre artisan \u00e9lectricien \u00e0 la t\u00eate d\u2019une entreprise employant deux salari\u00e9s \u00e0 Toulon dans le [&hellip;]\" \/>\n<meta property=\"og:url\" content=\"https:\/\/batijournal.com\/index.php\/jean-christophe-repon-nouveau-president-de-la-capeb\/104451\/\" \/>\n<meta property=\"og:site_name\" content=\"Batijournal\" \/>\n<meta property=\"article:published_time\" content=\"2020-07-06T14:44:58+00:00\" \/>\n<meta property=\"og:image\" content=\"https:\/\/batijournal.com\/wp-content\/uploads\/2020\/07\/nouveau-bureau-2020.png\" \/>\n\t<meta property=\"og:image:width\" content=\"1140\" \/>\n\t<meta property=\"og:image:height\" content=\"1060\" \/>\n\t<meta property=\"og:image:type\" content=\"image\/png\" \/>\n<meta name=\"author\" content=\"St\u00e9phane Miget\" \/>\n<meta name=\"twitter:card\" content=\"summary_large_image\" \/>\n<meta name=\"twitter:creator\" content=\"@bati_journal\" \/>\n<meta name=\"twitter:site\" content=\"@bati_journal\" \/>\n<meta name=\"twitter:label1\" content=\"\u00c9crit par\" \/>\n\t<meta name=\"twitter:data1\" content=\"St\u00e9phane Miget\" \/>\n\t<meta name=\"twitter:label2\" content=\"Dur\u00e9e de lecture estim\u00e9e\" \/>\n\t<meta name=\"twitter:data2\" content=\"1 minute\" \/>\n<script type=\"application\/ld+json\" class=\"yoast-schema-graph\">{\"@context\":\"https:\\\/\\\/schema.org\",\"@graph\":[{\"@type\":\"Article\",\"@id\":\"https:\\\/\\\/batijournal.com\\\/index.php\\\/jean-christophe-repon-nouveau-president-de-la-capeb\\\/104451\\\/#article\",\"isPartOf\":{\"@id\":\"https:\\\/\\\/batijournal.com\\\/index.php\\\/jean-christophe-repon-nouveau-president-de-la-capeb\\\/104451\\\/\"},\"author\":{\"name\":\"St\u00e9phane Miget\",\"@id\":\"https:\\\/\\\/batijournal.com\\\/#\\\/schema\\\/person\\\/1dc96ec6957aa1ccb25ebe78bb19f100\"},\"headline\":\"Jean-Christophe REPON, nouveau pr\u00e9sident de la CAPEB\",\"datePublished\":\"2020-07-06T14:44:58+00:00\",\"mainEntityOfPage\":{\"@id\":\"https:\\\/\\\/batijournal.com\\\/index.php\\\/jean-christophe-repon-nouveau-president-de-la-capeb\\\/104451\\\/\"},\"wordCount\":199,\"image\":{\"@id\":\"https:\\\/\\\/batijournal.com\\\/index.php\\\/jean-christophe-repon-nouveau-president-de-la-capeb\\\/104451\\\/#primaryimage\"},\"thumbnailUrl\":\"https:\\\/\\\/batijournal.com\\\/wp-content\\\/uploads\\\/2020\\\/07\\\/nouveau-bureau-2020.png\",\"keywords\":[\"CAPEB\"],\"articleSection\":[\"Actualit\u00e9s\",\"\u00c9conomie &amp; March\u00e9s\"],\"inLanguage\":\"fr-FR\"},{\"@type\":\"WebPage\",\"@id\":\"https:\\\/\\\/batijournal.com\\\/index.php\\\/jean-christophe-repon-nouveau-president-de-la-capeb\\\/104451\\\/\",\"url\":\"https:\\\/\\\/batijournal.com\\\/index.php\\\/jean-christophe-repon-nouveau-president-de-la-capeb\\\/104451\\\/\",\"name\":\"Jean-Christophe REPON, nouveau pr\u00e9sident de la CAPEB\",\"isPartOf\":{\"@id\":\"https:\\\/\\\/batijournal.com\\\/#website\"},\"primaryImageOfPage\":{\"@id\":\"https:\\\/\\\/batijournal.com\\\/index.php\\\/jean-christophe-repon-nouveau-president-de-la-capeb\\\/104451\\\/#primaryimage\"},\"image\":{\"@id\":\"https:\\\/\\\/batijournal.com\\\/index.php\\\/jean-christophe-repon-nouveau-president-de-la-capeb\\\/104451\\\/#primaryimage\"},\"thumbnailUrl\":\"https:\\\/\\\/batijournal.com\\\/wp-content\\\/uploads\\\/2020\\\/07\\\/nouveau-bureau-2020.png\",\"datePublished\":\"2020-07-06T14:44:58+00:00\",\"author\":{\"@id\":\"https:\\\/\\\/batijournal.com\\\/#\\\/schema\\\/person\\\/1dc96ec6957aa1ccb25ebe78bb19f100\"},\"breadcrumb\":{\"@id\":\"https:\\\/\\\/batijournal.com\\\/index.php\\\/jean-christophe-repon-nouveau-president-de-la-capeb\\\/104451\\\/#breadcrumb\"},\"inLanguage\":\"fr-FR\",\"potentialAction\":[{\"@type\":\"ReadAction\",\"target\":[\"https:\\\/\\\/batijournal.com\\\/index.php\\\/jean-christophe-repon-nouveau-president-de-la-capeb\\\/104451\\\/\"]}]},{\"@type\":\"ImageObject\",\"inLanguage\":\"fr-FR\",\"@id\":\"https:\\\/\\\/batijournal.com\\\/index.php\\\/jean-christophe-repon-nouveau-president-de-la-capeb\\\/104451\\\/#primaryimage\",\"url\":\"https:\\\/\\\/batijournal.com\\\/wp-content\\\/uploads\\\/2020\\\/07\\\/nouveau-bureau-2020.png\",\"contentUrl\":\"https:\\\/\\\/batijournal.com\\\/wp-content\\\/uploads\\\/2020\\\/07\\\/nouveau-bureau-2020.png\",\"width\":1140,\"height\":1060},{\"@type\":\"BreadcrumbList\",\"@id\":\"https:\\\/\\\/batijournal.com\\\/index.php\\\/jean-christophe-repon-nouveau-president-de-la-capeb\\\/104451\\\/#breadcrumb\",\"itemListElement\":[{\"@type\":\"ListItem\",\"position\":1,\"name\":\"Accueil\",\"item\":\"https:\\\/\\\/batijournal.com\\\/\"},{\"@type\":\"ListItem\",\"position\":2,\"name\":\"Actualit\u00e9s\",\"item\":\"https:\\\/\\\/batijournal.com\\\/index.php\\\/category\\\/actualites\\\/\"},{\"@type\":\"ListItem\",\"position\":3,\"name\":\"\u00c9conomie &amp; March\u00e9s\",\"item\":\"https:\\\/\\\/batijournal.com\\\/index.php\\\/category\\\/actualites\\\/economie-marches\\\/\"},{\"@type\":\"ListItem\",\"position\":4,\"name\":\"Jean-Christophe REPON, nouveau pr\u00e9sident de la CAPEB\"}]},{\"@type\":\"WebSite\",\"@id\":\"https:\\\/\\\/batijournal.com\\\/#website\",\"url\":\"https:\\\/\\\/batijournal.com\\\/\",\"name\":\"Batijournal\",\"description\":\"L&#039;actualit\u00e9 du b\u00e2timent\",\"potentialAction\":[{\"@type\":\"SearchAction\",\"target\":{\"@type\":\"EntryPoint\",\"urlTemplate\":\"https:\\\/\\\/batijournal.com\\\/?s={search_term_string}\"},\"query-input\":{\"@type\":\"PropertyValueSpecification\",\"valueRequired\":true,\"valueName\":\"search_term_string\"}}],\"inLanguage\":\"fr-FR\"},{\"@type\":\"Person\",\"@id\":\"https:\\\/\\\/batijournal.com\\\/#\\\/schema\\\/person\\\/1dc96ec6957aa1ccb25ebe78bb19f100\",\"name\":\"St\u00e9phane Miget\",\"image\":{\"@type\":\"ImageObject\",\"inLanguage\":\"fr-FR\",\"@id\":\"https:\\\/\\\/secure.gravatar.com\\\/avatar\\\/89915563d925342126b8ef0281b93d9d7fc337043e8df017f780908eb9644451?s=96&d=mm&r=g\",\"url\":\"https:\\\/\\\/secure.gravatar.com\\\/avatar\\\/89915563d925342126b8ef0281b93d9d7fc337043e8df017f780908eb9644451?s=96&d=mm&r=g\",\"contentUrl\":\"https:\\\/\\\/secure.gravatar.com\\\/avatar\\\/89915563d925342126b8ef0281b93d9d7fc337043e8df017f780908eb9644451?s=96&d=mm&r=g\",\"caption\":\"St\u00e9phane Miget\"},\"url\":\"https:\\\/\\\/batijournal.com\\\/index.php\\\/author\\\/stephane\\\/\"}]}<\/script>\n<!-- \/ Yoast SEO plugin. -->","yoast_head_json":{"title":"Jean-Christophe REPON, nouveau pr\u00e9sident de la CAPEB","robots":{"index":"index","follow":"follow","max-snippet":"max-snippet:-1","max-image-preview":"max-image-preview:large","max-video-preview":"max-video-preview:-1"},"canonical":"https:\/\/batijournal.com\/index.php\/jean-christophe-repon-nouveau-president-de-la-capeb\/104451\/","og_locale":"fr_FR","og_type":"article","og_title":"Jean-Christophe REPON, nouveau pr\u00e9sident de la CAPEB","og_description":"Jean-Christophe REPON vient d&rsquo;\u00eatre \u00e9lu Pr\u00e9sident de la CAPEB dont il \u00e9tait le 1er Vice-pr\u00e9sident depuis 2019. Il succ\u00e8de \u00e0 Patrick Li\u00e9bus. \u00c9lu au 1er tour d\u2019un scrutin \u00e0 bulletin secret par le Conseil d\u2019administration r\u00e9uni ce matin, Jean-Christophe Repon, ma\u00eetre artisan \u00e9lectricien \u00e0 la t\u00eate d\u2019une entreprise employant deux salari\u00e9s \u00e0 Toulon dans le [&hellip;]","og_url":"https:\/\/batijournal.com\/index.php\/jean-christophe-repon-nouveau-president-de-la-capeb\/104451\/","og_site_name":"Batijournal","article_published_time":"2020-07-06T14:44:58+00:00","og_image":[{"width":1140,"height":1060,"url":"https:\/\/batijournal.com\/wp-content\/uploads\/2020\/07\/nouveau-bureau-2020.png","type":"image\/png"}],"author":"St\u00e9phane Miget","twitter_card":"summary_large_image","twitter_creator":"@bati_journal","twitter_site":"@bati_journal","twitter_misc":{"\u00c9crit par":"St\u00e9phane Miget","Dur\u00e9e de lecture estim\u00e9e":"1 minute"},"schema":{"@context":"https:\/\/schema.org","@graph":[{"@type":"Article","@id":"https:\/\/batijournal.com\/index.php\/jean-christophe-repon-nouveau-president-de-la-capeb\/104451\/#article","isPartOf":{"@id":"https:\/\/batijournal.com\/index.php\/jean-christophe-repon-nouveau-president-de-la-capeb\/104451\/"},"author":{"name":"St\u00e9phane Miget","@id":"https:\/\/batijournal.com\/#\/schema\/person\/1dc96ec6957aa1ccb25ebe78bb19f100"},"headline":"Jean-Christophe REPON, nouveau pr\u00e9sident de la CAPEB","datePublished":"2020-07-06T14:44:58+00:00","mainEntityOfPage":{"@id":"https:\/\/batijournal.com\/index.php\/jean-christophe-repon-nouveau-president-de-la-capeb\/104451\/"},"wordCount":199,"image":{"@id":"https:\/\/batijournal.com\/index.php\/jean-christophe-repon-nouveau-president-de-la-capeb\/104451\/#primaryimage"},"thumbnailUrl":"https:\/\/batijournal.com\/wp-content\/uploads\/2020\/07\/nouveau-bureau-2020.png","keywords":["CAPEB"],"articleSection":["Actualit\u00e9s","\u00c9conomie &amp; March\u00e9s"],"inLanguage":"fr-FR"},{"@type":"WebPage","@id":"https:\/\/batijournal.com\/index.php\/jean-christophe-repon-nouveau-president-de-la-capeb\/104451\/","url":"https:\/\/batijournal.com\/index.php\/jean-christophe-repon-nouveau-president-de-la-capeb\/104451\/","name":"Jean-Christophe REPON, nouveau pr\u00e9sident de la CAPEB","isPartOf":{"@id":"https:\/\/batijournal.com\/#website"},"primaryImageOfPage":{"@id":"https:\/\/batijournal.com\/index.php\/jean-christophe-repon-nouveau-president-de-la-capeb\/104451\/#primaryimage"},"image":{"@id":"https:\/\/batijournal.com\/index.php\/jean-christophe-repon-nouveau-president-de-la-capeb\/104451\/#primaryimage"},"thumbnailUrl":"https:\/\/batijournal.com\/wp-content\/uploads\/2020\/07\/nouveau-bureau-2020.png","datePublished":"2020-07-06T14:44:58+00:00","author":{"@id":"https:\/\/batijournal.com\/#\/schema\/person\/1dc96ec6957aa1ccb25ebe78bb19f100"},"breadcrumb":{"@id":"https:\/\/batijournal.com\/index.php\/jean-christophe-repon-nouveau-president-de-la-capeb\/104451\/#breadcrumb"},"inLanguage":"fr-FR","potentialAction":[{"@type":"ReadAction","target":["https:\/\/batijournal.com\/index.php\/jean-christophe-repon-nouveau-president-de-la-capeb\/104451\/"]}]},{"@type":"ImageObject","inLanguage":"fr-FR","@id":"https:\/\/batijournal.com\/index.php\/jean-christophe-repon-nouveau-president-de-la-capeb\/104451\/#primaryimage","url":"https:\/\/batijournal.com\/wp-content\/uploads\/2020\/07\/nouveau-bureau-2020.png","contentUrl":"https:\/\/batijournal.com\/wp-content\/uploads\/2020\/07\/nouveau-bureau-2020.png","width":1140,"height":1060},{"@type":"BreadcrumbList","@id":"https:\/\/batijournal.com\/index.php\/jean-christophe-repon-nouveau-president-de-la-capeb\/104451\/#breadcrumb","itemListElement":[{"@type":"ListItem","position":1,"name":"Accueil","item":"https:\/\/batijournal.com\/"},{"@type":"ListItem","position":2,"name":"Actualit\u00e9s","item":"https:\/\/batijournal.com\/index.php\/category\/actualites\/"},{"@type":"ListItem","position":3,"name":"\u00c9conomie &amp; March\u00e9s","item":"https:\/\/batijournal.com\/index.php\/category\/actualites\/economie-marches\/"},{"@type":"ListItem","position":4,"name":"Jean-Christophe REPON, nouveau pr\u00e9sident de la CAPEB"}]},{"@type":"WebSite","@id":"https:\/\/batijournal.com\/#website","url":"https:\/\/batijournal.com\/","name":"Batijournal","description":"L&#039;actualit\u00e9 du b\u00e2timent","potentialAction":[{"@type":"SearchAction","target":{"@type":"EntryPoint","urlTemplate":"https:\/\/batijournal.com\/?s={search_term_string}"},"query-input":{"@type":"PropertyValueSpecification","valueRequired":true,"valueName":"search_term_string"}}],"inLanguage":"fr-FR"},{"@type":"Person","@id":"https:\/\/batijournal.com\/#\/schema\/person\/1dc96ec6957aa1ccb25ebe78bb19f100","name":"St\u00e9phane Miget","image":{"@type":"ImageObject","inLanguage":"fr-FR","@id":"https:\/\/secure.gravatar.com\/avatar\/89915563d925342126b8ef0281b93d9d7fc337043e8df017f780908eb9644451?s=96&d=mm&r=g","url":"https:\/\/secure.gravatar.com\/avatar\/89915563d925342126b8ef0281b93d9d7fc337043e8df017f780908eb9644451?s=96&d=mm&r=g","contentUrl":"https:\/\/secure.gravatar.com\/avatar\/89915563d925342126b8ef0281b93d9d7fc337043e8df017f780908eb9644451?s=96&d=mm&r=g","caption":"St\u00e9phane Miget"},"url":"https:\/\/batijournal.com\/index.php\/author\/stephane\/"}]}},"_links":{"self":[{"href":"https:\/\/batijournal.com\/index.php\/wp-json\/wp\/v2\/posts\/104451","targetHints":{"allow":["GET"]}}],"collection":[{"href":"https:\/\/batijournal.com\/index.php\/wp-json\/wp\/v2\/posts"}],"about":[{"href":"https:\/\/batijournal.com\/index.php\/wp-json\/wp\/v2\/types\/post"}],"author":[{"embeddable":true,"href":"https:\/\/batijournal.com\/index.php\/wp-json\/wp\/v2\/users\/17"}],"replies":[{"embeddable":true,"href":"https:\/\/batijournal.com\/index.php\/wp-json\/wp\/v2\/comments?post=104451"}],"version-history":[{"count":0,"href":"https:\/\/batijournal.com\/index.php\/wp-json\/wp\/v2\/posts\/104451\/revisions"}],"wp:featuredmedia":[{"embeddable":true,"href":"https:\/\/batijournal.com\/index.php\/wp-json\/wp\/v2\/media\/104452"}],"wp:attachment":[{"href":"https:\/\/batijournal.com\/index.php\/wp-json\/wp\/v2\/media?parent=104451"}],"wp:term":[{"taxonomy":"category","embeddable":true,"href":"https:\/\/batijournal.com\/index.php\/wp-json\/wp\/v2\/categories?post=104451"},{"taxonomy":"post_tag","embeddable":true,"href":"https:\/\/batijournal.com\/index.php\/wp-json\/wp\/v2\/tags?post=104451"}],"curies":[{"name":"wp","href":"https:\/\/api.w.org\/{rel}","templated":true}]}}