{"id":104453,"date":"2020-07-07T08:17:48","date_gmt":"2020-07-07T06:17:48","guid":{"rendered":"https:\/\/batijournal.com\/?p=104453"},"modified":"2020-07-07T08:17:48","modified_gmt":"2020-07-07T06:17:48","slug":"600-000-emplois-mobilises-dans-la-filiere-electrique-pour-contribuer-a-la-relance-economique","status":"publish","type":"post","link":"https:\/\/batijournal.com\/index.php\/600-000-emplois-mobilises-dans-la-filiere-electrique-pour-contribuer-a-la-relance-economique\/104453\/","title":{"rendered":"600 000 emplois mobilis\u00e9s dans la fili\u00e8re \u00e9lectrique pour contribuer \u00e0 la relance \u00e9conomique"},"content":{"rendered":"<p><strong>Dans un contexte o\u00f9 l\u2019emploi est plus que jamais un enjeu dans le cadre de la relance \u00e9conomique, les f\u00e9d\u00e9rations et associations professionnelles de la fili\u00e8re \u00e9lectrique communiquent les premiers r\u00e9sultats de l\u2019Engagement de D\u00e9veloppement de l\u2019Emploi et des Comp\u00e9tences (EDEC). Men\u00e9 sous l\u2019\u00e9gide du Minist\u00e8re du Travail avec le soutien du Minist\u00e8re de la transition \u00e9cologique et solidaire, et avec l\u2019appui du cabinet PwC, ce contrat d\u2019\u00e9tude prospective au p\u00e9rim\u00e8tre in\u00e9dit a pour objectif d\u2019appr\u00e9hender de mani\u00e8re concr\u00e8te les \u00e9volutions \u00e0 venir des emplois et des comp\u00e9tences de la fili\u00e8re \u00e9lectrique.<\/strong><\/p>\n<p>Au coeur des transitions \u00e9nerg\u00e9tique et num\u00e9rique, la fili\u00e8re \u00e9lectrique sera soumise \u00e0 de fortes transformations d\u2019ici 2030 : \u00e9volution du mix \u00e9nerg\u00e9tique avec davantage de production renouvelable, d\u00e9veloppement du b\u00e2timent durable et connect\u00e9, de la mobilit\u00e9 \u00e9lectrique et de la ville intelligente. Le respect des objectifs fix\u00e9s dans le cadre de la PPE constitue un potentiel de cr\u00e9ation de plus de 200 000 emplois directs et indirects suppl\u00e9mentaires dans les territoires d\u2019ici 2030, dont 80 000 consacr\u00e9s \u00e0 la r\u00e9novation \u00e9nerg\u00e9tique des b\u00e2timents et 60 000 d\u00e9di\u00e9s aux \u00e9nergies renouvelables (\u00e9olien, solaire photovolta\u00efque et hydro\u00e9lectricit\u00e9). 600 000 emplois qualifi\u00e9s et p\u00e9rennes maillent le territoire national dont 300 000 interviennent sur le syst\u00e8me \u00e9lectrique (production, transport, distribution et fourniture d\u2019\u00e9lectricit\u00e9), 220 000 dans le b\u00e2timent, 40 000 dans l\u2019industrie et 40 000 dans les infrastructures de la ville et de la mobilit\u00e9. La fili\u00e8re \u00e9lectrique compte 30 000 entreprises de toutes tailles, r\u00e9parties sur l\u2019ensemble de la cha\u00eene de valeur, de l\u2019entreprise unipersonnelle \u00e0 la multinationale dont plus de 40% des PME-TPE,<\/p>\n<p>Ces transformations g\u00e9n\u00e8reront en outre d\u2019importantes retomb\u00e9es \u00e9conomiques r\u00e9parties sur l\u2019ensemble du territoire ou d\u2019effets induits sur l\u2019ensemble de l\u2019\u00e9conomie, qu\u2019il s\u2019agisse d\u2019activit\u00e9s li\u00e9es \u00e0 la production et l\u2019acheminement de l\u2019\u00e9lectricit\u00e9, \u00e0 la conception et la fourniture d\u2019\u00e9quipements, aux chantiers du b\u00e2timent et de travaux publics. La transition \u00e9nerg\u00e9tique s\u2019inscrit dans une dynamique de transformation des m\u00e9tiers et des comp\u00e9tences qui n\u00e9cessitera un investissement commun pour adapter l\u2019offre de formation professionnelle continue en associant les diff\u00e9rentes branches professionnelles concern\u00e9es. S\u00e9curiser des parcours professionnels dans la dur\u00e9e impliquera \u00e9galement un travail sur les passerelles de mobilit\u00e9 professionnelle, entre m\u00e9tiers du secteur de l\u2019\u00e9nergie, au niveau national et r\u00e9gional.<\/p>\n","protected":false},"excerpt":{"rendered":"<p>Dans un contexte o\u00f9 l\u2019emploi est plus que jamais un enjeu dans le cadre de la relance \u00e9conomique, les f\u00e9d\u00e9rations et associations professionnelles de la fili\u00e8re \u00e9lectrique communiquent les premiers r\u00e9sultats de l\u2019Engagement de D\u00e9veloppement de l\u2019Emploi et des Comp\u00e9tences (EDEC). Men\u00e9 sous l\u2019\u00e9gide du Minist\u00e8re du Travail avec le soutien du Minist\u00e8re de la [&hellip;]<\/p>\n","protected":false},"author":17,"featured_media":104456,"comment_status":"closed","ping_status":"closed","sticky":false,"template":"","format":"standard","meta":{"_et_pb_use_builder":"","_et_pb_old_content":"","_et_gb_content_width":"","footnotes":""},"categories":[10530,6351,10781,10778],"tags":[382,1628],"class_list":["post-104453","post","type-post","status-publish","format-standard","has-post-thumbnail","hentry","category-actualites","category-energie-environnement","category-publications-planete","category-planete","tag-electricite","tag-energies-renouvelables"],"yoast_head":"<!-- This site is optimized with the Yoast SEO plugin v27.4 - https:\/\/yoast.com\/product\/yoast-seo-wordpress\/ -->\n<title>600 000 emplois mobilis\u00e9s dans la fili\u00e8re \u00e9lectrique pour contribuer \u00e0 la relance \u00e9conomique<\/title>\n<meta name=\"robots\" content=\"index, follow, max-snippet:-1, max-image-preview:large, max-video-preview:-1\" \/>\n<link rel=\"canonical\" href=\"https:\/\/batijournal.com\/index.php\/600-000-emplois-mobilises-dans-la-filiere-electrique-pour-contribuer-a-la-relance-economique\/104453\/\" \/>\n<meta property=\"og:locale\" content=\"fr_FR\" \/>\n<meta property=\"og:type\" content=\"article\" \/>\n<meta property=\"og:title\" content=\"600 000 emplois mobilis\u00e9s dans la fili\u00e8re \u00e9lectrique pour contribuer \u00e0 la relance \u00e9conomique\" \/>\n<meta property=\"og:description\" content=\"Dans un contexte o\u00f9 l\u2019emploi est plus que jamais un enjeu dans le cadre de la relance \u00e9conomique, les f\u00e9d\u00e9rations et associations professionnelles de la fili\u00e8re \u00e9lectrique communiquent les premiers r\u00e9sultats de l\u2019Engagement de D\u00e9veloppement de l\u2019Emploi et des Comp\u00e9tences (EDEC). Men\u00e9 sous l\u2019\u00e9gide du Minist\u00e8re du Travail avec le soutien du Minist\u00e8re de la [&hellip;]\" \/>\n<meta property=\"og:url\" content=\"https:\/\/batijournal.com\/index.php\/600-000-emplois-mobilises-dans-la-filiere-electrique-pour-contribuer-a-la-relance-economique\/104453\/\" \/>\n<meta property=\"og:site_name\" content=\"Batijournal\" \/>\n<meta property=\"article:published_time\" content=\"2020-07-07T06:17:48+00:00\" \/>\n<meta property=\"og:image\" content=\"https:\/\/batijournal.com\/wp-content\/uploads\/2020\/07\/filiere-electrique-emplois.jpg\" \/>\n\t<meta property=\"og:image:width\" content=\"1024\" \/>\n\t<meta property=\"og:image:height\" content=\"512\" \/>\n\t<meta property=\"og:image:type\" content=\"image\/jpeg\" \/>\n<meta name=\"author\" content=\"St\u00e9phane Miget\" \/>\n<meta name=\"twitter:card\" content=\"summary_large_image\" \/>\n<meta name=\"twitter:creator\" content=\"@bati_journal\" \/>\n<meta name=\"twitter:site\" content=\"@bati_journal\" \/>\n<meta name=\"twitter:label1\" content=\"\u00c9crit par\" \/>\n\t<meta name=\"twitter:data1\" content=\"St\u00e9phane Miget\" \/>\n\t<meta name=\"twitter:label2\" content=\"Dur\u00e9e de lecture estim\u00e9e\" \/>\n\t<meta name=\"twitter:data2\" content=\"2 minutes\" \/>\n<script type=\"application\/ld+json\" class=\"yoast-schema-graph\">{\"@context\":\"https:\\\/\\\/schema.org\",\"@graph\":[{\"@type\":\"Article\",\"@id\":\"https:\\\/\\\/batijournal.com\\\/index.php\\\/600-000-emplois-mobilises-dans-la-filiere-electrique-pour-contribuer-a-la-relance-economique\\\/104453\\\/#article\",\"isPartOf\":{\"@id\":\"https:\\\/\\\/batijournal.com\\\/index.php\\\/600-000-emplois-mobilises-dans-la-filiere-electrique-pour-contribuer-a-la-relance-economique\\\/104453\\\/\"},\"author\":{\"name\":\"St\u00e9phane Miget\",\"@id\":\"https:\\\/\\\/batijournal.com\\\/#\\\/schema\\\/person\\\/1dc96ec6957aa1ccb25ebe78bb19f100\"},\"headline\":\"600 000 emplois mobilis\u00e9s dans la fili\u00e8re \u00e9lectrique pour contribuer \u00e0 la relance \u00e9conomique\",\"datePublished\":\"2020-07-07T06:17:48+00:00\",\"mainEntityOfPage\":{\"@id\":\"https:\\\/\\\/batijournal.com\\\/index.php\\\/600-000-emplois-mobilises-dans-la-filiere-electrique-pour-contribuer-a-la-relance-economique\\\/104453\\\/\"},\"wordCount\":440,\"image\":{\"@id\":\"https:\\\/\\\/batijournal.com\\\/index.php\\\/600-000-emplois-mobilises-dans-la-filiere-electrique-pour-contribuer-a-la-relance-economique\\\/104453\\\/#primaryimage\"},\"thumbnailUrl\":\"https:\\\/\\\/batijournal.com\\\/wp-content\\\/uploads\\\/2020\\\/07\\\/filiere-electrique-emplois.jpg\",\"keywords\":[\"\u00e9lectricit\u00e9\",\"\u00e9nergies renouvelables\"],\"articleSection\":[\"Actualit\u00e9s\",\"\u00c9nergie &amp; Environnement\",\"zz_Actualit\u00e9s - Plan\u00e8te\",\"zz_Plan\u00e8te B\u00e2timent\"],\"inLanguage\":\"fr-FR\"},{\"@type\":\"WebPage\",\"@id\":\"https:\\\/\\\/batijournal.com\\\/index.php\\\/600-000-emplois-mobilises-dans-la-filiere-electrique-pour-contribuer-a-la-relance-economique\\\/104453\\\/\",\"url\":\"https:\\\/\\\/batijournal.com\\\/index.php\\\/600-000-emplois-mobilises-dans-la-filiere-electrique-pour-contribuer-a-la-relance-economique\\\/104453\\\/\",\"name\":\"600 000 emplois mobilis\u00e9s dans la fili\u00e8re \u00e9lectrique pour contribuer \u00e0 la relance \u00e9conomique\",\"isPartOf\":{\"@id\":\"https:\\\/\\\/batijournal.com\\\/#website\"},\"primaryImageOfPage\":{\"@id\":\"https:\\\/\\\/batijournal.com\\\/index.php\\\/600-000-emplois-mobilises-dans-la-filiere-electrique-pour-contribuer-a-la-relance-economique\\\/104453\\\/#primaryimage\"},\"image\":{\"@id\":\"https:\\\/\\\/batijournal.com\\\/index.php\\\/600-000-emplois-mobilises-dans-la-filiere-electrique-pour-contribuer-a-la-relance-economique\\\/104453\\\/#primaryimage\"},\"thumbnailUrl\":\"https:\\\/\\\/batijournal.com\\\/wp-content\\\/uploads\\\/2020\\\/07\\\/filiere-electrique-emplois.jpg\",\"datePublished\":\"2020-07-07T06:17:48+00:00\",\"author\":{\"@id\":\"https:\\\/\\\/batijournal.com\\\/#\\\/schema\\\/person\\\/1dc96ec6957aa1ccb25ebe78bb19f100\"},\"breadcrumb\":{\"@id\":\"https:\\\/\\\/batijournal.com\\\/index.php\\\/600-000-emplois-mobilises-dans-la-filiere-electrique-pour-contribuer-a-la-relance-economique\\\/104453\\\/#breadcrumb\"},\"inLanguage\":\"fr-FR\",\"potentialAction\":[{\"@type\":\"ReadAction\",\"target\":[\"https:\\\/\\\/batijournal.com\\\/index.php\\\/600-000-emplois-mobilises-dans-la-filiere-electrique-pour-contribuer-a-la-relance-economique\\\/104453\\\/\"]}]},{\"@type\":\"ImageObject\",\"inLanguage\":\"fr-FR\",\"@id\":\"https:\\\/\\\/batijournal.com\\\/index.php\\\/600-000-emplois-mobilises-dans-la-filiere-electrique-pour-contribuer-a-la-relance-economique\\\/104453\\\/#primaryimage\",\"url\":\"https:\\\/\\\/batijournal.com\\\/wp-content\\\/uploads\\\/2020\\\/07\\\/filiere-electrique-emplois.jpg\",\"contentUrl\":\"https:\\\/\\\/batijournal.com\\\/wp-content\\\/uploads\\\/2020\\\/07\\\/filiere-electrique-emplois.jpg\",\"width\":1024,\"height\":512},{\"@type\":\"BreadcrumbList\",\"@id\":\"https:\\\/\\\/batijournal.com\\\/index.php\\\/600-000-emplois-mobilises-dans-la-filiere-electrique-pour-contribuer-a-la-relance-economique\\\/104453\\\/#breadcrumb\",\"itemListElement\":[{\"@type\":\"ListItem\",\"position\":1,\"name\":\"Accueil\",\"item\":\"https:\\\/\\\/batijournal.com\\\/\"},{\"@type\":\"ListItem\",\"position\":2,\"name\":\"Actualit\u00e9s\",\"item\":\"https:\\\/\\\/batijournal.com\\\/index.php\\\/category\\\/actualites\\\/\"},{\"@type\":\"ListItem\",\"position\":3,\"name\":\"\u00c9nergie &amp; Environnement\",\"item\":\"https:\\\/\\\/batijournal.com\\\/index.php\\\/category\\\/actualites\\\/energie-environnement\\\/\"},{\"@type\":\"ListItem\",\"position\":4,\"name\":\"600 000 emplois mobilis\u00e9s dans la fili\u00e8re \u00e9lectrique pour contribuer \u00e0 la relance \u00e9conomique\"}]},{\"@type\":\"WebSite\",\"@id\":\"https:\\\/\\\/batijournal.com\\\/#website\",\"url\":\"https:\\\/\\\/batijournal.com\\\/\",\"name\":\"Batijournal\",\"description\":\"L&#039;actualit\u00e9 du b\u00e2timent\",\"potentialAction\":[{\"@type\":\"SearchAction\",\"target\":{\"@type\":\"EntryPoint\",\"urlTemplate\":\"https:\\\/\\\/batijournal.com\\\/?s={search_term_string}\"},\"query-input\":{\"@type\":\"PropertyValueSpecification\",\"valueRequired\":true,\"valueName\":\"search_term_string\"}}],\"inLanguage\":\"fr-FR\"},{\"@type\":\"Person\",\"@id\":\"https:\\\/\\\/batijournal.com\\\/#\\\/schema\\\/person\\\/1dc96ec6957aa1ccb25ebe78bb19f100\",\"name\":\"St\u00e9phane Miget\",\"image\":{\"@type\":\"ImageObject\",\"inLanguage\":\"fr-FR\",\"@id\":\"https:\\\/\\\/secure.gravatar.com\\\/avatar\\\/89915563d925342126b8ef0281b93d9d7fc337043e8df017f780908eb9644451?s=96&d=mm&r=g\",\"url\":\"https:\\\/\\\/secure.gravatar.com\\\/avatar\\\/89915563d925342126b8ef0281b93d9d7fc337043e8df017f780908eb9644451?s=96&d=mm&r=g\",\"contentUrl\":\"https:\\\/\\\/secure.gravatar.com\\\/avatar\\\/89915563d925342126b8ef0281b93d9d7fc337043e8df017f780908eb9644451?s=96&d=mm&r=g\",\"caption\":\"St\u00e9phane Miget\"},\"url\":\"https:\\\/\\\/batijournal.com\\\/index.php\\\/author\\\/stephane\\\/\"}]}<\/script>\n<!-- \/ Yoast SEO plugin. -->","yoast_head_json":{"title":"600 000 emplois mobilis\u00e9s dans la fili\u00e8re \u00e9lectrique pour contribuer \u00e0 la relance \u00e9conomique","robots":{"index":"index","follow":"follow","max-snippet":"max-snippet:-1","max-image-preview":"max-image-preview:large","max-video-preview":"max-video-preview:-1"},"canonical":"https:\/\/batijournal.com\/index.php\/600-000-emplois-mobilises-dans-la-filiere-electrique-pour-contribuer-a-la-relance-economique\/104453\/","og_locale":"fr_FR","og_type":"article","og_title":"600 000 emplois mobilis\u00e9s dans la fili\u00e8re \u00e9lectrique pour contribuer \u00e0 la relance \u00e9conomique","og_description":"Dans un contexte o\u00f9 l\u2019emploi est plus que jamais un enjeu dans le cadre de la relance \u00e9conomique, les f\u00e9d\u00e9rations et associations professionnelles de la fili\u00e8re \u00e9lectrique communiquent les premiers r\u00e9sultats de l\u2019Engagement de D\u00e9veloppement de l\u2019Emploi et des Comp\u00e9tences (EDEC). Men\u00e9 sous l\u2019\u00e9gide du Minist\u00e8re du Travail avec le soutien du Minist\u00e8re de la [&hellip;]","og_url":"https:\/\/batijournal.com\/index.php\/600-000-emplois-mobilises-dans-la-filiere-electrique-pour-contribuer-a-la-relance-economique\/104453\/","og_site_name":"Batijournal","article_published_time":"2020-07-07T06:17:48+00:00","og_image":[{"width":1024,"height":512,"url":"https:\/\/batijournal.com\/wp-content\/uploads\/2020\/07\/filiere-electrique-emplois.jpg","type":"image\/jpeg"}],"author":"St\u00e9phane Miget","twitter_card":"summary_large_image","twitter_creator":"@bati_journal","twitter_site":"@bati_journal","twitter_misc":{"\u00c9crit par":"St\u00e9phane Miget","Dur\u00e9e de lecture estim\u00e9e":"2 minutes"},"schema":{"@context":"https:\/\/schema.org","@graph":[{"@type":"Article","@id":"https:\/\/batijournal.com\/index.php\/600-000-emplois-mobilises-dans-la-filiere-electrique-pour-contribuer-a-la-relance-economique\/104453\/#article","isPartOf":{"@id":"https:\/\/batijournal.com\/index.php\/600-000-emplois-mobilises-dans-la-filiere-electrique-pour-contribuer-a-la-relance-economique\/104453\/"},"author":{"name":"St\u00e9phane Miget","@id":"https:\/\/batijournal.com\/#\/schema\/person\/1dc96ec6957aa1ccb25ebe78bb19f100"},"headline":"600 000 emplois mobilis\u00e9s dans la fili\u00e8re \u00e9lectrique pour contribuer \u00e0 la relance \u00e9conomique","datePublished":"2020-07-07T06:17:48+00:00","mainEntityOfPage":{"@id":"https:\/\/batijournal.com\/index.php\/600-000-emplois-mobilises-dans-la-filiere-electrique-pour-contribuer-a-la-relance-economique\/104453\/"},"wordCount":440,"image":{"@id":"https:\/\/batijournal.com\/index.php\/600-000-emplois-mobilises-dans-la-filiere-electrique-pour-contribuer-a-la-relance-economique\/104453\/#primaryimage"},"thumbnailUrl":"https:\/\/batijournal.com\/wp-content\/uploads\/2020\/07\/filiere-electrique-emplois.jpg","keywords":["\u00e9lectricit\u00e9","\u00e9nergies renouvelables"],"articleSection":["Actualit\u00e9s","\u00c9nergie &amp; Environnement","zz_Actualit\u00e9s - Plan\u00e8te","zz_Plan\u00e8te B\u00e2timent"],"inLanguage":"fr-FR"},{"@type":"WebPage","@id":"https:\/\/batijournal.com\/index.php\/600-000-emplois-mobilises-dans-la-filiere-electrique-pour-contribuer-a-la-relance-economique\/104453\/","url":"https:\/\/batijournal.com\/index.php\/600-000-emplois-mobilises-dans-la-filiere-electrique-pour-contribuer-a-la-relance-economique\/104453\/","name":"600 000 emplois mobilis\u00e9s dans la fili\u00e8re \u00e9lectrique pour contribuer \u00e0 la relance \u00e9conomique","isPartOf":{"@id":"https:\/\/batijournal.com\/#website"},"primaryImageOfPage":{"@id":"https:\/\/batijournal.com\/index.php\/600-000-emplois-mobilises-dans-la-filiere-electrique-pour-contribuer-a-la-relance-economique\/104453\/#primaryimage"},"image":{"@id":"https:\/\/batijournal.com\/index.php\/600-000-emplois-mobilises-dans-la-filiere-electrique-pour-contribuer-a-la-relance-economique\/104453\/#primaryimage"},"thumbnailUrl":"https:\/\/batijournal.com\/wp-content\/uploads\/2020\/07\/filiere-electrique-emplois.jpg","datePublished":"2020-07-07T06:17:48+00:00","author":{"@id":"https:\/\/batijournal.com\/#\/schema\/person\/1dc96ec6957aa1ccb25ebe78bb19f100"},"breadcrumb":{"@id":"https:\/\/batijournal.com\/index.php\/600-000-emplois-mobilises-dans-la-filiere-electrique-pour-contribuer-a-la-relance-economique\/104453\/#breadcrumb"},"inLanguage":"fr-FR","potentialAction":[{"@type":"ReadAction","target":["https:\/\/batijournal.com\/index.php\/600-000-emplois-mobilises-dans-la-filiere-electrique-pour-contribuer-a-la-relance-economique\/104453\/"]}]},{"@type":"ImageObject","inLanguage":"fr-FR","@id":"https:\/\/batijournal.com\/index.php\/600-000-emplois-mobilises-dans-la-filiere-electrique-pour-contribuer-a-la-relance-economique\/104453\/#primaryimage","url":"https:\/\/batijournal.com\/wp-content\/uploads\/2020\/07\/filiere-electrique-emplois.jpg","contentUrl":"https:\/\/batijournal.com\/wp-content\/uploads\/2020\/07\/filiere-electrique-emplois.jpg","width":1024,"height":512},{"@type":"BreadcrumbList","@id":"https:\/\/batijournal.com\/index.php\/600-000-emplois-mobilises-dans-la-filiere-electrique-pour-contribuer-a-la-relance-economique\/104453\/#breadcrumb","itemListElement":[{"@type":"ListItem","position":1,"name":"Accueil","item":"https:\/\/batijournal.com\/"},{"@type":"ListItem","position":2,"name":"Actualit\u00e9s","item":"https:\/\/batijournal.com\/index.php\/category\/actualites\/"},{"@type":"ListItem","position":3,"name":"\u00c9nergie &amp; Environnement","item":"https:\/\/batijournal.com\/index.php\/category\/actualites\/energie-environnement\/"},{"@type":"ListItem","position":4,"name":"600 000 emplois mobilis\u00e9s dans la fili\u00e8re \u00e9lectrique pour contribuer \u00e0 la relance \u00e9conomique"}]},{"@type":"WebSite","@id":"https:\/\/batijournal.com\/#website","url":"https:\/\/batijournal.com\/","name":"Batijournal","description":"L&#039;actualit\u00e9 du b\u00e2timent","potentialAction":[{"@type":"SearchAction","target":{"@type":"EntryPoint","urlTemplate":"https:\/\/batijournal.com\/?s={search_term_string}"},"query-input":{"@type":"PropertyValueSpecification","valueRequired":true,"valueName":"search_term_string"}}],"inLanguage":"fr-FR"},{"@type":"Person","@id":"https:\/\/batijournal.com\/#\/schema\/person\/1dc96ec6957aa1ccb25ebe78bb19f100","name":"St\u00e9phane Miget","image":{"@type":"ImageObject","inLanguage":"fr-FR","@id":"https:\/\/secure.gravatar.com\/avatar\/89915563d925342126b8ef0281b93d9d7fc337043e8df017f780908eb9644451?s=96&d=mm&r=g","url":"https:\/\/secure.gravatar.com\/avatar\/89915563d925342126b8ef0281b93d9d7fc337043e8df017f780908eb9644451?s=96&d=mm&r=g","contentUrl":"https:\/\/secure.gravatar.com\/avatar\/89915563d925342126b8ef0281b93d9d7fc337043e8df017f780908eb9644451?s=96&d=mm&r=g","caption":"St\u00e9phane Miget"},"url":"https:\/\/batijournal.com\/index.php\/author\/stephane\/"}]}},"_links":{"self":[{"href":"https:\/\/batijournal.com\/index.php\/wp-json\/wp\/v2\/posts\/104453","targetHints":{"allow":["GET"]}}],"collection":[{"href":"https:\/\/batijournal.com\/index.php\/wp-json\/wp\/v2\/posts"}],"about":[{"href":"https:\/\/batijournal.com\/index.php\/wp-json\/wp\/v2\/types\/post"}],"author":[{"embeddable":true,"href":"https:\/\/batijournal.com\/index.php\/wp-json\/wp\/v2\/users\/17"}],"replies":[{"embeddable":true,"href":"https:\/\/batijournal.com\/index.php\/wp-json\/wp\/v2\/comments?post=104453"}],"version-history":[{"count":0,"href":"https:\/\/batijournal.com\/index.php\/wp-json\/wp\/v2\/posts\/104453\/revisions"}],"wp:featuredmedia":[{"embeddable":true,"href":"https:\/\/batijournal.com\/index.php\/wp-json\/wp\/v2\/media\/104456"}],"wp:attachment":[{"href":"https:\/\/batijournal.com\/index.php\/wp-json\/wp\/v2\/media?parent=104453"}],"wp:term":[{"taxonomy":"category","embeddable":true,"href":"https:\/\/batijournal.com\/index.php\/wp-json\/wp\/v2\/categories?post=104453"},{"taxonomy":"post_tag","embeddable":true,"href":"https:\/\/batijournal.com\/index.php\/wp-json\/wp\/v2\/tags?post=104453"}],"curies":[{"name":"wp","href":"https:\/\/api.w.org\/{rel}","templated":true}]}}