{"id":104457,"date":"2020-07-07T08:18:58","date_gmt":"2020-07-07T06:18:58","guid":{"rendered":"https:\/\/batijournal.com\/?p=104457"},"modified":"2020-07-07T08:18:58","modified_gmt":"2020-07-07T06:18:58","slug":"agriculture-urbaine-comment-amenager-une-toiture-terrasse","status":"publish","type":"post","link":"https:\/\/batijournal.com\/index.php\/agriculture-urbaine-comment-amenager-une-toiture-terrasse\/104457\/","title":{"rendered":"Agriculture urbaine : comment am\u00e9nager une toiture-terrasse"},"content":{"rendered":"<p>Les exploitations agricoles en ville sont \u00e0 la crois\u00e9e des pr\u00e9occupations environnementales et des aspirations soci\u00e9tales des citadins. R\u00e9pondre aux besoins de v\u00e9g\u00e9talisation des espaces urbains implique de valoriser les toits, r\u00e9serve fonci\u00e8re sous-exploit\u00e9e. Fanny Provent (AgroParisTech) et Paola Mugnier (Urbalia) ont rassembl\u00e9 les meilleures pratiques pour accompagner les acteurs et d\u00e9cideurs de la ville dans l\u2019installation de potagers en toiture-terrasse, dont elles ont rassembl\u00e9 les meilleures pratiques. R\u00e9tention des eaux pluviales, entretien de la biodiversit\u00e9, valorisation des d\u00e9chets, isolation thermique\u2026 Les potagers en toiture contribuent, \u00e0 l\u2019\u00e9chelle d\u2019un immeuble, au mouvement de v\u00e9g\u00e9talisation des villes. Sources de production alimentaire distribu\u00e9e en circuits courts, ils sont par ailleurs vecteurs de lien social et de p\u00e9dagogie, \u00e0 la mani\u00e8re des jardins partag\u00e9s. Ce guide technique op\u00e9rationnel correspond bien \u00e0 l\u2019\u00e9tat d\u2019esprit des d\u00e9fenseurs d\u2019une approche \u00e9cologique de la vie quotidienne. Illustr\u00e9 de tr\u00e8s nombreuses photos et d\u2019infographies, cet ouvrage pr\u00e9sente en outre des exemples de r\u00e9alisations dans plusieurs villes fran\u00e7aises.<\/p>\n","protected":false},"excerpt":{"rendered":"<p>Les exploitations agricoles en ville sont \u00e0 la crois\u00e9e des pr\u00e9occupations environnementales et des aspirations soci\u00e9tales des citadins. R\u00e9pondre aux besoins de v\u00e9g\u00e9talisation des espaces urbains implique de valoriser les toits, r\u00e9serve fonci\u00e8re sous-exploit\u00e9e. Fanny Provent (AgroParisTech) et Paola Mugnier (Urbalia) ont rassembl\u00e9 les meilleures pratiques pour accompagner les acteurs et d\u00e9cideurs de la ville [&hellip;]<\/p>\n","protected":false},"author":17,"featured_media":104455,"comment_status":"closed","ping_status":"closed","sticky":false,"template":"","format":"standard","meta":{"_et_pb_use_builder":"","_et_pb_old_content":"","_et_gb_content_width":"","footnotes":""},"categories":[10530,6351,10771,10775,10781,10778],"tags":[5545],"class_list":["post-104457","post","type-post","status-publish","format-standard","has-post-thumbnail","hentry","category-actualites","category-energie-environnement","category-5facades","category-actualites-5facades","category-publications-planete","category-planete","tag-toiture-terrasse"],"yoast_head":"<!-- This site is optimized with the Yoast SEO plugin v27.4 - https:\/\/yoast.com\/product\/yoast-seo-wordpress\/ -->\n<title>Agriculture urbaine : comment am\u00e9nager une toiture-terrasse<\/title>\n<meta name=\"robots\" content=\"index, follow, max-snippet:-1, max-image-preview:large, max-video-preview:-1\" \/>\n<link rel=\"canonical\" href=\"https:\/\/batijournal.com\/index.php\/agriculture-urbaine-comment-amenager-une-toiture-terrasse\/104457\/\" \/>\n<meta property=\"og:locale\" content=\"fr_FR\" \/>\n<meta property=\"og:type\" content=\"article\" \/>\n<meta property=\"og:title\" content=\"Agriculture urbaine : comment am\u00e9nager une toiture-terrasse\" \/>\n<meta property=\"og:description\" content=\"Les exploitations agricoles en ville sont \u00e0 la crois\u00e9e des pr\u00e9occupations environnementales et des aspirations soci\u00e9tales des citadins. R\u00e9pondre aux besoins de v\u00e9g\u00e9talisation des espaces urbains implique de valoriser les toits, r\u00e9serve fonci\u00e8re sous-exploit\u00e9e. Fanny Provent (AgroParisTech) et Paola Mugnier (Urbalia) ont rassembl\u00e9 les meilleures pratiques pour accompagner les acteurs et d\u00e9cideurs de la ville [&hellip;]\" \/>\n<meta property=\"og:url\" content=\"https:\/\/batijournal.com\/index.php\/agriculture-urbaine-comment-amenager-une-toiture-terrasse\/104457\/\" \/>\n<meta property=\"og:site_name\" content=\"Batijournal\" \/>\n<meta property=\"article:published_time\" content=\"2020-07-07T06:18:58+00:00\" \/>\n<meta property=\"og:image\" content=\"https:\/\/batijournal.com\/wp-content\/uploads\/2020\/07\/livre-toiture-terrasse-agriculture-urbaine.jpg\" \/>\n\t<meta property=\"og:image:width\" content=\"238\" \/>\n\t<meta property=\"og:image:height\" content=\"335\" \/>\n\t<meta property=\"og:image:type\" content=\"image\/jpeg\" \/>\n<meta name=\"author\" content=\"St\u00e9phane Miget\" \/>\n<meta name=\"twitter:card\" content=\"summary_large_image\" \/>\n<meta name=\"twitter:creator\" content=\"@bati_journal\" \/>\n<meta name=\"twitter:site\" content=\"@bati_journal\" \/>\n<meta name=\"twitter:label1\" content=\"\u00c9crit par\" \/>\n\t<meta name=\"twitter:data1\" content=\"St\u00e9phane Miget\" \/>\n\t<meta name=\"twitter:label2\" content=\"Dur\u00e9e de lecture estim\u00e9e\" \/>\n\t<meta name=\"twitter:data2\" content=\"1 minute\" \/>\n<script type=\"application\/ld+json\" class=\"yoast-schema-graph\">{\"@context\":\"https:\\\/\\\/schema.org\",\"@graph\":[{\"@type\":\"Article\",\"@id\":\"https:\\\/\\\/batijournal.com\\\/index.php\\\/agriculture-urbaine-comment-amenager-une-toiture-terrasse\\\/104457\\\/#article\",\"isPartOf\":{\"@id\":\"https:\\\/\\\/batijournal.com\\\/index.php\\\/agriculture-urbaine-comment-amenager-une-toiture-terrasse\\\/104457\\\/\"},\"author\":{\"name\":\"St\u00e9phane Miget\",\"@id\":\"https:\\\/\\\/batijournal.com\\\/#\\\/schema\\\/person\\\/1dc96ec6957aa1ccb25ebe78bb19f100\"},\"headline\":\"Agriculture urbaine : comment am\u00e9nager une toiture-terrasse\",\"datePublished\":\"2020-07-07T06:18:58+00:00\",\"mainEntityOfPage\":{\"@id\":\"https:\\\/\\\/batijournal.com\\\/index.php\\\/agriculture-urbaine-comment-amenager-une-toiture-terrasse\\\/104457\\\/\"},\"wordCount\":193,\"image\":{\"@id\":\"https:\\\/\\\/batijournal.com\\\/index.php\\\/agriculture-urbaine-comment-amenager-une-toiture-terrasse\\\/104457\\\/#primaryimage\"},\"thumbnailUrl\":\"https:\\\/\\\/batijournal.com\\\/wp-content\\\/uploads\\\/2020\\\/07\\\/livre-toiture-terrasse-agriculture-urbaine.jpg\",\"keywords\":[\"toiture-terrasse\"],\"articleSection\":[\"Actualit\u00e9s\",\"\u00c9nergie &amp; Environnement\",\"zz_5fa\u00e7ades\",\"zz_Actualit\u00e9s - 5fa\u00e7ades\",\"zz_Actualit\u00e9s - Plan\u00e8te\",\"zz_Plan\u00e8te B\u00e2timent\"],\"inLanguage\":\"fr-FR\"},{\"@type\":\"WebPage\",\"@id\":\"https:\\\/\\\/batijournal.com\\\/index.php\\\/agriculture-urbaine-comment-amenager-une-toiture-terrasse\\\/104457\\\/\",\"url\":\"https:\\\/\\\/batijournal.com\\\/index.php\\\/agriculture-urbaine-comment-amenager-une-toiture-terrasse\\\/104457\\\/\",\"name\":\"Agriculture urbaine : comment am\u00e9nager une toiture-terrasse\",\"isPartOf\":{\"@id\":\"https:\\\/\\\/batijournal.com\\\/#website\"},\"primaryImageOfPage\":{\"@id\":\"https:\\\/\\\/batijournal.com\\\/index.php\\\/agriculture-urbaine-comment-amenager-une-toiture-terrasse\\\/104457\\\/#primaryimage\"},\"image\":{\"@id\":\"https:\\\/\\\/batijournal.com\\\/index.php\\\/agriculture-urbaine-comment-amenager-une-toiture-terrasse\\\/104457\\\/#primaryimage\"},\"thumbnailUrl\":\"https:\\\/\\\/batijournal.com\\\/wp-content\\\/uploads\\\/2020\\\/07\\\/livre-toiture-terrasse-agriculture-urbaine.jpg\",\"datePublished\":\"2020-07-07T06:18:58+00:00\",\"author\":{\"@id\":\"https:\\\/\\\/batijournal.com\\\/#\\\/schema\\\/person\\\/1dc96ec6957aa1ccb25ebe78bb19f100\"},\"breadcrumb\":{\"@id\":\"https:\\\/\\\/batijournal.com\\\/index.php\\\/agriculture-urbaine-comment-amenager-une-toiture-terrasse\\\/104457\\\/#breadcrumb\"},\"inLanguage\":\"fr-FR\",\"potentialAction\":[{\"@type\":\"ReadAction\",\"target\":[\"https:\\\/\\\/batijournal.com\\\/index.php\\\/agriculture-urbaine-comment-amenager-une-toiture-terrasse\\\/104457\\\/\"]}]},{\"@type\":\"ImageObject\",\"inLanguage\":\"fr-FR\",\"@id\":\"https:\\\/\\\/batijournal.com\\\/index.php\\\/agriculture-urbaine-comment-amenager-une-toiture-terrasse\\\/104457\\\/#primaryimage\",\"url\":\"https:\\\/\\\/batijournal.com\\\/wp-content\\\/uploads\\\/2020\\\/07\\\/livre-toiture-terrasse-agriculture-urbaine.jpg\",\"contentUrl\":\"https:\\\/\\\/batijournal.com\\\/wp-content\\\/uploads\\\/2020\\\/07\\\/livre-toiture-terrasse-agriculture-urbaine.jpg\",\"width\":238,\"height\":335},{\"@type\":\"BreadcrumbList\",\"@id\":\"https:\\\/\\\/batijournal.com\\\/index.php\\\/agriculture-urbaine-comment-amenager-une-toiture-terrasse\\\/104457\\\/#breadcrumb\",\"itemListElement\":[{\"@type\":\"ListItem\",\"position\":1,\"name\":\"Accueil\",\"item\":\"https:\\\/\\\/batijournal.com\\\/\"},{\"@type\":\"ListItem\",\"position\":2,\"name\":\"Actualit\u00e9s\",\"item\":\"https:\\\/\\\/batijournal.com\\\/index.php\\\/category\\\/actualites\\\/\"},{\"@type\":\"ListItem\",\"position\":3,\"name\":\"\u00c9nergie &amp; Environnement\",\"item\":\"https:\\\/\\\/batijournal.com\\\/index.php\\\/category\\\/actualites\\\/energie-environnement\\\/\"},{\"@type\":\"ListItem\",\"position\":4,\"name\":\"Agriculture urbaine : comment am\u00e9nager une toiture-terrasse\"}]},{\"@type\":\"WebSite\",\"@id\":\"https:\\\/\\\/batijournal.com\\\/#website\",\"url\":\"https:\\\/\\\/batijournal.com\\\/\",\"name\":\"Batijournal\",\"description\":\"L&#039;actualit\u00e9 du b\u00e2timent\",\"potentialAction\":[{\"@type\":\"SearchAction\",\"target\":{\"@type\":\"EntryPoint\",\"urlTemplate\":\"https:\\\/\\\/batijournal.com\\\/?s={search_term_string}\"},\"query-input\":{\"@type\":\"PropertyValueSpecification\",\"valueRequired\":true,\"valueName\":\"search_term_string\"}}],\"inLanguage\":\"fr-FR\"},{\"@type\":\"Person\",\"@id\":\"https:\\\/\\\/batijournal.com\\\/#\\\/schema\\\/person\\\/1dc96ec6957aa1ccb25ebe78bb19f100\",\"name\":\"St\u00e9phane Miget\",\"image\":{\"@type\":\"ImageObject\",\"inLanguage\":\"fr-FR\",\"@id\":\"https:\\\/\\\/secure.gravatar.com\\\/avatar\\\/89915563d925342126b8ef0281b93d9d7fc337043e8df017f780908eb9644451?s=96&d=mm&r=g\",\"url\":\"https:\\\/\\\/secure.gravatar.com\\\/avatar\\\/89915563d925342126b8ef0281b93d9d7fc337043e8df017f780908eb9644451?s=96&d=mm&r=g\",\"contentUrl\":\"https:\\\/\\\/secure.gravatar.com\\\/avatar\\\/89915563d925342126b8ef0281b93d9d7fc337043e8df017f780908eb9644451?s=96&d=mm&r=g\",\"caption\":\"St\u00e9phane Miget\"},\"url\":\"https:\\\/\\\/batijournal.com\\\/index.php\\\/author\\\/stephane\\\/\"}]}<\/script>\n<!-- \/ Yoast SEO plugin. -->","yoast_head_json":{"title":"Agriculture urbaine : comment am\u00e9nager une toiture-terrasse","robots":{"index":"index","follow":"follow","max-snippet":"max-snippet:-1","max-image-preview":"max-image-preview:large","max-video-preview":"max-video-preview:-1"},"canonical":"https:\/\/batijournal.com\/index.php\/agriculture-urbaine-comment-amenager-une-toiture-terrasse\/104457\/","og_locale":"fr_FR","og_type":"article","og_title":"Agriculture urbaine : comment am\u00e9nager une toiture-terrasse","og_description":"Les exploitations agricoles en ville sont \u00e0 la crois\u00e9e des pr\u00e9occupations environnementales et des aspirations soci\u00e9tales des citadins. R\u00e9pondre aux besoins de v\u00e9g\u00e9talisation des espaces urbains implique de valoriser les toits, r\u00e9serve fonci\u00e8re sous-exploit\u00e9e. Fanny Provent (AgroParisTech) et Paola Mugnier (Urbalia) ont rassembl\u00e9 les meilleures pratiques pour accompagner les acteurs et d\u00e9cideurs de la ville [&hellip;]","og_url":"https:\/\/batijournal.com\/index.php\/agriculture-urbaine-comment-amenager-une-toiture-terrasse\/104457\/","og_site_name":"Batijournal","article_published_time":"2020-07-07T06:18:58+00:00","og_image":[{"width":238,"height":335,"url":"https:\/\/batijournal.com\/wp-content\/uploads\/2020\/07\/livre-toiture-terrasse-agriculture-urbaine.jpg","type":"image\/jpeg"}],"author":"St\u00e9phane Miget","twitter_card":"summary_large_image","twitter_creator":"@bati_journal","twitter_site":"@bati_journal","twitter_misc":{"\u00c9crit par":"St\u00e9phane Miget","Dur\u00e9e de lecture estim\u00e9e":"1 minute"},"schema":{"@context":"https:\/\/schema.org","@graph":[{"@type":"Article","@id":"https:\/\/batijournal.com\/index.php\/agriculture-urbaine-comment-amenager-une-toiture-terrasse\/104457\/#article","isPartOf":{"@id":"https:\/\/batijournal.com\/index.php\/agriculture-urbaine-comment-amenager-une-toiture-terrasse\/104457\/"},"author":{"name":"St\u00e9phane Miget","@id":"https:\/\/batijournal.com\/#\/schema\/person\/1dc96ec6957aa1ccb25ebe78bb19f100"},"headline":"Agriculture urbaine : comment am\u00e9nager une toiture-terrasse","datePublished":"2020-07-07T06:18:58+00:00","mainEntityOfPage":{"@id":"https:\/\/batijournal.com\/index.php\/agriculture-urbaine-comment-amenager-une-toiture-terrasse\/104457\/"},"wordCount":193,"image":{"@id":"https:\/\/batijournal.com\/index.php\/agriculture-urbaine-comment-amenager-une-toiture-terrasse\/104457\/#primaryimage"},"thumbnailUrl":"https:\/\/batijournal.com\/wp-content\/uploads\/2020\/07\/livre-toiture-terrasse-agriculture-urbaine.jpg","keywords":["toiture-terrasse"],"articleSection":["Actualit\u00e9s","\u00c9nergie &amp; Environnement","zz_5fa\u00e7ades","zz_Actualit\u00e9s - 5fa\u00e7ades","zz_Actualit\u00e9s - Plan\u00e8te","zz_Plan\u00e8te B\u00e2timent"],"inLanguage":"fr-FR"},{"@type":"WebPage","@id":"https:\/\/batijournal.com\/index.php\/agriculture-urbaine-comment-amenager-une-toiture-terrasse\/104457\/","url":"https:\/\/batijournal.com\/index.php\/agriculture-urbaine-comment-amenager-une-toiture-terrasse\/104457\/","name":"Agriculture urbaine : comment am\u00e9nager une toiture-terrasse","isPartOf":{"@id":"https:\/\/batijournal.com\/#website"},"primaryImageOfPage":{"@id":"https:\/\/batijournal.com\/index.php\/agriculture-urbaine-comment-amenager-une-toiture-terrasse\/104457\/#primaryimage"},"image":{"@id":"https:\/\/batijournal.com\/index.php\/agriculture-urbaine-comment-amenager-une-toiture-terrasse\/104457\/#primaryimage"},"thumbnailUrl":"https:\/\/batijournal.com\/wp-content\/uploads\/2020\/07\/livre-toiture-terrasse-agriculture-urbaine.jpg","datePublished":"2020-07-07T06:18:58+00:00","author":{"@id":"https:\/\/batijournal.com\/#\/schema\/person\/1dc96ec6957aa1ccb25ebe78bb19f100"},"breadcrumb":{"@id":"https:\/\/batijournal.com\/index.php\/agriculture-urbaine-comment-amenager-une-toiture-terrasse\/104457\/#breadcrumb"},"inLanguage":"fr-FR","potentialAction":[{"@type":"ReadAction","target":["https:\/\/batijournal.com\/index.php\/agriculture-urbaine-comment-amenager-une-toiture-terrasse\/104457\/"]}]},{"@type":"ImageObject","inLanguage":"fr-FR","@id":"https:\/\/batijournal.com\/index.php\/agriculture-urbaine-comment-amenager-une-toiture-terrasse\/104457\/#primaryimage","url":"https:\/\/batijournal.com\/wp-content\/uploads\/2020\/07\/livre-toiture-terrasse-agriculture-urbaine.jpg","contentUrl":"https:\/\/batijournal.com\/wp-content\/uploads\/2020\/07\/livre-toiture-terrasse-agriculture-urbaine.jpg","width":238,"height":335},{"@type":"BreadcrumbList","@id":"https:\/\/batijournal.com\/index.php\/agriculture-urbaine-comment-amenager-une-toiture-terrasse\/104457\/#breadcrumb","itemListElement":[{"@type":"ListItem","position":1,"name":"Accueil","item":"https:\/\/batijournal.com\/"},{"@type":"ListItem","position":2,"name":"Actualit\u00e9s","item":"https:\/\/batijournal.com\/index.php\/category\/actualites\/"},{"@type":"ListItem","position":3,"name":"\u00c9nergie &amp; Environnement","item":"https:\/\/batijournal.com\/index.php\/category\/actualites\/energie-environnement\/"},{"@type":"ListItem","position":4,"name":"Agriculture urbaine : comment am\u00e9nager une toiture-terrasse"}]},{"@type":"WebSite","@id":"https:\/\/batijournal.com\/#website","url":"https:\/\/batijournal.com\/","name":"Batijournal","description":"L&#039;actualit\u00e9 du b\u00e2timent","potentialAction":[{"@type":"SearchAction","target":{"@type":"EntryPoint","urlTemplate":"https:\/\/batijournal.com\/?s={search_term_string}"},"query-input":{"@type":"PropertyValueSpecification","valueRequired":true,"valueName":"search_term_string"}}],"inLanguage":"fr-FR"},{"@type":"Person","@id":"https:\/\/batijournal.com\/#\/schema\/person\/1dc96ec6957aa1ccb25ebe78bb19f100","name":"St\u00e9phane Miget","image":{"@type":"ImageObject","inLanguage":"fr-FR","@id":"https:\/\/secure.gravatar.com\/avatar\/89915563d925342126b8ef0281b93d9d7fc337043e8df017f780908eb9644451?s=96&d=mm&r=g","url":"https:\/\/secure.gravatar.com\/avatar\/89915563d925342126b8ef0281b93d9d7fc337043e8df017f780908eb9644451?s=96&d=mm&r=g","contentUrl":"https:\/\/secure.gravatar.com\/avatar\/89915563d925342126b8ef0281b93d9d7fc337043e8df017f780908eb9644451?s=96&d=mm&r=g","caption":"St\u00e9phane Miget"},"url":"https:\/\/batijournal.com\/index.php\/author\/stephane\/"}]}},"_links":{"self":[{"href":"https:\/\/batijournal.com\/index.php\/wp-json\/wp\/v2\/posts\/104457","targetHints":{"allow":["GET"]}}],"collection":[{"href":"https:\/\/batijournal.com\/index.php\/wp-json\/wp\/v2\/posts"}],"about":[{"href":"https:\/\/batijournal.com\/index.php\/wp-json\/wp\/v2\/types\/post"}],"author":[{"embeddable":true,"href":"https:\/\/batijournal.com\/index.php\/wp-json\/wp\/v2\/users\/17"}],"replies":[{"embeddable":true,"href":"https:\/\/batijournal.com\/index.php\/wp-json\/wp\/v2\/comments?post=104457"}],"version-history":[{"count":0,"href":"https:\/\/batijournal.com\/index.php\/wp-json\/wp\/v2\/posts\/104457\/revisions"}],"wp:featuredmedia":[{"embeddable":true,"href":"https:\/\/batijournal.com\/index.php\/wp-json\/wp\/v2\/media\/104455"}],"wp:attachment":[{"href":"https:\/\/batijournal.com\/index.php\/wp-json\/wp\/v2\/media?parent=104457"}],"wp:term":[{"taxonomy":"category","embeddable":true,"href":"https:\/\/batijournal.com\/index.php\/wp-json\/wp\/v2\/categories?post=104457"},{"taxonomy":"post_tag","embeddable":true,"href":"https:\/\/batijournal.com\/index.php\/wp-json\/wp\/v2\/tags?post=104457"}],"curies":[{"name":"wp","href":"https:\/\/api.w.org\/{rel}","templated":true}]}}