{"id":104460,"date":"2020-07-08T15:26:45","date_gmt":"2020-07-08T13:26:45","guid":{"rendered":"https:\/\/batijournal.com\/?p=104460"},"modified":"2020-07-08T15:26:45","modified_gmt":"2020-07-08T13:26:45","slug":"une-partie-de-la-charpente-de-notre-dame-de-paris-reconstituee-en-une-semaine","status":"publish","type":"post","link":"https:\/\/batijournal.com\/index.php\/une-partie-de-la-charpente-de-notre-dame-de-paris-reconstituee-en-une-semaine\/104460\/","title":{"rendered":"Une partie de la charpente de Notre-Dame de Paris reconstitu\u00e9e en une semaine"},"content":{"rendered":"<p>Du 1er au 7 juillet, vingt-quatre \u00ab\u00a0Charpentiers sans Fronti\u00e8res\u00a0\u00bb ont construit \u00e0 l\u2019identique une ferme de la charpente de Notre-Dame de Paris en utilisant les m\u00e9thodes du XIII\u00b0 si\u00e8cle dans le parc du ch\u00e2teau de Mesnil Geoffroy (76). Compos\u00e9 de b\u00e9n\u00e9voles professionnels exp\u00e9riment\u00e9s, le collectif m\u00e8ne avec passion ce projet scientifique destin\u00e9 \u00e0 illustrer et documenter la mani\u00e8re dont les b\u00fbcherons et les charpentiers de l\u2019\u00e9poque ont b\u00e2ti la cath\u00e9drale Notre-Dame de Paris. Ils souhaitent transmettre un savoir-faire vieux de plusieurs si\u00e8cles et d\u00e9montrer qu\u2019il est possible de fabriquer l\u2019une des vingt- cinq fermes de la charpente de la cath\u00e9drale en une semaine. Ce chantier a lieu alors que la Commission nationale du patrimoine et de l\u2019architecture se prononcera le 9 juillet 2020 sur la restauration de la cath\u00e9drale, ravag\u00e9e par l\u2019incendie du 19 avril 2019. Afin de mener \u00e0 bien cette exp\u00e9rience, des propri\u00e9taires priv\u00e9s et l\u2019ONF ont fourni neuf ch\u00eanes de petit diam\u00e8tre (35-45cm) et du petit bois. S\u00e9lectionn\u00e9es d\u00e8s cet hiver. Les grumes r\u00e9cemment coup\u00e9es ont \u00e9t\u00e9 achemin\u00e9es avec le soutien de France Bois For\u00eat, depuis la for\u00eat domaniale de Senonches jusqu\u2019au parc du ch\u00e2teau de Mesnil Geoffroy, en Seine-Maritime.<\/p>\n","protected":false},"excerpt":{"rendered":"<p>Du 1er au 7 juillet, vingt-quatre \u00ab\u00a0Charpentiers sans Fronti\u00e8res\u00a0\u00bb ont construit \u00e0 l\u2019identique une ferme de la charpente de Notre-Dame de Paris en utilisant les m\u00e9thodes du XIII\u00b0 si\u00e8cle dans le parc du ch\u00e2teau de Mesnil Geoffroy (76). Compos\u00e9 de b\u00e9n\u00e9voles professionnels exp\u00e9riment\u00e9s, le collectif m\u00e8ne avec passion ce projet scientifique destin\u00e9 \u00e0 illustrer et [&hellip;]<\/p>\n","protected":false},"author":17,"featured_media":104461,"comment_status":"closed","ping_status":"closed","sticky":false,"template":"","format":"standard","meta":{"_et_pb_use_builder":"","_et_pb_old_content":"","_et_gb_content_width":"","footnotes":""},"categories":[10530,6340,10789,10785],"tags":[109,6842],"class_list":["post-104460","post","type-post","status-publish","format-standard","has-post-thumbnail","hentry","category-actualites","category-architecture-conception","category-publications-atrium","category-atrium","tag-charpente","tag-notre-dame-de-paris"],"yoast_head":"<!-- This site is optimized with the Yoast SEO plugin v27.4 - https:\/\/yoast.com\/product\/yoast-seo-wordpress\/ -->\n<title>Une partie de la charpente de Notre-Dame de Paris reconstitu\u00e9e en une semaine<\/title>\n<meta name=\"robots\" content=\"index, follow, max-snippet:-1, max-image-preview:large, max-video-preview:-1\" \/>\n<link rel=\"canonical\" href=\"https:\/\/batijournal.com\/index.php\/une-partie-de-la-charpente-de-notre-dame-de-paris-reconstituee-en-une-semaine\/104460\/\" \/>\n<meta property=\"og:locale\" content=\"fr_FR\" \/>\n<meta property=\"og:type\" content=\"article\" \/>\n<meta property=\"og:title\" content=\"Une partie de la charpente de Notre-Dame de Paris reconstitu\u00e9e en une semaine\" \/>\n<meta property=\"og:description\" content=\"Du 1er au 7 juillet, vingt-quatre \u00ab\u00a0Charpentiers sans Fronti\u00e8res\u00a0\u00bb ont construit \u00e0 l\u2019identique une ferme de la charpente de Notre-Dame de Paris en utilisant les m\u00e9thodes du XIII\u00b0 si\u00e8cle dans le parc du ch\u00e2teau de Mesnil Geoffroy (76). Compos\u00e9 de b\u00e9n\u00e9voles professionnels exp\u00e9riment\u00e9s, le collectif m\u00e8ne avec passion ce projet scientifique destin\u00e9 \u00e0 illustrer et [&hellip;]\" \/>\n<meta property=\"og:url\" content=\"https:\/\/batijournal.com\/index.php\/une-partie-de-la-charpente-de-notre-dame-de-paris-reconstituee-en-une-semaine\/104460\/\" \/>\n<meta property=\"og:site_name\" content=\"Batijournal\" \/>\n<meta property=\"article:published_time\" content=\"2020-07-08T13:26:45+00:00\" \/>\n<meta property=\"og:image\" content=\"https:\/\/batijournal.com\/wp-content\/uploads\/2020\/07\/charpente-notre-dame-de-paris.png\" \/>\n\t<meta property=\"og:image:width\" content=\"527\" \/>\n\t<meta property=\"og:image:height\" content=\"394\" \/>\n\t<meta property=\"og:image:type\" content=\"image\/png\" \/>\n<meta name=\"author\" content=\"St\u00e9phane Miget\" \/>\n<meta name=\"twitter:card\" content=\"summary_large_image\" \/>\n<meta name=\"twitter:creator\" content=\"@bati_journal\" \/>\n<meta name=\"twitter:site\" content=\"@bati_journal\" \/>\n<meta name=\"twitter:label1\" content=\"\u00c9crit par\" \/>\n\t<meta name=\"twitter:data1\" content=\"St\u00e9phane Miget\" \/>\n\t<meta name=\"twitter:label2\" content=\"Dur\u00e9e de lecture estim\u00e9e\" \/>\n\t<meta name=\"twitter:data2\" content=\"1 minute\" \/>\n<script type=\"application\/ld+json\" class=\"yoast-schema-graph\">{\"@context\":\"https:\\\/\\\/schema.org\",\"@graph\":[{\"@type\":\"Article\",\"@id\":\"https:\\\/\\\/batijournal.com\\\/index.php\\\/une-partie-de-la-charpente-de-notre-dame-de-paris-reconstituee-en-une-semaine\\\/104460\\\/#article\",\"isPartOf\":{\"@id\":\"https:\\\/\\\/batijournal.com\\\/index.php\\\/une-partie-de-la-charpente-de-notre-dame-de-paris-reconstituee-en-une-semaine\\\/104460\\\/\"},\"author\":{\"name\":\"St\u00e9phane Miget\",\"@id\":\"https:\\\/\\\/batijournal.com\\\/#\\\/schema\\\/person\\\/1dc96ec6957aa1ccb25ebe78bb19f100\"},\"headline\":\"Une partie de la charpente de Notre-Dame de Paris reconstitu\u00e9e en une semaine\",\"datePublished\":\"2020-07-08T13:26:45+00:00\",\"mainEntityOfPage\":{\"@id\":\"https:\\\/\\\/batijournal.com\\\/index.php\\\/une-partie-de-la-charpente-de-notre-dame-de-paris-reconstituee-en-une-semaine\\\/104460\\\/\"},\"wordCount\":239,\"image\":{\"@id\":\"https:\\\/\\\/batijournal.com\\\/index.php\\\/une-partie-de-la-charpente-de-notre-dame-de-paris-reconstituee-en-une-semaine\\\/104460\\\/#primaryimage\"},\"thumbnailUrl\":\"https:\\\/\\\/batijournal.com\\\/wp-content\\\/uploads\\\/2020\\\/07\\\/charpente-notre-dame-de-paris.png\",\"keywords\":[\"charpente\",\"notre dame de paris\"],\"articleSection\":[\"Actualit\u00e9s\",\"Architecture &amp; Conception\",\"zz_Actualit\u00e9s - Atrium\",\"zz_Atrium Patrimoine\"],\"inLanguage\":\"fr-FR\"},{\"@type\":\"WebPage\",\"@id\":\"https:\\\/\\\/batijournal.com\\\/index.php\\\/une-partie-de-la-charpente-de-notre-dame-de-paris-reconstituee-en-une-semaine\\\/104460\\\/\",\"url\":\"https:\\\/\\\/batijournal.com\\\/index.php\\\/une-partie-de-la-charpente-de-notre-dame-de-paris-reconstituee-en-une-semaine\\\/104460\\\/\",\"name\":\"Une partie de la charpente de Notre-Dame de Paris reconstitu\u00e9e en une semaine\",\"isPartOf\":{\"@id\":\"https:\\\/\\\/batijournal.com\\\/#website\"},\"primaryImageOfPage\":{\"@id\":\"https:\\\/\\\/batijournal.com\\\/index.php\\\/une-partie-de-la-charpente-de-notre-dame-de-paris-reconstituee-en-une-semaine\\\/104460\\\/#primaryimage\"},\"image\":{\"@id\":\"https:\\\/\\\/batijournal.com\\\/index.php\\\/une-partie-de-la-charpente-de-notre-dame-de-paris-reconstituee-en-une-semaine\\\/104460\\\/#primaryimage\"},\"thumbnailUrl\":\"https:\\\/\\\/batijournal.com\\\/wp-content\\\/uploads\\\/2020\\\/07\\\/charpente-notre-dame-de-paris.png\",\"datePublished\":\"2020-07-08T13:26:45+00:00\",\"author\":{\"@id\":\"https:\\\/\\\/batijournal.com\\\/#\\\/schema\\\/person\\\/1dc96ec6957aa1ccb25ebe78bb19f100\"},\"breadcrumb\":{\"@id\":\"https:\\\/\\\/batijournal.com\\\/index.php\\\/une-partie-de-la-charpente-de-notre-dame-de-paris-reconstituee-en-une-semaine\\\/104460\\\/#breadcrumb\"},\"inLanguage\":\"fr-FR\",\"potentialAction\":[{\"@type\":\"ReadAction\",\"target\":[\"https:\\\/\\\/batijournal.com\\\/index.php\\\/une-partie-de-la-charpente-de-notre-dame-de-paris-reconstituee-en-une-semaine\\\/104460\\\/\"]}]},{\"@type\":\"ImageObject\",\"inLanguage\":\"fr-FR\",\"@id\":\"https:\\\/\\\/batijournal.com\\\/index.php\\\/une-partie-de-la-charpente-de-notre-dame-de-paris-reconstituee-en-une-semaine\\\/104460\\\/#primaryimage\",\"url\":\"https:\\\/\\\/batijournal.com\\\/wp-content\\\/uploads\\\/2020\\\/07\\\/charpente-notre-dame-de-paris.png\",\"contentUrl\":\"https:\\\/\\\/batijournal.com\\\/wp-content\\\/uploads\\\/2020\\\/07\\\/charpente-notre-dame-de-paris.png\",\"width\":527,\"height\":394},{\"@type\":\"BreadcrumbList\",\"@id\":\"https:\\\/\\\/batijournal.com\\\/index.php\\\/une-partie-de-la-charpente-de-notre-dame-de-paris-reconstituee-en-une-semaine\\\/104460\\\/#breadcrumb\",\"itemListElement\":[{\"@type\":\"ListItem\",\"position\":1,\"name\":\"Accueil\",\"item\":\"https:\\\/\\\/batijournal.com\\\/\"},{\"@type\":\"ListItem\",\"position\":2,\"name\":\"Actualit\u00e9s\",\"item\":\"https:\\\/\\\/batijournal.com\\\/index.php\\\/category\\\/actualites\\\/\"},{\"@type\":\"ListItem\",\"position\":3,\"name\":\"Architecture &amp; Conception\",\"item\":\"https:\\\/\\\/batijournal.com\\\/index.php\\\/category\\\/actualites\\\/architecture-conception\\\/\"},{\"@type\":\"ListItem\",\"position\":4,\"name\":\"Une partie de la charpente de Notre-Dame de Paris reconstitu\u00e9e en une semaine\"}]},{\"@type\":\"WebSite\",\"@id\":\"https:\\\/\\\/batijournal.com\\\/#website\",\"url\":\"https:\\\/\\\/batijournal.com\\\/\",\"name\":\"Batijournal\",\"description\":\"L&#039;actualit\u00e9 du b\u00e2timent\",\"potentialAction\":[{\"@type\":\"SearchAction\",\"target\":{\"@type\":\"EntryPoint\",\"urlTemplate\":\"https:\\\/\\\/batijournal.com\\\/?s={search_term_string}\"},\"query-input\":{\"@type\":\"PropertyValueSpecification\",\"valueRequired\":true,\"valueName\":\"search_term_string\"}}],\"inLanguage\":\"fr-FR\"},{\"@type\":\"Person\",\"@id\":\"https:\\\/\\\/batijournal.com\\\/#\\\/schema\\\/person\\\/1dc96ec6957aa1ccb25ebe78bb19f100\",\"name\":\"St\u00e9phane Miget\",\"image\":{\"@type\":\"ImageObject\",\"inLanguage\":\"fr-FR\",\"@id\":\"https:\\\/\\\/secure.gravatar.com\\\/avatar\\\/89915563d925342126b8ef0281b93d9d7fc337043e8df017f780908eb9644451?s=96&d=mm&r=g\",\"url\":\"https:\\\/\\\/secure.gravatar.com\\\/avatar\\\/89915563d925342126b8ef0281b93d9d7fc337043e8df017f780908eb9644451?s=96&d=mm&r=g\",\"contentUrl\":\"https:\\\/\\\/secure.gravatar.com\\\/avatar\\\/89915563d925342126b8ef0281b93d9d7fc337043e8df017f780908eb9644451?s=96&d=mm&r=g\",\"caption\":\"St\u00e9phane Miget\"},\"url\":\"https:\\\/\\\/batijournal.com\\\/index.php\\\/author\\\/stephane\\\/\"}]}<\/script>\n<!-- \/ Yoast SEO plugin. -->","yoast_head_json":{"title":"Une partie de la charpente de Notre-Dame de Paris reconstitu\u00e9e en une semaine","robots":{"index":"index","follow":"follow","max-snippet":"max-snippet:-1","max-image-preview":"max-image-preview:large","max-video-preview":"max-video-preview:-1"},"canonical":"https:\/\/batijournal.com\/index.php\/une-partie-de-la-charpente-de-notre-dame-de-paris-reconstituee-en-une-semaine\/104460\/","og_locale":"fr_FR","og_type":"article","og_title":"Une partie de la charpente de Notre-Dame de Paris reconstitu\u00e9e en une semaine","og_description":"Du 1er au 7 juillet, vingt-quatre \u00ab\u00a0Charpentiers sans Fronti\u00e8res\u00a0\u00bb ont construit \u00e0 l\u2019identique une ferme de la charpente de Notre-Dame de Paris en utilisant les m\u00e9thodes du XIII\u00b0 si\u00e8cle dans le parc du ch\u00e2teau de Mesnil Geoffroy (76). Compos\u00e9 de b\u00e9n\u00e9voles professionnels exp\u00e9riment\u00e9s, le collectif m\u00e8ne avec passion ce projet scientifique destin\u00e9 \u00e0 illustrer et [&hellip;]","og_url":"https:\/\/batijournal.com\/index.php\/une-partie-de-la-charpente-de-notre-dame-de-paris-reconstituee-en-une-semaine\/104460\/","og_site_name":"Batijournal","article_published_time":"2020-07-08T13:26:45+00:00","og_image":[{"width":527,"height":394,"url":"https:\/\/batijournal.com\/wp-content\/uploads\/2020\/07\/charpente-notre-dame-de-paris.png","type":"image\/png"}],"author":"St\u00e9phane Miget","twitter_card":"summary_large_image","twitter_creator":"@bati_journal","twitter_site":"@bati_journal","twitter_misc":{"\u00c9crit par":"St\u00e9phane Miget","Dur\u00e9e de lecture estim\u00e9e":"1 minute"},"schema":{"@context":"https:\/\/schema.org","@graph":[{"@type":"Article","@id":"https:\/\/batijournal.com\/index.php\/une-partie-de-la-charpente-de-notre-dame-de-paris-reconstituee-en-une-semaine\/104460\/#article","isPartOf":{"@id":"https:\/\/batijournal.com\/index.php\/une-partie-de-la-charpente-de-notre-dame-de-paris-reconstituee-en-une-semaine\/104460\/"},"author":{"name":"St\u00e9phane Miget","@id":"https:\/\/batijournal.com\/#\/schema\/person\/1dc96ec6957aa1ccb25ebe78bb19f100"},"headline":"Une partie de la charpente de Notre-Dame de Paris reconstitu\u00e9e en une semaine","datePublished":"2020-07-08T13:26:45+00:00","mainEntityOfPage":{"@id":"https:\/\/batijournal.com\/index.php\/une-partie-de-la-charpente-de-notre-dame-de-paris-reconstituee-en-une-semaine\/104460\/"},"wordCount":239,"image":{"@id":"https:\/\/batijournal.com\/index.php\/une-partie-de-la-charpente-de-notre-dame-de-paris-reconstituee-en-une-semaine\/104460\/#primaryimage"},"thumbnailUrl":"https:\/\/batijournal.com\/wp-content\/uploads\/2020\/07\/charpente-notre-dame-de-paris.png","keywords":["charpente","notre dame de paris"],"articleSection":["Actualit\u00e9s","Architecture &amp; Conception","zz_Actualit\u00e9s - Atrium","zz_Atrium Patrimoine"],"inLanguage":"fr-FR"},{"@type":"WebPage","@id":"https:\/\/batijournal.com\/index.php\/une-partie-de-la-charpente-de-notre-dame-de-paris-reconstituee-en-une-semaine\/104460\/","url":"https:\/\/batijournal.com\/index.php\/une-partie-de-la-charpente-de-notre-dame-de-paris-reconstituee-en-une-semaine\/104460\/","name":"Une partie de la charpente de Notre-Dame de Paris reconstitu\u00e9e en une semaine","isPartOf":{"@id":"https:\/\/batijournal.com\/#website"},"primaryImageOfPage":{"@id":"https:\/\/batijournal.com\/index.php\/une-partie-de-la-charpente-de-notre-dame-de-paris-reconstituee-en-une-semaine\/104460\/#primaryimage"},"image":{"@id":"https:\/\/batijournal.com\/index.php\/une-partie-de-la-charpente-de-notre-dame-de-paris-reconstituee-en-une-semaine\/104460\/#primaryimage"},"thumbnailUrl":"https:\/\/batijournal.com\/wp-content\/uploads\/2020\/07\/charpente-notre-dame-de-paris.png","datePublished":"2020-07-08T13:26:45+00:00","author":{"@id":"https:\/\/batijournal.com\/#\/schema\/person\/1dc96ec6957aa1ccb25ebe78bb19f100"},"breadcrumb":{"@id":"https:\/\/batijournal.com\/index.php\/une-partie-de-la-charpente-de-notre-dame-de-paris-reconstituee-en-une-semaine\/104460\/#breadcrumb"},"inLanguage":"fr-FR","potentialAction":[{"@type":"ReadAction","target":["https:\/\/batijournal.com\/index.php\/une-partie-de-la-charpente-de-notre-dame-de-paris-reconstituee-en-une-semaine\/104460\/"]}]},{"@type":"ImageObject","inLanguage":"fr-FR","@id":"https:\/\/batijournal.com\/index.php\/une-partie-de-la-charpente-de-notre-dame-de-paris-reconstituee-en-une-semaine\/104460\/#primaryimage","url":"https:\/\/batijournal.com\/wp-content\/uploads\/2020\/07\/charpente-notre-dame-de-paris.png","contentUrl":"https:\/\/batijournal.com\/wp-content\/uploads\/2020\/07\/charpente-notre-dame-de-paris.png","width":527,"height":394},{"@type":"BreadcrumbList","@id":"https:\/\/batijournal.com\/index.php\/une-partie-de-la-charpente-de-notre-dame-de-paris-reconstituee-en-une-semaine\/104460\/#breadcrumb","itemListElement":[{"@type":"ListItem","position":1,"name":"Accueil","item":"https:\/\/batijournal.com\/"},{"@type":"ListItem","position":2,"name":"Actualit\u00e9s","item":"https:\/\/batijournal.com\/index.php\/category\/actualites\/"},{"@type":"ListItem","position":3,"name":"Architecture &amp; Conception","item":"https:\/\/batijournal.com\/index.php\/category\/actualites\/architecture-conception\/"},{"@type":"ListItem","position":4,"name":"Une partie de la charpente de Notre-Dame de Paris reconstitu\u00e9e en une semaine"}]},{"@type":"WebSite","@id":"https:\/\/batijournal.com\/#website","url":"https:\/\/batijournal.com\/","name":"Batijournal","description":"L&#039;actualit\u00e9 du b\u00e2timent","potentialAction":[{"@type":"SearchAction","target":{"@type":"EntryPoint","urlTemplate":"https:\/\/batijournal.com\/?s={search_term_string}"},"query-input":{"@type":"PropertyValueSpecification","valueRequired":true,"valueName":"search_term_string"}}],"inLanguage":"fr-FR"},{"@type":"Person","@id":"https:\/\/batijournal.com\/#\/schema\/person\/1dc96ec6957aa1ccb25ebe78bb19f100","name":"St\u00e9phane Miget","image":{"@type":"ImageObject","inLanguage":"fr-FR","@id":"https:\/\/secure.gravatar.com\/avatar\/89915563d925342126b8ef0281b93d9d7fc337043e8df017f780908eb9644451?s=96&d=mm&r=g","url":"https:\/\/secure.gravatar.com\/avatar\/89915563d925342126b8ef0281b93d9d7fc337043e8df017f780908eb9644451?s=96&d=mm&r=g","contentUrl":"https:\/\/secure.gravatar.com\/avatar\/89915563d925342126b8ef0281b93d9d7fc337043e8df017f780908eb9644451?s=96&d=mm&r=g","caption":"St\u00e9phane Miget"},"url":"https:\/\/batijournal.com\/index.php\/author\/stephane\/"}]}},"_links":{"self":[{"href":"https:\/\/batijournal.com\/index.php\/wp-json\/wp\/v2\/posts\/104460","targetHints":{"allow":["GET"]}}],"collection":[{"href":"https:\/\/batijournal.com\/index.php\/wp-json\/wp\/v2\/posts"}],"about":[{"href":"https:\/\/batijournal.com\/index.php\/wp-json\/wp\/v2\/types\/post"}],"author":[{"embeddable":true,"href":"https:\/\/batijournal.com\/index.php\/wp-json\/wp\/v2\/users\/17"}],"replies":[{"embeddable":true,"href":"https:\/\/batijournal.com\/index.php\/wp-json\/wp\/v2\/comments?post=104460"}],"version-history":[{"count":0,"href":"https:\/\/batijournal.com\/index.php\/wp-json\/wp\/v2\/posts\/104460\/revisions"}],"wp:featuredmedia":[{"embeddable":true,"href":"https:\/\/batijournal.com\/index.php\/wp-json\/wp\/v2\/media\/104461"}],"wp:attachment":[{"href":"https:\/\/batijournal.com\/index.php\/wp-json\/wp\/v2\/media?parent=104460"}],"wp:term":[{"taxonomy":"category","embeddable":true,"href":"https:\/\/batijournal.com\/index.php\/wp-json\/wp\/v2\/categories?post=104460"},{"taxonomy":"post_tag","embeddable":true,"href":"https:\/\/batijournal.com\/index.php\/wp-json\/wp\/v2\/tags?post=104460"}],"curies":[{"name":"wp","href":"https:\/\/api.w.org\/{rel}","templated":true}]}}