{"id":104483,"date":"2020-07-13T08:32:08","date_gmt":"2020-07-13T06:32:08","guid":{"rendered":"https:\/\/batijournal.com\/?p=104483"},"modified":"2020-07-13T08:32:08","modified_gmt":"2020-07-13T06:32:08","slug":"la-dynamique-du-ccca-btp-en-faveur-de-la-mobilite-europeenne","status":"publish","type":"post","link":"https:\/\/batijournal.com\/index.php\/la-dynamique-du-ccca-btp-en-faveur-de-la-mobilite-europeenne\/104483\/","title":{"rendered":"La dynamique du CCCA-BTP en faveur de la mobilit\u00e9 europ\u00e9enne"},"content":{"rendered":"<p>Le CCCA-BTP a, cette ann\u00e9e encore, \u00e9t\u00e9 s\u00e9lectionn\u00e9 dans le cadre du programme Erasmus+ de l\u2019Union europ\u00e9enne, pour son projet BTP Mobilit\u00e9+. Le consortium pilot\u00e9 par le CCCA-BTP, qui associe 42 centres de formation aux m\u00e9tiers du BTP, permet de financer les stages professionnels \u00e0 l\u2019\u00e9tranger de 720 b\u00e9n\u00e9ficiaires sur deux ans, gr\u00e2ce \u00e0 une subvention de 800\u00a0000 \u20ac.<\/p>\n<p>La plupart des apprentis (82 % en 2019) participant \u00e0 une action de mobilit\u00e9 europ\u00e9enne pr\u00e9parent, jusqu\u2019\u00e0 pr\u00e9sent, un brevet professionnel \u00e0 composante europ\u00e9enne. Celui-ci, in\u00e9dit en France, fait partie int\u00e9grante du parcours de formation des apprentis qui en b\u00e9n\u00e9ficient. Il int\u00e8gre deux p\u00e9riodes de formation de deux semaines chacune au minimum dans un autre pays europ\u00e9en, sur une p\u00e9riode de deux ans. L\u2019entreprise formatrice est pleinement associ\u00e9e aux contenus de formation et au processus formel d\u2019\u00e9valuation des acquis d\u2019apprentissages, dont une partie est r\u00e9alis\u00e9e \u00e0 l\u2019\u00e9tranger. Avec ce nouveau projet, le CCCA-BTP renforce ainsi la composante europ\u00e9enne dans les parcours de formation des apprentis en CAP (niveau 3), bac professionnel (niveau 4), BTS (niveau 5) et au-del\u00e0, ainsi que la mobilit\u00e9 longue, dans des segments o\u00f9 celle-ci doit encore se d\u00e9velopper davantage.<\/p>\n<p>Un projet group\u00e9 de mobilit\u00e9 europ\u00e9enne pour les apprentis de l\u2019enseignement sup\u00e9rieur, en formation en BTS, pourrait \u00eatre organis\u00e9 \u00e0 l\u2019horizon 2021.<\/p>\n","protected":false},"excerpt":{"rendered":"<p>Le CCCA-BTP a, cette ann\u00e9e encore, \u00e9t\u00e9 s\u00e9lectionn\u00e9 dans le cadre du programme Erasmus+ de l\u2019Union europ\u00e9enne, pour son projet BTP Mobilit\u00e9+. Le consortium pilot\u00e9 par le CCCA-BTP, qui associe 42 centres de formation aux m\u00e9tiers du BTP, permet de financer les stages professionnels \u00e0 l\u2019\u00e9tranger de 720 b\u00e9n\u00e9ficiaires sur deux ans, gr\u00e2ce \u00e0 une [&hellip;]<\/p>\n","protected":false},"author":17,"featured_media":104484,"comment_status":"closed","ping_status":"closed","sticky":false,"template":"","format":"standard","meta":{"_et_pb_use_builder":"","_et_pb_old_content":"","_et_gb_content_width":"","footnotes":""},"categories":[10530,6362],"tags":[12896],"class_list":["post-104483","post","type-post","status-publish","format-standard","has-post-thumbnail","hentry","category-actualites","category-services-equipements","tag-apprentissage"],"yoast_head":"<!-- This site is optimized with the Yoast SEO plugin v27.4 - https:\/\/yoast.com\/product\/yoast-seo-wordpress\/ -->\n<title>La dynamique du CCCA-BTP en faveur de la mobilit\u00e9 europ\u00e9enne<\/title>\n<meta name=\"robots\" content=\"index, follow, max-snippet:-1, max-image-preview:large, max-video-preview:-1\" \/>\n<link rel=\"canonical\" href=\"https:\/\/batijournal.com\/index.php\/la-dynamique-du-ccca-btp-en-faveur-de-la-mobilite-europeenne\/104483\/\" \/>\n<meta property=\"og:locale\" content=\"fr_FR\" \/>\n<meta property=\"og:type\" content=\"article\" \/>\n<meta property=\"og:title\" content=\"La dynamique du CCCA-BTP en faveur de la mobilit\u00e9 europ\u00e9enne\" \/>\n<meta property=\"og:description\" content=\"Le CCCA-BTP a, cette ann\u00e9e encore, \u00e9t\u00e9 s\u00e9lectionn\u00e9 dans le cadre du programme Erasmus+ de l\u2019Union europ\u00e9enne, pour son projet BTP Mobilit\u00e9+. Le consortium pilot\u00e9 par le CCCA-BTP, qui associe 42 centres de formation aux m\u00e9tiers du BTP, permet de financer les stages professionnels \u00e0 l\u2019\u00e9tranger de 720 b\u00e9n\u00e9ficiaires sur deux ans, gr\u00e2ce \u00e0 une [&hellip;]\" \/>\n<meta property=\"og:url\" content=\"https:\/\/batijournal.com\/index.php\/la-dynamique-du-ccca-btp-en-faveur-de-la-mobilite-europeenne\/104483\/\" \/>\n<meta property=\"og:site_name\" content=\"Batijournal\" \/>\n<meta property=\"article:published_time\" content=\"2020-07-13T06:32:08+00:00\" \/>\n<meta property=\"og:image\" content=\"https:\/\/batijournal.com\/wp-content\/uploads\/2020\/07\/BTP_Mobilite_Plus_Ecran_1920x1080-scaled.jpg\" \/>\n\t<meta property=\"og:image:width\" content=\"2560\" \/>\n\t<meta property=\"og:image:height\" content=\"1440\" \/>\n\t<meta property=\"og:image:type\" content=\"image\/jpeg\" \/>\n<meta name=\"author\" content=\"St\u00e9phane Miget\" \/>\n<meta name=\"twitter:card\" content=\"summary_large_image\" \/>\n<meta name=\"twitter:creator\" content=\"@bati_journal\" \/>\n<meta name=\"twitter:site\" content=\"@bati_journal\" \/>\n<meta name=\"twitter:label1\" content=\"\u00c9crit par\" \/>\n\t<meta name=\"twitter:data1\" content=\"St\u00e9phane Miget\" \/>\n\t<meta name=\"twitter:label2\" content=\"Dur\u00e9e de lecture estim\u00e9e\" \/>\n\t<meta name=\"twitter:data2\" content=\"1 minute\" \/>\n<script type=\"application\/ld+json\" class=\"yoast-schema-graph\">{\"@context\":\"https:\\\/\\\/schema.org\",\"@graph\":[{\"@type\":\"Article\",\"@id\":\"https:\\\/\\\/batijournal.com\\\/index.php\\\/la-dynamique-du-ccca-btp-en-faveur-de-la-mobilite-europeenne\\\/104483\\\/#article\",\"isPartOf\":{\"@id\":\"https:\\\/\\\/batijournal.com\\\/index.php\\\/la-dynamique-du-ccca-btp-en-faveur-de-la-mobilite-europeenne\\\/104483\\\/\"},\"author\":{\"name\":\"St\u00e9phane Miget\",\"@id\":\"https:\\\/\\\/batijournal.com\\\/#\\\/schema\\\/person\\\/1dc96ec6957aa1ccb25ebe78bb19f100\"},\"headline\":\"La dynamique du CCCA-BTP en faveur de la mobilit\u00e9 europ\u00e9enne\",\"datePublished\":\"2020-07-13T06:32:08+00:00\",\"mainEntityOfPage\":{\"@id\":\"https:\\\/\\\/batijournal.com\\\/index.php\\\/la-dynamique-du-ccca-btp-en-faveur-de-la-mobilite-europeenne\\\/104483\\\/\"},\"wordCount\":242,\"image\":{\"@id\":\"https:\\\/\\\/batijournal.com\\\/index.php\\\/la-dynamique-du-ccca-btp-en-faveur-de-la-mobilite-europeenne\\\/104483\\\/#primaryimage\"},\"thumbnailUrl\":\"https:\\\/\\\/batijournal.com\\\/wp-content\\\/uploads\\\/2020\\\/07\\\/BTP_Mobilite_Plus_Ecran_1920x1080-scaled.jpg\",\"keywords\":[\"apprentissage\"],\"articleSection\":[\"Actualit\u00e9s\",\"Divers\"],\"inLanguage\":\"fr-FR\"},{\"@type\":\"WebPage\",\"@id\":\"https:\\\/\\\/batijournal.com\\\/index.php\\\/la-dynamique-du-ccca-btp-en-faveur-de-la-mobilite-europeenne\\\/104483\\\/\",\"url\":\"https:\\\/\\\/batijournal.com\\\/index.php\\\/la-dynamique-du-ccca-btp-en-faveur-de-la-mobilite-europeenne\\\/104483\\\/\",\"name\":\"La dynamique du CCCA-BTP en faveur de la mobilit\u00e9 europ\u00e9enne\",\"isPartOf\":{\"@id\":\"https:\\\/\\\/batijournal.com\\\/#website\"},\"primaryImageOfPage\":{\"@id\":\"https:\\\/\\\/batijournal.com\\\/index.php\\\/la-dynamique-du-ccca-btp-en-faveur-de-la-mobilite-europeenne\\\/104483\\\/#primaryimage\"},\"image\":{\"@id\":\"https:\\\/\\\/batijournal.com\\\/index.php\\\/la-dynamique-du-ccca-btp-en-faveur-de-la-mobilite-europeenne\\\/104483\\\/#primaryimage\"},\"thumbnailUrl\":\"https:\\\/\\\/batijournal.com\\\/wp-content\\\/uploads\\\/2020\\\/07\\\/BTP_Mobilite_Plus_Ecran_1920x1080-scaled.jpg\",\"datePublished\":\"2020-07-13T06:32:08+00:00\",\"author\":{\"@id\":\"https:\\\/\\\/batijournal.com\\\/#\\\/schema\\\/person\\\/1dc96ec6957aa1ccb25ebe78bb19f100\"},\"breadcrumb\":{\"@id\":\"https:\\\/\\\/batijournal.com\\\/index.php\\\/la-dynamique-du-ccca-btp-en-faveur-de-la-mobilite-europeenne\\\/104483\\\/#breadcrumb\"},\"inLanguage\":\"fr-FR\",\"potentialAction\":[{\"@type\":\"ReadAction\",\"target\":[\"https:\\\/\\\/batijournal.com\\\/index.php\\\/la-dynamique-du-ccca-btp-en-faveur-de-la-mobilite-europeenne\\\/104483\\\/\"]}]},{\"@type\":\"ImageObject\",\"inLanguage\":\"fr-FR\",\"@id\":\"https:\\\/\\\/batijournal.com\\\/index.php\\\/la-dynamique-du-ccca-btp-en-faveur-de-la-mobilite-europeenne\\\/104483\\\/#primaryimage\",\"url\":\"https:\\\/\\\/batijournal.com\\\/wp-content\\\/uploads\\\/2020\\\/07\\\/BTP_Mobilite_Plus_Ecran_1920x1080-scaled.jpg\",\"contentUrl\":\"https:\\\/\\\/batijournal.com\\\/wp-content\\\/uploads\\\/2020\\\/07\\\/BTP_Mobilite_Plus_Ecran_1920x1080-scaled.jpg\",\"width\":2560,\"height\":1440},{\"@type\":\"BreadcrumbList\",\"@id\":\"https:\\\/\\\/batijournal.com\\\/index.php\\\/la-dynamique-du-ccca-btp-en-faveur-de-la-mobilite-europeenne\\\/104483\\\/#breadcrumb\",\"itemListElement\":[{\"@type\":\"ListItem\",\"position\":1,\"name\":\"Accueil\",\"item\":\"https:\\\/\\\/batijournal.com\\\/\"},{\"@type\":\"ListItem\",\"position\":2,\"name\":\"Actualit\u00e9s\",\"item\":\"https:\\\/\\\/batijournal.com\\\/index.php\\\/category\\\/actualites\\\/\"},{\"@type\":\"ListItem\",\"position\":3,\"name\":\"Divers\",\"item\":\"https:\\\/\\\/batijournal.com\\\/index.php\\\/category\\\/actualites\\\/services-equipements\\\/\"},{\"@type\":\"ListItem\",\"position\":4,\"name\":\"La dynamique du CCCA-BTP en faveur de la mobilit\u00e9 europ\u00e9enne\"}]},{\"@type\":\"WebSite\",\"@id\":\"https:\\\/\\\/batijournal.com\\\/#website\",\"url\":\"https:\\\/\\\/batijournal.com\\\/\",\"name\":\"Batijournal\",\"description\":\"L&#039;actualit\u00e9 du b\u00e2timent\",\"potentialAction\":[{\"@type\":\"SearchAction\",\"target\":{\"@type\":\"EntryPoint\",\"urlTemplate\":\"https:\\\/\\\/batijournal.com\\\/?s={search_term_string}\"},\"query-input\":{\"@type\":\"PropertyValueSpecification\",\"valueRequired\":true,\"valueName\":\"search_term_string\"}}],\"inLanguage\":\"fr-FR\"},{\"@type\":\"Person\",\"@id\":\"https:\\\/\\\/batijournal.com\\\/#\\\/schema\\\/person\\\/1dc96ec6957aa1ccb25ebe78bb19f100\",\"name\":\"St\u00e9phane Miget\",\"image\":{\"@type\":\"ImageObject\",\"inLanguage\":\"fr-FR\",\"@id\":\"https:\\\/\\\/secure.gravatar.com\\\/avatar\\\/89915563d925342126b8ef0281b93d9d7fc337043e8df017f780908eb9644451?s=96&d=mm&r=g\",\"url\":\"https:\\\/\\\/secure.gravatar.com\\\/avatar\\\/89915563d925342126b8ef0281b93d9d7fc337043e8df017f780908eb9644451?s=96&d=mm&r=g\",\"contentUrl\":\"https:\\\/\\\/secure.gravatar.com\\\/avatar\\\/89915563d925342126b8ef0281b93d9d7fc337043e8df017f780908eb9644451?s=96&d=mm&r=g\",\"caption\":\"St\u00e9phane Miget\"},\"url\":\"https:\\\/\\\/batijournal.com\\\/index.php\\\/author\\\/stephane\\\/\"}]}<\/script>\n<!-- \/ Yoast SEO plugin. -->","yoast_head_json":{"title":"La dynamique du CCCA-BTP en faveur de la mobilit\u00e9 europ\u00e9enne","robots":{"index":"index","follow":"follow","max-snippet":"max-snippet:-1","max-image-preview":"max-image-preview:large","max-video-preview":"max-video-preview:-1"},"canonical":"https:\/\/batijournal.com\/index.php\/la-dynamique-du-ccca-btp-en-faveur-de-la-mobilite-europeenne\/104483\/","og_locale":"fr_FR","og_type":"article","og_title":"La dynamique du CCCA-BTP en faveur de la mobilit\u00e9 europ\u00e9enne","og_description":"Le CCCA-BTP a, cette ann\u00e9e encore, \u00e9t\u00e9 s\u00e9lectionn\u00e9 dans le cadre du programme Erasmus+ de l\u2019Union europ\u00e9enne, pour son projet BTP Mobilit\u00e9+. Le consortium pilot\u00e9 par le CCCA-BTP, qui associe 42 centres de formation aux m\u00e9tiers du BTP, permet de financer les stages professionnels \u00e0 l\u2019\u00e9tranger de 720 b\u00e9n\u00e9ficiaires sur deux ans, gr\u00e2ce \u00e0 une [&hellip;]","og_url":"https:\/\/batijournal.com\/index.php\/la-dynamique-du-ccca-btp-en-faveur-de-la-mobilite-europeenne\/104483\/","og_site_name":"Batijournal","article_published_time":"2020-07-13T06:32:08+00:00","og_image":[{"width":2560,"height":1440,"url":"https:\/\/batijournal.com\/wp-content\/uploads\/2020\/07\/BTP_Mobilite_Plus_Ecran_1920x1080-scaled.jpg","type":"image\/jpeg"}],"author":"St\u00e9phane Miget","twitter_card":"summary_large_image","twitter_creator":"@bati_journal","twitter_site":"@bati_journal","twitter_misc":{"\u00c9crit par":"St\u00e9phane Miget","Dur\u00e9e de lecture estim\u00e9e":"1 minute"},"schema":{"@context":"https:\/\/schema.org","@graph":[{"@type":"Article","@id":"https:\/\/batijournal.com\/index.php\/la-dynamique-du-ccca-btp-en-faveur-de-la-mobilite-europeenne\/104483\/#article","isPartOf":{"@id":"https:\/\/batijournal.com\/index.php\/la-dynamique-du-ccca-btp-en-faveur-de-la-mobilite-europeenne\/104483\/"},"author":{"name":"St\u00e9phane Miget","@id":"https:\/\/batijournal.com\/#\/schema\/person\/1dc96ec6957aa1ccb25ebe78bb19f100"},"headline":"La dynamique du CCCA-BTP en faveur de la mobilit\u00e9 europ\u00e9enne","datePublished":"2020-07-13T06:32:08+00:00","mainEntityOfPage":{"@id":"https:\/\/batijournal.com\/index.php\/la-dynamique-du-ccca-btp-en-faveur-de-la-mobilite-europeenne\/104483\/"},"wordCount":242,"image":{"@id":"https:\/\/batijournal.com\/index.php\/la-dynamique-du-ccca-btp-en-faveur-de-la-mobilite-europeenne\/104483\/#primaryimage"},"thumbnailUrl":"https:\/\/batijournal.com\/wp-content\/uploads\/2020\/07\/BTP_Mobilite_Plus_Ecran_1920x1080-scaled.jpg","keywords":["apprentissage"],"articleSection":["Actualit\u00e9s","Divers"],"inLanguage":"fr-FR"},{"@type":"WebPage","@id":"https:\/\/batijournal.com\/index.php\/la-dynamique-du-ccca-btp-en-faveur-de-la-mobilite-europeenne\/104483\/","url":"https:\/\/batijournal.com\/index.php\/la-dynamique-du-ccca-btp-en-faveur-de-la-mobilite-europeenne\/104483\/","name":"La dynamique du CCCA-BTP en faveur de la mobilit\u00e9 europ\u00e9enne","isPartOf":{"@id":"https:\/\/batijournal.com\/#website"},"primaryImageOfPage":{"@id":"https:\/\/batijournal.com\/index.php\/la-dynamique-du-ccca-btp-en-faveur-de-la-mobilite-europeenne\/104483\/#primaryimage"},"image":{"@id":"https:\/\/batijournal.com\/index.php\/la-dynamique-du-ccca-btp-en-faveur-de-la-mobilite-europeenne\/104483\/#primaryimage"},"thumbnailUrl":"https:\/\/batijournal.com\/wp-content\/uploads\/2020\/07\/BTP_Mobilite_Plus_Ecran_1920x1080-scaled.jpg","datePublished":"2020-07-13T06:32:08+00:00","author":{"@id":"https:\/\/batijournal.com\/#\/schema\/person\/1dc96ec6957aa1ccb25ebe78bb19f100"},"breadcrumb":{"@id":"https:\/\/batijournal.com\/index.php\/la-dynamique-du-ccca-btp-en-faveur-de-la-mobilite-europeenne\/104483\/#breadcrumb"},"inLanguage":"fr-FR","potentialAction":[{"@type":"ReadAction","target":["https:\/\/batijournal.com\/index.php\/la-dynamique-du-ccca-btp-en-faveur-de-la-mobilite-europeenne\/104483\/"]}]},{"@type":"ImageObject","inLanguage":"fr-FR","@id":"https:\/\/batijournal.com\/index.php\/la-dynamique-du-ccca-btp-en-faveur-de-la-mobilite-europeenne\/104483\/#primaryimage","url":"https:\/\/batijournal.com\/wp-content\/uploads\/2020\/07\/BTP_Mobilite_Plus_Ecran_1920x1080-scaled.jpg","contentUrl":"https:\/\/batijournal.com\/wp-content\/uploads\/2020\/07\/BTP_Mobilite_Plus_Ecran_1920x1080-scaled.jpg","width":2560,"height":1440},{"@type":"BreadcrumbList","@id":"https:\/\/batijournal.com\/index.php\/la-dynamique-du-ccca-btp-en-faveur-de-la-mobilite-europeenne\/104483\/#breadcrumb","itemListElement":[{"@type":"ListItem","position":1,"name":"Accueil","item":"https:\/\/batijournal.com\/"},{"@type":"ListItem","position":2,"name":"Actualit\u00e9s","item":"https:\/\/batijournal.com\/index.php\/category\/actualites\/"},{"@type":"ListItem","position":3,"name":"Divers","item":"https:\/\/batijournal.com\/index.php\/category\/actualites\/services-equipements\/"},{"@type":"ListItem","position":4,"name":"La dynamique du CCCA-BTP en faveur de la mobilit\u00e9 europ\u00e9enne"}]},{"@type":"WebSite","@id":"https:\/\/batijournal.com\/#website","url":"https:\/\/batijournal.com\/","name":"Batijournal","description":"L&#039;actualit\u00e9 du b\u00e2timent","potentialAction":[{"@type":"SearchAction","target":{"@type":"EntryPoint","urlTemplate":"https:\/\/batijournal.com\/?s={search_term_string}"},"query-input":{"@type":"PropertyValueSpecification","valueRequired":true,"valueName":"search_term_string"}}],"inLanguage":"fr-FR"},{"@type":"Person","@id":"https:\/\/batijournal.com\/#\/schema\/person\/1dc96ec6957aa1ccb25ebe78bb19f100","name":"St\u00e9phane Miget","image":{"@type":"ImageObject","inLanguage":"fr-FR","@id":"https:\/\/secure.gravatar.com\/avatar\/89915563d925342126b8ef0281b93d9d7fc337043e8df017f780908eb9644451?s=96&d=mm&r=g","url":"https:\/\/secure.gravatar.com\/avatar\/89915563d925342126b8ef0281b93d9d7fc337043e8df017f780908eb9644451?s=96&d=mm&r=g","contentUrl":"https:\/\/secure.gravatar.com\/avatar\/89915563d925342126b8ef0281b93d9d7fc337043e8df017f780908eb9644451?s=96&d=mm&r=g","caption":"St\u00e9phane Miget"},"url":"https:\/\/batijournal.com\/index.php\/author\/stephane\/"}]}},"_links":{"self":[{"href":"https:\/\/batijournal.com\/index.php\/wp-json\/wp\/v2\/posts\/104483","targetHints":{"allow":["GET"]}}],"collection":[{"href":"https:\/\/batijournal.com\/index.php\/wp-json\/wp\/v2\/posts"}],"about":[{"href":"https:\/\/batijournal.com\/index.php\/wp-json\/wp\/v2\/types\/post"}],"author":[{"embeddable":true,"href":"https:\/\/batijournal.com\/index.php\/wp-json\/wp\/v2\/users\/17"}],"replies":[{"embeddable":true,"href":"https:\/\/batijournal.com\/index.php\/wp-json\/wp\/v2\/comments?post=104483"}],"version-history":[{"count":0,"href":"https:\/\/batijournal.com\/index.php\/wp-json\/wp\/v2\/posts\/104483\/revisions"}],"wp:featuredmedia":[{"embeddable":true,"href":"https:\/\/batijournal.com\/index.php\/wp-json\/wp\/v2\/media\/104484"}],"wp:attachment":[{"href":"https:\/\/batijournal.com\/index.php\/wp-json\/wp\/v2\/media?parent=104483"}],"wp:term":[{"taxonomy":"category","embeddable":true,"href":"https:\/\/batijournal.com\/index.php\/wp-json\/wp\/v2\/categories?post=104483"},{"taxonomy":"post_tag","embeddable":true,"href":"https:\/\/batijournal.com\/index.php\/wp-json\/wp\/v2\/tags?post=104483"}],"curies":[{"name":"wp","href":"https:\/\/api.w.org\/{rel}","templated":true}]}}