{"id":104513,"date":"2020-07-20T07:40:31","date_gmt":"2020-07-20T05:40:31","guid":{"rendered":"https:\/\/batijournal.com\/?p=104513"},"modified":"2020-07-20T07:40:31","modified_gmt":"2020-07-20T05:40:31","slug":"le-point-sur-lincendie-de-la-cathedrale-saint-pierre-et-saint-paul-de-nantes","status":"publish","type":"post","link":"https:\/\/batijournal.com\/index.php\/le-point-sur-lincendie-de-la-cathedrale-saint-pierre-et-saint-paul-de-nantes\/104513\/","title":{"rendered":"Le point sur l&rsquo;incendie de la Cath\u00e9drale Saint-Pierre-et-Saint-Paul de Nantes"},"content":{"rendered":"<p>Un incendie s&rsquo;est d\u00e9clench\u00e9 le 18 juillet 2020 vers 7 h 45 dans la Cath\u00e9drale Saint-Pierre-et-Saint-Paul de Nantes. Le feu a \u00e9t\u00e9 circonscrit vers 10 h du matin. Trois d\u00e9parts de feu ont \u00e9t\u00e9 rep\u00e9r\u00e9s, un au niveau de l&rsquo;orgue et un de chaque c\u00f4t\u00e9 de la nef. La piste d&rsquo;un incendie criminel a \u00e9t\u00e9 \u00e9voqu\u00e9e par Pierre Senn\u00e8s, procureur de la R\u00e9publique. Cependant plusieurs \u00e9l\u00e9ments peuvent \u00e9voquer une origine accidentelle car les trois feux seraient partis sur, ou \u00e0 proximit\u00e9, d\u2019installations \u00e9lectriques. La th\u00e8se d\u2019une surtension suivie d\u2019une r\u00e9action en cha\u00eene est possible. Un b\u00e9n\u00e9vole du dioc\u00e8se qui avait \u00e9t\u00e9 plac\u00e9 en garde \u00e0 vue pendant 30 heures est ressorti sans aucune charge contre lui.<\/p>\n<p>Le premier bilan de l&rsquo;incendie fait \u00e9tat de la destruction totale du grand orgue de tribune, datant du XVIIe, d&rsquo;un affaiblissement dangereux de la tribune qui le supporte et de la destruction probable des ultimes vitraux datant de la fin du XVe, contemporains d&rsquo;Anne de Bretagne. Le tombeau du duc Fran\u00e7ois II de Bretagne et de sa femme Marguerite de Foix a \u00e9chapp\u00e9 de justesse \u00e0 l&rsquo;incendie. Le Premier ministre Jean Castex qui s&rsquo;est rendu sur place accompagn\u00e9 de G\u00e9rald Darmanin et Roselyne Bachelot, ministres de l\u2019Int\u00e9rieur et de la Culture, a annonc\u00e9 \u00ab une reconstruction la plus rapide possible \u00bb.<\/p>\n<p>La Fondation du patrimoine, en coordination avec le minist\u00e8re de la Culture, a lanc\u00e9 une souscription dont les dons seront int\u00e9gralement revers\u00e9s aux travaux.<br \/>\n<a href=\"https:\/\/www.fondation-patrimoine.org\/les-projets\/cathedrale-saint-pierre-et-saint-paul-de-nantes\">https:\/\/www.fondation-patrimoine.org\/les-projets\/cathedrale-saint-pierre-et-saint-paul-de-nantes<\/a><\/p>\n<p>Photo : P\u00e8re Fran\u00e7ois Renaud &#8211; \u00a0source : Fondation du Patrimoine<\/p>\n","protected":false},"excerpt":{"rendered":"<p>Un incendie s&rsquo;est d\u00e9clench\u00e9 le 18 juillet 2020 vers 7 h 45 dans la Cath\u00e9drale Saint-Pierre-et-Saint-Paul de Nantes. Le feu a \u00e9t\u00e9 circonscrit vers 10 h du matin. Trois d\u00e9parts de feu ont \u00e9t\u00e9 rep\u00e9r\u00e9s, un au niveau de l&rsquo;orgue et un de chaque c\u00f4t\u00e9 de la nef. La piste d&rsquo;un incendie criminel a \u00e9t\u00e9 [&hellip;]<\/p>\n","protected":false},"author":17,"featured_media":104514,"comment_status":"closed","ping_status":"closed","sticky":false,"template":"","format":"standard","meta":{"_et_pb_use_builder":"","_et_pb_old_content":"","_et_gb_content_width":"","footnotes":""},"categories":[10530,6340,10789,10785],"tags":[6376],"class_list":["post-104513","post","type-post","status-publish","format-standard","has-post-thumbnail","hentry","category-actualites","category-architecture-conception","category-publications-atrium","category-atrium","tag-monument-historique"],"yoast_head":"<!-- This site is optimized with the Yoast SEO plugin v27.4 - https:\/\/yoast.com\/product\/yoast-seo-wordpress\/ -->\n<title>Le point sur l&#039;incendie de la Cath\u00e9drale Saint-Pierre-et-Saint-Paul de Nantes<\/title>\n<meta name=\"robots\" content=\"index, follow, max-snippet:-1, max-image-preview:large, max-video-preview:-1\" \/>\n<link rel=\"canonical\" href=\"https:\/\/batijournal.com\/index.php\/le-point-sur-lincendie-de-la-cathedrale-saint-pierre-et-saint-paul-de-nantes\/104513\/\" \/>\n<meta property=\"og:locale\" content=\"fr_FR\" \/>\n<meta property=\"og:type\" content=\"article\" \/>\n<meta property=\"og:title\" content=\"Le point sur l&#039;incendie de la Cath\u00e9drale Saint-Pierre-et-Saint-Paul de Nantes\" \/>\n<meta property=\"og:description\" content=\"Un incendie s&rsquo;est d\u00e9clench\u00e9 le 18 juillet 2020 vers 7 h 45 dans la Cath\u00e9drale Saint-Pierre-et-Saint-Paul de Nantes. Le feu a \u00e9t\u00e9 circonscrit vers 10 h du matin. Trois d\u00e9parts de feu ont \u00e9t\u00e9 rep\u00e9r\u00e9s, un au niveau de l&rsquo;orgue et un de chaque c\u00f4t\u00e9 de la nef. La piste d&rsquo;un incendie criminel a \u00e9t\u00e9 [&hellip;]\" \/>\n<meta property=\"og:url\" content=\"https:\/\/batijournal.com\/index.php\/le-point-sur-lincendie-de-la-cathedrale-saint-pierre-et-saint-paul-de-nantes\/104513\/\" \/>\n<meta property=\"og:site_name\" content=\"Batijournal\" \/>\n<meta property=\"article:published_time\" content=\"2020-07-20T05:40:31+00:00\" \/>\n<meta property=\"og:image\" content=\"https:\/\/batijournal.com\/wp-content\/uploads\/2020\/07\/incendie-cathedrale-de-nantes-interieur-c-pere-francois-renaud.jpg\" \/>\n\t<meta property=\"og:image:width\" content=\"1280\" \/>\n\t<meta property=\"og:image:height\" content=\"720\" \/>\n\t<meta property=\"og:image:type\" content=\"image\/jpeg\" \/>\n<meta name=\"author\" content=\"St\u00e9phane Miget\" \/>\n<meta name=\"twitter:card\" content=\"summary_large_image\" \/>\n<meta name=\"twitter:creator\" content=\"@bati_journal\" \/>\n<meta name=\"twitter:site\" content=\"@bati_journal\" \/>\n<meta name=\"twitter:label1\" content=\"\u00c9crit par\" \/>\n\t<meta name=\"twitter:data1\" content=\"St\u00e9phane Miget\" \/>\n\t<meta name=\"twitter:label2\" content=\"Dur\u00e9e de lecture estim\u00e9e\" \/>\n\t<meta name=\"twitter:data2\" content=\"1 minute\" \/>\n<script type=\"application\/ld+json\" class=\"yoast-schema-graph\">{\"@context\":\"https:\\\/\\\/schema.org\",\"@graph\":[{\"@type\":\"Article\",\"@id\":\"https:\\\/\\\/batijournal.com\\\/index.php\\\/le-point-sur-lincendie-de-la-cathedrale-saint-pierre-et-saint-paul-de-nantes\\\/104513\\\/#article\",\"isPartOf\":{\"@id\":\"https:\\\/\\\/batijournal.com\\\/index.php\\\/le-point-sur-lincendie-de-la-cathedrale-saint-pierre-et-saint-paul-de-nantes\\\/104513\\\/\"},\"author\":{\"name\":\"St\u00e9phane Miget\",\"@id\":\"https:\\\/\\\/batijournal.com\\\/#\\\/schema\\\/person\\\/1dc96ec6957aa1ccb25ebe78bb19f100\"},\"headline\":\"Le point sur l&rsquo;incendie de la Cath\u00e9drale Saint-Pierre-et-Saint-Paul de Nantes\",\"datePublished\":\"2020-07-20T05:40:31+00:00\",\"mainEntityOfPage\":{\"@id\":\"https:\\\/\\\/batijournal.com\\\/index.php\\\/le-point-sur-lincendie-de-la-cathedrale-saint-pierre-et-saint-paul-de-nantes\\\/104513\\\/\"},\"wordCount\":293,\"image\":{\"@id\":\"https:\\\/\\\/batijournal.com\\\/index.php\\\/le-point-sur-lincendie-de-la-cathedrale-saint-pierre-et-saint-paul-de-nantes\\\/104513\\\/#primaryimage\"},\"thumbnailUrl\":\"https:\\\/\\\/batijournal.com\\\/wp-content\\\/uploads\\\/2020\\\/07\\\/incendie-cathedrale-de-nantes-interieur-c-pere-francois-renaud.jpg\",\"keywords\":[\"monument historique\"],\"articleSection\":[\"Actualit\u00e9s\",\"Architecture &amp; Conception\",\"zz_Actualit\u00e9s - Atrium\",\"zz_Atrium Patrimoine\"],\"inLanguage\":\"fr-FR\"},{\"@type\":\"WebPage\",\"@id\":\"https:\\\/\\\/batijournal.com\\\/index.php\\\/le-point-sur-lincendie-de-la-cathedrale-saint-pierre-et-saint-paul-de-nantes\\\/104513\\\/\",\"url\":\"https:\\\/\\\/batijournal.com\\\/index.php\\\/le-point-sur-lincendie-de-la-cathedrale-saint-pierre-et-saint-paul-de-nantes\\\/104513\\\/\",\"name\":\"Le point sur l'incendie de la Cath\u00e9drale Saint-Pierre-et-Saint-Paul de Nantes\",\"isPartOf\":{\"@id\":\"https:\\\/\\\/batijournal.com\\\/#website\"},\"primaryImageOfPage\":{\"@id\":\"https:\\\/\\\/batijournal.com\\\/index.php\\\/le-point-sur-lincendie-de-la-cathedrale-saint-pierre-et-saint-paul-de-nantes\\\/104513\\\/#primaryimage\"},\"image\":{\"@id\":\"https:\\\/\\\/batijournal.com\\\/index.php\\\/le-point-sur-lincendie-de-la-cathedrale-saint-pierre-et-saint-paul-de-nantes\\\/104513\\\/#primaryimage\"},\"thumbnailUrl\":\"https:\\\/\\\/batijournal.com\\\/wp-content\\\/uploads\\\/2020\\\/07\\\/incendie-cathedrale-de-nantes-interieur-c-pere-francois-renaud.jpg\",\"datePublished\":\"2020-07-20T05:40:31+00:00\",\"author\":{\"@id\":\"https:\\\/\\\/batijournal.com\\\/#\\\/schema\\\/person\\\/1dc96ec6957aa1ccb25ebe78bb19f100\"},\"breadcrumb\":{\"@id\":\"https:\\\/\\\/batijournal.com\\\/index.php\\\/le-point-sur-lincendie-de-la-cathedrale-saint-pierre-et-saint-paul-de-nantes\\\/104513\\\/#breadcrumb\"},\"inLanguage\":\"fr-FR\",\"potentialAction\":[{\"@type\":\"ReadAction\",\"target\":[\"https:\\\/\\\/batijournal.com\\\/index.php\\\/le-point-sur-lincendie-de-la-cathedrale-saint-pierre-et-saint-paul-de-nantes\\\/104513\\\/\"]}]},{\"@type\":\"ImageObject\",\"inLanguage\":\"fr-FR\",\"@id\":\"https:\\\/\\\/batijournal.com\\\/index.php\\\/le-point-sur-lincendie-de-la-cathedrale-saint-pierre-et-saint-paul-de-nantes\\\/104513\\\/#primaryimage\",\"url\":\"https:\\\/\\\/batijournal.com\\\/wp-content\\\/uploads\\\/2020\\\/07\\\/incendie-cathedrale-de-nantes-interieur-c-pere-francois-renaud.jpg\",\"contentUrl\":\"https:\\\/\\\/batijournal.com\\\/wp-content\\\/uploads\\\/2020\\\/07\\\/incendie-cathedrale-de-nantes-interieur-c-pere-francois-renaud.jpg\",\"width\":1280,\"height\":720,\"caption\":\"incendie-cathedrale-de-nantes-interieur-c-pere-francois-renaud\"},{\"@type\":\"BreadcrumbList\",\"@id\":\"https:\\\/\\\/batijournal.com\\\/index.php\\\/le-point-sur-lincendie-de-la-cathedrale-saint-pierre-et-saint-paul-de-nantes\\\/104513\\\/#breadcrumb\",\"itemListElement\":[{\"@type\":\"ListItem\",\"position\":1,\"name\":\"Accueil\",\"item\":\"https:\\\/\\\/batijournal.com\\\/\"},{\"@type\":\"ListItem\",\"position\":2,\"name\":\"Actualit\u00e9s\",\"item\":\"https:\\\/\\\/batijournal.com\\\/index.php\\\/category\\\/actualites\\\/\"},{\"@type\":\"ListItem\",\"position\":3,\"name\":\"Architecture &amp; Conception\",\"item\":\"https:\\\/\\\/batijournal.com\\\/index.php\\\/category\\\/actualites\\\/architecture-conception\\\/\"},{\"@type\":\"ListItem\",\"position\":4,\"name\":\"Le point sur l&rsquo;incendie de la Cath\u00e9drale Saint-Pierre-et-Saint-Paul de Nantes\"}]},{\"@type\":\"WebSite\",\"@id\":\"https:\\\/\\\/batijournal.com\\\/#website\",\"url\":\"https:\\\/\\\/batijournal.com\\\/\",\"name\":\"Batijournal\",\"description\":\"L&#039;actualit\u00e9 du b\u00e2timent\",\"potentialAction\":[{\"@type\":\"SearchAction\",\"target\":{\"@type\":\"EntryPoint\",\"urlTemplate\":\"https:\\\/\\\/batijournal.com\\\/?s={search_term_string}\"},\"query-input\":{\"@type\":\"PropertyValueSpecification\",\"valueRequired\":true,\"valueName\":\"search_term_string\"}}],\"inLanguage\":\"fr-FR\"},{\"@type\":\"Person\",\"@id\":\"https:\\\/\\\/batijournal.com\\\/#\\\/schema\\\/person\\\/1dc96ec6957aa1ccb25ebe78bb19f100\",\"name\":\"St\u00e9phane Miget\",\"image\":{\"@type\":\"ImageObject\",\"inLanguage\":\"fr-FR\",\"@id\":\"https:\\\/\\\/secure.gravatar.com\\\/avatar\\\/89915563d925342126b8ef0281b93d9d7fc337043e8df017f780908eb9644451?s=96&d=mm&r=g\",\"url\":\"https:\\\/\\\/secure.gravatar.com\\\/avatar\\\/89915563d925342126b8ef0281b93d9d7fc337043e8df017f780908eb9644451?s=96&d=mm&r=g\",\"contentUrl\":\"https:\\\/\\\/secure.gravatar.com\\\/avatar\\\/89915563d925342126b8ef0281b93d9d7fc337043e8df017f780908eb9644451?s=96&d=mm&r=g\",\"caption\":\"St\u00e9phane Miget\"},\"url\":\"https:\\\/\\\/batijournal.com\\\/index.php\\\/author\\\/stephane\\\/\"}]}<\/script>\n<!-- \/ Yoast SEO plugin. -->","yoast_head_json":{"title":"Le point sur l'incendie de la Cath\u00e9drale Saint-Pierre-et-Saint-Paul de Nantes","robots":{"index":"index","follow":"follow","max-snippet":"max-snippet:-1","max-image-preview":"max-image-preview:large","max-video-preview":"max-video-preview:-1"},"canonical":"https:\/\/batijournal.com\/index.php\/le-point-sur-lincendie-de-la-cathedrale-saint-pierre-et-saint-paul-de-nantes\/104513\/","og_locale":"fr_FR","og_type":"article","og_title":"Le point sur l'incendie de la Cath\u00e9drale Saint-Pierre-et-Saint-Paul de Nantes","og_description":"Un incendie s&rsquo;est d\u00e9clench\u00e9 le 18 juillet 2020 vers 7 h 45 dans la Cath\u00e9drale Saint-Pierre-et-Saint-Paul de Nantes. Le feu a \u00e9t\u00e9 circonscrit vers 10 h du matin. Trois d\u00e9parts de feu ont \u00e9t\u00e9 rep\u00e9r\u00e9s, un au niveau de l&rsquo;orgue et un de chaque c\u00f4t\u00e9 de la nef. La piste d&rsquo;un incendie criminel a \u00e9t\u00e9 [&hellip;]","og_url":"https:\/\/batijournal.com\/index.php\/le-point-sur-lincendie-de-la-cathedrale-saint-pierre-et-saint-paul-de-nantes\/104513\/","og_site_name":"Batijournal","article_published_time":"2020-07-20T05:40:31+00:00","og_image":[{"width":1280,"height":720,"url":"https:\/\/batijournal.com\/wp-content\/uploads\/2020\/07\/incendie-cathedrale-de-nantes-interieur-c-pere-francois-renaud.jpg","type":"image\/jpeg"}],"author":"St\u00e9phane Miget","twitter_card":"summary_large_image","twitter_creator":"@bati_journal","twitter_site":"@bati_journal","twitter_misc":{"\u00c9crit par":"St\u00e9phane Miget","Dur\u00e9e de lecture estim\u00e9e":"1 minute"},"schema":{"@context":"https:\/\/schema.org","@graph":[{"@type":"Article","@id":"https:\/\/batijournal.com\/index.php\/le-point-sur-lincendie-de-la-cathedrale-saint-pierre-et-saint-paul-de-nantes\/104513\/#article","isPartOf":{"@id":"https:\/\/batijournal.com\/index.php\/le-point-sur-lincendie-de-la-cathedrale-saint-pierre-et-saint-paul-de-nantes\/104513\/"},"author":{"name":"St\u00e9phane Miget","@id":"https:\/\/batijournal.com\/#\/schema\/person\/1dc96ec6957aa1ccb25ebe78bb19f100"},"headline":"Le point sur l&rsquo;incendie de la Cath\u00e9drale Saint-Pierre-et-Saint-Paul de Nantes","datePublished":"2020-07-20T05:40:31+00:00","mainEntityOfPage":{"@id":"https:\/\/batijournal.com\/index.php\/le-point-sur-lincendie-de-la-cathedrale-saint-pierre-et-saint-paul-de-nantes\/104513\/"},"wordCount":293,"image":{"@id":"https:\/\/batijournal.com\/index.php\/le-point-sur-lincendie-de-la-cathedrale-saint-pierre-et-saint-paul-de-nantes\/104513\/#primaryimage"},"thumbnailUrl":"https:\/\/batijournal.com\/wp-content\/uploads\/2020\/07\/incendie-cathedrale-de-nantes-interieur-c-pere-francois-renaud.jpg","keywords":["monument historique"],"articleSection":["Actualit\u00e9s","Architecture &amp; Conception","zz_Actualit\u00e9s - Atrium","zz_Atrium Patrimoine"],"inLanguage":"fr-FR"},{"@type":"WebPage","@id":"https:\/\/batijournal.com\/index.php\/le-point-sur-lincendie-de-la-cathedrale-saint-pierre-et-saint-paul-de-nantes\/104513\/","url":"https:\/\/batijournal.com\/index.php\/le-point-sur-lincendie-de-la-cathedrale-saint-pierre-et-saint-paul-de-nantes\/104513\/","name":"Le point sur l'incendie de la Cath\u00e9drale Saint-Pierre-et-Saint-Paul de Nantes","isPartOf":{"@id":"https:\/\/batijournal.com\/#website"},"primaryImageOfPage":{"@id":"https:\/\/batijournal.com\/index.php\/le-point-sur-lincendie-de-la-cathedrale-saint-pierre-et-saint-paul-de-nantes\/104513\/#primaryimage"},"image":{"@id":"https:\/\/batijournal.com\/index.php\/le-point-sur-lincendie-de-la-cathedrale-saint-pierre-et-saint-paul-de-nantes\/104513\/#primaryimage"},"thumbnailUrl":"https:\/\/batijournal.com\/wp-content\/uploads\/2020\/07\/incendie-cathedrale-de-nantes-interieur-c-pere-francois-renaud.jpg","datePublished":"2020-07-20T05:40:31+00:00","author":{"@id":"https:\/\/batijournal.com\/#\/schema\/person\/1dc96ec6957aa1ccb25ebe78bb19f100"},"breadcrumb":{"@id":"https:\/\/batijournal.com\/index.php\/le-point-sur-lincendie-de-la-cathedrale-saint-pierre-et-saint-paul-de-nantes\/104513\/#breadcrumb"},"inLanguage":"fr-FR","potentialAction":[{"@type":"ReadAction","target":["https:\/\/batijournal.com\/index.php\/le-point-sur-lincendie-de-la-cathedrale-saint-pierre-et-saint-paul-de-nantes\/104513\/"]}]},{"@type":"ImageObject","inLanguage":"fr-FR","@id":"https:\/\/batijournal.com\/index.php\/le-point-sur-lincendie-de-la-cathedrale-saint-pierre-et-saint-paul-de-nantes\/104513\/#primaryimage","url":"https:\/\/batijournal.com\/wp-content\/uploads\/2020\/07\/incendie-cathedrale-de-nantes-interieur-c-pere-francois-renaud.jpg","contentUrl":"https:\/\/batijournal.com\/wp-content\/uploads\/2020\/07\/incendie-cathedrale-de-nantes-interieur-c-pere-francois-renaud.jpg","width":1280,"height":720,"caption":"incendie-cathedrale-de-nantes-interieur-c-pere-francois-renaud"},{"@type":"BreadcrumbList","@id":"https:\/\/batijournal.com\/index.php\/le-point-sur-lincendie-de-la-cathedrale-saint-pierre-et-saint-paul-de-nantes\/104513\/#breadcrumb","itemListElement":[{"@type":"ListItem","position":1,"name":"Accueil","item":"https:\/\/batijournal.com\/"},{"@type":"ListItem","position":2,"name":"Actualit\u00e9s","item":"https:\/\/batijournal.com\/index.php\/category\/actualites\/"},{"@type":"ListItem","position":3,"name":"Architecture &amp; Conception","item":"https:\/\/batijournal.com\/index.php\/category\/actualites\/architecture-conception\/"},{"@type":"ListItem","position":4,"name":"Le point sur l&rsquo;incendie de la Cath\u00e9drale Saint-Pierre-et-Saint-Paul de Nantes"}]},{"@type":"WebSite","@id":"https:\/\/batijournal.com\/#website","url":"https:\/\/batijournal.com\/","name":"Batijournal","description":"L&#039;actualit\u00e9 du b\u00e2timent","potentialAction":[{"@type":"SearchAction","target":{"@type":"EntryPoint","urlTemplate":"https:\/\/batijournal.com\/?s={search_term_string}"},"query-input":{"@type":"PropertyValueSpecification","valueRequired":true,"valueName":"search_term_string"}}],"inLanguage":"fr-FR"},{"@type":"Person","@id":"https:\/\/batijournal.com\/#\/schema\/person\/1dc96ec6957aa1ccb25ebe78bb19f100","name":"St\u00e9phane Miget","image":{"@type":"ImageObject","inLanguage":"fr-FR","@id":"https:\/\/secure.gravatar.com\/avatar\/89915563d925342126b8ef0281b93d9d7fc337043e8df017f780908eb9644451?s=96&d=mm&r=g","url":"https:\/\/secure.gravatar.com\/avatar\/89915563d925342126b8ef0281b93d9d7fc337043e8df017f780908eb9644451?s=96&d=mm&r=g","contentUrl":"https:\/\/secure.gravatar.com\/avatar\/89915563d925342126b8ef0281b93d9d7fc337043e8df017f780908eb9644451?s=96&d=mm&r=g","caption":"St\u00e9phane Miget"},"url":"https:\/\/batijournal.com\/index.php\/author\/stephane\/"}]}},"_links":{"self":[{"href":"https:\/\/batijournal.com\/index.php\/wp-json\/wp\/v2\/posts\/104513","targetHints":{"allow":["GET"]}}],"collection":[{"href":"https:\/\/batijournal.com\/index.php\/wp-json\/wp\/v2\/posts"}],"about":[{"href":"https:\/\/batijournal.com\/index.php\/wp-json\/wp\/v2\/types\/post"}],"author":[{"embeddable":true,"href":"https:\/\/batijournal.com\/index.php\/wp-json\/wp\/v2\/users\/17"}],"replies":[{"embeddable":true,"href":"https:\/\/batijournal.com\/index.php\/wp-json\/wp\/v2\/comments?post=104513"}],"version-history":[{"count":0,"href":"https:\/\/batijournal.com\/index.php\/wp-json\/wp\/v2\/posts\/104513\/revisions"}],"wp:featuredmedia":[{"embeddable":true,"href":"https:\/\/batijournal.com\/index.php\/wp-json\/wp\/v2\/media\/104514"}],"wp:attachment":[{"href":"https:\/\/batijournal.com\/index.php\/wp-json\/wp\/v2\/media?parent=104513"}],"wp:term":[{"taxonomy":"category","embeddable":true,"href":"https:\/\/batijournal.com\/index.php\/wp-json\/wp\/v2\/categories?post=104513"},{"taxonomy":"post_tag","embeddable":true,"href":"https:\/\/batijournal.com\/index.php\/wp-json\/wp\/v2\/tags?post=104513"}],"curies":[{"name":"wp","href":"https:\/\/api.w.org\/{rel}","templated":true}]}}