{"id":104517,"date":"2020-07-20T18:35:21","date_gmt":"2020-07-20T16:35:21","guid":{"rendered":"https:\/\/batijournal.com\/?p=104517"},"modified":"2020-07-20T18:35:21","modified_gmt":"2020-07-20T16:35:21","slug":"la-fibre-optique-pourvoie-aussi-les-emplois","status":"publish","type":"post","link":"https:\/\/batijournal.com\/index.php\/la-fibre-optique-pourvoie-aussi-les-emplois\/104517\/","title":{"rendered":"La fibre optique pourvoie aussi les emplois"},"content":{"rendered":"<p>Les infrastructures num\u00e9riques tr\u00e8s haut d\u00e9bit, et en particulier la fibre optique, ont pris bonne part dans la r\u00e9silience de la France pendant la crise COVID. La transition num\u00e9rique des entreprises et des collectivit\u00e9s, ainsi que l\u2019accompagnement des citoyens, font partie des priorit\u00e9s du gouvernement \u00e0 travers le plan France tr\u00e8s haut d\u00e9bit et l\u2019acc\u00e9l\u00e9ration des d\u00e9ploiements de fibre optique. Les m\u00e9tiers de la fibre optique repr\u00e9sentent plus que jamais une opportunit\u00e9 pour l\u2019emploi en France. Le volume d\u2019emplois mobilisables d\u2019ici 2022 est en hausse de pr\u00e8s de 30% par rapport aux projections \u00e9tablies en 2017 pour d\u00e9ployer le tr\u00e8s haut d\u00e9bit sur l\u2019ensemble du territoire fran\u00e7ais. Le nombre d\u2019emplois n\u00e9cessaires au d\u00e9ploiement1 de la fibre optique en France devrait mobiliser 27 000 personnes pour atteindre un pic d\u2019emplois en 2022, et une demande qui reste forte jusqu\u2019en 2024. L\u2019\u00e9valuation conduite en 2017 annon\u00e7ait 22 000 emplois pour un pic en 2021.<\/p>\n<p>Source : derni\u00e8re \u00e9tude men\u00e9e dans le cadre de l\u2019Engagement pour le D\u00e9veloppement de l\u2019Emploi et des Comp\u00e9tences (EDEC) \u00ab Fibre Optique \u00bb sign\u00e9 entre le Minist\u00e8re du Travail, l\u2019Agence Nationale de la Coh\u00e9sion des Territoires, les branches (FFB, FNTP, UIMM, HumApp), les f\u00e9d\u00e9rations professionnelles membres d\u2019Objectif Fibre (FFIE, FFT\u00e9l\u00e9coms, FIEEC, InfraNum, SERCE) et les OPCO (Constructys, OPCO2i et AKTO).<\/p>\n","protected":false},"excerpt":{"rendered":"<p>Les infrastructures num\u00e9riques tr\u00e8s haut d\u00e9bit, et en particulier la fibre optique, ont pris bonne part dans la r\u00e9silience de la France pendant la crise COVID. La transition num\u00e9rique des entreprises et des collectivit\u00e9s, ainsi que l\u2019accompagnement des citoyens, font partie des priorit\u00e9s du gouvernement \u00e0 travers le plan France tr\u00e8s haut d\u00e9bit et l\u2019acc\u00e9l\u00e9ration [&hellip;]<\/p>\n","protected":false},"author":17,"featured_media":104518,"comment_status":"closed","ping_status":"closed","sticky":false,"template":"","format":"standard","meta":{"_et_pb_use_builder":"","_et_pb_old_content":"","_et_gb_content_width":"","footnotes":""},"categories":[10530,6362,10781,10778],"tags":[2408],"class_list":["post-104517","post","type-post","status-publish","format-standard","has-post-thumbnail","hentry","category-actualites","category-services-equipements","category-publications-planete","category-planete","tag-reseaux"],"yoast_head":"<!-- This site is optimized with the Yoast SEO plugin v27.4 - https:\/\/yoast.com\/product\/yoast-seo-wordpress\/ -->\n<title>La fibre optique pourvoie aussi les emplois<\/title>\n<meta name=\"robots\" content=\"index, follow, max-snippet:-1, max-image-preview:large, max-video-preview:-1\" \/>\n<link rel=\"canonical\" href=\"https:\/\/batijournal.com\/index.php\/la-fibre-optique-pourvoie-aussi-les-emplois\/104517\/\" \/>\n<meta property=\"og:locale\" content=\"fr_FR\" \/>\n<meta property=\"og:type\" content=\"article\" \/>\n<meta property=\"og:title\" content=\"La fibre optique pourvoie aussi les emplois\" \/>\n<meta property=\"og:description\" content=\"Les infrastructures num\u00e9riques tr\u00e8s haut d\u00e9bit, et en particulier la fibre optique, ont pris bonne part dans la r\u00e9silience de la France pendant la crise COVID. La transition num\u00e9rique des entreprises et des collectivit\u00e9s, ainsi que l\u2019accompagnement des citoyens, font partie des priorit\u00e9s du gouvernement \u00e0 travers le plan France tr\u00e8s haut d\u00e9bit et l\u2019acc\u00e9l\u00e9ration [&hellip;]\" \/>\n<meta property=\"og:url\" content=\"https:\/\/batijournal.com\/index.php\/la-fibre-optique-pourvoie-aussi-les-emplois\/104517\/\" \/>\n<meta property=\"og:site_name\" content=\"Batijournal\" \/>\n<meta property=\"article:published_time\" content=\"2020-07-20T16:35:21+00:00\" \/>\n<meta property=\"og:image\" content=\"https:\/\/batijournal.com\/wp-content\/uploads\/2020\/07\/fibre-optique.png\" \/>\n\t<meta property=\"og:image:width\" content=\"553\" \/>\n\t<meta property=\"og:image:height\" content=\"272\" \/>\n\t<meta property=\"og:image:type\" content=\"image\/png\" \/>\n<meta name=\"author\" content=\"St\u00e9phane Miget\" \/>\n<meta name=\"twitter:card\" content=\"summary_large_image\" \/>\n<meta name=\"twitter:creator\" content=\"@bati_journal\" \/>\n<meta name=\"twitter:site\" content=\"@bati_journal\" \/>\n<meta name=\"twitter:label1\" content=\"\u00c9crit par\" \/>\n\t<meta name=\"twitter:data1\" content=\"St\u00e9phane Miget\" \/>\n\t<meta name=\"twitter:label2\" content=\"Dur\u00e9e de lecture estim\u00e9e\" \/>\n\t<meta name=\"twitter:data2\" content=\"1 minute\" \/>\n<script type=\"application\/ld+json\" class=\"yoast-schema-graph\">{\"@context\":\"https:\\\/\\\/schema.org\",\"@graph\":[{\"@type\":\"Article\",\"@id\":\"https:\\\/\\\/batijournal.com\\\/index.php\\\/la-fibre-optique-pourvoie-aussi-les-emplois\\\/104517\\\/#article\",\"isPartOf\":{\"@id\":\"https:\\\/\\\/batijournal.com\\\/index.php\\\/la-fibre-optique-pourvoie-aussi-les-emplois\\\/104517\\\/\"},\"author\":{\"name\":\"St\u00e9phane Miget\",\"@id\":\"https:\\\/\\\/batijournal.com\\\/#\\\/schema\\\/person\\\/1dc96ec6957aa1ccb25ebe78bb19f100\"},\"headline\":\"La fibre optique pourvoie aussi les emplois\",\"datePublished\":\"2020-07-20T16:35:21+00:00\",\"mainEntityOfPage\":{\"@id\":\"https:\\\/\\\/batijournal.com\\\/index.php\\\/la-fibre-optique-pourvoie-aussi-les-emplois\\\/104517\\\/\"},\"wordCount\":251,\"image\":{\"@id\":\"https:\\\/\\\/batijournal.com\\\/index.php\\\/la-fibre-optique-pourvoie-aussi-les-emplois\\\/104517\\\/#primaryimage\"},\"thumbnailUrl\":\"https:\\\/\\\/batijournal.com\\\/wp-content\\\/uploads\\\/2020\\\/07\\\/fibre-optique.png\",\"keywords\":[\"r\u00e9seaux\"],\"articleSection\":[\"Actualit\u00e9s\",\"Divers\",\"zz_Actualit\u00e9s - Plan\u00e8te\",\"zz_Plan\u00e8te B\u00e2timent\"],\"inLanguage\":\"fr-FR\"},{\"@type\":\"WebPage\",\"@id\":\"https:\\\/\\\/batijournal.com\\\/index.php\\\/la-fibre-optique-pourvoie-aussi-les-emplois\\\/104517\\\/\",\"url\":\"https:\\\/\\\/batijournal.com\\\/index.php\\\/la-fibre-optique-pourvoie-aussi-les-emplois\\\/104517\\\/\",\"name\":\"La fibre optique pourvoie aussi les emplois\",\"isPartOf\":{\"@id\":\"https:\\\/\\\/batijournal.com\\\/#website\"},\"primaryImageOfPage\":{\"@id\":\"https:\\\/\\\/batijournal.com\\\/index.php\\\/la-fibre-optique-pourvoie-aussi-les-emplois\\\/104517\\\/#primaryimage\"},\"image\":{\"@id\":\"https:\\\/\\\/batijournal.com\\\/index.php\\\/la-fibre-optique-pourvoie-aussi-les-emplois\\\/104517\\\/#primaryimage\"},\"thumbnailUrl\":\"https:\\\/\\\/batijournal.com\\\/wp-content\\\/uploads\\\/2020\\\/07\\\/fibre-optique.png\",\"datePublished\":\"2020-07-20T16:35:21+00:00\",\"author\":{\"@id\":\"https:\\\/\\\/batijournal.com\\\/#\\\/schema\\\/person\\\/1dc96ec6957aa1ccb25ebe78bb19f100\"},\"breadcrumb\":{\"@id\":\"https:\\\/\\\/batijournal.com\\\/index.php\\\/la-fibre-optique-pourvoie-aussi-les-emplois\\\/104517\\\/#breadcrumb\"},\"inLanguage\":\"fr-FR\",\"potentialAction\":[{\"@type\":\"ReadAction\",\"target\":[\"https:\\\/\\\/batijournal.com\\\/index.php\\\/la-fibre-optique-pourvoie-aussi-les-emplois\\\/104517\\\/\"]}]},{\"@type\":\"ImageObject\",\"inLanguage\":\"fr-FR\",\"@id\":\"https:\\\/\\\/batijournal.com\\\/index.php\\\/la-fibre-optique-pourvoie-aussi-les-emplois\\\/104517\\\/#primaryimage\",\"url\":\"https:\\\/\\\/batijournal.com\\\/wp-content\\\/uploads\\\/2020\\\/07\\\/fibre-optique.png\",\"contentUrl\":\"https:\\\/\\\/batijournal.com\\\/wp-content\\\/uploads\\\/2020\\\/07\\\/fibre-optique.png\",\"width\":553,\"height\":272},{\"@type\":\"BreadcrumbList\",\"@id\":\"https:\\\/\\\/batijournal.com\\\/index.php\\\/la-fibre-optique-pourvoie-aussi-les-emplois\\\/104517\\\/#breadcrumb\",\"itemListElement\":[{\"@type\":\"ListItem\",\"position\":1,\"name\":\"Accueil\",\"item\":\"https:\\\/\\\/batijournal.com\\\/\"},{\"@type\":\"ListItem\",\"position\":2,\"name\":\"Actualit\u00e9s\",\"item\":\"https:\\\/\\\/batijournal.com\\\/index.php\\\/category\\\/actualites\\\/\"},{\"@type\":\"ListItem\",\"position\":3,\"name\":\"Divers\",\"item\":\"https:\\\/\\\/batijournal.com\\\/index.php\\\/category\\\/actualites\\\/services-equipements\\\/\"},{\"@type\":\"ListItem\",\"position\":4,\"name\":\"La fibre optique pourvoie aussi les emplois\"}]},{\"@type\":\"WebSite\",\"@id\":\"https:\\\/\\\/batijournal.com\\\/#website\",\"url\":\"https:\\\/\\\/batijournal.com\\\/\",\"name\":\"Batijournal\",\"description\":\"L&#039;actualit\u00e9 du b\u00e2timent\",\"potentialAction\":[{\"@type\":\"SearchAction\",\"target\":{\"@type\":\"EntryPoint\",\"urlTemplate\":\"https:\\\/\\\/batijournal.com\\\/?s={search_term_string}\"},\"query-input\":{\"@type\":\"PropertyValueSpecification\",\"valueRequired\":true,\"valueName\":\"search_term_string\"}}],\"inLanguage\":\"fr-FR\"},{\"@type\":\"Person\",\"@id\":\"https:\\\/\\\/batijournal.com\\\/#\\\/schema\\\/person\\\/1dc96ec6957aa1ccb25ebe78bb19f100\",\"name\":\"St\u00e9phane Miget\",\"image\":{\"@type\":\"ImageObject\",\"inLanguage\":\"fr-FR\",\"@id\":\"https:\\\/\\\/secure.gravatar.com\\\/avatar\\\/89915563d925342126b8ef0281b93d9d7fc337043e8df017f780908eb9644451?s=96&d=mm&r=g\",\"url\":\"https:\\\/\\\/secure.gravatar.com\\\/avatar\\\/89915563d925342126b8ef0281b93d9d7fc337043e8df017f780908eb9644451?s=96&d=mm&r=g\",\"contentUrl\":\"https:\\\/\\\/secure.gravatar.com\\\/avatar\\\/89915563d925342126b8ef0281b93d9d7fc337043e8df017f780908eb9644451?s=96&d=mm&r=g\",\"caption\":\"St\u00e9phane Miget\"},\"url\":\"https:\\\/\\\/batijournal.com\\\/index.php\\\/author\\\/stephane\\\/\"}]}<\/script>\n<!-- \/ Yoast SEO plugin. -->","yoast_head_json":{"title":"La fibre optique pourvoie aussi les emplois","robots":{"index":"index","follow":"follow","max-snippet":"max-snippet:-1","max-image-preview":"max-image-preview:large","max-video-preview":"max-video-preview:-1"},"canonical":"https:\/\/batijournal.com\/index.php\/la-fibre-optique-pourvoie-aussi-les-emplois\/104517\/","og_locale":"fr_FR","og_type":"article","og_title":"La fibre optique pourvoie aussi les emplois","og_description":"Les infrastructures num\u00e9riques tr\u00e8s haut d\u00e9bit, et en particulier la fibre optique, ont pris bonne part dans la r\u00e9silience de la France pendant la crise COVID. La transition num\u00e9rique des entreprises et des collectivit\u00e9s, ainsi que l\u2019accompagnement des citoyens, font partie des priorit\u00e9s du gouvernement \u00e0 travers le plan France tr\u00e8s haut d\u00e9bit et l\u2019acc\u00e9l\u00e9ration [&hellip;]","og_url":"https:\/\/batijournal.com\/index.php\/la-fibre-optique-pourvoie-aussi-les-emplois\/104517\/","og_site_name":"Batijournal","article_published_time":"2020-07-20T16:35:21+00:00","og_image":[{"width":553,"height":272,"url":"https:\/\/batijournal.com\/wp-content\/uploads\/2020\/07\/fibre-optique.png","type":"image\/png"}],"author":"St\u00e9phane Miget","twitter_card":"summary_large_image","twitter_creator":"@bati_journal","twitter_site":"@bati_journal","twitter_misc":{"\u00c9crit par":"St\u00e9phane Miget","Dur\u00e9e de lecture estim\u00e9e":"1 minute"},"schema":{"@context":"https:\/\/schema.org","@graph":[{"@type":"Article","@id":"https:\/\/batijournal.com\/index.php\/la-fibre-optique-pourvoie-aussi-les-emplois\/104517\/#article","isPartOf":{"@id":"https:\/\/batijournal.com\/index.php\/la-fibre-optique-pourvoie-aussi-les-emplois\/104517\/"},"author":{"name":"St\u00e9phane Miget","@id":"https:\/\/batijournal.com\/#\/schema\/person\/1dc96ec6957aa1ccb25ebe78bb19f100"},"headline":"La fibre optique pourvoie aussi les emplois","datePublished":"2020-07-20T16:35:21+00:00","mainEntityOfPage":{"@id":"https:\/\/batijournal.com\/index.php\/la-fibre-optique-pourvoie-aussi-les-emplois\/104517\/"},"wordCount":251,"image":{"@id":"https:\/\/batijournal.com\/index.php\/la-fibre-optique-pourvoie-aussi-les-emplois\/104517\/#primaryimage"},"thumbnailUrl":"https:\/\/batijournal.com\/wp-content\/uploads\/2020\/07\/fibre-optique.png","keywords":["r\u00e9seaux"],"articleSection":["Actualit\u00e9s","Divers","zz_Actualit\u00e9s - Plan\u00e8te","zz_Plan\u00e8te B\u00e2timent"],"inLanguage":"fr-FR"},{"@type":"WebPage","@id":"https:\/\/batijournal.com\/index.php\/la-fibre-optique-pourvoie-aussi-les-emplois\/104517\/","url":"https:\/\/batijournal.com\/index.php\/la-fibre-optique-pourvoie-aussi-les-emplois\/104517\/","name":"La fibre optique pourvoie aussi les emplois","isPartOf":{"@id":"https:\/\/batijournal.com\/#website"},"primaryImageOfPage":{"@id":"https:\/\/batijournal.com\/index.php\/la-fibre-optique-pourvoie-aussi-les-emplois\/104517\/#primaryimage"},"image":{"@id":"https:\/\/batijournal.com\/index.php\/la-fibre-optique-pourvoie-aussi-les-emplois\/104517\/#primaryimage"},"thumbnailUrl":"https:\/\/batijournal.com\/wp-content\/uploads\/2020\/07\/fibre-optique.png","datePublished":"2020-07-20T16:35:21+00:00","author":{"@id":"https:\/\/batijournal.com\/#\/schema\/person\/1dc96ec6957aa1ccb25ebe78bb19f100"},"breadcrumb":{"@id":"https:\/\/batijournal.com\/index.php\/la-fibre-optique-pourvoie-aussi-les-emplois\/104517\/#breadcrumb"},"inLanguage":"fr-FR","potentialAction":[{"@type":"ReadAction","target":["https:\/\/batijournal.com\/index.php\/la-fibre-optique-pourvoie-aussi-les-emplois\/104517\/"]}]},{"@type":"ImageObject","inLanguage":"fr-FR","@id":"https:\/\/batijournal.com\/index.php\/la-fibre-optique-pourvoie-aussi-les-emplois\/104517\/#primaryimage","url":"https:\/\/batijournal.com\/wp-content\/uploads\/2020\/07\/fibre-optique.png","contentUrl":"https:\/\/batijournal.com\/wp-content\/uploads\/2020\/07\/fibre-optique.png","width":553,"height":272},{"@type":"BreadcrumbList","@id":"https:\/\/batijournal.com\/index.php\/la-fibre-optique-pourvoie-aussi-les-emplois\/104517\/#breadcrumb","itemListElement":[{"@type":"ListItem","position":1,"name":"Accueil","item":"https:\/\/batijournal.com\/"},{"@type":"ListItem","position":2,"name":"Actualit\u00e9s","item":"https:\/\/batijournal.com\/index.php\/category\/actualites\/"},{"@type":"ListItem","position":3,"name":"Divers","item":"https:\/\/batijournal.com\/index.php\/category\/actualites\/services-equipements\/"},{"@type":"ListItem","position":4,"name":"La fibre optique pourvoie aussi les emplois"}]},{"@type":"WebSite","@id":"https:\/\/batijournal.com\/#website","url":"https:\/\/batijournal.com\/","name":"Batijournal","description":"L&#039;actualit\u00e9 du b\u00e2timent","potentialAction":[{"@type":"SearchAction","target":{"@type":"EntryPoint","urlTemplate":"https:\/\/batijournal.com\/?s={search_term_string}"},"query-input":{"@type":"PropertyValueSpecification","valueRequired":true,"valueName":"search_term_string"}}],"inLanguage":"fr-FR"},{"@type":"Person","@id":"https:\/\/batijournal.com\/#\/schema\/person\/1dc96ec6957aa1ccb25ebe78bb19f100","name":"St\u00e9phane Miget","image":{"@type":"ImageObject","inLanguage":"fr-FR","@id":"https:\/\/secure.gravatar.com\/avatar\/89915563d925342126b8ef0281b93d9d7fc337043e8df017f780908eb9644451?s=96&d=mm&r=g","url":"https:\/\/secure.gravatar.com\/avatar\/89915563d925342126b8ef0281b93d9d7fc337043e8df017f780908eb9644451?s=96&d=mm&r=g","contentUrl":"https:\/\/secure.gravatar.com\/avatar\/89915563d925342126b8ef0281b93d9d7fc337043e8df017f780908eb9644451?s=96&d=mm&r=g","caption":"St\u00e9phane Miget"},"url":"https:\/\/batijournal.com\/index.php\/author\/stephane\/"}]}},"_links":{"self":[{"href":"https:\/\/batijournal.com\/index.php\/wp-json\/wp\/v2\/posts\/104517","targetHints":{"allow":["GET"]}}],"collection":[{"href":"https:\/\/batijournal.com\/index.php\/wp-json\/wp\/v2\/posts"}],"about":[{"href":"https:\/\/batijournal.com\/index.php\/wp-json\/wp\/v2\/types\/post"}],"author":[{"embeddable":true,"href":"https:\/\/batijournal.com\/index.php\/wp-json\/wp\/v2\/users\/17"}],"replies":[{"embeddable":true,"href":"https:\/\/batijournal.com\/index.php\/wp-json\/wp\/v2\/comments?post=104517"}],"version-history":[{"count":0,"href":"https:\/\/batijournal.com\/index.php\/wp-json\/wp\/v2\/posts\/104517\/revisions"}],"wp:featuredmedia":[{"embeddable":true,"href":"https:\/\/batijournal.com\/index.php\/wp-json\/wp\/v2\/media\/104518"}],"wp:attachment":[{"href":"https:\/\/batijournal.com\/index.php\/wp-json\/wp\/v2\/media?parent=104517"}],"wp:term":[{"taxonomy":"category","embeddable":true,"href":"https:\/\/batijournal.com\/index.php\/wp-json\/wp\/v2\/categories?post=104517"},{"taxonomy":"post_tag","embeddable":true,"href":"https:\/\/batijournal.com\/index.php\/wp-json\/wp\/v2\/tags?post=104517"}],"curies":[{"name":"wp","href":"https:\/\/api.w.org\/{rel}","templated":true}]}}