{"id":104530,"date":"2020-07-22T16:47:17","date_gmt":"2020-07-22T14:47:17","guid":{"rendered":"https:\/\/batijournal.com\/?p=104530"},"modified":"2020-07-22T16:51:42","modified_gmt":"2020-07-22T14:51:42","slug":"la-precarite-energetique-plus-severe-pour-les-locataires-du-parc-prive-que-du-social","status":"publish","type":"post","link":"https:\/\/batijournal.com\/index.php\/la-precarite-energetique-plus-severe-pour-les-locataires-du-parc-prive-que-du-social\/104530\/","title":{"rendered":"La pr\u00e9carit\u00e9 \u00e9nerg\u00e9tique plus s\u00e9v\u00e8re pour les locataires du parc priv\u00e9 que du social"},"content":{"rendered":"<p>A l\u2019occasion de la fin de la tr\u00eave hivernale prolong\u00e9e, l\u2019Observatoire National de la Pr\u00e9carit\u00e9 Energ\u00e9tique a publi\u00e9 deux \u00e9tudes sur la pr\u00e9carit\u00e9 \u00e9nerg\u00e9tique des m\u00e9nages dans les parcs locatifs priv\u00e9 et social. L\u2019ONPE s\u2019est int\u00e9ress\u00e9 aux locataires pauvres et \u00e0 revenus modestes des parcs social et priv\u00e9 qui connaissent des difficult\u00e9s \u00e0 r\u00e9gler leurs factures d\u2019\u00e9nergie et qui souffrent d\u2019inconfort dans leurs logements. Si le nombre de personnes concern\u00e9es est identique dans chaque secteur, il touche un m\u00e9nage sur trois dans le parc social et un sur quatre dans le parc priv\u00e9.<\/p>\n<p>37% des locataires du parc social sont concern\u00e9s par le ph\u00e9nom\u00e8ne de pr\u00e9carit\u00e9 \u00e9nerg\u00e9tique, soit 1,59 million de m\u00e9nages en France. Si ces m\u00e9nages ont de fa\u00e7on significative des d\u00e9penses \u00e9nerg\u00e9tiques annuelles plus \u00e9lev\u00e9es que celles de l\u2019ensemble du parc social (1480 \u20ac vs 1295 \u20ac), elles sont aussi plus importantes que les locataires en pr\u00e9carit\u00e9 \u00e9nerg\u00e9tique du parc priv\u00e9. Ils sont aussi plus nombreux \u00e0 se plaindre du froid (43% des m\u00e9nages concern\u00e9s, contre 37% du parc priv\u00e9), m\u00eame s\u2019ils d\u00e9pendent majoritairement d\u2019une chaudi\u00e8re collective (gaz \u00e0 59%).<\/p>\n<p>Dans le parc priv\u00e9, 26% des locataires sont en pr\u00e9carit\u00e9 \u00e9nerg\u00e9tique, soit 1,5 million de m\u00e9nages. Ils se distinguent de ceux du parc social par la qualit\u00e9 des logements et leur fourniture d\u2019\u00e9nergie qui les p\u00e9nalisent. 48% des logements occup\u00e9s par ces m\u00e9nages ont \u00e9t\u00e9 construits avant la r\u00e9glementation thermique de 1948 (contre 9% dans le parc social) et sont pour plus d\u2019un tiers, \u00e9quip\u00e9s de convecteurs \u00e9lectriques (10% dans le parc social) dont une partie estime l\u2019installation insuffisante.<\/p>\n<p>Au regard du budget consacr\u00e9 \u00e0 leurs factures d\u2019\u00e9nergie (1403\u20ac par an) sensiblement moins \u00e9lev\u00e9 que dans le parc social (1480\u20ac), on peut penser qu\u2019une partie d\u2019entre eux se prive de chauffage d\u2019autant que leurs charges li\u00e9es au logement (8354\u20ac par logement par an vs 6984\u20ac dans le parc social) p\u00e8sent tr\u00e8s fortement sur leur reste \u00e0 vivre.<\/p>\n<p>Graphique : Les raisons du froid dans le logement &#8211; Observatoire National de la Pr\u00e9carit\u00e9 Energ\u00e9tique<\/p>\n","protected":false},"excerpt":{"rendered":"<p>A l\u2019occasion de la fin de la tr\u00eave hivernale prolong\u00e9e, l\u2019Observatoire National de la Pr\u00e9carit\u00e9 Energ\u00e9tique a publi\u00e9 deux \u00e9tudes sur la pr\u00e9carit\u00e9 \u00e9nerg\u00e9tique des m\u00e9nages dans les parcs locatifs priv\u00e9 et social. L\u2019ONPE s\u2019est int\u00e9ress\u00e9 aux locataires pauvres et \u00e0 revenus modestes des parcs social et priv\u00e9 qui connaissent des difficult\u00e9s \u00e0 r\u00e9gler leurs [&hellip;]<\/p>\n","protected":false},"author":17,"featured_media":104531,"comment_status":"closed","ping_status":"closed","sticky":false,"template":"","format":"standard","meta":{"_et_pb_use_builder":"","_et_pb_old_content":"","_et_gb_content_width":"","footnotes":""},"categories":[10530,6362,10781,10778],"tags":[1130],"class_list":["post-104530","post","type-post","status-publish","format-standard","has-post-thumbnail","hentry","category-actualites","category-services-equipements","category-publications-planete","category-planete","tag-precarite-energetique"],"yoast_head":"<!-- This site is optimized with the Yoast SEO plugin v27.4 - https:\/\/yoast.com\/product\/yoast-seo-wordpress\/ -->\n<title>La pr\u00e9carit\u00e9 \u00e9nerg\u00e9tique plus s\u00e9v\u00e8re pour les locataires du parc priv\u00e9 que du social<\/title>\n<meta name=\"robots\" content=\"index, follow, max-snippet:-1, max-image-preview:large, max-video-preview:-1\" \/>\n<link rel=\"canonical\" href=\"https:\/\/batijournal.com\/index.php\/la-precarite-energetique-plus-severe-pour-les-locataires-du-parc-prive-que-du-social\/104530\/\" \/>\n<meta property=\"og:locale\" content=\"fr_FR\" \/>\n<meta property=\"og:type\" content=\"article\" \/>\n<meta property=\"og:title\" content=\"La pr\u00e9carit\u00e9 \u00e9nerg\u00e9tique plus s\u00e9v\u00e8re pour les locataires du parc priv\u00e9 que du social\" \/>\n<meta property=\"og:description\" content=\"A l\u2019occasion de la fin de la tr\u00eave hivernale prolong\u00e9e, l\u2019Observatoire National de la Pr\u00e9carit\u00e9 Energ\u00e9tique a publi\u00e9 deux \u00e9tudes sur la pr\u00e9carit\u00e9 \u00e9nerg\u00e9tique des m\u00e9nages dans les parcs locatifs priv\u00e9 et social. L\u2019ONPE s\u2019est int\u00e9ress\u00e9 aux locataires pauvres et \u00e0 revenus modestes des parcs social et priv\u00e9 qui connaissent des difficult\u00e9s \u00e0 r\u00e9gler leurs [&hellip;]\" \/>\n<meta property=\"og:url\" content=\"https:\/\/batijournal.com\/index.php\/la-precarite-energetique-plus-severe-pour-les-locataires-du-parc-prive-que-du-social\/104530\/\" \/>\n<meta property=\"og:site_name\" content=\"Batijournal\" \/>\n<meta property=\"article:published_time\" content=\"2020-07-22T14:47:17+00:00\" \/>\n<meta property=\"article:modified_time\" content=\"2020-07-22T14:51:42+00:00\" \/>\n<meta property=\"og:image\" content=\"https:\/\/batijournal.com\/wp-content\/uploads\/2020\/07\/les-raison-du-froid-dans-les-logements.png\" \/>\n\t<meta property=\"og:image:width\" content=\"1201\" \/>\n\t<meta property=\"og:image:height\" content=\"620\" \/>\n\t<meta property=\"og:image:type\" content=\"image\/png\" \/>\n<meta name=\"author\" content=\"St\u00e9phane Miget\" \/>\n<meta name=\"twitter:card\" content=\"summary_large_image\" \/>\n<meta name=\"twitter:creator\" content=\"@bati_journal\" \/>\n<meta name=\"twitter:site\" content=\"@bati_journal\" \/>\n<meta name=\"twitter:label1\" content=\"\u00c9crit par\" \/>\n\t<meta name=\"twitter:data1\" content=\"St\u00e9phane Miget\" \/>\n\t<meta name=\"twitter:label2\" content=\"Dur\u00e9e de lecture estim\u00e9e\" \/>\n\t<meta name=\"twitter:data2\" content=\"2 minutes\" \/>\n<script type=\"application\/ld+json\" class=\"yoast-schema-graph\">{\"@context\":\"https:\\\/\\\/schema.org\",\"@graph\":[{\"@type\":\"Article\",\"@id\":\"https:\\\/\\\/batijournal.com\\\/index.php\\\/la-precarite-energetique-plus-severe-pour-les-locataires-du-parc-prive-que-du-social\\\/104530\\\/#article\",\"isPartOf\":{\"@id\":\"https:\\\/\\\/batijournal.com\\\/index.php\\\/la-precarite-energetique-plus-severe-pour-les-locataires-du-parc-prive-que-du-social\\\/104530\\\/\"},\"author\":{\"name\":\"St\u00e9phane Miget\",\"@id\":\"https:\\\/\\\/batijournal.com\\\/#\\\/schema\\\/person\\\/1dc96ec6957aa1ccb25ebe78bb19f100\"},\"headline\":\"La pr\u00e9carit\u00e9 \u00e9nerg\u00e9tique plus s\u00e9v\u00e8re pour les locataires du parc priv\u00e9 que du social\",\"datePublished\":\"2020-07-22T14:47:17+00:00\",\"dateModified\":\"2020-07-22T14:51:42+00:00\",\"mainEntityOfPage\":{\"@id\":\"https:\\\/\\\/batijournal.com\\\/index.php\\\/la-precarite-energetique-plus-severe-pour-les-locataires-du-parc-prive-que-du-social\\\/104530\\\/\"},\"wordCount\":386,\"image\":{\"@id\":\"https:\\\/\\\/batijournal.com\\\/index.php\\\/la-precarite-energetique-plus-severe-pour-les-locataires-du-parc-prive-que-du-social\\\/104530\\\/#primaryimage\"},\"thumbnailUrl\":\"https:\\\/\\\/batijournal.com\\\/wp-content\\\/uploads\\\/2020\\\/07\\\/les-raison-du-froid-dans-les-logements.png\",\"keywords\":[\"pr\u00e9carit\u00e9 \u00e9nerg\u00e9tique\"],\"articleSection\":[\"Actualit\u00e9s\",\"Divers\",\"zz_Actualit\u00e9s - Plan\u00e8te\",\"zz_Plan\u00e8te B\u00e2timent\"],\"inLanguage\":\"fr-FR\"},{\"@type\":\"WebPage\",\"@id\":\"https:\\\/\\\/batijournal.com\\\/index.php\\\/la-precarite-energetique-plus-severe-pour-les-locataires-du-parc-prive-que-du-social\\\/104530\\\/\",\"url\":\"https:\\\/\\\/batijournal.com\\\/index.php\\\/la-precarite-energetique-plus-severe-pour-les-locataires-du-parc-prive-que-du-social\\\/104530\\\/\",\"name\":\"La pr\u00e9carit\u00e9 \u00e9nerg\u00e9tique plus s\u00e9v\u00e8re pour les locataires du parc priv\u00e9 que du social\",\"isPartOf\":{\"@id\":\"https:\\\/\\\/batijournal.com\\\/#website\"},\"primaryImageOfPage\":{\"@id\":\"https:\\\/\\\/batijournal.com\\\/index.php\\\/la-precarite-energetique-plus-severe-pour-les-locataires-du-parc-prive-que-du-social\\\/104530\\\/#primaryimage\"},\"image\":{\"@id\":\"https:\\\/\\\/batijournal.com\\\/index.php\\\/la-precarite-energetique-plus-severe-pour-les-locataires-du-parc-prive-que-du-social\\\/104530\\\/#primaryimage\"},\"thumbnailUrl\":\"https:\\\/\\\/batijournal.com\\\/wp-content\\\/uploads\\\/2020\\\/07\\\/les-raison-du-froid-dans-les-logements.png\",\"datePublished\":\"2020-07-22T14:47:17+00:00\",\"dateModified\":\"2020-07-22T14:51:42+00:00\",\"author\":{\"@id\":\"https:\\\/\\\/batijournal.com\\\/#\\\/schema\\\/person\\\/1dc96ec6957aa1ccb25ebe78bb19f100\"},\"breadcrumb\":{\"@id\":\"https:\\\/\\\/batijournal.com\\\/index.php\\\/la-precarite-energetique-plus-severe-pour-les-locataires-du-parc-prive-que-du-social\\\/104530\\\/#breadcrumb\"},\"inLanguage\":\"fr-FR\",\"potentialAction\":[{\"@type\":\"ReadAction\",\"target\":[\"https:\\\/\\\/batijournal.com\\\/index.php\\\/la-precarite-energetique-plus-severe-pour-les-locataires-du-parc-prive-que-du-social\\\/104530\\\/\"]}]},{\"@type\":\"ImageObject\",\"inLanguage\":\"fr-FR\",\"@id\":\"https:\\\/\\\/batijournal.com\\\/index.php\\\/la-precarite-energetique-plus-severe-pour-les-locataires-du-parc-prive-que-du-social\\\/104530\\\/#primaryimage\",\"url\":\"https:\\\/\\\/batijournal.com\\\/wp-content\\\/uploads\\\/2020\\\/07\\\/les-raison-du-froid-dans-les-logements.png\",\"contentUrl\":\"https:\\\/\\\/batijournal.com\\\/wp-content\\\/uploads\\\/2020\\\/07\\\/les-raison-du-froid-dans-les-logements.png\",\"width\":1201,\"height\":620},{\"@type\":\"BreadcrumbList\",\"@id\":\"https:\\\/\\\/batijournal.com\\\/index.php\\\/la-precarite-energetique-plus-severe-pour-les-locataires-du-parc-prive-que-du-social\\\/104530\\\/#breadcrumb\",\"itemListElement\":[{\"@type\":\"ListItem\",\"position\":1,\"name\":\"Accueil\",\"item\":\"https:\\\/\\\/batijournal.com\\\/\"},{\"@type\":\"ListItem\",\"position\":2,\"name\":\"Actualit\u00e9s\",\"item\":\"https:\\\/\\\/batijournal.com\\\/index.php\\\/category\\\/actualites\\\/\"},{\"@type\":\"ListItem\",\"position\":3,\"name\":\"Divers\",\"item\":\"https:\\\/\\\/batijournal.com\\\/index.php\\\/category\\\/actualites\\\/services-equipements\\\/\"},{\"@type\":\"ListItem\",\"position\":4,\"name\":\"La pr\u00e9carit\u00e9 \u00e9nerg\u00e9tique plus s\u00e9v\u00e8re pour les locataires du parc priv\u00e9 que du social\"}]},{\"@type\":\"WebSite\",\"@id\":\"https:\\\/\\\/batijournal.com\\\/#website\",\"url\":\"https:\\\/\\\/batijournal.com\\\/\",\"name\":\"Batijournal\",\"description\":\"L&#039;actualit\u00e9 du b\u00e2timent\",\"potentialAction\":[{\"@type\":\"SearchAction\",\"target\":{\"@type\":\"EntryPoint\",\"urlTemplate\":\"https:\\\/\\\/batijournal.com\\\/?s={search_term_string}\"},\"query-input\":{\"@type\":\"PropertyValueSpecification\",\"valueRequired\":true,\"valueName\":\"search_term_string\"}}],\"inLanguage\":\"fr-FR\"},{\"@type\":\"Person\",\"@id\":\"https:\\\/\\\/batijournal.com\\\/#\\\/schema\\\/person\\\/1dc96ec6957aa1ccb25ebe78bb19f100\",\"name\":\"St\u00e9phane Miget\",\"image\":{\"@type\":\"ImageObject\",\"inLanguage\":\"fr-FR\",\"@id\":\"https:\\\/\\\/secure.gravatar.com\\\/avatar\\\/89915563d925342126b8ef0281b93d9d7fc337043e8df017f780908eb9644451?s=96&d=mm&r=g\",\"url\":\"https:\\\/\\\/secure.gravatar.com\\\/avatar\\\/89915563d925342126b8ef0281b93d9d7fc337043e8df017f780908eb9644451?s=96&d=mm&r=g\",\"contentUrl\":\"https:\\\/\\\/secure.gravatar.com\\\/avatar\\\/89915563d925342126b8ef0281b93d9d7fc337043e8df017f780908eb9644451?s=96&d=mm&r=g\",\"caption\":\"St\u00e9phane Miget\"},\"url\":\"https:\\\/\\\/batijournal.com\\\/index.php\\\/author\\\/stephane\\\/\"}]}<\/script>\n<!-- \/ Yoast SEO plugin. -->","yoast_head_json":{"title":"La pr\u00e9carit\u00e9 \u00e9nerg\u00e9tique plus s\u00e9v\u00e8re pour les locataires du parc priv\u00e9 que du social","robots":{"index":"index","follow":"follow","max-snippet":"max-snippet:-1","max-image-preview":"max-image-preview:large","max-video-preview":"max-video-preview:-1"},"canonical":"https:\/\/batijournal.com\/index.php\/la-precarite-energetique-plus-severe-pour-les-locataires-du-parc-prive-que-du-social\/104530\/","og_locale":"fr_FR","og_type":"article","og_title":"La pr\u00e9carit\u00e9 \u00e9nerg\u00e9tique plus s\u00e9v\u00e8re pour les locataires du parc priv\u00e9 que du social","og_description":"A l\u2019occasion de la fin de la tr\u00eave hivernale prolong\u00e9e, l\u2019Observatoire National de la Pr\u00e9carit\u00e9 Energ\u00e9tique a publi\u00e9 deux \u00e9tudes sur la pr\u00e9carit\u00e9 \u00e9nerg\u00e9tique des m\u00e9nages dans les parcs locatifs priv\u00e9 et social. L\u2019ONPE s\u2019est int\u00e9ress\u00e9 aux locataires pauvres et \u00e0 revenus modestes des parcs social et priv\u00e9 qui connaissent des difficult\u00e9s \u00e0 r\u00e9gler leurs [&hellip;]","og_url":"https:\/\/batijournal.com\/index.php\/la-precarite-energetique-plus-severe-pour-les-locataires-du-parc-prive-que-du-social\/104530\/","og_site_name":"Batijournal","article_published_time":"2020-07-22T14:47:17+00:00","article_modified_time":"2020-07-22T14:51:42+00:00","og_image":[{"width":1201,"height":620,"url":"https:\/\/batijournal.com\/wp-content\/uploads\/2020\/07\/les-raison-du-froid-dans-les-logements.png","type":"image\/png"}],"author":"St\u00e9phane Miget","twitter_card":"summary_large_image","twitter_creator":"@bati_journal","twitter_site":"@bati_journal","twitter_misc":{"\u00c9crit par":"St\u00e9phane Miget","Dur\u00e9e de lecture estim\u00e9e":"2 minutes"},"schema":{"@context":"https:\/\/schema.org","@graph":[{"@type":"Article","@id":"https:\/\/batijournal.com\/index.php\/la-precarite-energetique-plus-severe-pour-les-locataires-du-parc-prive-que-du-social\/104530\/#article","isPartOf":{"@id":"https:\/\/batijournal.com\/index.php\/la-precarite-energetique-plus-severe-pour-les-locataires-du-parc-prive-que-du-social\/104530\/"},"author":{"name":"St\u00e9phane Miget","@id":"https:\/\/batijournal.com\/#\/schema\/person\/1dc96ec6957aa1ccb25ebe78bb19f100"},"headline":"La pr\u00e9carit\u00e9 \u00e9nerg\u00e9tique plus s\u00e9v\u00e8re pour les locataires du parc priv\u00e9 que du social","datePublished":"2020-07-22T14:47:17+00:00","dateModified":"2020-07-22T14:51:42+00:00","mainEntityOfPage":{"@id":"https:\/\/batijournal.com\/index.php\/la-precarite-energetique-plus-severe-pour-les-locataires-du-parc-prive-que-du-social\/104530\/"},"wordCount":386,"image":{"@id":"https:\/\/batijournal.com\/index.php\/la-precarite-energetique-plus-severe-pour-les-locataires-du-parc-prive-que-du-social\/104530\/#primaryimage"},"thumbnailUrl":"https:\/\/batijournal.com\/wp-content\/uploads\/2020\/07\/les-raison-du-froid-dans-les-logements.png","keywords":["pr\u00e9carit\u00e9 \u00e9nerg\u00e9tique"],"articleSection":["Actualit\u00e9s","Divers","zz_Actualit\u00e9s - Plan\u00e8te","zz_Plan\u00e8te B\u00e2timent"],"inLanguage":"fr-FR"},{"@type":"WebPage","@id":"https:\/\/batijournal.com\/index.php\/la-precarite-energetique-plus-severe-pour-les-locataires-du-parc-prive-que-du-social\/104530\/","url":"https:\/\/batijournal.com\/index.php\/la-precarite-energetique-plus-severe-pour-les-locataires-du-parc-prive-que-du-social\/104530\/","name":"La pr\u00e9carit\u00e9 \u00e9nerg\u00e9tique plus s\u00e9v\u00e8re pour les locataires du parc priv\u00e9 que du social","isPartOf":{"@id":"https:\/\/batijournal.com\/#website"},"primaryImageOfPage":{"@id":"https:\/\/batijournal.com\/index.php\/la-precarite-energetique-plus-severe-pour-les-locataires-du-parc-prive-que-du-social\/104530\/#primaryimage"},"image":{"@id":"https:\/\/batijournal.com\/index.php\/la-precarite-energetique-plus-severe-pour-les-locataires-du-parc-prive-que-du-social\/104530\/#primaryimage"},"thumbnailUrl":"https:\/\/batijournal.com\/wp-content\/uploads\/2020\/07\/les-raison-du-froid-dans-les-logements.png","datePublished":"2020-07-22T14:47:17+00:00","dateModified":"2020-07-22T14:51:42+00:00","author":{"@id":"https:\/\/batijournal.com\/#\/schema\/person\/1dc96ec6957aa1ccb25ebe78bb19f100"},"breadcrumb":{"@id":"https:\/\/batijournal.com\/index.php\/la-precarite-energetique-plus-severe-pour-les-locataires-du-parc-prive-que-du-social\/104530\/#breadcrumb"},"inLanguage":"fr-FR","potentialAction":[{"@type":"ReadAction","target":["https:\/\/batijournal.com\/index.php\/la-precarite-energetique-plus-severe-pour-les-locataires-du-parc-prive-que-du-social\/104530\/"]}]},{"@type":"ImageObject","inLanguage":"fr-FR","@id":"https:\/\/batijournal.com\/index.php\/la-precarite-energetique-plus-severe-pour-les-locataires-du-parc-prive-que-du-social\/104530\/#primaryimage","url":"https:\/\/batijournal.com\/wp-content\/uploads\/2020\/07\/les-raison-du-froid-dans-les-logements.png","contentUrl":"https:\/\/batijournal.com\/wp-content\/uploads\/2020\/07\/les-raison-du-froid-dans-les-logements.png","width":1201,"height":620},{"@type":"BreadcrumbList","@id":"https:\/\/batijournal.com\/index.php\/la-precarite-energetique-plus-severe-pour-les-locataires-du-parc-prive-que-du-social\/104530\/#breadcrumb","itemListElement":[{"@type":"ListItem","position":1,"name":"Accueil","item":"https:\/\/batijournal.com\/"},{"@type":"ListItem","position":2,"name":"Actualit\u00e9s","item":"https:\/\/batijournal.com\/index.php\/category\/actualites\/"},{"@type":"ListItem","position":3,"name":"Divers","item":"https:\/\/batijournal.com\/index.php\/category\/actualites\/services-equipements\/"},{"@type":"ListItem","position":4,"name":"La pr\u00e9carit\u00e9 \u00e9nerg\u00e9tique plus s\u00e9v\u00e8re pour les locataires du parc priv\u00e9 que du social"}]},{"@type":"WebSite","@id":"https:\/\/batijournal.com\/#website","url":"https:\/\/batijournal.com\/","name":"Batijournal","description":"L&#039;actualit\u00e9 du b\u00e2timent","potentialAction":[{"@type":"SearchAction","target":{"@type":"EntryPoint","urlTemplate":"https:\/\/batijournal.com\/?s={search_term_string}"},"query-input":{"@type":"PropertyValueSpecification","valueRequired":true,"valueName":"search_term_string"}}],"inLanguage":"fr-FR"},{"@type":"Person","@id":"https:\/\/batijournal.com\/#\/schema\/person\/1dc96ec6957aa1ccb25ebe78bb19f100","name":"St\u00e9phane Miget","image":{"@type":"ImageObject","inLanguage":"fr-FR","@id":"https:\/\/secure.gravatar.com\/avatar\/89915563d925342126b8ef0281b93d9d7fc337043e8df017f780908eb9644451?s=96&d=mm&r=g","url":"https:\/\/secure.gravatar.com\/avatar\/89915563d925342126b8ef0281b93d9d7fc337043e8df017f780908eb9644451?s=96&d=mm&r=g","contentUrl":"https:\/\/secure.gravatar.com\/avatar\/89915563d925342126b8ef0281b93d9d7fc337043e8df017f780908eb9644451?s=96&d=mm&r=g","caption":"St\u00e9phane Miget"},"url":"https:\/\/batijournal.com\/index.php\/author\/stephane\/"}]}},"_links":{"self":[{"href":"https:\/\/batijournal.com\/index.php\/wp-json\/wp\/v2\/posts\/104530","targetHints":{"allow":["GET"]}}],"collection":[{"href":"https:\/\/batijournal.com\/index.php\/wp-json\/wp\/v2\/posts"}],"about":[{"href":"https:\/\/batijournal.com\/index.php\/wp-json\/wp\/v2\/types\/post"}],"author":[{"embeddable":true,"href":"https:\/\/batijournal.com\/index.php\/wp-json\/wp\/v2\/users\/17"}],"replies":[{"embeddable":true,"href":"https:\/\/batijournal.com\/index.php\/wp-json\/wp\/v2\/comments?post=104530"}],"version-history":[{"count":0,"href":"https:\/\/batijournal.com\/index.php\/wp-json\/wp\/v2\/posts\/104530\/revisions"}],"wp:featuredmedia":[{"embeddable":true,"href":"https:\/\/batijournal.com\/index.php\/wp-json\/wp\/v2\/media\/104531"}],"wp:attachment":[{"href":"https:\/\/batijournal.com\/index.php\/wp-json\/wp\/v2\/media?parent=104530"}],"wp:term":[{"taxonomy":"category","embeddable":true,"href":"https:\/\/batijournal.com\/index.php\/wp-json\/wp\/v2\/categories?post=104530"},{"taxonomy":"post_tag","embeddable":true,"href":"https:\/\/batijournal.com\/index.php\/wp-json\/wp\/v2\/tags?post=104530"}],"curies":[{"name":"wp","href":"https:\/\/api.w.org\/{rel}","templated":true}]}}