{"id":104532,"date":"2020-07-23T07:27:13","date_gmt":"2020-07-23T05:27:13","guid":{"rendered":"https:\/\/batijournal.com\/?p=104532"},"modified":"2020-07-23T07:27:13","modified_gmt":"2020-07-23T05:27:13","slug":"le-grand-rendez-vous-des-francais-avec-le-patrimoine","status":"publish","type":"post","link":"https:\/\/batijournal.com\/index.php\/le-grand-rendez-vous-des-francais-avec-le-patrimoine\/104532\/","title":{"rendered":"Le grand rendez-vous des Fran\u00e7ais avec le patrimoine"},"content":{"rendered":"<p>Le grand rendez-vous annuel des Fran\u00e7ais avec leur patrimoine se d\u00e9roulera bien les samedi 19 et dimanche 20 septembre 2020 autour du th\u00e8me retenu dans toute l&rsquo;Europe \u00ab Patrimoine et \u00e9ducation : apprendre pour la vie ! \u00bb. Le temps d\u2019un week-end et partout en France, propri\u00e9taires publics et priv\u00e9s de monuments historiques, membres d\u2019associations de protection et de valorisation du patrimoine, conservateurs du patrimoine, restaurateurs de biens et d\u2019objets patrimoniaux, guides-conf\u00e9renciers, architectes en chef des monuments historiques&#8230; se mobiliseront pour accueillir les visiteurs dans le respect des recommandations sanitaires qui seront en vigueur au moment de l\u2019\u00e9v\u00e9nement. Il sera propos\u00e9 aux scolaires, d\u00e8s le vendredi 18 septembre, via l\u2019op\u00e9ration \u00ab Levez les yeux ! \u00bb conduite en partenariat avec le minist\u00e8re de l\u2019\u00c9ducation nationale et de la jeunesse, de (re)d\u00e9couvrir sous la conduite de leur enseignant le patrimoine qui les entoure. Sortir de la classe, regarder autour de soi le cadre de vie et ses \u00e9l\u00e9ments patrimoniaux, ou se rendre dans un \u00e9difice, y apprendre son histoire, celle d\u2019un objet ou d\u2019un geste patrimonial et sa signification dans un contexte local, r\u00e9gional, national voire europ\u00e9en. C\u2019est \u00e9galement l\u2019occasion de d\u00e9couvrir des m\u00e9tiers, des savoir-faire, prendre conscience de l\u2019importance de la protection de ce patrimoine pour leur g\u00e9n\u00e9ration et celles \u00e0 venir, et aussi, s\u2019\u00e9merveiller devant la beaut\u00e9 artistique et architecturale qui se pr\u00e9sentent \u00e0 leurs yeux.<\/p>\n","protected":false},"excerpt":{"rendered":"<p>Le grand rendez-vous annuel des Fran\u00e7ais avec leur patrimoine se d\u00e9roulera bien les samedi 19 et dimanche 20 septembre 2020 autour du th\u00e8me retenu dans toute l&rsquo;Europe \u00ab Patrimoine et \u00e9ducation : apprendre pour la vie ! \u00bb. Le temps d\u2019un week-end et partout en France, propri\u00e9taires publics et priv\u00e9s de monuments historiques, membres d\u2019associations [&hellip;]<\/p>\n","protected":false},"author":17,"featured_media":104533,"comment_status":"closed","ping_status":"closed","sticky":false,"template":"","format":"standard","meta":{"_et_pb_use_builder":"","_et_pb_old_content":"","_et_gb_content_width":"","footnotes":""},"categories":[10530,6340,10789,10785],"tags":[1307],"class_list":["post-104532","post","type-post","status-publish","format-standard","has-post-thumbnail","hentry","category-actualites","category-architecture-conception","category-publications-atrium","category-atrium","tag-journees-du-patrimoine"],"yoast_head":"<!-- This site is optimized with the Yoast SEO plugin v27.4 - https:\/\/yoast.com\/product\/yoast-seo-wordpress\/ -->\n<title>Le grand rendez-vous des Fran\u00e7ais avec le patrimoine<\/title>\n<meta name=\"robots\" content=\"index, follow, max-snippet:-1, max-image-preview:large, max-video-preview:-1\" \/>\n<link rel=\"canonical\" href=\"https:\/\/batijournal.com\/index.php\/le-grand-rendez-vous-des-francais-avec-le-patrimoine\/104532\/\" \/>\n<meta property=\"og:locale\" content=\"fr_FR\" \/>\n<meta property=\"og:type\" content=\"article\" \/>\n<meta property=\"og:title\" content=\"Le grand rendez-vous des Fran\u00e7ais avec le patrimoine\" \/>\n<meta property=\"og:description\" content=\"Le grand rendez-vous annuel des Fran\u00e7ais avec leur patrimoine se d\u00e9roulera bien les samedi 19 et dimanche 20 septembre 2020 autour du th\u00e8me retenu dans toute l&rsquo;Europe \u00ab Patrimoine et \u00e9ducation : apprendre pour la vie ! \u00bb. Le temps d\u2019un week-end et partout en France, propri\u00e9taires publics et priv\u00e9s de monuments historiques, membres d\u2019associations [&hellip;]\" \/>\n<meta property=\"og:url\" content=\"https:\/\/batijournal.com\/index.php\/le-grand-rendez-vous-des-francais-avec-le-patrimoine\/104532\/\" \/>\n<meta property=\"og:site_name\" content=\"Batijournal\" \/>\n<meta property=\"article:published_time\" content=\"2020-07-23T05:27:13+00:00\" \/>\n<meta property=\"og:image\" content=\"https:\/\/batijournal.com\/wp-content\/uploads\/2020\/07\/JEP20_A4.jpg\" \/>\n\t<meta property=\"og:image:width\" content=\"1241\" \/>\n\t<meta property=\"og:image:height\" content=\"1754\" \/>\n\t<meta property=\"og:image:type\" content=\"image\/jpeg\" \/>\n<meta name=\"author\" content=\"St\u00e9phane Miget\" \/>\n<meta name=\"twitter:card\" content=\"summary_large_image\" \/>\n<meta name=\"twitter:creator\" content=\"@bati_journal\" \/>\n<meta name=\"twitter:site\" content=\"@bati_journal\" \/>\n<meta name=\"twitter:label1\" content=\"\u00c9crit par\" \/>\n\t<meta name=\"twitter:data1\" content=\"St\u00e9phane Miget\" \/>\n\t<meta name=\"twitter:label2\" content=\"Dur\u00e9e de lecture estim\u00e9e\" \/>\n\t<meta name=\"twitter:data2\" content=\"1 minute\" \/>\n<script type=\"application\/ld+json\" class=\"yoast-schema-graph\">{\"@context\":\"https:\\\/\\\/schema.org\",\"@graph\":[{\"@type\":\"Article\",\"@id\":\"https:\\\/\\\/batijournal.com\\\/index.php\\\/le-grand-rendez-vous-des-francais-avec-le-patrimoine\\\/104532\\\/#article\",\"isPartOf\":{\"@id\":\"https:\\\/\\\/batijournal.com\\\/index.php\\\/le-grand-rendez-vous-des-francais-avec-le-patrimoine\\\/104532\\\/\"},\"author\":{\"name\":\"St\u00e9phane Miget\",\"@id\":\"https:\\\/\\\/batijournal.com\\\/#\\\/schema\\\/person\\\/1dc96ec6957aa1ccb25ebe78bb19f100\"},\"headline\":\"Le grand rendez-vous des Fran\u00e7ais avec le patrimoine\",\"datePublished\":\"2020-07-23T05:27:13+00:00\",\"mainEntityOfPage\":{\"@id\":\"https:\\\/\\\/batijournal.com\\\/index.php\\\/le-grand-rendez-vous-des-francais-avec-le-patrimoine\\\/104532\\\/\"},\"wordCount\":256,\"image\":{\"@id\":\"https:\\\/\\\/batijournal.com\\\/index.php\\\/le-grand-rendez-vous-des-francais-avec-le-patrimoine\\\/104532\\\/#primaryimage\"},\"thumbnailUrl\":\"https:\\\/\\\/batijournal.com\\\/wp-content\\\/uploads\\\/2020\\\/07\\\/JEP20_A4.jpg\",\"keywords\":[\"journ\u00e9es du patrimoine\"],\"articleSection\":[\"Actualit\u00e9s\",\"Architecture &amp; Conception\",\"zz_Actualit\u00e9s - Atrium\",\"zz_Atrium Patrimoine\"],\"inLanguage\":\"fr-FR\"},{\"@type\":\"WebPage\",\"@id\":\"https:\\\/\\\/batijournal.com\\\/index.php\\\/le-grand-rendez-vous-des-francais-avec-le-patrimoine\\\/104532\\\/\",\"url\":\"https:\\\/\\\/batijournal.com\\\/index.php\\\/le-grand-rendez-vous-des-francais-avec-le-patrimoine\\\/104532\\\/\",\"name\":\"Le grand rendez-vous des Fran\u00e7ais avec le patrimoine\",\"isPartOf\":{\"@id\":\"https:\\\/\\\/batijournal.com\\\/#website\"},\"primaryImageOfPage\":{\"@id\":\"https:\\\/\\\/batijournal.com\\\/index.php\\\/le-grand-rendez-vous-des-francais-avec-le-patrimoine\\\/104532\\\/#primaryimage\"},\"image\":{\"@id\":\"https:\\\/\\\/batijournal.com\\\/index.php\\\/le-grand-rendez-vous-des-francais-avec-le-patrimoine\\\/104532\\\/#primaryimage\"},\"thumbnailUrl\":\"https:\\\/\\\/batijournal.com\\\/wp-content\\\/uploads\\\/2020\\\/07\\\/JEP20_A4.jpg\",\"datePublished\":\"2020-07-23T05:27:13+00:00\",\"author\":{\"@id\":\"https:\\\/\\\/batijournal.com\\\/#\\\/schema\\\/person\\\/1dc96ec6957aa1ccb25ebe78bb19f100\"},\"breadcrumb\":{\"@id\":\"https:\\\/\\\/batijournal.com\\\/index.php\\\/le-grand-rendez-vous-des-francais-avec-le-patrimoine\\\/104532\\\/#breadcrumb\"},\"inLanguage\":\"fr-FR\",\"potentialAction\":[{\"@type\":\"ReadAction\",\"target\":[\"https:\\\/\\\/batijournal.com\\\/index.php\\\/le-grand-rendez-vous-des-francais-avec-le-patrimoine\\\/104532\\\/\"]}]},{\"@type\":\"ImageObject\",\"inLanguage\":\"fr-FR\",\"@id\":\"https:\\\/\\\/batijournal.com\\\/index.php\\\/le-grand-rendez-vous-des-francais-avec-le-patrimoine\\\/104532\\\/#primaryimage\",\"url\":\"https:\\\/\\\/batijournal.com\\\/wp-content\\\/uploads\\\/2020\\\/07\\\/JEP20_A4.jpg\",\"contentUrl\":\"https:\\\/\\\/batijournal.com\\\/wp-content\\\/uploads\\\/2020\\\/07\\\/JEP20_A4.jpg\",\"width\":1241,\"height\":1754},{\"@type\":\"BreadcrumbList\",\"@id\":\"https:\\\/\\\/batijournal.com\\\/index.php\\\/le-grand-rendez-vous-des-francais-avec-le-patrimoine\\\/104532\\\/#breadcrumb\",\"itemListElement\":[{\"@type\":\"ListItem\",\"position\":1,\"name\":\"Accueil\",\"item\":\"https:\\\/\\\/batijournal.com\\\/\"},{\"@type\":\"ListItem\",\"position\":2,\"name\":\"Actualit\u00e9s\",\"item\":\"https:\\\/\\\/batijournal.com\\\/index.php\\\/category\\\/actualites\\\/\"},{\"@type\":\"ListItem\",\"position\":3,\"name\":\"Architecture &amp; Conception\",\"item\":\"https:\\\/\\\/batijournal.com\\\/index.php\\\/category\\\/actualites\\\/architecture-conception\\\/\"},{\"@type\":\"ListItem\",\"position\":4,\"name\":\"Le grand rendez-vous des Fran\u00e7ais avec le patrimoine\"}]},{\"@type\":\"WebSite\",\"@id\":\"https:\\\/\\\/batijournal.com\\\/#website\",\"url\":\"https:\\\/\\\/batijournal.com\\\/\",\"name\":\"Batijournal\",\"description\":\"L&#039;actualit\u00e9 du b\u00e2timent\",\"potentialAction\":[{\"@type\":\"SearchAction\",\"target\":{\"@type\":\"EntryPoint\",\"urlTemplate\":\"https:\\\/\\\/batijournal.com\\\/?s={search_term_string}\"},\"query-input\":{\"@type\":\"PropertyValueSpecification\",\"valueRequired\":true,\"valueName\":\"search_term_string\"}}],\"inLanguage\":\"fr-FR\"},{\"@type\":\"Person\",\"@id\":\"https:\\\/\\\/batijournal.com\\\/#\\\/schema\\\/person\\\/1dc96ec6957aa1ccb25ebe78bb19f100\",\"name\":\"St\u00e9phane Miget\",\"image\":{\"@type\":\"ImageObject\",\"inLanguage\":\"fr-FR\",\"@id\":\"https:\\\/\\\/secure.gravatar.com\\\/avatar\\\/89915563d925342126b8ef0281b93d9d7fc337043e8df017f780908eb9644451?s=96&d=mm&r=g\",\"url\":\"https:\\\/\\\/secure.gravatar.com\\\/avatar\\\/89915563d925342126b8ef0281b93d9d7fc337043e8df017f780908eb9644451?s=96&d=mm&r=g\",\"contentUrl\":\"https:\\\/\\\/secure.gravatar.com\\\/avatar\\\/89915563d925342126b8ef0281b93d9d7fc337043e8df017f780908eb9644451?s=96&d=mm&r=g\",\"caption\":\"St\u00e9phane Miget\"},\"url\":\"https:\\\/\\\/batijournal.com\\\/index.php\\\/author\\\/stephane\\\/\"}]}<\/script>\n<!-- \/ Yoast SEO plugin. -->","yoast_head_json":{"title":"Le grand rendez-vous des Fran\u00e7ais avec le patrimoine","robots":{"index":"index","follow":"follow","max-snippet":"max-snippet:-1","max-image-preview":"max-image-preview:large","max-video-preview":"max-video-preview:-1"},"canonical":"https:\/\/batijournal.com\/index.php\/le-grand-rendez-vous-des-francais-avec-le-patrimoine\/104532\/","og_locale":"fr_FR","og_type":"article","og_title":"Le grand rendez-vous des Fran\u00e7ais avec le patrimoine","og_description":"Le grand rendez-vous annuel des Fran\u00e7ais avec leur patrimoine se d\u00e9roulera bien les samedi 19 et dimanche 20 septembre 2020 autour du th\u00e8me retenu dans toute l&rsquo;Europe \u00ab Patrimoine et \u00e9ducation : apprendre pour la vie ! \u00bb. Le temps d\u2019un week-end et partout en France, propri\u00e9taires publics et priv\u00e9s de monuments historiques, membres d\u2019associations [&hellip;]","og_url":"https:\/\/batijournal.com\/index.php\/le-grand-rendez-vous-des-francais-avec-le-patrimoine\/104532\/","og_site_name":"Batijournal","article_published_time":"2020-07-23T05:27:13+00:00","og_image":[{"width":1241,"height":1754,"url":"https:\/\/batijournal.com\/wp-content\/uploads\/2020\/07\/JEP20_A4.jpg","type":"image\/jpeg"}],"author":"St\u00e9phane Miget","twitter_card":"summary_large_image","twitter_creator":"@bati_journal","twitter_site":"@bati_journal","twitter_misc":{"\u00c9crit par":"St\u00e9phane Miget","Dur\u00e9e de lecture estim\u00e9e":"1 minute"},"schema":{"@context":"https:\/\/schema.org","@graph":[{"@type":"Article","@id":"https:\/\/batijournal.com\/index.php\/le-grand-rendez-vous-des-francais-avec-le-patrimoine\/104532\/#article","isPartOf":{"@id":"https:\/\/batijournal.com\/index.php\/le-grand-rendez-vous-des-francais-avec-le-patrimoine\/104532\/"},"author":{"name":"St\u00e9phane Miget","@id":"https:\/\/batijournal.com\/#\/schema\/person\/1dc96ec6957aa1ccb25ebe78bb19f100"},"headline":"Le grand rendez-vous des Fran\u00e7ais avec le patrimoine","datePublished":"2020-07-23T05:27:13+00:00","mainEntityOfPage":{"@id":"https:\/\/batijournal.com\/index.php\/le-grand-rendez-vous-des-francais-avec-le-patrimoine\/104532\/"},"wordCount":256,"image":{"@id":"https:\/\/batijournal.com\/index.php\/le-grand-rendez-vous-des-francais-avec-le-patrimoine\/104532\/#primaryimage"},"thumbnailUrl":"https:\/\/batijournal.com\/wp-content\/uploads\/2020\/07\/JEP20_A4.jpg","keywords":["journ\u00e9es du patrimoine"],"articleSection":["Actualit\u00e9s","Architecture &amp; Conception","zz_Actualit\u00e9s - Atrium","zz_Atrium Patrimoine"],"inLanguage":"fr-FR"},{"@type":"WebPage","@id":"https:\/\/batijournal.com\/index.php\/le-grand-rendez-vous-des-francais-avec-le-patrimoine\/104532\/","url":"https:\/\/batijournal.com\/index.php\/le-grand-rendez-vous-des-francais-avec-le-patrimoine\/104532\/","name":"Le grand rendez-vous des Fran\u00e7ais avec le patrimoine","isPartOf":{"@id":"https:\/\/batijournal.com\/#website"},"primaryImageOfPage":{"@id":"https:\/\/batijournal.com\/index.php\/le-grand-rendez-vous-des-francais-avec-le-patrimoine\/104532\/#primaryimage"},"image":{"@id":"https:\/\/batijournal.com\/index.php\/le-grand-rendez-vous-des-francais-avec-le-patrimoine\/104532\/#primaryimage"},"thumbnailUrl":"https:\/\/batijournal.com\/wp-content\/uploads\/2020\/07\/JEP20_A4.jpg","datePublished":"2020-07-23T05:27:13+00:00","author":{"@id":"https:\/\/batijournal.com\/#\/schema\/person\/1dc96ec6957aa1ccb25ebe78bb19f100"},"breadcrumb":{"@id":"https:\/\/batijournal.com\/index.php\/le-grand-rendez-vous-des-francais-avec-le-patrimoine\/104532\/#breadcrumb"},"inLanguage":"fr-FR","potentialAction":[{"@type":"ReadAction","target":["https:\/\/batijournal.com\/index.php\/le-grand-rendez-vous-des-francais-avec-le-patrimoine\/104532\/"]}]},{"@type":"ImageObject","inLanguage":"fr-FR","@id":"https:\/\/batijournal.com\/index.php\/le-grand-rendez-vous-des-francais-avec-le-patrimoine\/104532\/#primaryimage","url":"https:\/\/batijournal.com\/wp-content\/uploads\/2020\/07\/JEP20_A4.jpg","contentUrl":"https:\/\/batijournal.com\/wp-content\/uploads\/2020\/07\/JEP20_A4.jpg","width":1241,"height":1754},{"@type":"BreadcrumbList","@id":"https:\/\/batijournal.com\/index.php\/le-grand-rendez-vous-des-francais-avec-le-patrimoine\/104532\/#breadcrumb","itemListElement":[{"@type":"ListItem","position":1,"name":"Accueil","item":"https:\/\/batijournal.com\/"},{"@type":"ListItem","position":2,"name":"Actualit\u00e9s","item":"https:\/\/batijournal.com\/index.php\/category\/actualites\/"},{"@type":"ListItem","position":3,"name":"Architecture &amp; Conception","item":"https:\/\/batijournal.com\/index.php\/category\/actualites\/architecture-conception\/"},{"@type":"ListItem","position":4,"name":"Le grand rendez-vous des Fran\u00e7ais avec le patrimoine"}]},{"@type":"WebSite","@id":"https:\/\/batijournal.com\/#website","url":"https:\/\/batijournal.com\/","name":"Batijournal","description":"L&#039;actualit\u00e9 du b\u00e2timent","potentialAction":[{"@type":"SearchAction","target":{"@type":"EntryPoint","urlTemplate":"https:\/\/batijournal.com\/?s={search_term_string}"},"query-input":{"@type":"PropertyValueSpecification","valueRequired":true,"valueName":"search_term_string"}}],"inLanguage":"fr-FR"},{"@type":"Person","@id":"https:\/\/batijournal.com\/#\/schema\/person\/1dc96ec6957aa1ccb25ebe78bb19f100","name":"St\u00e9phane Miget","image":{"@type":"ImageObject","inLanguage":"fr-FR","@id":"https:\/\/secure.gravatar.com\/avatar\/89915563d925342126b8ef0281b93d9d7fc337043e8df017f780908eb9644451?s=96&d=mm&r=g","url":"https:\/\/secure.gravatar.com\/avatar\/89915563d925342126b8ef0281b93d9d7fc337043e8df017f780908eb9644451?s=96&d=mm&r=g","contentUrl":"https:\/\/secure.gravatar.com\/avatar\/89915563d925342126b8ef0281b93d9d7fc337043e8df017f780908eb9644451?s=96&d=mm&r=g","caption":"St\u00e9phane Miget"},"url":"https:\/\/batijournal.com\/index.php\/author\/stephane\/"}]}},"_links":{"self":[{"href":"https:\/\/batijournal.com\/index.php\/wp-json\/wp\/v2\/posts\/104532","targetHints":{"allow":["GET"]}}],"collection":[{"href":"https:\/\/batijournal.com\/index.php\/wp-json\/wp\/v2\/posts"}],"about":[{"href":"https:\/\/batijournal.com\/index.php\/wp-json\/wp\/v2\/types\/post"}],"author":[{"embeddable":true,"href":"https:\/\/batijournal.com\/index.php\/wp-json\/wp\/v2\/users\/17"}],"replies":[{"embeddable":true,"href":"https:\/\/batijournal.com\/index.php\/wp-json\/wp\/v2\/comments?post=104532"}],"version-history":[{"count":0,"href":"https:\/\/batijournal.com\/index.php\/wp-json\/wp\/v2\/posts\/104532\/revisions"}],"wp:featuredmedia":[{"embeddable":true,"href":"https:\/\/batijournal.com\/index.php\/wp-json\/wp\/v2\/media\/104533"}],"wp:attachment":[{"href":"https:\/\/batijournal.com\/index.php\/wp-json\/wp\/v2\/media?parent=104532"}],"wp:term":[{"taxonomy":"category","embeddable":true,"href":"https:\/\/batijournal.com\/index.php\/wp-json\/wp\/v2\/categories?post=104532"},{"taxonomy":"post_tag","embeddable":true,"href":"https:\/\/batijournal.com\/index.php\/wp-json\/wp\/v2\/tags?post=104532"}],"curies":[{"name":"wp","href":"https:\/\/api.w.org\/{rel}","templated":true}]}}