{"id":104545,"date":"2020-07-27T08:09:09","date_gmt":"2020-07-27T06:09:09","guid":{"rendered":"https:\/\/batijournal.com\/?p=104545"},"modified":"2020-07-27T08:09:09","modified_gmt":"2020-07-27T06:09:09","slug":"la-filiere-europeenne-du-solaire-thermique-sengage-pour-la-relance-verte","status":"publish","type":"post","link":"https:\/\/batijournal.com\/index.php\/la-filiere-europeenne-du-solaire-thermique-sengage-pour-la-relance-verte\/104545\/","title":{"rendered":"La fili\u00e8re europ\u00e9enne du solaire thermique s\u2019engage pour la relance verte"},"content":{"rendered":"<p>Suite \u00e0 l\u2019adoption du plan de relance par le Conseil Europ\u00e9en, la fili\u00e8re europ\u00e9enne de la chaleur et du froid solaires s\u2019est mobilis\u00e9e au sein d\u2019un plaidoyer commun pour affirmer son engagement \u00e0 une relance verte. <em>\u00ab Nous voulons montrer que la fili\u00e8re europ\u00e9enne de la chaleur solaire est pr\u00eate \u00e0 accomplir sa part pour aboutir \u00e0 une relance \u00e9conomique en phase avec les objectifs \u00e9nerg\u00e9tiques et climatiques fix\u00e9s sur notre continent \u00bb<\/em> explique Pedro Dias, Secr\u00e9taire G\u00e9n\u00e9ral de Solar Heat Europe, la f\u00e9d\u00e9ration europ\u00e9enne de la fili\u00e8re solaire thermique. Les signataires de ce plaidoyer de la fili\u00e8re repr\u00e9sentent plus de 150 entreprises et organismes de 20 pays europ\u00e9ens, et s\u2019engagent \u00e0 :<\/p>\n<p>&#8211; Promouvoir une approche multi-technologique aux besoins de chaleur et de froid<br \/>\n&#8211; Proposer de nouvelles solutions industrielles pour une fourniture de chaleur et un stockage<br \/>\nde l\u2019\u00e9nergie thermique d\u00e9centralis\u00e9s, s\u00e9curis\u00e9s et d\u00e9carbon\u00e9s<br \/>\n&#8211; Augmenter le solde positif \u00e0 l\u2019export du secteur<br \/>\n&#8211; Renforcer les activit\u00e9s de recherche et d\u00e9veloppement<br \/>\n&#8211; Soutenir les objectifs d\u2019une \u00e9conomie durable, optimisant les ressources et circulaire<\/p>\n<p>Elle lance un appel aux d\u00e9cideurs europ\u00e9ens pour leur demander d\u2019agir : <em>\u00ab Pour tenir ces promesses, nous aurons besoin d\u2019engagement et de soutien de la part des pouvoirs publics \u00bb<\/em> affirme Costas Travasaros, Pr\u00e9sident de Solar Heat Europe. <em>\u00ab <\/em><em>C\u2019est pourquoi nous formulons \u00e9galement une demande aupr\u00e8s de nos gouvernements afin qu\u2019ils mettent en place des mesures essentielles, comme un moratoire sur les \u00e9nergies fossiles et une offre de pr\u00eats bonifi\u00e9s aux consommateurs pour leur permettre d\u2019opter pour des solutions efficaces et renouvelables. \u00bb<\/em><\/p>\n","protected":false},"excerpt":{"rendered":"<p>Suite \u00e0 l\u2019adoption du plan de relance par le Conseil Europ\u00e9en, la fili\u00e8re europ\u00e9enne de la chaleur et du froid solaires s\u2019est mobilis\u00e9e au sein d\u2019un plaidoyer commun pour affirmer son engagement \u00e0 une relance verte. \u00ab Nous voulons montrer que la fili\u00e8re europ\u00e9enne de la chaleur solaire est pr\u00eate \u00e0 accomplir sa part pour [&hellip;]<\/p>\n","protected":false},"author":17,"featured_media":104546,"comment_status":"closed","ping_status":"closed","sticky":false,"template":"","format":"standard","meta":{"_et_pb_use_builder":"","_et_pb_old_content":"","_et_gb_content_width":"","footnotes":""},"categories":[10530,6351,10781,10778],"tags":[1216],"class_list":["post-104545","post","type-post","status-publish","format-standard","has-post-thumbnail","hentry","category-actualites","category-energie-environnement","category-publications-planete","category-planete","tag-solaire-thermique"],"yoast_head":"<!-- This site is optimized with the Yoast SEO plugin v27.4 - https:\/\/yoast.com\/product\/yoast-seo-wordpress\/ -->\n<title>La fili\u00e8re europ\u00e9enne du solaire thermique s\u2019engage pour la relance verte<\/title>\n<meta name=\"robots\" content=\"index, follow, max-snippet:-1, max-image-preview:large, max-video-preview:-1\" \/>\n<link rel=\"canonical\" href=\"https:\/\/batijournal.com\/index.php\/la-filiere-europeenne-du-solaire-thermique-sengage-pour-la-relance-verte\/104545\/\" \/>\n<meta property=\"og:locale\" content=\"fr_FR\" \/>\n<meta property=\"og:type\" content=\"article\" \/>\n<meta property=\"og:title\" content=\"La fili\u00e8re europ\u00e9enne du solaire thermique s\u2019engage pour la relance verte\" \/>\n<meta property=\"og:description\" content=\"Suite \u00e0 l\u2019adoption du plan de relance par le Conseil Europ\u00e9en, la fili\u00e8re europ\u00e9enne de la chaleur et du froid solaires s\u2019est mobilis\u00e9e au sein d\u2019un plaidoyer commun pour affirmer son engagement \u00e0 une relance verte. \u00ab Nous voulons montrer que la fili\u00e8re europ\u00e9enne de la chaleur solaire est pr\u00eate \u00e0 accomplir sa part pour [&hellip;]\" \/>\n<meta property=\"og:url\" content=\"https:\/\/batijournal.com\/index.php\/la-filiere-europeenne-du-solaire-thermique-sengage-pour-la-relance-verte\/104545\/\" \/>\n<meta property=\"og:site_name\" content=\"Batijournal\" \/>\n<meta property=\"article:published_time\" content=\"2020-07-27T06:09:09+00:00\" \/>\n<meta property=\"og:image\" content=\"https:\/\/batijournal.com\/wp-content\/uploads\/2020\/07\/solaire-thermique.png\" \/>\n\t<meta property=\"og:image:width\" content=\"990\" \/>\n\t<meta property=\"og:image:height\" content=\"488\" \/>\n\t<meta property=\"og:image:type\" content=\"image\/png\" \/>\n<meta name=\"author\" content=\"St\u00e9phane Miget\" \/>\n<meta name=\"twitter:card\" content=\"summary_large_image\" \/>\n<meta name=\"twitter:creator\" content=\"@bati_journal\" \/>\n<meta name=\"twitter:site\" content=\"@bati_journal\" \/>\n<meta name=\"twitter:label1\" content=\"\u00c9crit par\" \/>\n\t<meta name=\"twitter:data1\" content=\"St\u00e9phane Miget\" \/>\n\t<meta name=\"twitter:label2\" content=\"Dur\u00e9e de lecture estim\u00e9e\" \/>\n\t<meta name=\"twitter:data2\" content=\"1 minute\" \/>\n<script type=\"application\/ld+json\" class=\"yoast-schema-graph\">{\"@context\":\"https:\\\/\\\/schema.org\",\"@graph\":[{\"@type\":\"Article\",\"@id\":\"https:\\\/\\\/batijournal.com\\\/index.php\\\/la-filiere-europeenne-du-solaire-thermique-sengage-pour-la-relance-verte\\\/104545\\\/#article\",\"isPartOf\":{\"@id\":\"https:\\\/\\\/batijournal.com\\\/index.php\\\/la-filiere-europeenne-du-solaire-thermique-sengage-pour-la-relance-verte\\\/104545\\\/\"},\"author\":{\"name\":\"St\u00e9phane Miget\",\"@id\":\"https:\\\/\\\/batijournal.com\\\/#\\\/schema\\\/person\\\/1dc96ec6957aa1ccb25ebe78bb19f100\"},\"headline\":\"La fili\u00e8re europ\u00e9enne du solaire thermique s\u2019engage pour la relance verte\",\"datePublished\":\"2020-07-27T06:09:09+00:00\",\"mainEntityOfPage\":{\"@id\":\"https:\\\/\\\/batijournal.com\\\/index.php\\\/la-filiere-europeenne-du-solaire-thermique-sengage-pour-la-relance-verte\\\/104545\\\/\"},\"wordCount\":303,\"image\":{\"@id\":\"https:\\\/\\\/batijournal.com\\\/index.php\\\/la-filiere-europeenne-du-solaire-thermique-sengage-pour-la-relance-verte\\\/104545\\\/#primaryimage\"},\"thumbnailUrl\":\"https:\\\/\\\/batijournal.com\\\/wp-content\\\/uploads\\\/2020\\\/07\\\/solaire-thermique.png\",\"keywords\":[\"solaire thermique\"],\"articleSection\":[\"Actualit\u00e9s\",\"\u00c9nergie &amp; Environnement\",\"zz_Actualit\u00e9s - Plan\u00e8te\",\"zz_Plan\u00e8te B\u00e2timent\"],\"inLanguage\":\"fr-FR\"},{\"@type\":\"WebPage\",\"@id\":\"https:\\\/\\\/batijournal.com\\\/index.php\\\/la-filiere-europeenne-du-solaire-thermique-sengage-pour-la-relance-verte\\\/104545\\\/\",\"url\":\"https:\\\/\\\/batijournal.com\\\/index.php\\\/la-filiere-europeenne-du-solaire-thermique-sengage-pour-la-relance-verte\\\/104545\\\/\",\"name\":\"La fili\u00e8re europ\u00e9enne du solaire thermique s\u2019engage pour la relance verte\",\"isPartOf\":{\"@id\":\"https:\\\/\\\/batijournal.com\\\/#website\"},\"primaryImageOfPage\":{\"@id\":\"https:\\\/\\\/batijournal.com\\\/index.php\\\/la-filiere-europeenne-du-solaire-thermique-sengage-pour-la-relance-verte\\\/104545\\\/#primaryimage\"},\"image\":{\"@id\":\"https:\\\/\\\/batijournal.com\\\/index.php\\\/la-filiere-europeenne-du-solaire-thermique-sengage-pour-la-relance-verte\\\/104545\\\/#primaryimage\"},\"thumbnailUrl\":\"https:\\\/\\\/batijournal.com\\\/wp-content\\\/uploads\\\/2020\\\/07\\\/solaire-thermique.png\",\"datePublished\":\"2020-07-27T06:09:09+00:00\",\"author\":{\"@id\":\"https:\\\/\\\/batijournal.com\\\/#\\\/schema\\\/person\\\/1dc96ec6957aa1ccb25ebe78bb19f100\"},\"breadcrumb\":{\"@id\":\"https:\\\/\\\/batijournal.com\\\/index.php\\\/la-filiere-europeenne-du-solaire-thermique-sengage-pour-la-relance-verte\\\/104545\\\/#breadcrumb\"},\"inLanguage\":\"fr-FR\",\"potentialAction\":[{\"@type\":\"ReadAction\",\"target\":[\"https:\\\/\\\/batijournal.com\\\/index.php\\\/la-filiere-europeenne-du-solaire-thermique-sengage-pour-la-relance-verte\\\/104545\\\/\"]}]},{\"@type\":\"ImageObject\",\"inLanguage\":\"fr-FR\",\"@id\":\"https:\\\/\\\/batijournal.com\\\/index.php\\\/la-filiere-europeenne-du-solaire-thermique-sengage-pour-la-relance-verte\\\/104545\\\/#primaryimage\",\"url\":\"https:\\\/\\\/batijournal.com\\\/wp-content\\\/uploads\\\/2020\\\/07\\\/solaire-thermique.png\",\"contentUrl\":\"https:\\\/\\\/batijournal.com\\\/wp-content\\\/uploads\\\/2020\\\/07\\\/solaire-thermique.png\",\"width\":990,\"height\":488},{\"@type\":\"BreadcrumbList\",\"@id\":\"https:\\\/\\\/batijournal.com\\\/index.php\\\/la-filiere-europeenne-du-solaire-thermique-sengage-pour-la-relance-verte\\\/104545\\\/#breadcrumb\",\"itemListElement\":[{\"@type\":\"ListItem\",\"position\":1,\"name\":\"Accueil\",\"item\":\"https:\\\/\\\/batijournal.com\\\/\"},{\"@type\":\"ListItem\",\"position\":2,\"name\":\"Actualit\u00e9s\",\"item\":\"https:\\\/\\\/batijournal.com\\\/index.php\\\/category\\\/actualites\\\/\"},{\"@type\":\"ListItem\",\"position\":3,\"name\":\"\u00c9nergie &amp; Environnement\",\"item\":\"https:\\\/\\\/batijournal.com\\\/index.php\\\/category\\\/actualites\\\/energie-environnement\\\/\"},{\"@type\":\"ListItem\",\"position\":4,\"name\":\"La fili\u00e8re europ\u00e9enne du solaire thermique s\u2019engage pour la relance verte\"}]},{\"@type\":\"WebSite\",\"@id\":\"https:\\\/\\\/batijournal.com\\\/#website\",\"url\":\"https:\\\/\\\/batijournal.com\\\/\",\"name\":\"Batijournal\",\"description\":\"L&#039;actualit\u00e9 du b\u00e2timent\",\"potentialAction\":[{\"@type\":\"SearchAction\",\"target\":{\"@type\":\"EntryPoint\",\"urlTemplate\":\"https:\\\/\\\/batijournal.com\\\/?s={search_term_string}\"},\"query-input\":{\"@type\":\"PropertyValueSpecification\",\"valueRequired\":true,\"valueName\":\"search_term_string\"}}],\"inLanguage\":\"fr-FR\"},{\"@type\":\"Person\",\"@id\":\"https:\\\/\\\/batijournal.com\\\/#\\\/schema\\\/person\\\/1dc96ec6957aa1ccb25ebe78bb19f100\",\"name\":\"St\u00e9phane Miget\",\"image\":{\"@type\":\"ImageObject\",\"inLanguage\":\"fr-FR\",\"@id\":\"https:\\\/\\\/secure.gravatar.com\\\/avatar\\\/89915563d925342126b8ef0281b93d9d7fc337043e8df017f780908eb9644451?s=96&d=mm&r=g\",\"url\":\"https:\\\/\\\/secure.gravatar.com\\\/avatar\\\/89915563d925342126b8ef0281b93d9d7fc337043e8df017f780908eb9644451?s=96&d=mm&r=g\",\"contentUrl\":\"https:\\\/\\\/secure.gravatar.com\\\/avatar\\\/89915563d925342126b8ef0281b93d9d7fc337043e8df017f780908eb9644451?s=96&d=mm&r=g\",\"caption\":\"St\u00e9phane Miget\"},\"url\":\"https:\\\/\\\/batijournal.com\\\/index.php\\\/author\\\/stephane\\\/\"}]}<\/script>\n<!-- \/ Yoast SEO plugin. -->","yoast_head_json":{"title":"La fili\u00e8re europ\u00e9enne du solaire thermique s\u2019engage pour la relance verte","robots":{"index":"index","follow":"follow","max-snippet":"max-snippet:-1","max-image-preview":"max-image-preview:large","max-video-preview":"max-video-preview:-1"},"canonical":"https:\/\/batijournal.com\/index.php\/la-filiere-europeenne-du-solaire-thermique-sengage-pour-la-relance-verte\/104545\/","og_locale":"fr_FR","og_type":"article","og_title":"La fili\u00e8re europ\u00e9enne du solaire thermique s\u2019engage pour la relance verte","og_description":"Suite \u00e0 l\u2019adoption du plan de relance par le Conseil Europ\u00e9en, la fili\u00e8re europ\u00e9enne de la chaleur et du froid solaires s\u2019est mobilis\u00e9e au sein d\u2019un plaidoyer commun pour affirmer son engagement \u00e0 une relance verte. \u00ab Nous voulons montrer que la fili\u00e8re europ\u00e9enne de la chaleur solaire est pr\u00eate \u00e0 accomplir sa part pour [&hellip;]","og_url":"https:\/\/batijournal.com\/index.php\/la-filiere-europeenne-du-solaire-thermique-sengage-pour-la-relance-verte\/104545\/","og_site_name":"Batijournal","article_published_time":"2020-07-27T06:09:09+00:00","og_image":[{"width":990,"height":488,"url":"https:\/\/batijournal.com\/wp-content\/uploads\/2020\/07\/solaire-thermique.png","type":"image\/png"}],"author":"St\u00e9phane Miget","twitter_card":"summary_large_image","twitter_creator":"@bati_journal","twitter_site":"@bati_journal","twitter_misc":{"\u00c9crit par":"St\u00e9phane Miget","Dur\u00e9e de lecture estim\u00e9e":"1 minute"},"schema":{"@context":"https:\/\/schema.org","@graph":[{"@type":"Article","@id":"https:\/\/batijournal.com\/index.php\/la-filiere-europeenne-du-solaire-thermique-sengage-pour-la-relance-verte\/104545\/#article","isPartOf":{"@id":"https:\/\/batijournal.com\/index.php\/la-filiere-europeenne-du-solaire-thermique-sengage-pour-la-relance-verte\/104545\/"},"author":{"name":"St\u00e9phane Miget","@id":"https:\/\/batijournal.com\/#\/schema\/person\/1dc96ec6957aa1ccb25ebe78bb19f100"},"headline":"La fili\u00e8re europ\u00e9enne du solaire thermique s\u2019engage pour la relance verte","datePublished":"2020-07-27T06:09:09+00:00","mainEntityOfPage":{"@id":"https:\/\/batijournal.com\/index.php\/la-filiere-europeenne-du-solaire-thermique-sengage-pour-la-relance-verte\/104545\/"},"wordCount":303,"image":{"@id":"https:\/\/batijournal.com\/index.php\/la-filiere-europeenne-du-solaire-thermique-sengage-pour-la-relance-verte\/104545\/#primaryimage"},"thumbnailUrl":"https:\/\/batijournal.com\/wp-content\/uploads\/2020\/07\/solaire-thermique.png","keywords":["solaire thermique"],"articleSection":["Actualit\u00e9s","\u00c9nergie &amp; Environnement","zz_Actualit\u00e9s - Plan\u00e8te","zz_Plan\u00e8te B\u00e2timent"],"inLanguage":"fr-FR"},{"@type":"WebPage","@id":"https:\/\/batijournal.com\/index.php\/la-filiere-europeenne-du-solaire-thermique-sengage-pour-la-relance-verte\/104545\/","url":"https:\/\/batijournal.com\/index.php\/la-filiere-europeenne-du-solaire-thermique-sengage-pour-la-relance-verte\/104545\/","name":"La fili\u00e8re europ\u00e9enne du solaire thermique s\u2019engage pour la relance verte","isPartOf":{"@id":"https:\/\/batijournal.com\/#website"},"primaryImageOfPage":{"@id":"https:\/\/batijournal.com\/index.php\/la-filiere-europeenne-du-solaire-thermique-sengage-pour-la-relance-verte\/104545\/#primaryimage"},"image":{"@id":"https:\/\/batijournal.com\/index.php\/la-filiere-europeenne-du-solaire-thermique-sengage-pour-la-relance-verte\/104545\/#primaryimage"},"thumbnailUrl":"https:\/\/batijournal.com\/wp-content\/uploads\/2020\/07\/solaire-thermique.png","datePublished":"2020-07-27T06:09:09+00:00","author":{"@id":"https:\/\/batijournal.com\/#\/schema\/person\/1dc96ec6957aa1ccb25ebe78bb19f100"},"breadcrumb":{"@id":"https:\/\/batijournal.com\/index.php\/la-filiere-europeenne-du-solaire-thermique-sengage-pour-la-relance-verte\/104545\/#breadcrumb"},"inLanguage":"fr-FR","potentialAction":[{"@type":"ReadAction","target":["https:\/\/batijournal.com\/index.php\/la-filiere-europeenne-du-solaire-thermique-sengage-pour-la-relance-verte\/104545\/"]}]},{"@type":"ImageObject","inLanguage":"fr-FR","@id":"https:\/\/batijournal.com\/index.php\/la-filiere-europeenne-du-solaire-thermique-sengage-pour-la-relance-verte\/104545\/#primaryimage","url":"https:\/\/batijournal.com\/wp-content\/uploads\/2020\/07\/solaire-thermique.png","contentUrl":"https:\/\/batijournal.com\/wp-content\/uploads\/2020\/07\/solaire-thermique.png","width":990,"height":488},{"@type":"BreadcrumbList","@id":"https:\/\/batijournal.com\/index.php\/la-filiere-europeenne-du-solaire-thermique-sengage-pour-la-relance-verte\/104545\/#breadcrumb","itemListElement":[{"@type":"ListItem","position":1,"name":"Accueil","item":"https:\/\/batijournal.com\/"},{"@type":"ListItem","position":2,"name":"Actualit\u00e9s","item":"https:\/\/batijournal.com\/index.php\/category\/actualites\/"},{"@type":"ListItem","position":3,"name":"\u00c9nergie &amp; Environnement","item":"https:\/\/batijournal.com\/index.php\/category\/actualites\/energie-environnement\/"},{"@type":"ListItem","position":4,"name":"La fili\u00e8re europ\u00e9enne du solaire thermique s\u2019engage pour la relance verte"}]},{"@type":"WebSite","@id":"https:\/\/batijournal.com\/#website","url":"https:\/\/batijournal.com\/","name":"Batijournal","description":"L&#039;actualit\u00e9 du b\u00e2timent","potentialAction":[{"@type":"SearchAction","target":{"@type":"EntryPoint","urlTemplate":"https:\/\/batijournal.com\/?s={search_term_string}"},"query-input":{"@type":"PropertyValueSpecification","valueRequired":true,"valueName":"search_term_string"}}],"inLanguage":"fr-FR"},{"@type":"Person","@id":"https:\/\/batijournal.com\/#\/schema\/person\/1dc96ec6957aa1ccb25ebe78bb19f100","name":"St\u00e9phane Miget","image":{"@type":"ImageObject","inLanguage":"fr-FR","@id":"https:\/\/secure.gravatar.com\/avatar\/89915563d925342126b8ef0281b93d9d7fc337043e8df017f780908eb9644451?s=96&d=mm&r=g","url":"https:\/\/secure.gravatar.com\/avatar\/89915563d925342126b8ef0281b93d9d7fc337043e8df017f780908eb9644451?s=96&d=mm&r=g","contentUrl":"https:\/\/secure.gravatar.com\/avatar\/89915563d925342126b8ef0281b93d9d7fc337043e8df017f780908eb9644451?s=96&d=mm&r=g","caption":"St\u00e9phane Miget"},"url":"https:\/\/batijournal.com\/index.php\/author\/stephane\/"}]}},"_links":{"self":[{"href":"https:\/\/batijournal.com\/index.php\/wp-json\/wp\/v2\/posts\/104545","targetHints":{"allow":["GET"]}}],"collection":[{"href":"https:\/\/batijournal.com\/index.php\/wp-json\/wp\/v2\/posts"}],"about":[{"href":"https:\/\/batijournal.com\/index.php\/wp-json\/wp\/v2\/types\/post"}],"author":[{"embeddable":true,"href":"https:\/\/batijournal.com\/index.php\/wp-json\/wp\/v2\/users\/17"}],"replies":[{"embeddable":true,"href":"https:\/\/batijournal.com\/index.php\/wp-json\/wp\/v2\/comments?post=104545"}],"version-history":[{"count":0,"href":"https:\/\/batijournal.com\/index.php\/wp-json\/wp\/v2\/posts\/104545\/revisions"}],"wp:featuredmedia":[{"embeddable":true,"href":"https:\/\/batijournal.com\/index.php\/wp-json\/wp\/v2\/media\/104546"}],"wp:attachment":[{"href":"https:\/\/batijournal.com\/index.php\/wp-json\/wp\/v2\/media?parent=104545"}],"wp:term":[{"taxonomy":"category","embeddable":true,"href":"https:\/\/batijournal.com\/index.php\/wp-json\/wp\/v2\/categories?post=104545"},{"taxonomy":"post_tag","embeddable":true,"href":"https:\/\/batijournal.com\/index.php\/wp-json\/wp\/v2\/tags?post=104545"}],"curies":[{"name":"wp","href":"https:\/\/api.w.org\/{rel}","templated":true}]}}