{"id":104548,"date":"2020-07-27T08:25:38","date_gmt":"2020-07-27T06:25:38","guid":{"rendered":"https:\/\/batijournal.com\/?p=104548"},"modified":"2020-07-27T08:26:18","modified_gmt":"2020-07-27T06:26:18","slug":"cathedrale-de-nantes-lhomme-deja-suspecte-arrete","status":"publish","type":"post","link":"https:\/\/batijournal.com\/index.php\/cathedrale-de-nantes-lhomme-deja-suspecte-arrete\/104548\/","title":{"rendered":"Cath\u00e9drale de Nantes : l&rsquo;homme d\u00e9j\u00e0 suspect\u00e9 arr\u00eat\u00e9"},"content":{"rendered":"<p>Une semaine apr\u00e8s l&rsquo;incendie qui a notament d\u00e9truit le grand orgue de la cath\u00e9drale de Nantes, le b\u00e9n\u00e9vole du dioc\u00e8se d\u00e9j\u00e0 soup\u00e7onn\u00e9 a \u00e9t\u00e9 mis en examen et plac\u00e9 en d\u00e9tention dimanche 26 juillet 2020. Il avait d\u00e9j\u00e0 \u00e9t\u00e9 plac\u00e9 en garde \u00e0 vue quelques heures apr\u00e8s l&rsquo;ouverture de l&rsquo;enqu\u00eate, le 18 juillet, puis remis en libert\u00e9 le lendemain soir. C&rsquo;\u00e9tait la derni\u00e8re personne a avoir fr\u00e9quent\u00e9 la cath\u00e9drale avant l&rsquo;incendie. L&rsquo;enqu\u00eate avait r\u00e9v\u00e9l\u00e9 trois d\u00e9parts de feu distincts : <em>\u00ab\u00a0Entre le grand orgue, qui est sur la fa\u00e7ade au premier \u00e9tage et les autres feux, vous avez quasiment toute la distance de la cath\u00e9drale. Ils sont quand m\u00eame \u00e0 une distance cons\u00e9quente les uns des autres\u00a0\u00bb<\/em>, selon le procureur. Arriv\u00e9 en France en 2012, l&rsquo;homme \u00e9tait impliqu\u00e9 dans la vie paroissiale nantaise depuis quelques ann\u00e9es, a indiqu\u00e9 le recteur de la cath\u00e9drale de Nantes, le p\u00e8re Hubert Champenois.<em> \u00ab\u00a0C&rsquo;est un homme originaire du Rwanda qui est \u00e0 Nantes depuis plusieurs ann\u00e9es et qui habite dans une maison religieuse\u00a0\u00bb<\/em>, avait-il pr\u00e9cis\u00e9 \u00e0 franceinfo. Suite \u00e0 une \u00ab\u00a0obligation de quitter le territoire fran\u00e7ais\u00a0\u00bb, le b\u00e9n\u00e9vole avait essay\u00e9, sans r\u00e9sultats, de r\u00e9gulariser sa situation en demandant sa naturalisation.<\/p>\n","protected":false},"excerpt":{"rendered":"<p>Une semaine apr\u00e8s l&rsquo;incendie qui a notament d\u00e9truit le grand orgue de la cath\u00e9drale de Nantes, le b\u00e9n\u00e9vole du dioc\u00e8se d\u00e9j\u00e0 soup\u00e7onn\u00e9 a \u00e9t\u00e9 mis en examen et plac\u00e9 en d\u00e9tention dimanche 26 juillet 2020. Il avait d\u00e9j\u00e0 \u00e9t\u00e9 plac\u00e9 en garde \u00e0 vue quelques heures apr\u00e8s l&rsquo;ouverture de l&rsquo;enqu\u00eate, le 18 juillet, puis remis [&hellip;]<\/p>\n","protected":false},"author":17,"featured_media":104515,"comment_status":"closed","ping_status":"closed","sticky":false,"template":"","format":"standard","meta":{"_et_pb_use_builder":"","_et_pb_old_content":"","_et_gb_content_width":"","footnotes":""},"categories":[10530,6362,10789,10785],"tags":[6376],"class_list":["post-104548","post","type-post","status-publish","format-standard","has-post-thumbnail","hentry","category-actualites","category-services-equipements","category-publications-atrium","category-atrium","tag-monument-historique"],"yoast_head":"<!-- This site is optimized with the Yoast SEO plugin v27.4 - https:\/\/yoast.com\/product\/yoast-seo-wordpress\/ -->\n<title>Cath\u00e9drale de Nantes : l&#039;homme d\u00e9j\u00e0 suspect\u00e9 arr\u00eat\u00e9<\/title>\n<meta name=\"robots\" content=\"index, follow, max-snippet:-1, max-image-preview:large, max-video-preview:-1\" \/>\n<link rel=\"canonical\" href=\"https:\/\/batijournal.com\/index.php\/cathedrale-de-nantes-lhomme-deja-suspecte-arrete\/104548\/\" \/>\n<meta property=\"og:locale\" content=\"fr_FR\" \/>\n<meta property=\"og:type\" content=\"article\" \/>\n<meta property=\"og:title\" content=\"Cath\u00e9drale de Nantes : l&#039;homme d\u00e9j\u00e0 suspect\u00e9 arr\u00eat\u00e9\" \/>\n<meta property=\"og:description\" content=\"Une semaine apr\u00e8s l&rsquo;incendie qui a notament d\u00e9truit le grand orgue de la cath\u00e9drale de Nantes, le b\u00e9n\u00e9vole du dioc\u00e8se d\u00e9j\u00e0 soup\u00e7onn\u00e9 a \u00e9t\u00e9 mis en examen et plac\u00e9 en d\u00e9tention dimanche 26 juillet 2020. Il avait d\u00e9j\u00e0 \u00e9t\u00e9 plac\u00e9 en garde \u00e0 vue quelques heures apr\u00e8s l&rsquo;ouverture de l&rsquo;enqu\u00eate, le 18 juillet, puis remis [&hellip;]\" \/>\n<meta property=\"og:url\" content=\"https:\/\/batijournal.com\/index.php\/cathedrale-de-nantes-lhomme-deja-suspecte-arrete\/104548\/\" \/>\n<meta property=\"og:site_name\" content=\"Batijournal\" \/>\n<meta property=\"article:published_time\" content=\"2020-07-27T06:25:38+00:00\" \/>\n<meta property=\"article:modified_time\" content=\"2020-07-27T06:26:18+00:00\" \/>\n<meta property=\"og:image\" content=\"https:\/\/batijournal.com\/wp-content\/uploads\/2020\/07\/Nantes_Cathedrale_Saint-Pierre-et-Saint-Paul_Grandes-Orgues-scaled.jpg\" \/>\n\t<meta property=\"og:image:width\" content=\"1707\" \/>\n\t<meta property=\"og:image:height\" content=\"2560\" \/>\n\t<meta property=\"og:image:type\" content=\"image\/jpeg\" \/>\n<meta name=\"author\" content=\"St\u00e9phane Miget\" \/>\n<meta name=\"twitter:card\" content=\"summary_large_image\" \/>\n<meta name=\"twitter:creator\" content=\"@bati_journal\" \/>\n<meta name=\"twitter:site\" content=\"@bati_journal\" \/>\n<meta name=\"twitter:label1\" content=\"\u00c9crit par\" \/>\n\t<meta name=\"twitter:data1\" content=\"St\u00e9phane Miget\" \/>\n\t<meta name=\"twitter:label2\" content=\"Dur\u00e9e de lecture estim\u00e9e\" \/>\n\t<meta name=\"twitter:data2\" content=\"1 minute\" \/>\n<script type=\"application\/ld+json\" class=\"yoast-schema-graph\">{\"@context\":\"https:\\\/\\\/schema.org\",\"@graph\":[{\"@type\":\"Article\",\"@id\":\"https:\\\/\\\/batijournal.com\\\/index.php\\\/cathedrale-de-nantes-lhomme-deja-suspecte-arrete\\\/104548\\\/#article\",\"isPartOf\":{\"@id\":\"https:\\\/\\\/batijournal.com\\\/index.php\\\/cathedrale-de-nantes-lhomme-deja-suspecte-arrete\\\/104548\\\/\"},\"author\":{\"name\":\"St\u00e9phane Miget\",\"@id\":\"https:\\\/\\\/batijournal.com\\\/#\\\/schema\\\/person\\\/1dc96ec6957aa1ccb25ebe78bb19f100\"},\"headline\":\"Cath\u00e9drale de Nantes : l&rsquo;homme d\u00e9j\u00e0 suspect\u00e9 arr\u00eat\u00e9\",\"datePublished\":\"2020-07-27T06:25:38+00:00\",\"dateModified\":\"2020-07-27T06:26:18+00:00\",\"mainEntityOfPage\":{\"@id\":\"https:\\\/\\\/batijournal.com\\\/index.php\\\/cathedrale-de-nantes-lhomme-deja-suspecte-arrete\\\/104548\\\/\"},\"wordCount\":238,\"image\":{\"@id\":\"https:\\\/\\\/batijournal.com\\\/index.php\\\/cathedrale-de-nantes-lhomme-deja-suspecte-arrete\\\/104548\\\/#primaryimage\"},\"thumbnailUrl\":\"https:\\\/\\\/batijournal.com\\\/wp-content\\\/uploads\\\/2020\\\/07\\\/Nantes_Cathedrale_Saint-Pierre-et-Saint-Paul_Grandes-Orgues-scaled.jpg\",\"keywords\":[\"monument historique\"],\"articleSection\":[\"Actualit\u00e9s\",\"Divers\",\"zz_Actualit\u00e9s - Atrium\",\"zz_Atrium Patrimoine\"],\"inLanguage\":\"fr-FR\"},{\"@type\":\"WebPage\",\"@id\":\"https:\\\/\\\/batijournal.com\\\/index.php\\\/cathedrale-de-nantes-lhomme-deja-suspecte-arrete\\\/104548\\\/\",\"url\":\"https:\\\/\\\/batijournal.com\\\/index.php\\\/cathedrale-de-nantes-lhomme-deja-suspecte-arrete\\\/104548\\\/\",\"name\":\"Cath\u00e9drale de Nantes : l'homme d\u00e9j\u00e0 suspect\u00e9 arr\u00eat\u00e9\",\"isPartOf\":{\"@id\":\"https:\\\/\\\/batijournal.com\\\/#website\"},\"primaryImageOfPage\":{\"@id\":\"https:\\\/\\\/batijournal.com\\\/index.php\\\/cathedrale-de-nantes-lhomme-deja-suspecte-arrete\\\/104548\\\/#primaryimage\"},\"image\":{\"@id\":\"https:\\\/\\\/batijournal.com\\\/index.php\\\/cathedrale-de-nantes-lhomme-deja-suspecte-arrete\\\/104548\\\/#primaryimage\"},\"thumbnailUrl\":\"https:\\\/\\\/batijournal.com\\\/wp-content\\\/uploads\\\/2020\\\/07\\\/Nantes_Cathedrale_Saint-Pierre-et-Saint-Paul_Grandes-Orgues-scaled.jpg\",\"datePublished\":\"2020-07-27T06:25:38+00:00\",\"dateModified\":\"2020-07-27T06:26:18+00:00\",\"author\":{\"@id\":\"https:\\\/\\\/batijournal.com\\\/#\\\/schema\\\/person\\\/1dc96ec6957aa1ccb25ebe78bb19f100\"},\"breadcrumb\":{\"@id\":\"https:\\\/\\\/batijournal.com\\\/index.php\\\/cathedrale-de-nantes-lhomme-deja-suspecte-arrete\\\/104548\\\/#breadcrumb\"},\"inLanguage\":\"fr-FR\",\"potentialAction\":[{\"@type\":\"ReadAction\",\"target\":[\"https:\\\/\\\/batijournal.com\\\/index.php\\\/cathedrale-de-nantes-lhomme-deja-suspecte-arrete\\\/104548\\\/\"]}]},{\"@type\":\"ImageObject\",\"inLanguage\":\"fr-FR\",\"@id\":\"https:\\\/\\\/batijournal.com\\\/index.php\\\/cathedrale-de-nantes-lhomme-deja-suspecte-arrete\\\/104548\\\/#primaryimage\",\"url\":\"https:\\\/\\\/batijournal.com\\\/wp-content\\\/uploads\\\/2020\\\/07\\\/Nantes_Cathedrale_Saint-Pierre-et-Saint-Paul_Grandes-Orgues-scaled.jpg\",\"contentUrl\":\"https:\\\/\\\/batijournal.com\\\/wp-content\\\/uploads\\\/2020\\\/07\\\/Nantes_Cathedrale_Saint-Pierre-et-Saint-Paul_Grandes-Orgues-scaled.jpg\",\"width\":1707,\"height\":2560},{\"@type\":\"BreadcrumbList\",\"@id\":\"https:\\\/\\\/batijournal.com\\\/index.php\\\/cathedrale-de-nantes-lhomme-deja-suspecte-arrete\\\/104548\\\/#breadcrumb\",\"itemListElement\":[{\"@type\":\"ListItem\",\"position\":1,\"name\":\"Accueil\",\"item\":\"https:\\\/\\\/batijournal.com\\\/\"},{\"@type\":\"ListItem\",\"position\":2,\"name\":\"Actualit\u00e9s\",\"item\":\"https:\\\/\\\/batijournal.com\\\/index.php\\\/category\\\/actualites\\\/\"},{\"@type\":\"ListItem\",\"position\":3,\"name\":\"Divers\",\"item\":\"https:\\\/\\\/batijournal.com\\\/index.php\\\/category\\\/actualites\\\/services-equipements\\\/\"},{\"@type\":\"ListItem\",\"position\":4,\"name\":\"Cath\u00e9drale de Nantes : l&rsquo;homme d\u00e9j\u00e0 suspect\u00e9 arr\u00eat\u00e9\"}]},{\"@type\":\"WebSite\",\"@id\":\"https:\\\/\\\/batijournal.com\\\/#website\",\"url\":\"https:\\\/\\\/batijournal.com\\\/\",\"name\":\"Batijournal\",\"description\":\"L&#039;actualit\u00e9 du b\u00e2timent\",\"potentialAction\":[{\"@type\":\"SearchAction\",\"target\":{\"@type\":\"EntryPoint\",\"urlTemplate\":\"https:\\\/\\\/batijournal.com\\\/?s={search_term_string}\"},\"query-input\":{\"@type\":\"PropertyValueSpecification\",\"valueRequired\":true,\"valueName\":\"search_term_string\"}}],\"inLanguage\":\"fr-FR\"},{\"@type\":\"Person\",\"@id\":\"https:\\\/\\\/batijournal.com\\\/#\\\/schema\\\/person\\\/1dc96ec6957aa1ccb25ebe78bb19f100\",\"name\":\"St\u00e9phane Miget\",\"image\":{\"@type\":\"ImageObject\",\"inLanguage\":\"fr-FR\",\"@id\":\"https:\\\/\\\/secure.gravatar.com\\\/avatar\\\/89915563d925342126b8ef0281b93d9d7fc337043e8df017f780908eb9644451?s=96&d=mm&r=g\",\"url\":\"https:\\\/\\\/secure.gravatar.com\\\/avatar\\\/89915563d925342126b8ef0281b93d9d7fc337043e8df017f780908eb9644451?s=96&d=mm&r=g\",\"contentUrl\":\"https:\\\/\\\/secure.gravatar.com\\\/avatar\\\/89915563d925342126b8ef0281b93d9d7fc337043e8df017f780908eb9644451?s=96&d=mm&r=g\",\"caption\":\"St\u00e9phane Miget\"},\"url\":\"https:\\\/\\\/batijournal.com\\\/index.php\\\/author\\\/stephane\\\/\"}]}<\/script>\n<!-- \/ Yoast SEO plugin. -->","yoast_head_json":{"title":"Cath\u00e9drale de Nantes : l'homme d\u00e9j\u00e0 suspect\u00e9 arr\u00eat\u00e9","robots":{"index":"index","follow":"follow","max-snippet":"max-snippet:-1","max-image-preview":"max-image-preview:large","max-video-preview":"max-video-preview:-1"},"canonical":"https:\/\/batijournal.com\/index.php\/cathedrale-de-nantes-lhomme-deja-suspecte-arrete\/104548\/","og_locale":"fr_FR","og_type":"article","og_title":"Cath\u00e9drale de Nantes : l'homme d\u00e9j\u00e0 suspect\u00e9 arr\u00eat\u00e9","og_description":"Une semaine apr\u00e8s l&rsquo;incendie qui a notament d\u00e9truit le grand orgue de la cath\u00e9drale de Nantes, le b\u00e9n\u00e9vole du dioc\u00e8se d\u00e9j\u00e0 soup\u00e7onn\u00e9 a \u00e9t\u00e9 mis en examen et plac\u00e9 en d\u00e9tention dimanche 26 juillet 2020. Il avait d\u00e9j\u00e0 \u00e9t\u00e9 plac\u00e9 en garde \u00e0 vue quelques heures apr\u00e8s l&rsquo;ouverture de l&rsquo;enqu\u00eate, le 18 juillet, puis remis [&hellip;]","og_url":"https:\/\/batijournal.com\/index.php\/cathedrale-de-nantes-lhomme-deja-suspecte-arrete\/104548\/","og_site_name":"Batijournal","article_published_time":"2020-07-27T06:25:38+00:00","article_modified_time":"2020-07-27T06:26:18+00:00","og_image":[{"width":1707,"height":2560,"url":"https:\/\/batijournal.com\/wp-content\/uploads\/2020\/07\/Nantes_Cathedrale_Saint-Pierre-et-Saint-Paul_Grandes-Orgues-scaled.jpg","type":"image\/jpeg"}],"author":"St\u00e9phane Miget","twitter_card":"summary_large_image","twitter_creator":"@bati_journal","twitter_site":"@bati_journal","twitter_misc":{"\u00c9crit par":"St\u00e9phane Miget","Dur\u00e9e de lecture estim\u00e9e":"1 minute"},"schema":{"@context":"https:\/\/schema.org","@graph":[{"@type":"Article","@id":"https:\/\/batijournal.com\/index.php\/cathedrale-de-nantes-lhomme-deja-suspecte-arrete\/104548\/#article","isPartOf":{"@id":"https:\/\/batijournal.com\/index.php\/cathedrale-de-nantes-lhomme-deja-suspecte-arrete\/104548\/"},"author":{"name":"St\u00e9phane Miget","@id":"https:\/\/batijournal.com\/#\/schema\/person\/1dc96ec6957aa1ccb25ebe78bb19f100"},"headline":"Cath\u00e9drale de Nantes : l&rsquo;homme d\u00e9j\u00e0 suspect\u00e9 arr\u00eat\u00e9","datePublished":"2020-07-27T06:25:38+00:00","dateModified":"2020-07-27T06:26:18+00:00","mainEntityOfPage":{"@id":"https:\/\/batijournal.com\/index.php\/cathedrale-de-nantes-lhomme-deja-suspecte-arrete\/104548\/"},"wordCount":238,"image":{"@id":"https:\/\/batijournal.com\/index.php\/cathedrale-de-nantes-lhomme-deja-suspecte-arrete\/104548\/#primaryimage"},"thumbnailUrl":"https:\/\/batijournal.com\/wp-content\/uploads\/2020\/07\/Nantes_Cathedrale_Saint-Pierre-et-Saint-Paul_Grandes-Orgues-scaled.jpg","keywords":["monument historique"],"articleSection":["Actualit\u00e9s","Divers","zz_Actualit\u00e9s - Atrium","zz_Atrium Patrimoine"],"inLanguage":"fr-FR"},{"@type":"WebPage","@id":"https:\/\/batijournal.com\/index.php\/cathedrale-de-nantes-lhomme-deja-suspecte-arrete\/104548\/","url":"https:\/\/batijournal.com\/index.php\/cathedrale-de-nantes-lhomme-deja-suspecte-arrete\/104548\/","name":"Cath\u00e9drale de Nantes : l'homme d\u00e9j\u00e0 suspect\u00e9 arr\u00eat\u00e9","isPartOf":{"@id":"https:\/\/batijournal.com\/#website"},"primaryImageOfPage":{"@id":"https:\/\/batijournal.com\/index.php\/cathedrale-de-nantes-lhomme-deja-suspecte-arrete\/104548\/#primaryimage"},"image":{"@id":"https:\/\/batijournal.com\/index.php\/cathedrale-de-nantes-lhomme-deja-suspecte-arrete\/104548\/#primaryimage"},"thumbnailUrl":"https:\/\/batijournal.com\/wp-content\/uploads\/2020\/07\/Nantes_Cathedrale_Saint-Pierre-et-Saint-Paul_Grandes-Orgues-scaled.jpg","datePublished":"2020-07-27T06:25:38+00:00","dateModified":"2020-07-27T06:26:18+00:00","author":{"@id":"https:\/\/batijournal.com\/#\/schema\/person\/1dc96ec6957aa1ccb25ebe78bb19f100"},"breadcrumb":{"@id":"https:\/\/batijournal.com\/index.php\/cathedrale-de-nantes-lhomme-deja-suspecte-arrete\/104548\/#breadcrumb"},"inLanguage":"fr-FR","potentialAction":[{"@type":"ReadAction","target":["https:\/\/batijournal.com\/index.php\/cathedrale-de-nantes-lhomme-deja-suspecte-arrete\/104548\/"]}]},{"@type":"ImageObject","inLanguage":"fr-FR","@id":"https:\/\/batijournal.com\/index.php\/cathedrale-de-nantes-lhomme-deja-suspecte-arrete\/104548\/#primaryimage","url":"https:\/\/batijournal.com\/wp-content\/uploads\/2020\/07\/Nantes_Cathedrale_Saint-Pierre-et-Saint-Paul_Grandes-Orgues-scaled.jpg","contentUrl":"https:\/\/batijournal.com\/wp-content\/uploads\/2020\/07\/Nantes_Cathedrale_Saint-Pierre-et-Saint-Paul_Grandes-Orgues-scaled.jpg","width":1707,"height":2560},{"@type":"BreadcrumbList","@id":"https:\/\/batijournal.com\/index.php\/cathedrale-de-nantes-lhomme-deja-suspecte-arrete\/104548\/#breadcrumb","itemListElement":[{"@type":"ListItem","position":1,"name":"Accueil","item":"https:\/\/batijournal.com\/"},{"@type":"ListItem","position":2,"name":"Actualit\u00e9s","item":"https:\/\/batijournal.com\/index.php\/category\/actualites\/"},{"@type":"ListItem","position":3,"name":"Divers","item":"https:\/\/batijournal.com\/index.php\/category\/actualites\/services-equipements\/"},{"@type":"ListItem","position":4,"name":"Cath\u00e9drale de Nantes : l&rsquo;homme d\u00e9j\u00e0 suspect\u00e9 arr\u00eat\u00e9"}]},{"@type":"WebSite","@id":"https:\/\/batijournal.com\/#website","url":"https:\/\/batijournal.com\/","name":"Batijournal","description":"L&#039;actualit\u00e9 du b\u00e2timent","potentialAction":[{"@type":"SearchAction","target":{"@type":"EntryPoint","urlTemplate":"https:\/\/batijournal.com\/?s={search_term_string}"},"query-input":{"@type":"PropertyValueSpecification","valueRequired":true,"valueName":"search_term_string"}}],"inLanguage":"fr-FR"},{"@type":"Person","@id":"https:\/\/batijournal.com\/#\/schema\/person\/1dc96ec6957aa1ccb25ebe78bb19f100","name":"St\u00e9phane Miget","image":{"@type":"ImageObject","inLanguage":"fr-FR","@id":"https:\/\/secure.gravatar.com\/avatar\/89915563d925342126b8ef0281b93d9d7fc337043e8df017f780908eb9644451?s=96&d=mm&r=g","url":"https:\/\/secure.gravatar.com\/avatar\/89915563d925342126b8ef0281b93d9d7fc337043e8df017f780908eb9644451?s=96&d=mm&r=g","contentUrl":"https:\/\/secure.gravatar.com\/avatar\/89915563d925342126b8ef0281b93d9d7fc337043e8df017f780908eb9644451?s=96&d=mm&r=g","caption":"St\u00e9phane Miget"},"url":"https:\/\/batijournal.com\/index.php\/author\/stephane\/"}]}},"_links":{"self":[{"href":"https:\/\/batijournal.com\/index.php\/wp-json\/wp\/v2\/posts\/104548","targetHints":{"allow":["GET"]}}],"collection":[{"href":"https:\/\/batijournal.com\/index.php\/wp-json\/wp\/v2\/posts"}],"about":[{"href":"https:\/\/batijournal.com\/index.php\/wp-json\/wp\/v2\/types\/post"}],"author":[{"embeddable":true,"href":"https:\/\/batijournal.com\/index.php\/wp-json\/wp\/v2\/users\/17"}],"replies":[{"embeddable":true,"href":"https:\/\/batijournal.com\/index.php\/wp-json\/wp\/v2\/comments?post=104548"}],"version-history":[{"count":0,"href":"https:\/\/batijournal.com\/index.php\/wp-json\/wp\/v2\/posts\/104548\/revisions"}],"wp:featuredmedia":[{"embeddable":true,"href":"https:\/\/batijournal.com\/index.php\/wp-json\/wp\/v2\/media\/104515"}],"wp:attachment":[{"href":"https:\/\/batijournal.com\/index.php\/wp-json\/wp\/v2\/media?parent=104548"}],"wp:term":[{"taxonomy":"category","embeddable":true,"href":"https:\/\/batijournal.com\/index.php\/wp-json\/wp\/v2\/categories?post=104548"},{"taxonomy":"post_tag","embeddable":true,"href":"https:\/\/batijournal.com\/index.php\/wp-json\/wp\/v2\/tags?post=104548"}],"curies":[{"name":"wp","href":"https:\/\/api.w.org\/{rel}","templated":true}]}}