{"id":104566,"date":"2020-08-20T08:00:55","date_gmt":"2020-08-20T06:00:55","guid":{"rendered":"https:\/\/batijournal.com\/?p=104566"},"modified":"2020-08-20T08:00:55","modified_gmt":"2020-08-20T06:00:55","slug":"covid-19-la-rentree-sera-masquee-dans-les-entreprises","status":"publish","type":"post","link":"https:\/\/batijournal.com\/index.php\/covid-19-la-rentree-sera-masquee-dans-les-entreprises\/104566\/","title":{"rendered":"COVID-19 : la rentr\u00e9e sera masqu\u00e9e dans les entreprises"},"content":{"rendered":"<p>Face \u00e0 la recrudescence actuelle des cas de contamination par le COVID-19, Elisabeth Borne, ministre du Travail, de l\u2019Emploi et de l\u2019Insertion et Laurent Pietraszewski, secr\u00e9taire d\u2019Etat aupr\u00e8s de la ministre du Travail, de l\u2019Emploi et de l\u2019Insertion, charg\u00e9 des Retraites et de la Sant\u00e9 au Travail, se sont entretenus avec les partenaires sociaux au sujet de l\u2019\u00e9volution des r\u00e8gles sanitaires en entreprises en p\u00e9riode de COVID-19.<\/p>\n<p>Les services de l\u2019Etat surveillent de tr\u00e8s pr\u00e8s l\u2019\u00e9volution de l\u2019\u00e9pid\u00e9mie. Le nombre de clusters sur l\u2019ensemble du territoire augmente. et le milieu professionnel est concern\u00e9 : le nombre de clusters en cours d\u2019investigation \u00e0 l\u2019heure actuelle est de 268 tous secteurs dont 60 en milieu professionnel. Suite aux derni\u00e8res connaissances scientifiques, le Haut Conseil de la sant\u00e9 publique (HCSP) a publi\u00e9 un avis le 14 ao\u00fbt 2020 formulant plusieurs recommandations sur de nouvelles mesures de pr\u00e9vention \u00e0 mettre en \u0153uvre dans les espaces clos, et notamment dans les milieux professionnels. A ce titre, les ministres ont pr\u00e9sent\u00e9 aux partenaires sociaux plusieurs propositions d\u2019\u00e9volutions pour le protocole national qui r\u00e9pondent \u00e0 trois objectifs :<br \/>\n&#8211; Transformer le protocole de d\u00e9confinement en un protocole plus p\u00e9renne qui vise \u00e0 assurer la sant\u00e9 et la s\u00e9curit\u00e9 des travailleurs ;<br \/>\n&#8211; Prendre en compte l\u2019\u00e9volution de la situation sanitaire ;<br \/>\n&#8211; Int\u00e9grer les nouvelles recommandations formul\u00e9es par le HCSP.<\/p>\n<p>Les ministres ont pr\u00e9sent\u00e9 les \u00e9volutions envisag\u00e9es du protocole aux partenaires sociaux :<\/p>\n<p>&#8211; Syst\u00e9matiser le port du masque dans les espaces clos et partag\u00e9s au sein des entreprises et des associations (salles de r\u00e9union, open-space, couloirs, vestiaires, bureaux partag\u00e9s etc.). Il sera \u00e9tudi\u00e9, avec les partenaires sociaux, les modalit\u00e9s d\u2019une saisine du Haut Conseil de la sant\u00e9 publique sur les conditions envisageables d\u2019adaptation de cette nouvelle mesure. Dans le cas du bureau individuel, le port du masque ne s\u2019impose pas d\u00e8s lors qu\u2019il n\u2019y a qu\u2019une personne pr\u00e9sente.<\/p>\n<p>&#8211; Rappeler l\u2019importance des autres mesures barri\u00e8res compl\u00e9mentaires : la distanciation physique, le lavage r\u00e9gulier des mains (savon ou gel hydro alcoolique), le nettoyage et la d\u00e9sinfection des surfaces de travail, l\u2019a\u00e9ration des locaux&#8230;<\/p>\n<p>&#8211; Indiquer que le t\u00e9l\u00e9travail reste une pratique recommand\u00e9e en ce qu\u2019il participe \u00e0 la d\u00e9marche de pr\u00e9vention du risque d\u2019infection et permet de limiter l\u2019affluence dans les transports en commun. Des concertations des partenaires sociaux se poursuivent sur le t\u00e9l\u00e9travail et pourraient examiner les adaptations requises dans le cadre du recours au t\u00e9l\u00e9travail en p\u00e9riode de pic \u00e9pid\u00e9mique.<\/p>\n<p>&#8211; Rappeler et renforcer les recommandations en mati\u00e8re d\u2019h\u00e9bergement collectif des travailleurs, par exemple en privil\u00e9giant le logement individuel.<\/p>\n<p>Le protocole national de d\u00e9confinement, publi\u00e9 le 3 mai par le minist\u00e8re du Travail et mis \u00e0 jour le 24 juin et le 3 ao\u00fbt, accompagne l\u2019ensemble des entreprises et des associations dans la reprise de leur activit\u00e9 tout en leur permettant d\u2019assurer la protection sanitaire des salari\u00e9s. Il est \u00e0 ce jour le document de r\u00e9f\u00e9rence en mati\u00e8re de pr\u00e9vention de la sant\u00e9 des travailleurs face au risque sanitaire du COVID-19.<\/p>\n","protected":false},"excerpt":{"rendered":"<p>Face \u00e0 la recrudescence actuelle des cas de contamination par le COVID-19, Elisabeth Borne, ministre du Travail, de l\u2019Emploi et de l\u2019Insertion et Laurent Pietraszewski, secr\u00e9taire d\u2019Etat aupr\u00e8s de la ministre du Travail, de l\u2019Emploi et de l\u2019Insertion, charg\u00e9 des Retraites et de la Sant\u00e9 au Travail, se sont entretenus avec les partenaires sociaux au [&hellip;]<\/p>\n","protected":false},"author":17,"featured_media":104124,"comment_status":"closed","ping_status":"closed","sticky":false,"template":"","format":"standard","meta":{"_et_pb_use_builder":"","_et_pb_old_content":"","_et_gb_content_width":"","footnotes":""},"categories":[10736,10530,6362,6345],"tags":[12905],"class_list":["post-104566","post","type-post","status-publish","format-standard","has-post-thumbnail","hentry","category-a-la-une","category-actualites","category-services-equipements","category-economie-marches","tag-covid-19"],"yoast_head":"<!-- This site is optimized with the Yoast SEO plugin v27.4 - https:\/\/yoast.com\/product\/yoast-seo-wordpress\/ -->\n<title>COVID-19 : la rentr\u00e9e sera masqu\u00e9e dans les entreprises<\/title>\n<meta name=\"robots\" content=\"index, follow, max-snippet:-1, max-image-preview:large, max-video-preview:-1\" \/>\n<link rel=\"canonical\" href=\"https:\/\/batijournal.com\/index.php\/covid-19-la-rentree-sera-masquee-dans-les-entreprises\/104566\/\" \/>\n<meta property=\"og:locale\" content=\"fr_FR\" \/>\n<meta property=\"og:type\" content=\"article\" \/>\n<meta property=\"og:title\" content=\"COVID-19 : la rentr\u00e9e sera masqu\u00e9e dans les entreprises\" \/>\n<meta property=\"og:description\" content=\"Face \u00e0 la recrudescence actuelle des cas de contamination par le COVID-19, Elisabeth Borne, ministre du Travail, de l\u2019Emploi et de l\u2019Insertion et Laurent Pietraszewski, secr\u00e9taire d\u2019Etat aupr\u00e8s de la ministre du Travail, de l\u2019Emploi et de l\u2019Insertion, charg\u00e9 des Retraites et de la Sant\u00e9 au Travail, se sont entretenus avec les partenaires sociaux au [&hellip;]\" \/>\n<meta property=\"og:url\" content=\"https:\/\/batijournal.com\/index.php\/covid-19-la-rentree-sera-masquee-dans-les-entreprises\/104566\/\" \/>\n<meta property=\"og:site_name\" content=\"Batijournal\" \/>\n<meta property=\"article:published_time\" content=\"2020-08-20T06:00:55+00:00\" \/>\n<meta property=\"og:image\" content=\"https:\/\/batijournal.com\/wp-content\/uploads\/2020\/04\/masques-corona-virus.jpg\" \/>\n\t<meta property=\"og:image:width\" content=\"800\" \/>\n\t<meta property=\"og:image:height\" content=\"375\" \/>\n\t<meta property=\"og:image:type\" content=\"image\/jpeg\" \/>\n<meta name=\"author\" content=\"St\u00e9phane Miget\" \/>\n<meta name=\"twitter:card\" content=\"summary_large_image\" \/>\n<meta name=\"twitter:creator\" content=\"@bati_journal\" \/>\n<meta name=\"twitter:site\" content=\"@bati_journal\" \/>\n<meta name=\"twitter:label1\" content=\"\u00c9crit par\" \/>\n\t<meta name=\"twitter:data1\" content=\"St\u00e9phane Miget\" \/>\n\t<meta name=\"twitter:label2\" content=\"Dur\u00e9e de lecture estim\u00e9e\" \/>\n\t<meta name=\"twitter:data2\" content=\"3 minutes\" \/>\n<script type=\"application\/ld+json\" class=\"yoast-schema-graph\">{\"@context\":\"https:\\\/\\\/schema.org\",\"@graph\":[{\"@type\":\"Article\",\"@id\":\"https:\\\/\\\/batijournal.com\\\/index.php\\\/covid-19-la-rentree-sera-masquee-dans-les-entreprises\\\/104566\\\/#article\",\"isPartOf\":{\"@id\":\"https:\\\/\\\/batijournal.com\\\/index.php\\\/covid-19-la-rentree-sera-masquee-dans-les-entreprises\\\/104566\\\/\"},\"author\":{\"name\":\"St\u00e9phane Miget\",\"@id\":\"https:\\\/\\\/batijournal.com\\\/#\\\/schema\\\/person\\\/1dc96ec6957aa1ccb25ebe78bb19f100\"},\"headline\":\"COVID-19 : la rentr\u00e9e sera masqu\u00e9e dans les entreprises\",\"datePublished\":\"2020-08-20T06:00:55+00:00\",\"mainEntityOfPage\":{\"@id\":\"https:\\\/\\\/batijournal.com\\\/index.php\\\/covid-19-la-rentree-sera-masquee-dans-les-entreprises\\\/104566\\\/\"},\"wordCount\":566,\"image\":{\"@id\":\"https:\\\/\\\/batijournal.com\\\/index.php\\\/covid-19-la-rentree-sera-masquee-dans-les-entreprises\\\/104566\\\/#primaryimage\"},\"thumbnailUrl\":\"https:\\\/\\\/batijournal.com\\\/wp-content\\\/uploads\\\/2020\\\/04\\\/masques-corona-virus.jpg\",\"keywords\":[\"covid-19\"],\"articleSection\":[\"A la Une\",\"Actualit\u00e9s\",\"Divers\",\"\u00c9conomie &amp; March\u00e9s\"],\"inLanguage\":\"fr-FR\"},{\"@type\":\"WebPage\",\"@id\":\"https:\\\/\\\/batijournal.com\\\/index.php\\\/covid-19-la-rentree-sera-masquee-dans-les-entreprises\\\/104566\\\/\",\"url\":\"https:\\\/\\\/batijournal.com\\\/index.php\\\/covid-19-la-rentree-sera-masquee-dans-les-entreprises\\\/104566\\\/\",\"name\":\"COVID-19 : la rentr\u00e9e sera masqu\u00e9e dans les entreprises\",\"isPartOf\":{\"@id\":\"https:\\\/\\\/batijournal.com\\\/#website\"},\"primaryImageOfPage\":{\"@id\":\"https:\\\/\\\/batijournal.com\\\/index.php\\\/covid-19-la-rentree-sera-masquee-dans-les-entreprises\\\/104566\\\/#primaryimage\"},\"image\":{\"@id\":\"https:\\\/\\\/batijournal.com\\\/index.php\\\/covid-19-la-rentree-sera-masquee-dans-les-entreprises\\\/104566\\\/#primaryimage\"},\"thumbnailUrl\":\"https:\\\/\\\/batijournal.com\\\/wp-content\\\/uploads\\\/2020\\\/04\\\/masques-corona-virus.jpg\",\"datePublished\":\"2020-08-20T06:00:55+00:00\",\"author\":{\"@id\":\"https:\\\/\\\/batijournal.com\\\/#\\\/schema\\\/person\\\/1dc96ec6957aa1ccb25ebe78bb19f100\"},\"breadcrumb\":{\"@id\":\"https:\\\/\\\/batijournal.com\\\/index.php\\\/covid-19-la-rentree-sera-masquee-dans-les-entreprises\\\/104566\\\/#breadcrumb\"},\"inLanguage\":\"fr-FR\",\"potentialAction\":[{\"@type\":\"ReadAction\",\"target\":[\"https:\\\/\\\/batijournal.com\\\/index.php\\\/covid-19-la-rentree-sera-masquee-dans-les-entreprises\\\/104566\\\/\"]}]},{\"@type\":\"ImageObject\",\"inLanguage\":\"fr-FR\",\"@id\":\"https:\\\/\\\/batijournal.com\\\/index.php\\\/covid-19-la-rentree-sera-masquee-dans-les-entreprises\\\/104566\\\/#primaryimage\",\"url\":\"https:\\\/\\\/batijournal.com\\\/wp-content\\\/uploads\\\/2020\\\/04\\\/masques-corona-virus.jpg\",\"contentUrl\":\"https:\\\/\\\/batijournal.com\\\/wp-content\\\/uploads\\\/2020\\\/04\\\/masques-corona-virus.jpg\",\"width\":800,\"height\":375},{\"@type\":\"BreadcrumbList\",\"@id\":\"https:\\\/\\\/batijournal.com\\\/index.php\\\/covid-19-la-rentree-sera-masquee-dans-les-entreprises\\\/104566\\\/#breadcrumb\",\"itemListElement\":[{\"@type\":\"ListItem\",\"position\":1,\"name\":\"Accueil\",\"item\":\"https:\\\/\\\/batijournal.com\\\/\"},{\"@type\":\"ListItem\",\"position\":2,\"name\":\"Actualit\u00e9s\",\"item\":\"https:\\\/\\\/batijournal.com\\\/index.php\\\/category\\\/actualites\\\/\"},{\"@type\":\"ListItem\",\"position\":3,\"name\":\"Divers\",\"item\":\"https:\\\/\\\/batijournal.com\\\/index.php\\\/category\\\/actualites\\\/services-equipements\\\/\"},{\"@type\":\"ListItem\",\"position\":4,\"name\":\"COVID-19 : la rentr\u00e9e sera masqu\u00e9e dans les entreprises\"}]},{\"@type\":\"WebSite\",\"@id\":\"https:\\\/\\\/batijournal.com\\\/#website\",\"url\":\"https:\\\/\\\/batijournal.com\\\/\",\"name\":\"Batijournal\",\"description\":\"L&#039;actualit\u00e9 du b\u00e2timent\",\"potentialAction\":[{\"@type\":\"SearchAction\",\"target\":{\"@type\":\"EntryPoint\",\"urlTemplate\":\"https:\\\/\\\/batijournal.com\\\/?s={search_term_string}\"},\"query-input\":{\"@type\":\"PropertyValueSpecification\",\"valueRequired\":true,\"valueName\":\"search_term_string\"}}],\"inLanguage\":\"fr-FR\"},{\"@type\":\"Person\",\"@id\":\"https:\\\/\\\/batijournal.com\\\/#\\\/schema\\\/person\\\/1dc96ec6957aa1ccb25ebe78bb19f100\",\"name\":\"St\u00e9phane Miget\",\"image\":{\"@type\":\"ImageObject\",\"inLanguage\":\"fr-FR\",\"@id\":\"https:\\\/\\\/secure.gravatar.com\\\/avatar\\\/89915563d925342126b8ef0281b93d9d7fc337043e8df017f780908eb9644451?s=96&d=mm&r=g\",\"url\":\"https:\\\/\\\/secure.gravatar.com\\\/avatar\\\/89915563d925342126b8ef0281b93d9d7fc337043e8df017f780908eb9644451?s=96&d=mm&r=g\",\"contentUrl\":\"https:\\\/\\\/secure.gravatar.com\\\/avatar\\\/89915563d925342126b8ef0281b93d9d7fc337043e8df017f780908eb9644451?s=96&d=mm&r=g\",\"caption\":\"St\u00e9phane Miget\"},\"url\":\"https:\\\/\\\/batijournal.com\\\/index.php\\\/author\\\/stephane\\\/\"}]}<\/script>\n<!-- \/ Yoast SEO plugin. -->","yoast_head_json":{"title":"COVID-19 : la rentr\u00e9e sera masqu\u00e9e dans les entreprises","robots":{"index":"index","follow":"follow","max-snippet":"max-snippet:-1","max-image-preview":"max-image-preview:large","max-video-preview":"max-video-preview:-1"},"canonical":"https:\/\/batijournal.com\/index.php\/covid-19-la-rentree-sera-masquee-dans-les-entreprises\/104566\/","og_locale":"fr_FR","og_type":"article","og_title":"COVID-19 : la rentr\u00e9e sera masqu\u00e9e dans les entreprises","og_description":"Face \u00e0 la recrudescence actuelle des cas de contamination par le COVID-19, Elisabeth Borne, ministre du Travail, de l\u2019Emploi et de l\u2019Insertion et Laurent Pietraszewski, secr\u00e9taire d\u2019Etat aupr\u00e8s de la ministre du Travail, de l\u2019Emploi et de l\u2019Insertion, charg\u00e9 des Retraites et de la Sant\u00e9 au Travail, se sont entretenus avec les partenaires sociaux au [&hellip;]","og_url":"https:\/\/batijournal.com\/index.php\/covid-19-la-rentree-sera-masquee-dans-les-entreprises\/104566\/","og_site_name":"Batijournal","article_published_time":"2020-08-20T06:00:55+00:00","og_image":[{"width":800,"height":375,"url":"https:\/\/batijournal.com\/wp-content\/uploads\/2020\/04\/masques-corona-virus.jpg","type":"image\/jpeg"}],"author":"St\u00e9phane Miget","twitter_card":"summary_large_image","twitter_creator":"@bati_journal","twitter_site":"@bati_journal","twitter_misc":{"\u00c9crit par":"St\u00e9phane Miget","Dur\u00e9e de lecture estim\u00e9e":"3 minutes"},"schema":{"@context":"https:\/\/schema.org","@graph":[{"@type":"Article","@id":"https:\/\/batijournal.com\/index.php\/covid-19-la-rentree-sera-masquee-dans-les-entreprises\/104566\/#article","isPartOf":{"@id":"https:\/\/batijournal.com\/index.php\/covid-19-la-rentree-sera-masquee-dans-les-entreprises\/104566\/"},"author":{"name":"St\u00e9phane Miget","@id":"https:\/\/batijournal.com\/#\/schema\/person\/1dc96ec6957aa1ccb25ebe78bb19f100"},"headline":"COVID-19 : la rentr\u00e9e sera masqu\u00e9e dans les entreprises","datePublished":"2020-08-20T06:00:55+00:00","mainEntityOfPage":{"@id":"https:\/\/batijournal.com\/index.php\/covid-19-la-rentree-sera-masquee-dans-les-entreprises\/104566\/"},"wordCount":566,"image":{"@id":"https:\/\/batijournal.com\/index.php\/covid-19-la-rentree-sera-masquee-dans-les-entreprises\/104566\/#primaryimage"},"thumbnailUrl":"https:\/\/batijournal.com\/wp-content\/uploads\/2020\/04\/masques-corona-virus.jpg","keywords":["covid-19"],"articleSection":["A la Une","Actualit\u00e9s","Divers","\u00c9conomie &amp; March\u00e9s"],"inLanguage":"fr-FR"},{"@type":"WebPage","@id":"https:\/\/batijournal.com\/index.php\/covid-19-la-rentree-sera-masquee-dans-les-entreprises\/104566\/","url":"https:\/\/batijournal.com\/index.php\/covid-19-la-rentree-sera-masquee-dans-les-entreprises\/104566\/","name":"COVID-19 : la rentr\u00e9e sera masqu\u00e9e dans les entreprises","isPartOf":{"@id":"https:\/\/batijournal.com\/#website"},"primaryImageOfPage":{"@id":"https:\/\/batijournal.com\/index.php\/covid-19-la-rentree-sera-masquee-dans-les-entreprises\/104566\/#primaryimage"},"image":{"@id":"https:\/\/batijournal.com\/index.php\/covid-19-la-rentree-sera-masquee-dans-les-entreprises\/104566\/#primaryimage"},"thumbnailUrl":"https:\/\/batijournal.com\/wp-content\/uploads\/2020\/04\/masques-corona-virus.jpg","datePublished":"2020-08-20T06:00:55+00:00","author":{"@id":"https:\/\/batijournal.com\/#\/schema\/person\/1dc96ec6957aa1ccb25ebe78bb19f100"},"breadcrumb":{"@id":"https:\/\/batijournal.com\/index.php\/covid-19-la-rentree-sera-masquee-dans-les-entreprises\/104566\/#breadcrumb"},"inLanguage":"fr-FR","potentialAction":[{"@type":"ReadAction","target":["https:\/\/batijournal.com\/index.php\/covid-19-la-rentree-sera-masquee-dans-les-entreprises\/104566\/"]}]},{"@type":"ImageObject","inLanguage":"fr-FR","@id":"https:\/\/batijournal.com\/index.php\/covid-19-la-rentree-sera-masquee-dans-les-entreprises\/104566\/#primaryimage","url":"https:\/\/batijournal.com\/wp-content\/uploads\/2020\/04\/masques-corona-virus.jpg","contentUrl":"https:\/\/batijournal.com\/wp-content\/uploads\/2020\/04\/masques-corona-virus.jpg","width":800,"height":375},{"@type":"BreadcrumbList","@id":"https:\/\/batijournal.com\/index.php\/covid-19-la-rentree-sera-masquee-dans-les-entreprises\/104566\/#breadcrumb","itemListElement":[{"@type":"ListItem","position":1,"name":"Accueil","item":"https:\/\/batijournal.com\/"},{"@type":"ListItem","position":2,"name":"Actualit\u00e9s","item":"https:\/\/batijournal.com\/index.php\/category\/actualites\/"},{"@type":"ListItem","position":3,"name":"Divers","item":"https:\/\/batijournal.com\/index.php\/category\/actualites\/services-equipements\/"},{"@type":"ListItem","position":4,"name":"COVID-19 : la rentr\u00e9e sera masqu\u00e9e dans les entreprises"}]},{"@type":"WebSite","@id":"https:\/\/batijournal.com\/#website","url":"https:\/\/batijournal.com\/","name":"Batijournal","description":"L&#039;actualit\u00e9 du b\u00e2timent","potentialAction":[{"@type":"SearchAction","target":{"@type":"EntryPoint","urlTemplate":"https:\/\/batijournal.com\/?s={search_term_string}"},"query-input":{"@type":"PropertyValueSpecification","valueRequired":true,"valueName":"search_term_string"}}],"inLanguage":"fr-FR"},{"@type":"Person","@id":"https:\/\/batijournal.com\/#\/schema\/person\/1dc96ec6957aa1ccb25ebe78bb19f100","name":"St\u00e9phane Miget","image":{"@type":"ImageObject","inLanguage":"fr-FR","@id":"https:\/\/secure.gravatar.com\/avatar\/89915563d925342126b8ef0281b93d9d7fc337043e8df017f780908eb9644451?s=96&d=mm&r=g","url":"https:\/\/secure.gravatar.com\/avatar\/89915563d925342126b8ef0281b93d9d7fc337043e8df017f780908eb9644451?s=96&d=mm&r=g","contentUrl":"https:\/\/secure.gravatar.com\/avatar\/89915563d925342126b8ef0281b93d9d7fc337043e8df017f780908eb9644451?s=96&d=mm&r=g","caption":"St\u00e9phane Miget"},"url":"https:\/\/batijournal.com\/index.php\/author\/stephane\/"}]}},"_links":{"self":[{"href":"https:\/\/batijournal.com\/index.php\/wp-json\/wp\/v2\/posts\/104566","targetHints":{"allow":["GET"]}}],"collection":[{"href":"https:\/\/batijournal.com\/index.php\/wp-json\/wp\/v2\/posts"}],"about":[{"href":"https:\/\/batijournal.com\/index.php\/wp-json\/wp\/v2\/types\/post"}],"author":[{"embeddable":true,"href":"https:\/\/batijournal.com\/index.php\/wp-json\/wp\/v2\/users\/17"}],"replies":[{"embeddable":true,"href":"https:\/\/batijournal.com\/index.php\/wp-json\/wp\/v2\/comments?post=104566"}],"version-history":[{"count":0,"href":"https:\/\/batijournal.com\/index.php\/wp-json\/wp\/v2\/posts\/104566\/revisions"}],"wp:featuredmedia":[{"embeddable":true,"href":"https:\/\/batijournal.com\/index.php\/wp-json\/wp\/v2\/media\/104124"}],"wp:attachment":[{"href":"https:\/\/batijournal.com\/index.php\/wp-json\/wp\/v2\/media?parent=104566"}],"wp:term":[{"taxonomy":"category","embeddable":true,"href":"https:\/\/batijournal.com\/index.php\/wp-json\/wp\/v2\/categories?post=104566"},{"taxonomy":"post_tag","embeddable":true,"href":"https:\/\/batijournal.com\/index.php\/wp-json\/wp\/v2\/tags?post=104566"}],"curies":[{"name":"wp","href":"https:\/\/api.w.org\/{rel}","templated":true}]}}