{"id":104583,"date":"2020-09-01T08:22:27","date_gmt":"2020-09-01T06:22:27","guid":{"rendered":"https:\/\/batijournal.com\/?p=104583"},"modified":"2020-09-01T08:22:27","modified_gmt":"2020-09-01T06:22:27","slug":"plan-de-relance-et-renovation-energetique-les-8-priorites-de-la-fondation-nicolas-hulot","status":"publish","type":"post","link":"https:\/\/batijournal.com\/index.php\/plan-de-relance-et-renovation-energetique-les-8-priorites-de-la-fondation-nicolas-hulot\/104583\/","title":{"rendered":"Plan de relance et r\u00e9novation \u00e9nerg\u00e9tique : les 8 priorit\u00e9s de la Fondation Nicolas Hulot"},"content":{"rendered":"<p>Pour la Fondation Nicolas Hulot, la r\u00e9novation \u00e9nerg\u00e9tique des b\u00e2timents doit trouver toute sa place dans le \u00ab tournant \u00bb \u00e9cologique que nous vivons. Le gouvernement ne peut pas se contenter de demi-mesures : la seule augmentation des incitations ne sera pas suffisante. Il faudra combiner accompagnement accru et nouvelles obligations de r\u00e9nover, comme le propose la Convention Citoyenne pour le Climat. La FNH dresse 8 mesures \u00e0 mettre en place \u00e0 court et moyen terme dans le domaine de la r\u00e9novation \u00e9nerg\u00e9tique pour soulager la crise que traverse l\u2019\u00e9conomie fran\u00e7aise, acc\u00e9l\u00e9rer notre r\u00e9ponse collective au changement climatique et aux in\u00e9galit\u00e9s sociales, et accro\u00eetre notre r\u00e9silience \u00e9nerg\u00e9tique :<br \/>\n&#8211; Instaurer dans la loi une obligation progressive de r\u00e9novation et donc reprendre sans r\u00e9serve dans la loi la proposition d\u2019obligation de r\u00e9novation de la Convention Citoyenne pour le Climat.<br \/>\n&#8211; Publier rapidement un nouveau d\u00e9cret \u00ab d\u00e9cence \u00bb avec un seuil plus impactant et une trajectoire de r\u00e9duction de ce seuil permettant d\u2019exclure toutes les passoires \u00e9nerg\u00e9tiques de la location en 2028 (\u00e9tiquette F et G).<br \/>\n&#8211; Financer le reste \u00e0 charge pour les m\u00e9nages modestes.<br \/>\n&#8211; Am\u00e9liorer l\u2019\u00e9co-pr\u00eat \u00e0 taux z\u00e9ro, pour permettre le financement du reste \u00e0 charge, en particulier pour les m\u00e9nages modestes et classes moyennes.<br \/>\n&#8211; Etablir un guichet unique et investir publiquement dans l\u2019accompagnement des m\u00e9nages au niveau territorial.<br \/>\n&#8211; Contr\u00f4ler les effets d\u2019aubaine, \u00e9ventuelle cons\u00e9quence de l&rsquo;accroissement du soutien public.<br \/>\n&#8211; Mettre en place un plan de formation des professionnels du BTP.<br \/>\n&#8211; Acc\u00e9l\u00e9rer la r\u00e9novation \u00e9nerg\u00e9tique des b\u00e2timents publics des collectivit\u00e9s territoriales, sans oublier de financer l\u2019ing\u00e9nierie territoriale.<\/p>\n<p>La Fondation Nicolas Hulot pr\u00e9conise :<br \/>\n&#8211; Le maintien de la hausse de la dotation \u00e0 l\u2019investissement des collectivit\u00e9s (DSIL) sur plusieurs ann\u00e9es, au-del\u00e0 de la hausse de 1 milliard d\u2019euros pr\u00e9vue pour 2020 dans le 3e projet de loi de finances rectificatives, avec une trajectoire permettant de donner de la visibilit\u00e9 aux acteurs. L\u2019utilisation des moyens pr\u00e9vus pour 2020 pourrait \u00eatre concentr\u00e9e sur les co\u00fbts pr\u00e9-projets (audits, \u00e9tudes) afin de massifier les travaux d\u00e8s que possible.<br \/>\n&#8211; L\u2019accroissement de la capacit\u00e9 d\u2019investissement en fonds propres de la CDC (Banque des territoires) &#8211; actuellement de 500 M\u20ac sur 2018-2022 &#8211; afin d\u2019\u00eatre en capacit\u00e9 de proc\u00e9der comme la banque publique allemande : cofinancer directement l\u2019avance de fonds n\u00e9cessaires pour la r\u00e9novation et se rembourser sur les \u00e9conomies d\u2019\u00e9nergie r\u00e9alis\u00e9es apr\u00e8s les travaux. Ce dispositif est adapt\u00e9 pour les structures intercommunales.<br \/>\n&#8211; Cr\u00e9er une dotation p\u00e9renne de l\u2019\u00c9tat pour le fonctionnement des collectivit\u00e9s territoriales, d\u00e9di\u00e9e \u00e0 la transition \u00e9cologique et sociale, afin de r\u00e9pondre notamment \u00e0 l\u2019enjeu du manque de moyens humains et d\u2019ing\u00e9nierie territoriale pour monter les projets. L\u2019utilisation de cette dotation devra \u00eatre conditionn\u00e9e \u00e0 une utilisation dans la transition, par exemple dans la r\u00e9novation \u00e9nerg\u00e9tique des b\u00e2timents.<\/p>\n","protected":false},"excerpt":{"rendered":"<p>Pour la Fondation Nicolas Hulot, la r\u00e9novation \u00e9nerg\u00e9tique des b\u00e2timents doit trouver toute sa place dans le \u00ab tournant \u00bb \u00e9cologique que nous vivons. Le gouvernement ne peut pas se contenter de demi-mesures : la seule augmentation des incitations ne sera pas suffisante. Il faudra combiner accompagnement accru et nouvelles obligations de r\u00e9nover, comme le [&hellip;]<\/p>\n","protected":false},"author":17,"featured_media":87319,"comment_status":"closed","ping_status":"closed","sticky":false,"template":"","format":"standard","meta":{"_et_pb_use_builder":"","_et_pb_old_content":"","_et_gb_content_width":"","footnotes":""},"categories":[10530,6351,10781,10778],"tags":[1683],"class_list":["post-104583","post","type-post","status-publish","format-standard","has-post-thumbnail","hentry","category-actualites","category-energie-environnement","category-publications-planete","category-planete","tag-renovation-energetique"],"yoast_head":"<!-- This site is optimized with the Yoast SEO plugin v27.4 - https:\/\/yoast.com\/product\/yoast-seo-wordpress\/ -->\n<title>Plan de relance et r\u00e9novation \u00e9nerg\u00e9tique : les 8 priorit\u00e9s de la Fondation Nicolas Hulot<\/title>\n<meta name=\"robots\" content=\"index, follow, max-snippet:-1, max-image-preview:large, max-video-preview:-1\" \/>\n<link rel=\"canonical\" href=\"https:\/\/batijournal.com\/index.php\/plan-de-relance-et-renovation-energetique-les-8-priorites-de-la-fondation-nicolas-hulot\/104583\/\" \/>\n<meta property=\"og:locale\" content=\"fr_FR\" \/>\n<meta property=\"og:type\" content=\"article\" \/>\n<meta property=\"og:title\" content=\"Plan de relance et r\u00e9novation \u00e9nerg\u00e9tique : les 8 priorit\u00e9s de la Fondation Nicolas Hulot\" \/>\n<meta property=\"og:description\" content=\"Pour la Fondation Nicolas Hulot, la r\u00e9novation \u00e9nerg\u00e9tique des b\u00e2timents doit trouver toute sa place dans le \u00ab tournant \u00bb \u00e9cologique que nous vivons. Le gouvernement ne peut pas se contenter de demi-mesures : la seule augmentation des incitations ne sera pas suffisante. Il faudra combiner accompagnement accru et nouvelles obligations de r\u00e9nover, comme le [&hellip;]\" \/>\n<meta property=\"og:url\" content=\"https:\/\/batijournal.com\/index.php\/plan-de-relance-et-renovation-energetique-les-8-priorites-de-la-fondation-nicolas-hulot\/104583\/\" \/>\n<meta property=\"og:site_name\" content=\"Batijournal\" \/>\n<meta property=\"article:published_time\" content=\"2020-09-01T06:22:27+00:00\" \/>\n<meta property=\"og:image\" content=\"https:\/\/batijournal.com\/wp-content\/uploads\/2015\/05\/99857158.jpg\" \/>\n\t<meta property=\"og:image:width\" content=\"600\" \/>\n\t<meta property=\"og:image:height\" content=\"450\" \/>\n\t<meta property=\"og:image:type\" content=\"image\/jpeg\" \/>\n<meta name=\"author\" content=\"St\u00e9phane Miget\" \/>\n<meta name=\"twitter:card\" content=\"summary_large_image\" \/>\n<meta name=\"twitter:creator\" content=\"@bati_journal\" \/>\n<meta name=\"twitter:site\" content=\"@bati_journal\" \/>\n<meta name=\"twitter:label1\" content=\"\u00c9crit par\" \/>\n\t<meta name=\"twitter:data1\" content=\"St\u00e9phane Miget\" \/>\n\t<meta name=\"twitter:label2\" content=\"Dur\u00e9e de lecture estim\u00e9e\" \/>\n\t<meta name=\"twitter:data2\" content=\"3 minutes\" \/>\n<script type=\"application\/ld+json\" class=\"yoast-schema-graph\">{\"@context\":\"https:\\\/\\\/schema.org\",\"@graph\":[{\"@type\":\"Article\",\"@id\":\"https:\\\/\\\/batijournal.com\\\/index.php\\\/plan-de-relance-et-renovation-energetique-les-8-priorites-de-la-fondation-nicolas-hulot\\\/104583\\\/#article\",\"isPartOf\":{\"@id\":\"https:\\\/\\\/batijournal.com\\\/index.php\\\/plan-de-relance-et-renovation-energetique-les-8-priorites-de-la-fondation-nicolas-hulot\\\/104583\\\/\"},\"author\":{\"name\":\"St\u00e9phane Miget\",\"@id\":\"https:\\\/\\\/batijournal.com\\\/#\\\/schema\\\/person\\\/1dc96ec6957aa1ccb25ebe78bb19f100\"},\"headline\":\"Plan de relance et r\u00e9novation \u00e9nerg\u00e9tique : les 8 priorit\u00e9s de la Fondation Nicolas Hulot\",\"datePublished\":\"2020-09-01T06:22:27+00:00\",\"mainEntityOfPage\":{\"@id\":\"https:\\\/\\\/batijournal.com\\\/index.php\\\/plan-de-relance-et-renovation-energetique-les-8-priorites-de-la-fondation-nicolas-hulot\\\/104583\\\/\"},\"wordCount\":539,\"image\":{\"@id\":\"https:\\\/\\\/batijournal.com\\\/index.php\\\/plan-de-relance-et-renovation-energetique-les-8-priorites-de-la-fondation-nicolas-hulot\\\/104583\\\/#primaryimage\"},\"thumbnailUrl\":\"https:\\\/\\\/batijournal.com\\\/wp-content\\\/uploads\\\/2015\\\/05\\\/99857158.jpg\",\"keywords\":[\"renovation energetique\"],\"articleSection\":[\"Actualit\u00e9s\",\"\u00c9nergie &amp; Environnement\",\"zz_Actualit\u00e9s - Plan\u00e8te\",\"zz_Plan\u00e8te B\u00e2timent\"],\"inLanguage\":\"fr-FR\"},{\"@type\":\"WebPage\",\"@id\":\"https:\\\/\\\/batijournal.com\\\/index.php\\\/plan-de-relance-et-renovation-energetique-les-8-priorites-de-la-fondation-nicolas-hulot\\\/104583\\\/\",\"url\":\"https:\\\/\\\/batijournal.com\\\/index.php\\\/plan-de-relance-et-renovation-energetique-les-8-priorites-de-la-fondation-nicolas-hulot\\\/104583\\\/\",\"name\":\"Plan de relance et r\u00e9novation \u00e9nerg\u00e9tique : les 8 priorit\u00e9s de la Fondation Nicolas Hulot\",\"isPartOf\":{\"@id\":\"https:\\\/\\\/batijournal.com\\\/#website\"},\"primaryImageOfPage\":{\"@id\":\"https:\\\/\\\/batijournal.com\\\/index.php\\\/plan-de-relance-et-renovation-energetique-les-8-priorites-de-la-fondation-nicolas-hulot\\\/104583\\\/#primaryimage\"},\"image\":{\"@id\":\"https:\\\/\\\/batijournal.com\\\/index.php\\\/plan-de-relance-et-renovation-energetique-les-8-priorites-de-la-fondation-nicolas-hulot\\\/104583\\\/#primaryimage\"},\"thumbnailUrl\":\"https:\\\/\\\/batijournal.com\\\/wp-content\\\/uploads\\\/2015\\\/05\\\/99857158.jpg\",\"datePublished\":\"2020-09-01T06:22:27+00:00\",\"author\":{\"@id\":\"https:\\\/\\\/batijournal.com\\\/#\\\/schema\\\/person\\\/1dc96ec6957aa1ccb25ebe78bb19f100\"},\"breadcrumb\":{\"@id\":\"https:\\\/\\\/batijournal.com\\\/index.php\\\/plan-de-relance-et-renovation-energetique-les-8-priorites-de-la-fondation-nicolas-hulot\\\/104583\\\/#breadcrumb\"},\"inLanguage\":\"fr-FR\",\"potentialAction\":[{\"@type\":\"ReadAction\",\"target\":[\"https:\\\/\\\/batijournal.com\\\/index.php\\\/plan-de-relance-et-renovation-energetique-les-8-priorites-de-la-fondation-nicolas-hulot\\\/104583\\\/\"]}]},{\"@type\":\"ImageObject\",\"inLanguage\":\"fr-FR\",\"@id\":\"https:\\\/\\\/batijournal.com\\\/index.php\\\/plan-de-relance-et-renovation-energetique-les-8-priorites-de-la-fondation-nicolas-hulot\\\/104583\\\/#primaryimage\",\"url\":\"https:\\\/\\\/batijournal.com\\\/wp-content\\\/uploads\\\/2015\\\/05\\\/99857158.jpg\",\"contentUrl\":\"https:\\\/\\\/batijournal.com\\\/wp-content\\\/uploads\\\/2015\\\/05\\\/99857158.jpg\",\"width\":600,\"height\":450,\"caption\":\"r\u00e9novation logements\"},{\"@type\":\"BreadcrumbList\",\"@id\":\"https:\\\/\\\/batijournal.com\\\/index.php\\\/plan-de-relance-et-renovation-energetique-les-8-priorites-de-la-fondation-nicolas-hulot\\\/104583\\\/#breadcrumb\",\"itemListElement\":[{\"@type\":\"ListItem\",\"position\":1,\"name\":\"Accueil\",\"item\":\"https:\\\/\\\/batijournal.com\\\/\"},{\"@type\":\"ListItem\",\"position\":2,\"name\":\"Actualit\u00e9s\",\"item\":\"https:\\\/\\\/batijournal.com\\\/index.php\\\/category\\\/actualites\\\/\"},{\"@type\":\"ListItem\",\"position\":3,\"name\":\"\u00c9nergie &amp; Environnement\",\"item\":\"https:\\\/\\\/batijournal.com\\\/index.php\\\/category\\\/actualites\\\/energie-environnement\\\/\"},{\"@type\":\"ListItem\",\"position\":4,\"name\":\"Plan de relance et r\u00e9novation \u00e9nerg\u00e9tique : les 8 priorit\u00e9s de la Fondation Nicolas Hulot\"}]},{\"@type\":\"WebSite\",\"@id\":\"https:\\\/\\\/batijournal.com\\\/#website\",\"url\":\"https:\\\/\\\/batijournal.com\\\/\",\"name\":\"Batijournal\",\"description\":\"L&#039;actualit\u00e9 du b\u00e2timent\",\"potentialAction\":[{\"@type\":\"SearchAction\",\"target\":{\"@type\":\"EntryPoint\",\"urlTemplate\":\"https:\\\/\\\/batijournal.com\\\/?s={search_term_string}\"},\"query-input\":{\"@type\":\"PropertyValueSpecification\",\"valueRequired\":true,\"valueName\":\"search_term_string\"}}],\"inLanguage\":\"fr-FR\"},{\"@type\":\"Person\",\"@id\":\"https:\\\/\\\/batijournal.com\\\/#\\\/schema\\\/person\\\/1dc96ec6957aa1ccb25ebe78bb19f100\",\"name\":\"St\u00e9phane Miget\",\"image\":{\"@type\":\"ImageObject\",\"inLanguage\":\"fr-FR\",\"@id\":\"https:\\\/\\\/secure.gravatar.com\\\/avatar\\\/89915563d925342126b8ef0281b93d9d7fc337043e8df017f780908eb9644451?s=96&d=mm&r=g\",\"url\":\"https:\\\/\\\/secure.gravatar.com\\\/avatar\\\/89915563d925342126b8ef0281b93d9d7fc337043e8df017f780908eb9644451?s=96&d=mm&r=g\",\"contentUrl\":\"https:\\\/\\\/secure.gravatar.com\\\/avatar\\\/89915563d925342126b8ef0281b93d9d7fc337043e8df017f780908eb9644451?s=96&d=mm&r=g\",\"caption\":\"St\u00e9phane Miget\"},\"url\":\"https:\\\/\\\/batijournal.com\\\/index.php\\\/author\\\/stephane\\\/\"}]}<\/script>\n<!-- \/ Yoast SEO plugin. -->","yoast_head_json":{"title":"Plan de relance et r\u00e9novation \u00e9nerg\u00e9tique : les 8 priorit\u00e9s de la Fondation Nicolas Hulot","robots":{"index":"index","follow":"follow","max-snippet":"max-snippet:-1","max-image-preview":"max-image-preview:large","max-video-preview":"max-video-preview:-1"},"canonical":"https:\/\/batijournal.com\/index.php\/plan-de-relance-et-renovation-energetique-les-8-priorites-de-la-fondation-nicolas-hulot\/104583\/","og_locale":"fr_FR","og_type":"article","og_title":"Plan de relance et r\u00e9novation \u00e9nerg\u00e9tique : les 8 priorit\u00e9s de la Fondation Nicolas Hulot","og_description":"Pour la Fondation Nicolas Hulot, la r\u00e9novation \u00e9nerg\u00e9tique des b\u00e2timents doit trouver toute sa place dans le \u00ab tournant \u00bb \u00e9cologique que nous vivons. Le gouvernement ne peut pas se contenter de demi-mesures : la seule augmentation des incitations ne sera pas suffisante. Il faudra combiner accompagnement accru et nouvelles obligations de r\u00e9nover, comme le [&hellip;]","og_url":"https:\/\/batijournal.com\/index.php\/plan-de-relance-et-renovation-energetique-les-8-priorites-de-la-fondation-nicolas-hulot\/104583\/","og_site_name":"Batijournal","article_published_time":"2020-09-01T06:22:27+00:00","og_image":[{"width":600,"height":450,"url":"https:\/\/batijournal.com\/wp-content\/uploads\/2015\/05\/99857158.jpg","type":"image\/jpeg"}],"author":"St\u00e9phane Miget","twitter_card":"summary_large_image","twitter_creator":"@bati_journal","twitter_site":"@bati_journal","twitter_misc":{"\u00c9crit par":"St\u00e9phane Miget","Dur\u00e9e de lecture estim\u00e9e":"3 minutes"},"schema":{"@context":"https:\/\/schema.org","@graph":[{"@type":"Article","@id":"https:\/\/batijournal.com\/index.php\/plan-de-relance-et-renovation-energetique-les-8-priorites-de-la-fondation-nicolas-hulot\/104583\/#article","isPartOf":{"@id":"https:\/\/batijournal.com\/index.php\/plan-de-relance-et-renovation-energetique-les-8-priorites-de-la-fondation-nicolas-hulot\/104583\/"},"author":{"name":"St\u00e9phane Miget","@id":"https:\/\/batijournal.com\/#\/schema\/person\/1dc96ec6957aa1ccb25ebe78bb19f100"},"headline":"Plan de relance et r\u00e9novation \u00e9nerg\u00e9tique : les 8 priorit\u00e9s de la Fondation Nicolas Hulot","datePublished":"2020-09-01T06:22:27+00:00","mainEntityOfPage":{"@id":"https:\/\/batijournal.com\/index.php\/plan-de-relance-et-renovation-energetique-les-8-priorites-de-la-fondation-nicolas-hulot\/104583\/"},"wordCount":539,"image":{"@id":"https:\/\/batijournal.com\/index.php\/plan-de-relance-et-renovation-energetique-les-8-priorites-de-la-fondation-nicolas-hulot\/104583\/#primaryimage"},"thumbnailUrl":"https:\/\/batijournal.com\/wp-content\/uploads\/2015\/05\/99857158.jpg","keywords":["renovation energetique"],"articleSection":["Actualit\u00e9s","\u00c9nergie &amp; Environnement","zz_Actualit\u00e9s - Plan\u00e8te","zz_Plan\u00e8te B\u00e2timent"],"inLanguage":"fr-FR"},{"@type":"WebPage","@id":"https:\/\/batijournal.com\/index.php\/plan-de-relance-et-renovation-energetique-les-8-priorites-de-la-fondation-nicolas-hulot\/104583\/","url":"https:\/\/batijournal.com\/index.php\/plan-de-relance-et-renovation-energetique-les-8-priorites-de-la-fondation-nicolas-hulot\/104583\/","name":"Plan de relance et r\u00e9novation \u00e9nerg\u00e9tique : les 8 priorit\u00e9s de la Fondation Nicolas Hulot","isPartOf":{"@id":"https:\/\/batijournal.com\/#website"},"primaryImageOfPage":{"@id":"https:\/\/batijournal.com\/index.php\/plan-de-relance-et-renovation-energetique-les-8-priorites-de-la-fondation-nicolas-hulot\/104583\/#primaryimage"},"image":{"@id":"https:\/\/batijournal.com\/index.php\/plan-de-relance-et-renovation-energetique-les-8-priorites-de-la-fondation-nicolas-hulot\/104583\/#primaryimage"},"thumbnailUrl":"https:\/\/batijournal.com\/wp-content\/uploads\/2015\/05\/99857158.jpg","datePublished":"2020-09-01T06:22:27+00:00","author":{"@id":"https:\/\/batijournal.com\/#\/schema\/person\/1dc96ec6957aa1ccb25ebe78bb19f100"},"breadcrumb":{"@id":"https:\/\/batijournal.com\/index.php\/plan-de-relance-et-renovation-energetique-les-8-priorites-de-la-fondation-nicolas-hulot\/104583\/#breadcrumb"},"inLanguage":"fr-FR","potentialAction":[{"@type":"ReadAction","target":["https:\/\/batijournal.com\/index.php\/plan-de-relance-et-renovation-energetique-les-8-priorites-de-la-fondation-nicolas-hulot\/104583\/"]}]},{"@type":"ImageObject","inLanguage":"fr-FR","@id":"https:\/\/batijournal.com\/index.php\/plan-de-relance-et-renovation-energetique-les-8-priorites-de-la-fondation-nicolas-hulot\/104583\/#primaryimage","url":"https:\/\/batijournal.com\/wp-content\/uploads\/2015\/05\/99857158.jpg","contentUrl":"https:\/\/batijournal.com\/wp-content\/uploads\/2015\/05\/99857158.jpg","width":600,"height":450,"caption":"r\u00e9novation logements"},{"@type":"BreadcrumbList","@id":"https:\/\/batijournal.com\/index.php\/plan-de-relance-et-renovation-energetique-les-8-priorites-de-la-fondation-nicolas-hulot\/104583\/#breadcrumb","itemListElement":[{"@type":"ListItem","position":1,"name":"Accueil","item":"https:\/\/batijournal.com\/"},{"@type":"ListItem","position":2,"name":"Actualit\u00e9s","item":"https:\/\/batijournal.com\/index.php\/category\/actualites\/"},{"@type":"ListItem","position":3,"name":"\u00c9nergie &amp; Environnement","item":"https:\/\/batijournal.com\/index.php\/category\/actualites\/energie-environnement\/"},{"@type":"ListItem","position":4,"name":"Plan de relance et r\u00e9novation \u00e9nerg\u00e9tique : les 8 priorit\u00e9s de la Fondation Nicolas Hulot"}]},{"@type":"WebSite","@id":"https:\/\/batijournal.com\/#website","url":"https:\/\/batijournal.com\/","name":"Batijournal","description":"L&#039;actualit\u00e9 du b\u00e2timent","potentialAction":[{"@type":"SearchAction","target":{"@type":"EntryPoint","urlTemplate":"https:\/\/batijournal.com\/?s={search_term_string}"},"query-input":{"@type":"PropertyValueSpecification","valueRequired":true,"valueName":"search_term_string"}}],"inLanguage":"fr-FR"},{"@type":"Person","@id":"https:\/\/batijournal.com\/#\/schema\/person\/1dc96ec6957aa1ccb25ebe78bb19f100","name":"St\u00e9phane Miget","image":{"@type":"ImageObject","inLanguage":"fr-FR","@id":"https:\/\/secure.gravatar.com\/avatar\/89915563d925342126b8ef0281b93d9d7fc337043e8df017f780908eb9644451?s=96&d=mm&r=g","url":"https:\/\/secure.gravatar.com\/avatar\/89915563d925342126b8ef0281b93d9d7fc337043e8df017f780908eb9644451?s=96&d=mm&r=g","contentUrl":"https:\/\/secure.gravatar.com\/avatar\/89915563d925342126b8ef0281b93d9d7fc337043e8df017f780908eb9644451?s=96&d=mm&r=g","caption":"St\u00e9phane Miget"},"url":"https:\/\/batijournal.com\/index.php\/author\/stephane\/"}]}},"_links":{"self":[{"href":"https:\/\/batijournal.com\/index.php\/wp-json\/wp\/v2\/posts\/104583","targetHints":{"allow":["GET"]}}],"collection":[{"href":"https:\/\/batijournal.com\/index.php\/wp-json\/wp\/v2\/posts"}],"about":[{"href":"https:\/\/batijournal.com\/index.php\/wp-json\/wp\/v2\/types\/post"}],"author":[{"embeddable":true,"href":"https:\/\/batijournal.com\/index.php\/wp-json\/wp\/v2\/users\/17"}],"replies":[{"embeddable":true,"href":"https:\/\/batijournal.com\/index.php\/wp-json\/wp\/v2\/comments?post=104583"}],"version-history":[{"count":0,"href":"https:\/\/batijournal.com\/index.php\/wp-json\/wp\/v2\/posts\/104583\/revisions"}],"wp:featuredmedia":[{"embeddable":true,"href":"https:\/\/batijournal.com\/index.php\/wp-json\/wp\/v2\/media\/87319"}],"wp:attachment":[{"href":"https:\/\/batijournal.com\/index.php\/wp-json\/wp\/v2\/media?parent=104583"}],"wp:term":[{"taxonomy":"category","embeddable":true,"href":"https:\/\/batijournal.com\/index.php\/wp-json\/wp\/v2\/categories?post=104583"},{"taxonomy":"post_tag","embeddable":true,"href":"https:\/\/batijournal.com\/index.php\/wp-json\/wp\/v2\/tags?post=104583"}],"curies":[{"name":"wp","href":"https:\/\/api.w.org\/{rel}","templated":true}]}}