{"id":104688,"date":"2020-09-09T16:11:00","date_gmt":"2020-09-09T14:11:00","guid":{"rendered":"https:\/\/batijournal.com\/?p=104688"},"modified":"2020-09-09T16:11:00","modified_gmt":"2020-09-09T14:11:00","slug":"la-37e-edition-des-journees-europeennes-du-patrimoine-sous-le-signe-de-la-securite-sanitaire","status":"publish","type":"post","link":"https:\/\/batijournal.com\/index.php\/la-37e-edition-des-journees-europeennes-du-patrimoine-sous-le-signe-de-la-securite-sanitaire\/104688\/","title":{"rendered":"La 37e \u00e9dition des journ\u00e9es europ\u00e9ennes du patrimoine sous le signe de la s\u00e9curit\u00e9 sanitaire"},"content":{"rendered":"<p>Les journ\u00e9es europ\u00e9ennes du patrimoine se d\u00e9rouleront bien les samedi 19 et dimanche 20 septembre 2020 autour du th\u00e8me retenu dans toute l&rsquo;Europe \u00ab Patrimoine et \u00e9ducation : apprendre pour la vie ! \u00bb. Partout en France, propri\u00e9taires publics et priv\u00e9s de monuments historiques, membres d\u2019associations de protection et de valorisation du patrimoine, conservateurs du patrimoine, restaurateurs de biens et d\u2019objets patrimoniaux, guides-conf\u00e9renciers, architectes en chef des monuments historiques\u2026 se mobiliseront pour accueillir les visiteurs dans le respect des recommandations sanitaires en vigueur.<\/p>\n<p>La F\u00e9d\u00e9ration des Entreprises de la Beaut\u00e9 (FEBEA) s\u2019associe au minist\u00e8re de la Culture pour les Journ\u00e9es europ\u00e9ennes du patrimoine 2020. Ainsi, les entreprises cosm\u00e9tiques approvisionneront gracieusement en produits hydroalcooliques des milliers de sites culturels partout en France, afin de leur permettre d\u2019accueillir le public dans des conditions sanitaires optimales.<\/p>\n<p>&nbsp;<\/p>\n<p><a href=\"https:\/\/journeesdupatrimoine.culture.gouv.fr\/content\/download\/149554\/file\/Aide%20\u00e0%20l\u2019ouverture%20des%20monuments%20et%20sites%20\u00e0%20l\u2019occasion%20des%20Journ\u00e9es%20europ\u00e9ennes%20du%20patrimoine%202020.pdf\">T\u00e9l\u00e9charger le guide sanitaire<\/a><\/p>\n<p>&nbsp;<\/p>\n<p>&nbsp;<\/p>\n","protected":false},"excerpt":{"rendered":"<p>Les journ\u00e9es europ\u00e9ennes du patrimoine se d\u00e9rouleront bien les samedi 19 et dimanche 20 septembre 2020 autour du th\u00e8me retenu dans toute l&rsquo;Europe \u00ab Patrimoine et \u00e9ducation : apprendre pour la vie ! \u00bb. Partout en France, propri\u00e9taires publics et priv\u00e9s de monuments historiques, membres d\u2019associations de protection et de valorisation du patrimoine, conservateurs du [&hellip;]<\/p>\n","protected":false},"author":17,"featured_media":100158,"comment_status":"closed","ping_status":"closed","sticky":false,"template":"","format":"standard","meta":{"_et_pb_use_builder":"","_et_pb_old_content":"","_et_gb_content_width":"","footnotes":""},"categories":[10530,6362,10789,10785],"tags":[1307,8346],"class_list":["post-104688","post","type-post","status-publish","format-standard","has-post-thumbnail","hentry","category-actualites","category-services-equipements","category-publications-atrium","category-atrium","tag-journees-du-patrimoine","tag-journees-europeennes-du-patrimoine"],"yoast_head":"<!-- This site is optimized with the Yoast SEO plugin v27.4 - https:\/\/yoast.com\/product\/yoast-seo-wordpress\/ -->\n<title>La 37e \u00e9dition des journ\u00e9es europ\u00e9ennes du patrimoine sous le signe de la s\u00e9curit\u00e9 sanitaire<\/title>\n<meta name=\"robots\" content=\"index, follow, max-snippet:-1, max-image-preview:large, max-video-preview:-1\" \/>\n<link rel=\"canonical\" href=\"https:\/\/batijournal.com\/index.php\/la-37e-edition-des-journees-europeennes-du-patrimoine-sous-le-signe-de-la-securite-sanitaire\/104688\/\" \/>\n<meta property=\"og:locale\" content=\"fr_FR\" \/>\n<meta property=\"og:type\" content=\"article\" \/>\n<meta property=\"og:title\" content=\"La 37e \u00e9dition des journ\u00e9es europ\u00e9ennes du patrimoine sous le signe de la s\u00e9curit\u00e9 sanitaire\" \/>\n<meta property=\"og:description\" content=\"Les journ\u00e9es europ\u00e9ennes du patrimoine se d\u00e9rouleront bien les samedi 19 et dimanche 20 septembre 2020 autour du th\u00e8me retenu dans toute l&rsquo;Europe \u00ab Patrimoine et \u00e9ducation : apprendre pour la vie ! \u00bb. Partout en France, propri\u00e9taires publics et priv\u00e9s de monuments historiques, membres d\u2019associations de protection et de valorisation du patrimoine, conservateurs du [&hellip;]\" \/>\n<meta property=\"og:url\" content=\"https:\/\/batijournal.com\/index.php\/la-37e-edition-des-journees-europeennes-du-patrimoine-sous-le-signe-de-la-securite-sanitaire\/104688\/\" \/>\n<meta property=\"og:site_name\" content=\"Batijournal\" \/>\n<meta property=\"article:published_time\" content=\"2020-09-09T14:11:00+00:00\" \/>\n<meta property=\"og:image\" content=\"https:\/\/batijournal.com\/wp-content\/uploads\/2018\/09\/monument-historique-journees-europeennes-du-patrimoine.jpg\" \/>\n\t<meta property=\"og:image:width\" content=\"1200\" \/>\n\t<meta property=\"og:image:height\" content=\"800\" \/>\n\t<meta property=\"og:image:type\" content=\"image\/jpeg\" \/>\n<meta name=\"author\" content=\"St\u00e9phane Miget\" \/>\n<meta name=\"twitter:card\" content=\"summary_large_image\" \/>\n<meta name=\"twitter:creator\" content=\"@bati_journal\" \/>\n<meta name=\"twitter:site\" content=\"@bati_journal\" \/>\n<meta name=\"twitter:label1\" content=\"\u00c9crit par\" \/>\n\t<meta name=\"twitter:data1\" content=\"St\u00e9phane Miget\" \/>\n\t<meta name=\"twitter:label2\" content=\"Dur\u00e9e de lecture estim\u00e9e\" \/>\n\t<meta name=\"twitter:data2\" content=\"1 minute\" \/>\n<script type=\"application\/ld+json\" class=\"yoast-schema-graph\">{\"@context\":\"https:\\\/\\\/schema.org\",\"@graph\":[{\"@type\":\"Article\",\"@id\":\"https:\\\/\\\/batijournal.com\\\/index.php\\\/la-37e-edition-des-journees-europeennes-du-patrimoine-sous-le-signe-de-la-securite-sanitaire\\\/104688\\\/#article\",\"isPartOf\":{\"@id\":\"https:\\\/\\\/batijournal.com\\\/index.php\\\/la-37e-edition-des-journees-europeennes-du-patrimoine-sous-le-signe-de-la-securite-sanitaire\\\/104688\\\/\"},\"author\":{\"name\":\"St\u00e9phane Miget\",\"@id\":\"https:\\\/\\\/batijournal.com\\\/#\\\/schema\\\/person\\\/1dc96ec6957aa1ccb25ebe78bb19f100\"},\"headline\":\"La 37e \u00e9dition des journ\u00e9es europ\u00e9ennes du patrimoine sous le signe de la s\u00e9curit\u00e9 sanitaire\",\"datePublished\":\"2020-09-09T14:11:00+00:00\",\"mainEntityOfPage\":{\"@id\":\"https:\\\/\\\/batijournal.com\\\/index.php\\\/la-37e-edition-des-journees-europeennes-du-patrimoine-sous-le-signe-de-la-securite-sanitaire\\\/104688\\\/\"},\"wordCount\":170,\"image\":{\"@id\":\"https:\\\/\\\/batijournal.com\\\/index.php\\\/la-37e-edition-des-journees-europeennes-du-patrimoine-sous-le-signe-de-la-securite-sanitaire\\\/104688\\\/#primaryimage\"},\"thumbnailUrl\":\"https:\\\/\\\/batijournal.com\\\/wp-content\\\/uploads\\\/2018\\\/09\\\/monument-historique-journees-europeennes-du-patrimoine.jpg\",\"keywords\":[\"journ\u00e9es du patrimoine\",\"journees europeennes du patrimoine\"],\"articleSection\":[\"Actualit\u00e9s\",\"Divers\",\"zz_Actualit\u00e9s - Atrium\",\"zz_Atrium Patrimoine\"],\"inLanguage\":\"fr-FR\"},{\"@type\":\"WebPage\",\"@id\":\"https:\\\/\\\/batijournal.com\\\/index.php\\\/la-37e-edition-des-journees-europeennes-du-patrimoine-sous-le-signe-de-la-securite-sanitaire\\\/104688\\\/\",\"url\":\"https:\\\/\\\/batijournal.com\\\/index.php\\\/la-37e-edition-des-journees-europeennes-du-patrimoine-sous-le-signe-de-la-securite-sanitaire\\\/104688\\\/\",\"name\":\"La 37e \u00e9dition des journ\u00e9es europ\u00e9ennes du patrimoine sous le signe de la s\u00e9curit\u00e9 sanitaire\",\"isPartOf\":{\"@id\":\"https:\\\/\\\/batijournal.com\\\/#website\"},\"primaryImageOfPage\":{\"@id\":\"https:\\\/\\\/batijournal.com\\\/index.php\\\/la-37e-edition-des-journees-europeennes-du-patrimoine-sous-le-signe-de-la-securite-sanitaire\\\/104688\\\/#primaryimage\"},\"image\":{\"@id\":\"https:\\\/\\\/batijournal.com\\\/index.php\\\/la-37e-edition-des-journees-europeennes-du-patrimoine-sous-le-signe-de-la-securite-sanitaire\\\/104688\\\/#primaryimage\"},\"thumbnailUrl\":\"https:\\\/\\\/batijournal.com\\\/wp-content\\\/uploads\\\/2018\\\/09\\\/monument-historique-journees-europeennes-du-patrimoine.jpg\",\"datePublished\":\"2020-09-09T14:11:00+00:00\",\"author\":{\"@id\":\"https:\\\/\\\/batijournal.com\\\/#\\\/schema\\\/person\\\/1dc96ec6957aa1ccb25ebe78bb19f100\"},\"breadcrumb\":{\"@id\":\"https:\\\/\\\/batijournal.com\\\/index.php\\\/la-37e-edition-des-journees-europeennes-du-patrimoine-sous-le-signe-de-la-securite-sanitaire\\\/104688\\\/#breadcrumb\"},\"inLanguage\":\"fr-FR\",\"potentialAction\":[{\"@type\":\"ReadAction\",\"target\":[\"https:\\\/\\\/batijournal.com\\\/index.php\\\/la-37e-edition-des-journees-europeennes-du-patrimoine-sous-le-signe-de-la-securite-sanitaire\\\/104688\\\/\"]}]},{\"@type\":\"ImageObject\",\"inLanguage\":\"fr-FR\",\"@id\":\"https:\\\/\\\/batijournal.com\\\/index.php\\\/la-37e-edition-des-journees-europeennes-du-patrimoine-sous-le-signe-de-la-securite-sanitaire\\\/104688\\\/#primaryimage\",\"url\":\"https:\\\/\\\/batijournal.com\\\/wp-content\\\/uploads\\\/2018\\\/09\\\/monument-historique-journees-europeennes-du-patrimoine.jpg\",\"contentUrl\":\"https:\\\/\\\/batijournal.com\\\/wp-content\\\/uploads\\\/2018\\\/09\\\/monument-historique-journees-europeennes-du-patrimoine.jpg\",\"width\":1200,\"height\":800},{\"@type\":\"BreadcrumbList\",\"@id\":\"https:\\\/\\\/batijournal.com\\\/index.php\\\/la-37e-edition-des-journees-europeennes-du-patrimoine-sous-le-signe-de-la-securite-sanitaire\\\/104688\\\/#breadcrumb\",\"itemListElement\":[{\"@type\":\"ListItem\",\"position\":1,\"name\":\"Accueil\",\"item\":\"https:\\\/\\\/batijournal.com\\\/\"},{\"@type\":\"ListItem\",\"position\":2,\"name\":\"Actualit\u00e9s\",\"item\":\"https:\\\/\\\/batijournal.com\\\/index.php\\\/category\\\/actualites\\\/\"},{\"@type\":\"ListItem\",\"position\":3,\"name\":\"Divers\",\"item\":\"https:\\\/\\\/batijournal.com\\\/index.php\\\/category\\\/actualites\\\/services-equipements\\\/\"},{\"@type\":\"ListItem\",\"position\":4,\"name\":\"La 37e \u00e9dition des journ\u00e9es europ\u00e9ennes du patrimoine sous le signe de la s\u00e9curit\u00e9 sanitaire\"}]},{\"@type\":\"WebSite\",\"@id\":\"https:\\\/\\\/batijournal.com\\\/#website\",\"url\":\"https:\\\/\\\/batijournal.com\\\/\",\"name\":\"Batijournal\",\"description\":\"L&#039;actualit\u00e9 du b\u00e2timent\",\"potentialAction\":[{\"@type\":\"SearchAction\",\"target\":{\"@type\":\"EntryPoint\",\"urlTemplate\":\"https:\\\/\\\/batijournal.com\\\/?s={search_term_string}\"},\"query-input\":{\"@type\":\"PropertyValueSpecification\",\"valueRequired\":true,\"valueName\":\"search_term_string\"}}],\"inLanguage\":\"fr-FR\"},{\"@type\":\"Person\",\"@id\":\"https:\\\/\\\/batijournal.com\\\/#\\\/schema\\\/person\\\/1dc96ec6957aa1ccb25ebe78bb19f100\",\"name\":\"St\u00e9phane Miget\",\"image\":{\"@type\":\"ImageObject\",\"inLanguage\":\"fr-FR\",\"@id\":\"https:\\\/\\\/secure.gravatar.com\\\/avatar\\\/89915563d925342126b8ef0281b93d9d7fc337043e8df017f780908eb9644451?s=96&d=mm&r=g\",\"url\":\"https:\\\/\\\/secure.gravatar.com\\\/avatar\\\/89915563d925342126b8ef0281b93d9d7fc337043e8df017f780908eb9644451?s=96&d=mm&r=g\",\"contentUrl\":\"https:\\\/\\\/secure.gravatar.com\\\/avatar\\\/89915563d925342126b8ef0281b93d9d7fc337043e8df017f780908eb9644451?s=96&d=mm&r=g\",\"caption\":\"St\u00e9phane Miget\"},\"url\":\"https:\\\/\\\/batijournal.com\\\/index.php\\\/author\\\/stephane\\\/\"}]}<\/script>\n<!-- \/ Yoast SEO plugin. -->","yoast_head_json":{"title":"La 37e \u00e9dition des journ\u00e9es europ\u00e9ennes du patrimoine sous le signe de la s\u00e9curit\u00e9 sanitaire","robots":{"index":"index","follow":"follow","max-snippet":"max-snippet:-1","max-image-preview":"max-image-preview:large","max-video-preview":"max-video-preview:-1"},"canonical":"https:\/\/batijournal.com\/index.php\/la-37e-edition-des-journees-europeennes-du-patrimoine-sous-le-signe-de-la-securite-sanitaire\/104688\/","og_locale":"fr_FR","og_type":"article","og_title":"La 37e \u00e9dition des journ\u00e9es europ\u00e9ennes du patrimoine sous le signe de la s\u00e9curit\u00e9 sanitaire","og_description":"Les journ\u00e9es europ\u00e9ennes du patrimoine se d\u00e9rouleront bien les samedi 19 et dimanche 20 septembre 2020 autour du th\u00e8me retenu dans toute l&rsquo;Europe \u00ab Patrimoine et \u00e9ducation : apprendre pour la vie ! \u00bb. Partout en France, propri\u00e9taires publics et priv\u00e9s de monuments historiques, membres d\u2019associations de protection et de valorisation du patrimoine, conservateurs du [&hellip;]","og_url":"https:\/\/batijournal.com\/index.php\/la-37e-edition-des-journees-europeennes-du-patrimoine-sous-le-signe-de-la-securite-sanitaire\/104688\/","og_site_name":"Batijournal","article_published_time":"2020-09-09T14:11:00+00:00","og_image":[{"width":1200,"height":800,"url":"https:\/\/batijournal.com\/wp-content\/uploads\/2018\/09\/monument-historique-journees-europeennes-du-patrimoine.jpg","type":"image\/jpeg"}],"author":"St\u00e9phane Miget","twitter_card":"summary_large_image","twitter_creator":"@bati_journal","twitter_site":"@bati_journal","twitter_misc":{"\u00c9crit par":"St\u00e9phane Miget","Dur\u00e9e de lecture estim\u00e9e":"1 minute"},"schema":{"@context":"https:\/\/schema.org","@graph":[{"@type":"Article","@id":"https:\/\/batijournal.com\/index.php\/la-37e-edition-des-journees-europeennes-du-patrimoine-sous-le-signe-de-la-securite-sanitaire\/104688\/#article","isPartOf":{"@id":"https:\/\/batijournal.com\/index.php\/la-37e-edition-des-journees-europeennes-du-patrimoine-sous-le-signe-de-la-securite-sanitaire\/104688\/"},"author":{"name":"St\u00e9phane Miget","@id":"https:\/\/batijournal.com\/#\/schema\/person\/1dc96ec6957aa1ccb25ebe78bb19f100"},"headline":"La 37e \u00e9dition des journ\u00e9es europ\u00e9ennes du patrimoine sous le signe de la s\u00e9curit\u00e9 sanitaire","datePublished":"2020-09-09T14:11:00+00:00","mainEntityOfPage":{"@id":"https:\/\/batijournal.com\/index.php\/la-37e-edition-des-journees-europeennes-du-patrimoine-sous-le-signe-de-la-securite-sanitaire\/104688\/"},"wordCount":170,"image":{"@id":"https:\/\/batijournal.com\/index.php\/la-37e-edition-des-journees-europeennes-du-patrimoine-sous-le-signe-de-la-securite-sanitaire\/104688\/#primaryimage"},"thumbnailUrl":"https:\/\/batijournal.com\/wp-content\/uploads\/2018\/09\/monument-historique-journees-europeennes-du-patrimoine.jpg","keywords":["journ\u00e9es du patrimoine","journees europeennes du patrimoine"],"articleSection":["Actualit\u00e9s","Divers","zz_Actualit\u00e9s - Atrium","zz_Atrium Patrimoine"],"inLanguage":"fr-FR"},{"@type":"WebPage","@id":"https:\/\/batijournal.com\/index.php\/la-37e-edition-des-journees-europeennes-du-patrimoine-sous-le-signe-de-la-securite-sanitaire\/104688\/","url":"https:\/\/batijournal.com\/index.php\/la-37e-edition-des-journees-europeennes-du-patrimoine-sous-le-signe-de-la-securite-sanitaire\/104688\/","name":"La 37e \u00e9dition des journ\u00e9es europ\u00e9ennes du patrimoine sous le signe de la s\u00e9curit\u00e9 sanitaire","isPartOf":{"@id":"https:\/\/batijournal.com\/#website"},"primaryImageOfPage":{"@id":"https:\/\/batijournal.com\/index.php\/la-37e-edition-des-journees-europeennes-du-patrimoine-sous-le-signe-de-la-securite-sanitaire\/104688\/#primaryimage"},"image":{"@id":"https:\/\/batijournal.com\/index.php\/la-37e-edition-des-journees-europeennes-du-patrimoine-sous-le-signe-de-la-securite-sanitaire\/104688\/#primaryimage"},"thumbnailUrl":"https:\/\/batijournal.com\/wp-content\/uploads\/2018\/09\/monument-historique-journees-europeennes-du-patrimoine.jpg","datePublished":"2020-09-09T14:11:00+00:00","author":{"@id":"https:\/\/batijournal.com\/#\/schema\/person\/1dc96ec6957aa1ccb25ebe78bb19f100"},"breadcrumb":{"@id":"https:\/\/batijournal.com\/index.php\/la-37e-edition-des-journees-europeennes-du-patrimoine-sous-le-signe-de-la-securite-sanitaire\/104688\/#breadcrumb"},"inLanguage":"fr-FR","potentialAction":[{"@type":"ReadAction","target":["https:\/\/batijournal.com\/index.php\/la-37e-edition-des-journees-europeennes-du-patrimoine-sous-le-signe-de-la-securite-sanitaire\/104688\/"]}]},{"@type":"ImageObject","inLanguage":"fr-FR","@id":"https:\/\/batijournal.com\/index.php\/la-37e-edition-des-journees-europeennes-du-patrimoine-sous-le-signe-de-la-securite-sanitaire\/104688\/#primaryimage","url":"https:\/\/batijournal.com\/wp-content\/uploads\/2018\/09\/monument-historique-journees-europeennes-du-patrimoine.jpg","contentUrl":"https:\/\/batijournal.com\/wp-content\/uploads\/2018\/09\/monument-historique-journees-europeennes-du-patrimoine.jpg","width":1200,"height":800},{"@type":"BreadcrumbList","@id":"https:\/\/batijournal.com\/index.php\/la-37e-edition-des-journees-europeennes-du-patrimoine-sous-le-signe-de-la-securite-sanitaire\/104688\/#breadcrumb","itemListElement":[{"@type":"ListItem","position":1,"name":"Accueil","item":"https:\/\/batijournal.com\/"},{"@type":"ListItem","position":2,"name":"Actualit\u00e9s","item":"https:\/\/batijournal.com\/index.php\/category\/actualites\/"},{"@type":"ListItem","position":3,"name":"Divers","item":"https:\/\/batijournal.com\/index.php\/category\/actualites\/services-equipements\/"},{"@type":"ListItem","position":4,"name":"La 37e \u00e9dition des journ\u00e9es europ\u00e9ennes du patrimoine sous le signe de la s\u00e9curit\u00e9 sanitaire"}]},{"@type":"WebSite","@id":"https:\/\/batijournal.com\/#website","url":"https:\/\/batijournal.com\/","name":"Batijournal","description":"L&#039;actualit\u00e9 du b\u00e2timent","potentialAction":[{"@type":"SearchAction","target":{"@type":"EntryPoint","urlTemplate":"https:\/\/batijournal.com\/?s={search_term_string}"},"query-input":{"@type":"PropertyValueSpecification","valueRequired":true,"valueName":"search_term_string"}}],"inLanguage":"fr-FR"},{"@type":"Person","@id":"https:\/\/batijournal.com\/#\/schema\/person\/1dc96ec6957aa1ccb25ebe78bb19f100","name":"St\u00e9phane Miget","image":{"@type":"ImageObject","inLanguage":"fr-FR","@id":"https:\/\/secure.gravatar.com\/avatar\/89915563d925342126b8ef0281b93d9d7fc337043e8df017f780908eb9644451?s=96&d=mm&r=g","url":"https:\/\/secure.gravatar.com\/avatar\/89915563d925342126b8ef0281b93d9d7fc337043e8df017f780908eb9644451?s=96&d=mm&r=g","contentUrl":"https:\/\/secure.gravatar.com\/avatar\/89915563d925342126b8ef0281b93d9d7fc337043e8df017f780908eb9644451?s=96&d=mm&r=g","caption":"St\u00e9phane Miget"},"url":"https:\/\/batijournal.com\/index.php\/author\/stephane\/"}]}},"_links":{"self":[{"href":"https:\/\/batijournal.com\/index.php\/wp-json\/wp\/v2\/posts\/104688","targetHints":{"allow":["GET"]}}],"collection":[{"href":"https:\/\/batijournal.com\/index.php\/wp-json\/wp\/v2\/posts"}],"about":[{"href":"https:\/\/batijournal.com\/index.php\/wp-json\/wp\/v2\/types\/post"}],"author":[{"embeddable":true,"href":"https:\/\/batijournal.com\/index.php\/wp-json\/wp\/v2\/users\/17"}],"replies":[{"embeddable":true,"href":"https:\/\/batijournal.com\/index.php\/wp-json\/wp\/v2\/comments?post=104688"}],"version-history":[{"count":0,"href":"https:\/\/batijournal.com\/index.php\/wp-json\/wp\/v2\/posts\/104688\/revisions"}],"wp:featuredmedia":[{"embeddable":true,"href":"https:\/\/batijournal.com\/index.php\/wp-json\/wp\/v2\/media\/100158"}],"wp:attachment":[{"href":"https:\/\/batijournal.com\/index.php\/wp-json\/wp\/v2\/media?parent=104688"}],"wp:term":[{"taxonomy":"category","embeddable":true,"href":"https:\/\/batijournal.com\/index.php\/wp-json\/wp\/v2\/categories?post=104688"},{"taxonomy":"post_tag","embeddable":true,"href":"https:\/\/batijournal.com\/index.php\/wp-json\/wp\/v2\/tags?post=104688"}],"curies":[{"name":"wp","href":"https:\/\/api.w.org\/{rel}","templated":true}]}}