{"id":104690,"date":"2020-09-09T16:21:03","date_gmt":"2020-09-09T14:21:03","guid":{"rendered":"https:\/\/batijournal.com\/?p=104690"},"modified":"2020-09-09T16:21:29","modified_gmt":"2020-09-09T14:21:29","slug":"plan-de-relance-614-me-pour-le-patrimoine","status":"publish","type":"post","link":"https:\/\/batijournal.com\/index.php\/plan-de-relance-614-me-pour-le-patrimoine\/104690\/","title":{"rendered":"Plan de relance : 614 M\u20ac pour le patrimoine"},"content":{"rendered":"<p><strong>La restauration du patrimoine fait partie des cinq grandes priorit\u00e9s culturelles d\u00e9gag\u00e9es par le gouvernement dans le plan de relance. 2 Mds\u20ac vont permettre de soutenir le patrimoine dans les territoires, de favoriser la reprise du spectacle vivant et la reconqu\u00eate de notre mod\u00e8le de cr\u00e9ation, ainsi que de consolider nos grandes fili\u00e8res \u00e9conomiques culturelles.<\/strong><\/p>\n<p>La relance par et pour le patrimoine, alliant activit\u00e9 dans les territoires et attractivit\u00e9 de la France s&rsquo;est vue attribuer 614 M\u20ac. \u00a0280 M\u20ac seront d\u00e9di\u00e9s\u00a0\u00e0 la valorisation des m\u00e9tiers d\u2019art et les savoir-faire d\u2019excellence pour remettre en \u00e9tat le patrimoine, avec des effets tr\u00e8s concrets en termes de d\u00e9veloppement \u00e9conomique, d\u2019attractivit\u00e9 et de rayonnement international de notre pays, et de fr\u00e9quentation des monuments et des autres \u00e9quipements patrimoniaux (mus\u00e9es, archives, arch\u00e9ologie) dans les territoires.\u00a0Le plan de relance permettra notamment de mettre en \u0153uvre un \u00ab plan cath\u00e9drales \u00bb sans pr\u00e9c\u00e9dent, dot\u00e9 de 80 M\u20ac et de soutenir, au-del\u00e0 des moyens p\u00e9rennes mobilis\u00e9s chaque ann\u00e9e par l\u2019Etat, la restauration des monuments historiques appartenant aux communes et aux propri\u00e9taires priv\u00e9s (40 M\u20ac). Au-del\u00e0, il permettra \u00e9galement d\u2019acc\u00e9l\u00e9rer la restauration des monuments nationaux pr\u00e9sent\u00e9s par le Centre des monuments nationaux \u00e0 travers l\u2019ensemble du territoire (40 M\u20ac) et de mener pleinement le projet de restauration et de mise en valeur du ch\u00e2teau de Villers-Cotter\u00eats (100 M\u20ac). Enfin, une enveloppe sp\u00e9cifique de 20 M\u20ac est pr\u00e9vue en faveur de la r\u00e9novation d\u2019autres \u00e9quipements patrimoniaux (mus\u00e9es, archives, arch\u00e9ologie).<\/p>\n<p>334 M\u20ac sont accord\u00e9s \u00e0 la reprise d\u2019activit\u00e9 des \u00e9tablissements publics patrimoniaux soutenant l\u2019attractivit\u00e9 et le rayonnement international de la France : mus\u00e9e du Louvre, ch\u00e2teau de Versailles, Centre des monuments nationaux, mus\u00e9e d\u2019Orsay et de l\u2019Orangerie, RMN-GP, Centre Pompidou, Universcience, etc. Ils font face aujourd\u2019hui \u00e0 une crise sans pr\u00e9c\u00e9dent, qui affecte leur mod\u00e8le \u00e9conomique et culturel. Leur fr\u00e9quentation, qui d\u00e9pend pour une part importante du tourisme international, s\u2019est effondr\u00e9e (entre -40 et -80%) r\u00e9duisant consid\u00e9rablement leurs ressources de fonctionnement et leur capacit\u00e9 \u00e0 investir et \u00e0 se projeter en termes de programmation pluriannuelle scientifique, artistique et culturelle. Les contraintes sanitaires n\u00e9cessitent par ailleurs de pouvoir adapter l\u2019offre et les formes culturelles. Au regard de leur r\u00f4le essentiel en termes de rayonnement international et d\u2019attractivit\u00e9 de la France et de locomotive du tourisme, le plan de relance permettra de soutenir ces \u00e9tablissements dans leur reprise d\u2019activit\u00e9.<\/p>\n<p>&nbsp;<\/p>\n<p>Photo : Pantheon -Benjamin Gavaudo &#8211; Centre des monuments nationaux<\/p>\n<p>&nbsp;<\/p>\n","protected":false},"excerpt":{"rendered":"<p>La restauration du patrimoine fait partie des cinq grandes priorit\u00e9s culturelles d\u00e9gag\u00e9es par le gouvernement dans le plan de relance. 2 Mds\u20ac vont permettre de soutenir le patrimoine dans les territoires, de favoriser la reprise du spectacle vivant et la reconqu\u00eate de notre mod\u00e8le de cr\u00e9ation, ainsi que de consolider nos grandes fili\u00e8res \u00e9conomiques culturelles. [&hellip;]<\/p>\n","protected":false},"author":17,"featured_media":92095,"comment_status":"closed","ping_status":"closed","sticky":false,"template":"","format":"standard","meta":{"_et_pb_use_builder":"","_et_pb_old_content":"","_et_gb_content_width":"","footnotes":""},"categories":[10530,6345,10789,10785],"tags":[6376],"class_list":["post-104690","post","type-post","status-publish","format-standard","has-post-thumbnail","hentry","category-actualites","category-economie-marches","category-publications-atrium","category-atrium","tag-monument-historique"],"yoast_head":"<!-- This site is optimized with the Yoast SEO plugin v27.4 - https:\/\/yoast.com\/product\/yoast-seo-wordpress\/ -->\n<title>Plan de relance : 614 M\u20ac pour le patrimoine<\/title>\n<meta name=\"robots\" content=\"index, follow, max-snippet:-1, max-image-preview:large, max-video-preview:-1\" \/>\n<link rel=\"canonical\" href=\"https:\/\/batijournal.com\/index.php\/plan-de-relance-614-me-pour-le-patrimoine\/104690\/\" \/>\n<meta property=\"og:locale\" content=\"fr_FR\" \/>\n<meta property=\"og:type\" content=\"article\" \/>\n<meta property=\"og:title\" content=\"Plan de relance : 614 M\u20ac pour le patrimoine\" \/>\n<meta property=\"og:description\" content=\"La restauration du patrimoine fait partie des cinq grandes priorit\u00e9s culturelles d\u00e9gag\u00e9es par le gouvernement dans le plan de relance. 2 Mds\u20ac vont permettre de soutenir le patrimoine dans les territoires, de favoriser la reprise du spectacle vivant et la reconqu\u00eate de notre mod\u00e8le de cr\u00e9ation, ainsi que de consolider nos grandes fili\u00e8res \u00e9conomiques culturelles. [&hellip;]\" \/>\n<meta property=\"og:url\" content=\"https:\/\/batijournal.com\/index.php\/plan-de-relance-614-me-pour-le-patrimoine\/104690\/\" \/>\n<meta property=\"og:site_name\" content=\"Batijournal\" \/>\n<meta property=\"article:published_time\" content=\"2020-09-09T14:21:03+00:00\" \/>\n<meta property=\"article:modified_time\" content=\"2020-09-09T14:21:29+00:00\" \/>\n<meta property=\"og:image\" content=\"https:\/\/batijournal.com\/wp-content\/uploads\/2016\/04\/Pantheon-galeries-d-acces-aux-tribunes-Benjamin-Gavaudo-Centre-des-monuments-nationaux.jpg\" \/>\n\t<meta property=\"og:image:width\" content=\"1000\" \/>\n\t<meta property=\"og:image:height\" content=\"667\" \/>\n\t<meta property=\"og:image:type\" content=\"image\/jpeg\" \/>\n<meta name=\"author\" content=\"St\u00e9phane Miget\" \/>\n<meta name=\"twitter:card\" content=\"summary_large_image\" \/>\n<meta name=\"twitter:creator\" content=\"@bati_journal\" \/>\n<meta name=\"twitter:site\" content=\"@bati_journal\" \/>\n<meta name=\"twitter:label1\" content=\"\u00c9crit par\" \/>\n\t<meta name=\"twitter:data1\" content=\"St\u00e9phane Miget\" \/>\n\t<meta name=\"twitter:label2\" content=\"Dur\u00e9e de lecture estim\u00e9e\" \/>\n\t<meta name=\"twitter:data2\" content=\"2 minutes\" \/>\n<script type=\"application\/ld+json\" class=\"yoast-schema-graph\">{\"@context\":\"https:\\\/\\\/schema.org\",\"@graph\":[{\"@type\":\"Article\",\"@id\":\"https:\\\/\\\/batijournal.com\\\/index.php\\\/plan-de-relance-614-me-pour-le-patrimoine\\\/104690\\\/#article\",\"isPartOf\":{\"@id\":\"https:\\\/\\\/batijournal.com\\\/index.php\\\/plan-de-relance-614-me-pour-le-patrimoine\\\/104690\\\/\"},\"author\":{\"name\":\"St\u00e9phane Miget\",\"@id\":\"https:\\\/\\\/batijournal.com\\\/#\\\/schema\\\/person\\\/1dc96ec6957aa1ccb25ebe78bb19f100\"},\"headline\":\"Plan de relance : 614 M\u20ac pour le patrimoine\",\"datePublished\":\"2020-09-09T14:21:03+00:00\",\"dateModified\":\"2020-09-09T14:21:29+00:00\",\"mainEntityOfPage\":{\"@id\":\"https:\\\/\\\/batijournal.com\\\/index.php\\\/plan-de-relance-614-me-pour-le-patrimoine\\\/104690\\\/\"},\"wordCount\":453,\"image\":{\"@id\":\"https:\\\/\\\/batijournal.com\\\/index.php\\\/plan-de-relance-614-me-pour-le-patrimoine\\\/104690\\\/#primaryimage\"},\"thumbnailUrl\":\"https:\\\/\\\/batijournal.com\\\/wp-content\\\/uploads\\\/2016\\\/04\\\/Pantheon-galeries-d-acces-aux-tribunes-Benjamin-Gavaudo-Centre-des-monuments-nationaux.jpg\",\"keywords\":[\"monument historique\"],\"articleSection\":[\"Actualit\u00e9s\",\"\u00c9conomie &amp; March\u00e9s\",\"zz_Actualit\u00e9s - Atrium\",\"zz_Atrium Patrimoine\"],\"inLanguage\":\"fr-FR\"},{\"@type\":\"WebPage\",\"@id\":\"https:\\\/\\\/batijournal.com\\\/index.php\\\/plan-de-relance-614-me-pour-le-patrimoine\\\/104690\\\/\",\"url\":\"https:\\\/\\\/batijournal.com\\\/index.php\\\/plan-de-relance-614-me-pour-le-patrimoine\\\/104690\\\/\",\"name\":\"Plan de relance : 614 M\u20ac pour le patrimoine\",\"isPartOf\":{\"@id\":\"https:\\\/\\\/batijournal.com\\\/#website\"},\"primaryImageOfPage\":{\"@id\":\"https:\\\/\\\/batijournal.com\\\/index.php\\\/plan-de-relance-614-me-pour-le-patrimoine\\\/104690\\\/#primaryimage\"},\"image\":{\"@id\":\"https:\\\/\\\/batijournal.com\\\/index.php\\\/plan-de-relance-614-me-pour-le-patrimoine\\\/104690\\\/#primaryimage\"},\"thumbnailUrl\":\"https:\\\/\\\/batijournal.com\\\/wp-content\\\/uploads\\\/2016\\\/04\\\/Pantheon-galeries-d-acces-aux-tribunes-Benjamin-Gavaudo-Centre-des-monuments-nationaux.jpg\",\"datePublished\":\"2020-09-09T14:21:03+00:00\",\"dateModified\":\"2020-09-09T14:21:29+00:00\",\"author\":{\"@id\":\"https:\\\/\\\/batijournal.com\\\/#\\\/schema\\\/person\\\/1dc96ec6957aa1ccb25ebe78bb19f100\"},\"breadcrumb\":{\"@id\":\"https:\\\/\\\/batijournal.com\\\/index.php\\\/plan-de-relance-614-me-pour-le-patrimoine\\\/104690\\\/#breadcrumb\"},\"inLanguage\":\"fr-FR\",\"potentialAction\":[{\"@type\":\"ReadAction\",\"target\":[\"https:\\\/\\\/batijournal.com\\\/index.php\\\/plan-de-relance-614-me-pour-le-patrimoine\\\/104690\\\/\"]}]},{\"@type\":\"ImageObject\",\"inLanguage\":\"fr-FR\",\"@id\":\"https:\\\/\\\/batijournal.com\\\/index.php\\\/plan-de-relance-614-me-pour-le-patrimoine\\\/104690\\\/#primaryimage\",\"url\":\"https:\\\/\\\/batijournal.com\\\/wp-content\\\/uploads\\\/2016\\\/04\\\/Pantheon-galeries-d-acces-aux-tribunes-Benjamin-Gavaudo-Centre-des-monuments-nationaux.jpg\",\"contentUrl\":\"https:\\\/\\\/batijournal.com\\\/wp-content\\\/uploads\\\/2016\\\/04\\\/Pantheon-galeries-d-acces-aux-tribunes-Benjamin-Gavaudo-Centre-des-monuments-nationaux.jpg\",\"width\":1000,\"height\":667},{\"@type\":\"BreadcrumbList\",\"@id\":\"https:\\\/\\\/batijournal.com\\\/index.php\\\/plan-de-relance-614-me-pour-le-patrimoine\\\/104690\\\/#breadcrumb\",\"itemListElement\":[{\"@type\":\"ListItem\",\"position\":1,\"name\":\"Accueil\",\"item\":\"https:\\\/\\\/batijournal.com\\\/\"},{\"@type\":\"ListItem\",\"position\":2,\"name\":\"Actualit\u00e9s\",\"item\":\"https:\\\/\\\/batijournal.com\\\/index.php\\\/category\\\/actualites\\\/\"},{\"@type\":\"ListItem\",\"position\":3,\"name\":\"\u00c9conomie &amp; March\u00e9s\",\"item\":\"https:\\\/\\\/batijournal.com\\\/index.php\\\/category\\\/actualites\\\/economie-marches\\\/\"},{\"@type\":\"ListItem\",\"position\":4,\"name\":\"Plan de relance : 614 M\u20ac pour le patrimoine\"}]},{\"@type\":\"WebSite\",\"@id\":\"https:\\\/\\\/batijournal.com\\\/#website\",\"url\":\"https:\\\/\\\/batijournal.com\\\/\",\"name\":\"Batijournal\",\"description\":\"L&#039;actualit\u00e9 du b\u00e2timent\",\"potentialAction\":[{\"@type\":\"SearchAction\",\"target\":{\"@type\":\"EntryPoint\",\"urlTemplate\":\"https:\\\/\\\/batijournal.com\\\/?s={search_term_string}\"},\"query-input\":{\"@type\":\"PropertyValueSpecification\",\"valueRequired\":true,\"valueName\":\"search_term_string\"}}],\"inLanguage\":\"fr-FR\"},{\"@type\":\"Person\",\"@id\":\"https:\\\/\\\/batijournal.com\\\/#\\\/schema\\\/person\\\/1dc96ec6957aa1ccb25ebe78bb19f100\",\"name\":\"St\u00e9phane Miget\",\"image\":{\"@type\":\"ImageObject\",\"inLanguage\":\"fr-FR\",\"@id\":\"https:\\\/\\\/secure.gravatar.com\\\/avatar\\\/89915563d925342126b8ef0281b93d9d7fc337043e8df017f780908eb9644451?s=96&d=mm&r=g\",\"url\":\"https:\\\/\\\/secure.gravatar.com\\\/avatar\\\/89915563d925342126b8ef0281b93d9d7fc337043e8df017f780908eb9644451?s=96&d=mm&r=g\",\"contentUrl\":\"https:\\\/\\\/secure.gravatar.com\\\/avatar\\\/89915563d925342126b8ef0281b93d9d7fc337043e8df017f780908eb9644451?s=96&d=mm&r=g\",\"caption\":\"St\u00e9phane Miget\"},\"url\":\"https:\\\/\\\/batijournal.com\\\/index.php\\\/author\\\/stephane\\\/\"}]}<\/script>\n<!-- \/ Yoast SEO plugin. -->","yoast_head_json":{"title":"Plan de relance : 614 M\u20ac pour le patrimoine","robots":{"index":"index","follow":"follow","max-snippet":"max-snippet:-1","max-image-preview":"max-image-preview:large","max-video-preview":"max-video-preview:-1"},"canonical":"https:\/\/batijournal.com\/index.php\/plan-de-relance-614-me-pour-le-patrimoine\/104690\/","og_locale":"fr_FR","og_type":"article","og_title":"Plan de relance : 614 M\u20ac pour le patrimoine","og_description":"La restauration du patrimoine fait partie des cinq grandes priorit\u00e9s culturelles d\u00e9gag\u00e9es par le gouvernement dans le plan de relance. 2 Mds\u20ac vont permettre de soutenir le patrimoine dans les territoires, de favoriser la reprise du spectacle vivant et la reconqu\u00eate de notre mod\u00e8le de cr\u00e9ation, ainsi que de consolider nos grandes fili\u00e8res \u00e9conomiques culturelles. [&hellip;]","og_url":"https:\/\/batijournal.com\/index.php\/plan-de-relance-614-me-pour-le-patrimoine\/104690\/","og_site_name":"Batijournal","article_published_time":"2020-09-09T14:21:03+00:00","article_modified_time":"2020-09-09T14:21:29+00:00","og_image":[{"width":1000,"height":667,"url":"https:\/\/batijournal.com\/wp-content\/uploads\/2016\/04\/Pantheon-galeries-d-acces-aux-tribunes-Benjamin-Gavaudo-Centre-des-monuments-nationaux.jpg","type":"image\/jpeg"}],"author":"St\u00e9phane Miget","twitter_card":"summary_large_image","twitter_creator":"@bati_journal","twitter_site":"@bati_journal","twitter_misc":{"\u00c9crit par":"St\u00e9phane Miget","Dur\u00e9e de lecture estim\u00e9e":"2 minutes"},"schema":{"@context":"https:\/\/schema.org","@graph":[{"@type":"Article","@id":"https:\/\/batijournal.com\/index.php\/plan-de-relance-614-me-pour-le-patrimoine\/104690\/#article","isPartOf":{"@id":"https:\/\/batijournal.com\/index.php\/plan-de-relance-614-me-pour-le-patrimoine\/104690\/"},"author":{"name":"St\u00e9phane Miget","@id":"https:\/\/batijournal.com\/#\/schema\/person\/1dc96ec6957aa1ccb25ebe78bb19f100"},"headline":"Plan de relance : 614 M\u20ac pour le patrimoine","datePublished":"2020-09-09T14:21:03+00:00","dateModified":"2020-09-09T14:21:29+00:00","mainEntityOfPage":{"@id":"https:\/\/batijournal.com\/index.php\/plan-de-relance-614-me-pour-le-patrimoine\/104690\/"},"wordCount":453,"image":{"@id":"https:\/\/batijournal.com\/index.php\/plan-de-relance-614-me-pour-le-patrimoine\/104690\/#primaryimage"},"thumbnailUrl":"https:\/\/batijournal.com\/wp-content\/uploads\/2016\/04\/Pantheon-galeries-d-acces-aux-tribunes-Benjamin-Gavaudo-Centre-des-monuments-nationaux.jpg","keywords":["monument historique"],"articleSection":["Actualit\u00e9s","\u00c9conomie &amp; March\u00e9s","zz_Actualit\u00e9s - Atrium","zz_Atrium Patrimoine"],"inLanguage":"fr-FR"},{"@type":"WebPage","@id":"https:\/\/batijournal.com\/index.php\/plan-de-relance-614-me-pour-le-patrimoine\/104690\/","url":"https:\/\/batijournal.com\/index.php\/plan-de-relance-614-me-pour-le-patrimoine\/104690\/","name":"Plan de relance : 614 M\u20ac pour le patrimoine","isPartOf":{"@id":"https:\/\/batijournal.com\/#website"},"primaryImageOfPage":{"@id":"https:\/\/batijournal.com\/index.php\/plan-de-relance-614-me-pour-le-patrimoine\/104690\/#primaryimage"},"image":{"@id":"https:\/\/batijournal.com\/index.php\/plan-de-relance-614-me-pour-le-patrimoine\/104690\/#primaryimage"},"thumbnailUrl":"https:\/\/batijournal.com\/wp-content\/uploads\/2016\/04\/Pantheon-galeries-d-acces-aux-tribunes-Benjamin-Gavaudo-Centre-des-monuments-nationaux.jpg","datePublished":"2020-09-09T14:21:03+00:00","dateModified":"2020-09-09T14:21:29+00:00","author":{"@id":"https:\/\/batijournal.com\/#\/schema\/person\/1dc96ec6957aa1ccb25ebe78bb19f100"},"breadcrumb":{"@id":"https:\/\/batijournal.com\/index.php\/plan-de-relance-614-me-pour-le-patrimoine\/104690\/#breadcrumb"},"inLanguage":"fr-FR","potentialAction":[{"@type":"ReadAction","target":["https:\/\/batijournal.com\/index.php\/plan-de-relance-614-me-pour-le-patrimoine\/104690\/"]}]},{"@type":"ImageObject","inLanguage":"fr-FR","@id":"https:\/\/batijournal.com\/index.php\/plan-de-relance-614-me-pour-le-patrimoine\/104690\/#primaryimage","url":"https:\/\/batijournal.com\/wp-content\/uploads\/2016\/04\/Pantheon-galeries-d-acces-aux-tribunes-Benjamin-Gavaudo-Centre-des-monuments-nationaux.jpg","contentUrl":"https:\/\/batijournal.com\/wp-content\/uploads\/2016\/04\/Pantheon-galeries-d-acces-aux-tribunes-Benjamin-Gavaudo-Centre-des-monuments-nationaux.jpg","width":1000,"height":667},{"@type":"BreadcrumbList","@id":"https:\/\/batijournal.com\/index.php\/plan-de-relance-614-me-pour-le-patrimoine\/104690\/#breadcrumb","itemListElement":[{"@type":"ListItem","position":1,"name":"Accueil","item":"https:\/\/batijournal.com\/"},{"@type":"ListItem","position":2,"name":"Actualit\u00e9s","item":"https:\/\/batijournal.com\/index.php\/category\/actualites\/"},{"@type":"ListItem","position":3,"name":"\u00c9conomie &amp; March\u00e9s","item":"https:\/\/batijournal.com\/index.php\/category\/actualites\/economie-marches\/"},{"@type":"ListItem","position":4,"name":"Plan de relance : 614 M\u20ac pour le patrimoine"}]},{"@type":"WebSite","@id":"https:\/\/batijournal.com\/#website","url":"https:\/\/batijournal.com\/","name":"Batijournal","description":"L&#039;actualit\u00e9 du b\u00e2timent","potentialAction":[{"@type":"SearchAction","target":{"@type":"EntryPoint","urlTemplate":"https:\/\/batijournal.com\/?s={search_term_string}"},"query-input":{"@type":"PropertyValueSpecification","valueRequired":true,"valueName":"search_term_string"}}],"inLanguage":"fr-FR"},{"@type":"Person","@id":"https:\/\/batijournal.com\/#\/schema\/person\/1dc96ec6957aa1ccb25ebe78bb19f100","name":"St\u00e9phane Miget","image":{"@type":"ImageObject","inLanguage":"fr-FR","@id":"https:\/\/secure.gravatar.com\/avatar\/89915563d925342126b8ef0281b93d9d7fc337043e8df017f780908eb9644451?s=96&d=mm&r=g","url":"https:\/\/secure.gravatar.com\/avatar\/89915563d925342126b8ef0281b93d9d7fc337043e8df017f780908eb9644451?s=96&d=mm&r=g","contentUrl":"https:\/\/secure.gravatar.com\/avatar\/89915563d925342126b8ef0281b93d9d7fc337043e8df017f780908eb9644451?s=96&d=mm&r=g","caption":"St\u00e9phane Miget"},"url":"https:\/\/batijournal.com\/index.php\/author\/stephane\/"}]}},"_links":{"self":[{"href":"https:\/\/batijournal.com\/index.php\/wp-json\/wp\/v2\/posts\/104690","targetHints":{"allow":["GET"]}}],"collection":[{"href":"https:\/\/batijournal.com\/index.php\/wp-json\/wp\/v2\/posts"}],"about":[{"href":"https:\/\/batijournal.com\/index.php\/wp-json\/wp\/v2\/types\/post"}],"author":[{"embeddable":true,"href":"https:\/\/batijournal.com\/index.php\/wp-json\/wp\/v2\/users\/17"}],"replies":[{"embeddable":true,"href":"https:\/\/batijournal.com\/index.php\/wp-json\/wp\/v2\/comments?post=104690"}],"version-history":[{"count":0,"href":"https:\/\/batijournal.com\/index.php\/wp-json\/wp\/v2\/posts\/104690\/revisions"}],"wp:featuredmedia":[{"embeddable":true,"href":"https:\/\/batijournal.com\/index.php\/wp-json\/wp\/v2\/media\/92095"}],"wp:attachment":[{"href":"https:\/\/batijournal.com\/index.php\/wp-json\/wp\/v2\/media?parent=104690"}],"wp:term":[{"taxonomy":"category","embeddable":true,"href":"https:\/\/batijournal.com\/index.php\/wp-json\/wp\/v2\/categories?post=104690"},{"taxonomy":"post_tag","embeddable":true,"href":"https:\/\/batijournal.com\/index.php\/wp-json\/wp\/v2\/tags?post=104690"}],"curies":[{"name":"wp","href":"https:\/\/api.w.org\/{rel}","templated":true}]}}