{"id":104787,"date":"2020-09-16T08:53:11","date_gmt":"2020-09-16T06:53:11","guid":{"rendered":"https:\/\/batijournal.com\/?p=104787"},"modified":"2020-09-16T08:53:11","modified_gmt":"2020-09-16T06:53:11","slug":"la-grotte-de-lascaux-a-ete-decouverte-il-y-a-80-ans","status":"publish","type":"post","link":"https:\/\/batijournal.com\/index.php\/la-grotte-de-lascaux-a-ete-decouverte-il-y-a-80-ans\/104787\/","title":{"rendered":"La grotte de Lascaux a \u00e9t\u00e9 d\u00e9couverte il y a 80 ans"},"content":{"rendered":"<p>D\u00e8s les premiers jours qui suivent sa d\u00e9couverte fortuite par quatre adolescents, il y a 80 ans, le 12 septembre 1940, la grotte de Lascaux est consid\u00e9r\u00e9e comme un chef-d\u2019\u0153uvre de l\u2019art pari\u00e9tal, suscitant enthousiasme et fascination. Lascaux devient tr\u00e8s vite un site pr\u00e9historique de r\u00e9f\u00e9rence internationale aussi c\u00e9l\u00e8bre dans le monde pour la richesse de son d\u00e9cor pari\u00e9tal que les dangers constants qui menacent sa conservation. Victime de son succ\u00e8s, les mois pr\u00e9c\u00e9dant sa fermeture au public, Lascaux recevait jusqu\u2019\u00e0 1800 visiteurs par jour. Sa fermeture en avril 1963 sur d\u00e9cision du ministre de la Culture Andr\u00e9 Malraux a aussit\u00f4t pris une dimension symbolique, fondatrice de l\u2019id\u00e9e de \u00ab\u00a0conservation pr\u00e9ventive\u00a0\u00bb.<\/p>\n<p>La grotte a atteint aujourd\u2019hui un \u00e9tat de relative stabilit\u00e9 micro-biologique, elle n\u2019en demeure pas moins fragile et tout doit \u00eatre mis en \u0153uvre pour qu\u2019elle b\u00e9n\u00e9ficie d\u2019un \u00e9quilibre climatologique et microbiologique indispensable \u00e0 sa pr\u00e9servation. La gestion de la pr\u00e9sence humaine \u00e9tant essentielle l\u2019\u00e9quilibre des param\u00e8tres climatiques et donc \u00e0 sa conservation, un acc\u00e8s limit\u00e9 s\u2019impose. Sa fermeture au public est aujourd\u2019hui consid\u00e9r\u00e9e par tous comme une n\u00e9cessit\u00e9 pour sa conservation et c\u2019est dans un cadre horaire n\u00e9cessairement restreint qu\u2019ont lieu les interventions ponctuelles li\u00e9es aux programmes de recherche et au suivi de la grotte, ce qui repr\u00e9sente, une fr\u00e9quentation annuelle inf\u00e9rieure \u00e0 200 heures par an.<\/p>\n<p>Class\u00e9e Monument Historique d\u00e8s sa d\u00e9couverte, inscrite depuis 1979 sur la liste du patrimoine mondial parmi un ensemble de quinze \u201cSites pr\u00e9historiques et grottes orn\u00e9es de la V\u00e9z\u00e8re\u201d, la grotte de Lascaux appartient \u00e0 l\u2019Etat.<\/p>\n<p>Pour en savoir plus sur les derni\u00e8res d\u00e9couvertes concernant Lascaux<br \/>\n<a href=\"https:\/\/www.inee.cnrs.fr\/fr\/cnrsinfo\/dater-lascaux-un-retour-sous-terre\">https:\/\/www.inee.cnrs.fr\/fr\/cnrsinfo\/dater-lascaux-un-retour-sous-terre<\/a><\/p>\n<p>Visuel : Inee &#8211; Cnrs<\/p>\n","protected":false},"excerpt":{"rendered":"<p>D\u00e8s les premiers jours qui suivent sa d\u00e9couverte fortuite par quatre adolescents, il y a 80 ans, le 12 septembre 1940, la grotte de Lascaux est consid\u00e9r\u00e9e comme un chef-d\u2019\u0153uvre de l\u2019art pari\u00e9tal, suscitant enthousiasme et fascination. Lascaux devient tr\u00e8s vite un site pr\u00e9historique de r\u00e9f\u00e9rence internationale aussi c\u00e9l\u00e8bre dans le monde pour la richesse [&hellip;]<\/p>\n","protected":false},"author":17,"featured_media":104788,"comment_status":"closed","ping_status":"closed","sticky":false,"template":"","format":"standard","meta":{"_et_pb_use_builder":"","_et_pb_old_content":"","_et_gb_content_width":"","footnotes":""},"categories":[10530,6362,10789,10785],"tags":[12875,8580],"class_list":["post-104787","post","type-post","status-publish","format-standard","has-post-thumbnail","hentry","category-actualites","category-services-equipements","category-publications-atrium","category-atrium","tag-archeologie","tag-grotte-de-lascaux"],"yoast_head":"<!-- This site is optimized with the Yoast SEO plugin v27.4 - https:\/\/yoast.com\/product\/yoast-seo-wordpress\/ -->\n<title>La grotte de Lascaux a \u00e9t\u00e9 d\u00e9couverte il y a 80 ans<\/title>\n<meta name=\"robots\" content=\"index, follow, max-snippet:-1, max-image-preview:large, max-video-preview:-1\" \/>\n<link rel=\"canonical\" href=\"https:\/\/batijournal.com\/index.php\/la-grotte-de-lascaux-a-ete-decouverte-il-y-a-80-ans\/104787\/\" \/>\n<meta property=\"og:locale\" content=\"fr_FR\" \/>\n<meta property=\"og:type\" content=\"article\" \/>\n<meta property=\"og:title\" content=\"La grotte de Lascaux a \u00e9t\u00e9 d\u00e9couverte il y a 80 ans\" \/>\n<meta property=\"og:description\" content=\"D\u00e8s les premiers jours qui suivent sa d\u00e9couverte fortuite par quatre adolescents, il y a 80 ans, le 12 septembre 1940, la grotte de Lascaux est consid\u00e9r\u00e9e comme un chef-d\u2019\u0153uvre de l\u2019art pari\u00e9tal, suscitant enthousiasme et fascination. Lascaux devient tr\u00e8s vite un site pr\u00e9historique de r\u00e9f\u00e9rence internationale aussi c\u00e9l\u00e8bre dans le monde pour la richesse [&hellip;]\" \/>\n<meta property=\"og:url\" content=\"https:\/\/batijournal.com\/index.php\/la-grotte-de-lascaux-a-ete-decouverte-il-y-a-80-ans\/104787\/\" \/>\n<meta property=\"og:site_name\" content=\"Batijournal\" \/>\n<meta property=\"article:published_time\" content=\"2020-09-16T06:53:11+00:00\" \/>\n<meta property=\"og:image\" content=\"https:\/\/batijournal.com\/wp-content\/uploads\/2020\/09\/Ducasse-Langlais_Breve-INEE_Figure-2-reduit.jpg\" \/>\n\t<meta property=\"og:image:width\" content=\"1000\" \/>\n\t<meta property=\"og:image:height\" content=\"1293\" \/>\n\t<meta property=\"og:image:type\" content=\"image\/jpeg\" \/>\n<meta name=\"author\" content=\"St\u00e9phane Miget\" \/>\n<meta name=\"twitter:card\" content=\"summary_large_image\" \/>\n<meta name=\"twitter:creator\" content=\"@bati_journal\" \/>\n<meta name=\"twitter:site\" content=\"@bati_journal\" \/>\n<meta name=\"twitter:label1\" content=\"\u00c9crit par\" \/>\n\t<meta name=\"twitter:data1\" content=\"St\u00e9phane Miget\" \/>\n\t<meta name=\"twitter:label2\" content=\"Dur\u00e9e de lecture estim\u00e9e\" \/>\n\t<meta name=\"twitter:data2\" content=\"2 minutes\" \/>\n<script type=\"application\/ld+json\" class=\"yoast-schema-graph\">{\"@context\":\"https:\\\/\\\/schema.org\",\"@graph\":[{\"@type\":\"Article\",\"@id\":\"https:\\\/\\\/batijournal.com\\\/index.php\\\/la-grotte-de-lascaux-a-ete-decouverte-il-y-a-80-ans\\\/104787\\\/#article\",\"isPartOf\":{\"@id\":\"https:\\\/\\\/batijournal.com\\\/index.php\\\/la-grotte-de-lascaux-a-ete-decouverte-il-y-a-80-ans\\\/104787\\\/\"},\"author\":{\"name\":\"St\u00e9phane Miget\",\"@id\":\"https:\\\/\\\/batijournal.com\\\/#\\\/schema\\\/person\\\/1dc96ec6957aa1ccb25ebe78bb19f100\"},\"headline\":\"La grotte de Lascaux a \u00e9t\u00e9 d\u00e9couverte il y a 80 ans\",\"datePublished\":\"2020-09-16T06:53:11+00:00\",\"mainEntityOfPage\":{\"@id\":\"https:\\\/\\\/batijournal.com\\\/index.php\\\/la-grotte-de-lascaux-a-ete-decouverte-il-y-a-80-ans\\\/104787\\\/\"},\"wordCount\":333,\"image\":{\"@id\":\"https:\\\/\\\/batijournal.com\\\/index.php\\\/la-grotte-de-lascaux-a-ete-decouverte-il-y-a-80-ans\\\/104787\\\/#primaryimage\"},\"thumbnailUrl\":\"https:\\\/\\\/batijournal.com\\\/wp-content\\\/uploads\\\/2020\\\/09\\\/Ducasse-Langlais_Breve-INEE_Figure-2-reduit.jpg\",\"keywords\":[\"arch\u00e9ologie\",\"grotte de lascaux\"],\"articleSection\":[\"Actualit\u00e9s\",\"Divers\",\"zz_Actualit\u00e9s - Atrium\",\"zz_Atrium Patrimoine\"],\"inLanguage\":\"fr-FR\"},{\"@type\":\"WebPage\",\"@id\":\"https:\\\/\\\/batijournal.com\\\/index.php\\\/la-grotte-de-lascaux-a-ete-decouverte-il-y-a-80-ans\\\/104787\\\/\",\"url\":\"https:\\\/\\\/batijournal.com\\\/index.php\\\/la-grotte-de-lascaux-a-ete-decouverte-il-y-a-80-ans\\\/104787\\\/\",\"name\":\"La grotte de Lascaux a \u00e9t\u00e9 d\u00e9couverte il y a 80 ans\",\"isPartOf\":{\"@id\":\"https:\\\/\\\/batijournal.com\\\/#website\"},\"primaryImageOfPage\":{\"@id\":\"https:\\\/\\\/batijournal.com\\\/index.php\\\/la-grotte-de-lascaux-a-ete-decouverte-il-y-a-80-ans\\\/104787\\\/#primaryimage\"},\"image\":{\"@id\":\"https:\\\/\\\/batijournal.com\\\/index.php\\\/la-grotte-de-lascaux-a-ete-decouverte-il-y-a-80-ans\\\/104787\\\/#primaryimage\"},\"thumbnailUrl\":\"https:\\\/\\\/batijournal.com\\\/wp-content\\\/uploads\\\/2020\\\/09\\\/Ducasse-Langlais_Breve-INEE_Figure-2-reduit.jpg\",\"datePublished\":\"2020-09-16T06:53:11+00:00\",\"author\":{\"@id\":\"https:\\\/\\\/batijournal.com\\\/#\\\/schema\\\/person\\\/1dc96ec6957aa1ccb25ebe78bb19f100\"},\"breadcrumb\":{\"@id\":\"https:\\\/\\\/batijournal.com\\\/index.php\\\/la-grotte-de-lascaux-a-ete-decouverte-il-y-a-80-ans\\\/104787\\\/#breadcrumb\"},\"inLanguage\":\"fr-FR\",\"potentialAction\":[{\"@type\":\"ReadAction\",\"target\":[\"https:\\\/\\\/batijournal.com\\\/index.php\\\/la-grotte-de-lascaux-a-ete-decouverte-il-y-a-80-ans\\\/104787\\\/\"]}]},{\"@type\":\"ImageObject\",\"inLanguage\":\"fr-FR\",\"@id\":\"https:\\\/\\\/batijournal.com\\\/index.php\\\/la-grotte-de-lascaux-a-ete-decouverte-il-y-a-80-ans\\\/104787\\\/#primaryimage\",\"url\":\"https:\\\/\\\/batijournal.com\\\/wp-content\\\/uploads\\\/2020\\\/09\\\/Ducasse-Langlais_Breve-INEE_Figure-2-reduit.jpg\",\"contentUrl\":\"https:\\\/\\\/batijournal.com\\\/wp-content\\\/uploads\\\/2020\\\/09\\\/Ducasse-Langlais_Breve-INEE_Figure-2-reduit.jpg\",\"width\":1000,\"height\":1293},{\"@type\":\"BreadcrumbList\",\"@id\":\"https:\\\/\\\/batijournal.com\\\/index.php\\\/la-grotte-de-lascaux-a-ete-decouverte-il-y-a-80-ans\\\/104787\\\/#breadcrumb\",\"itemListElement\":[{\"@type\":\"ListItem\",\"position\":1,\"name\":\"Accueil\",\"item\":\"https:\\\/\\\/batijournal.com\\\/\"},{\"@type\":\"ListItem\",\"position\":2,\"name\":\"Actualit\u00e9s\",\"item\":\"https:\\\/\\\/batijournal.com\\\/index.php\\\/category\\\/actualites\\\/\"},{\"@type\":\"ListItem\",\"position\":3,\"name\":\"Divers\",\"item\":\"https:\\\/\\\/batijournal.com\\\/index.php\\\/category\\\/actualites\\\/services-equipements\\\/\"},{\"@type\":\"ListItem\",\"position\":4,\"name\":\"La grotte de Lascaux a \u00e9t\u00e9 d\u00e9couverte il y a 80 ans\"}]},{\"@type\":\"WebSite\",\"@id\":\"https:\\\/\\\/batijournal.com\\\/#website\",\"url\":\"https:\\\/\\\/batijournal.com\\\/\",\"name\":\"Batijournal\",\"description\":\"L&#039;actualit\u00e9 du b\u00e2timent\",\"potentialAction\":[{\"@type\":\"SearchAction\",\"target\":{\"@type\":\"EntryPoint\",\"urlTemplate\":\"https:\\\/\\\/batijournal.com\\\/?s={search_term_string}\"},\"query-input\":{\"@type\":\"PropertyValueSpecification\",\"valueRequired\":true,\"valueName\":\"search_term_string\"}}],\"inLanguage\":\"fr-FR\"},{\"@type\":\"Person\",\"@id\":\"https:\\\/\\\/batijournal.com\\\/#\\\/schema\\\/person\\\/1dc96ec6957aa1ccb25ebe78bb19f100\",\"name\":\"St\u00e9phane Miget\",\"image\":{\"@type\":\"ImageObject\",\"inLanguage\":\"fr-FR\",\"@id\":\"https:\\\/\\\/secure.gravatar.com\\\/avatar\\\/89915563d925342126b8ef0281b93d9d7fc337043e8df017f780908eb9644451?s=96&d=mm&r=g\",\"url\":\"https:\\\/\\\/secure.gravatar.com\\\/avatar\\\/89915563d925342126b8ef0281b93d9d7fc337043e8df017f780908eb9644451?s=96&d=mm&r=g\",\"contentUrl\":\"https:\\\/\\\/secure.gravatar.com\\\/avatar\\\/89915563d925342126b8ef0281b93d9d7fc337043e8df017f780908eb9644451?s=96&d=mm&r=g\",\"caption\":\"St\u00e9phane Miget\"},\"url\":\"https:\\\/\\\/batijournal.com\\\/index.php\\\/author\\\/stephane\\\/\"}]}<\/script>\n<!-- \/ Yoast SEO plugin. -->","yoast_head_json":{"title":"La grotte de Lascaux a \u00e9t\u00e9 d\u00e9couverte il y a 80 ans","robots":{"index":"index","follow":"follow","max-snippet":"max-snippet:-1","max-image-preview":"max-image-preview:large","max-video-preview":"max-video-preview:-1"},"canonical":"https:\/\/batijournal.com\/index.php\/la-grotte-de-lascaux-a-ete-decouverte-il-y-a-80-ans\/104787\/","og_locale":"fr_FR","og_type":"article","og_title":"La grotte de Lascaux a \u00e9t\u00e9 d\u00e9couverte il y a 80 ans","og_description":"D\u00e8s les premiers jours qui suivent sa d\u00e9couverte fortuite par quatre adolescents, il y a 80 ans, le 12 septembre 1940, la grotte de Lascaux est consid\u00e9r\u00e9e comme un chef-d\u2019\u0153uvre de l\u2019art pari\u00e9tal, suscitant enthousiasme et fascination. Lascaux devient tr\u00e8s vite un site pr\u00e9historique de r\u00e9f\u00e9rence internationale aussi c\u00e9l\u00e8bre dans le monde pour la richesse [&hellip;]","og_url":"https:\/\/batijournal.com\/index.php\/la-grotte-de-lascaux-a-ete-decouverte-il-y-a-80-ans\/104787\/","og_site_name":"Batijournal","article_published_time":"2020-09-16T06:53:11+00:00","og_image":[{"width":1000,"height":1293,"url":"https:\/\/batijournal.com\/wp-content\/uploads\/2020\/09\/Ducasse-Langlais_Breve-INEE_Figure-2-reduit.jpg","type":"image\/jpeg"}],"author":"St\u00e9phane Miget","twitter_card":"summary_large_image","twitter_creator":"@bati_journal","twitter_site":"@bati_journal","twitter_misc":{"\u00c9crit par":"St\u00e9phane Miget","Dur\u00e9e de lecture estim\u00e9e":"2 minutes"},"schema":{"@context":"https:\/\/schema.org","@graph":[{"@type":"Article","@id":"https:\/\/batijournal.com\/index.php\/la-grotte-de-lascaux-a-ete-decouverte-il-y-a-80-ans\/104787\/#article","isPartOf":{"@id":"https:\/\/batijournal.com\/index.php\/la-grotte-de-lascaux-a-ete-decouverte-il-y-a-80-ans\/104787\/"},"author":{"name":"St\u00e9phane Miget","@id":"https:\/\/batijournal.com\/#\/schema\/person\/1dc96ec6957aa1ccb25ebe78bb19f100"},"headline":"La grotte de Lascaux a \u00e9t\u00e9 d\u00e9couverte il y a 80 ans","datePublished":"2020-09-16T06:53:11+00:00","mainEntityOfPage":{"@id":"https:\/\/batijournal.com\/index.php\/la-grotte-de-lascaux-a-ete-decouverte-il-y-a-80-ans\/104787\/"},"wordCount":333,"image":{"@id":"https:\/\/batijournal.com\/index.php\/la-grotte-de-lascaux-a-ete-decouverte-il-y-a-80-ans\/104787\/#primaryimage"},"thumbnailUrl":"https:\/\/batijournal.com\/wp-content\/uploads\/2020\/09\/Ducasse-Langlais_Breve-INEE_Figure-2-reduit.jpg","keywords":["arch\u00e9ologie","grotte de lascaux"],"articleSection":["Actualit\u00e9s","Divers","zz_Actualit\u00e9s - Atrium","zz_Atrium Patrimoine"],"inLanguage":"fr-FR"},{"@type":"WebPage","@id":"https:\/\/batijournal.com\/index.php\/la-grotte-de-lascaux-a-ete-decouverte-il-y-a-80-ans\/104787\/","url":"https:\/\/batijournal.com\/index.php\/la-grotte-de-lascaux-a-ete-decouverte-il-y-a-80-ans\/104787\/","name":"La grotte de Lascaux a \u00e9t\u00e9 d\u00e9couverte il y a 80 ans","isPartOf":{"@id":"https:\/\/batijournal.com\/#website"},"primaryImageOfPage":{"@id":"https:\/\/batijournal.com\/index.php\/la-grotte-de-lascaux-a-ete-decouverte-il-y-a-80-ans\/104787\/#primaryimage"},"image":{"@id":"https:\/\/batijournal.com\/index.php\/la-grotte-de-lascaux-a-ete-decouverte-il-y-a-80-ans\/104787\/#primaryimage"},"thumbnailUrl":"https:\/\/batijournal.com\/wp-content\/uploads\/2020\/09\/Ducasse-Langlais_Breve-INEE_Figure-2-reduit.jpg","datePublished":"2020-09-16T06:53:11+00:00","author":{"@id":"https:\/\/batijournal.com\/#\/schema\/person\/1dc96ec6957aa1ccb25ebe78bb19f100"},"breadcrumb":{"@id":"https:\/\/batijournal.com\/index.php\/la-grotte-de-lascaux-a-ete-decouverte-il-y-a-80-ans\/104787\/#breadcrumb"},"inLanguage":"fr-FR","potentialAction":[{"@type":"ReadAction","target":["https:\/\/batijournal.com\/index.php\/la-grotte-de-lascaux-a-ete-decouverte-il-y-a-80-ans\/104787\/"]}]},{"@type":"ImageObject","inLanguage":"fr-FR","@id":"https:\/\/batijournal.com\/index.php\/la-grotte-de-lascaux-a-ete-decouverte-il-y-a-80-ans\/104787\/#primaryimage","url":"https:\/\/batijournal.com\/wp-content\/uploads\/2020\/09\/Ducasse-Langlais_Breve-INEE_Figure-2-reduit.jpg","contentUrl":"https:\/\/batijournal.com\/wp-content\/uploads\/2020\/09\/Ducasse-Langlais_Breve-INEE_Figure-2-reduit.jpg","width":1000,"height":1293},{"@type":"BreadcrumbList","@id":"https:\/\/batijournal.com\/index.php\/la-grotte-de-lascaux-a-ete-decouverte-il-y-a-80-ans\/104787\/#breadcrumb","itemListElement":[{"@type":"ListItem","position":1,"name":"Accueil","item":"https:\/\/batijournal.com\/"},{"@type":"ListItem","position":2,"name":"Actualit\u00e9s","item":"https:\/\/batijournal.com\/index.php\/category\/actualites\/"},{"@type":"ListItem","position":3,"name":"Divers","item":"https:\/\/batijournal.com\/index.php\/category\/actualites\/services-equipements\/"},{"@type":"ListItem","position":4,"name":"La grotte de Lascaux a \u00e9t\u00e9 d\u00e9couverte il y a 80 ans"}]},{"@type":"WebSite","@id":"https:\/\/batijournal.com\/#website","url":"https:\/\/batijournal.com\/","name":"Batijournal","description":"L&#039;actualit\u00e9 du b\u00e2timent","potentialAction":[{"@type":"SearchAction","target":{"@type":"EntryPoint","urlTemplate":"https:\/\/batijournal.com\/?s={search_term_string}"},"query-input":{"@type":"PropertyValueSpecification","valueRequired":true,"valueName":"search_term_string"}}],"inLanguage":"fr-FR"},{"@type":"Person","@id":"https:\/\/batijournal.com\/#\/schema\/person\/1dc96ec6957aa1ccb25ebe78bb19f100","name":"St\u00e9phane Miget","image":{"@type":"ImageObject","inLanguage":"fr-FR","@id":"https:\/\/secure.gravatar.com\/avatar\/89915563d925342126b8ef0281b93d9d7fc337043e8df017f780908eb9644451?s=96&d=mm&r=g","url":"https:\/\/secure.gravatar.com\/avatar\/89915563d925342126b8ef0281b93d9d7fc337043e8df017f780908eb9644451?s=96&d=mm&r=g","contentUrl":"https:\/\/secure.gravatar.com\/avatar\/89915563d925342126b8ef0281b93d9d7fc337043e8df017f780908eb9644451?s=96&d=mm&r=g","caption":"St\u00e9phane Miget"},"url":"https:\/\/batijournal.com\/index.php\/author\/stephane\/"}]}},"_links":{"self":[{"href":"https:\/\/batijournal.com\/index.php\/wp-json\/wp\/v2\/posts\/104787","targetHints":{"allow":["GET"]}}],"collection":[{"href":"https:\/\/batijournal.com\/index.php\/wp-json\/wp\/v2\/posts"}],"about":[{"href":"https:\/\/batijournal.com\/index.php\/wp-json\/wp\/v2\/types\/post"}],"author":[{"embeddable":true,"href":"https:\/\/batijournal.com\/index.php\/wp-json\/wp\/v2\/users\/17"}],"replies":[{"embeddable":true,"href":"https:\/\/batijournal.com\/index.php\/wp-json\/wp\/v2\/comments?post=104787"}],"version-history":[{"count":0,"href":"https:\/\/batijournal.com\/index.php\/wp-json\/wp\/v2\/posts\/104787\/revisions"}],"wp:featuredmedia":[{"embeddable":true,"href":"https:\/\/batijournal.com\/index.php\/wp-json\/wp\/v2\/media\/104788"}],"wp:attachment":[{"href":"https:\/\/batijournal.com\/index.php\/wp-json\/wp\/v2\/media?parent=104787"}],"wp:term":[{"taxonomy":"category","embeddable":true,"href":"https:\/\/batijournal.com\/index.php\/wp-json\/wp\/v2\/categories?post=104787"},{"taxonomy":"post_tag","embeddable":true,"href":"https:\/\/batijournal.com\/index.php\/wp-json\/wp\/v2\/tags?post=104787"}],"curies":[{"name":"wp","href":"https:\/\/api.w.org\/{rel}","templated":true}]}}