{"id":104790,"date":"2020-09-16T08:55:19","date_gmt":"2020-09-16T06:55:19","guid":{"rendered":"https:\/\/batijournal.com\/?p=104790"},"modified":"2020-09-16T08:55:19","modified_gmt":"2020-09-16T06:55:19","slug":"operation-de-levage-dune-charpente-sur-le-parvis-de-la-cathedrale-de-paris","status":"publish","type":"post","link":"https:\/\/batijournal.com\/index.php\/operation-de-levage-dune-charpente-sur-le-parvis-de-la-cathedrale-de-paris\/104790\/","title":{"rendered":"Op\u00e9ration de levage d\u2019une charpente sur le parvis de la cath\u00e9drale de Paris"},"content":{"rendered":"<p>A l\u2019occasion des journ\u00e9es europ\u00e9ennes du patrimoine 2020 l\u2019association charpentiers sans fronti\u00e8res r\u00e9alisera le levage manuel d\u2019une charpente de ferme sur le parvis de la cath\u00e9drale de Paris le samedi 19 septembre de 14h \u00e0 15h. Au lendemain de l\u2019incendie du 15 avril 2019 \u00e0 la cath\u00e9drale Notre Dame de Paris, l\u2019association avait propos\u00e9 ses services et son exp\u00e9rience pour tester et exp\u00e9rimenter l\u2019hypoth\u00e8se d\u2019une restitution de la charpente de la nef et du ch\u0153ur de la cath\u00e9drale, selon les techniques et mat\u00e9riaux d\u2019origine. Avec l\u2019appui de l\u2019interprofession France Bois For\u00eat et de l\u2019ONF l\u2019association a pu choisir des bois de qualit\u00e9, notamment dans le Perche ornais. Ces arbres ont \u00e9t\u00e9 abattus au moment appropri\u00e9, en hiver, et enfin fa\u00e7onn\u00e9s dans un ch\u00e2teau de Seine Maritime, \u00e0 Mesnil-Geoffroy du 1er au 7 juillet dernier. Une \u00e9quipe de 25 femmes et hommes, professionnels de la charpente venu(e)s de huit pays, malgr\u00e9 les difficult\u00e9s du covid, ont r\u00e9alis\u00e9 int\u00e9gralement une ferme grandeur nature \u00e0 partir des relev\u00e9s tr\u00e8s pr\u00e9cis r\u00e9alis\u00e9s par la ma\u00eetrise d\u2019\u0153uvre. Le levage proprement dit, dirig\u00e9 par Florian Carpentier, artisan charpentier \u00e0 Pierrepont-sur-Avre (80) sera effectu\u00e9 \u00e0 la main par 9 personnes, charpenti\u00e8re et charpentiers sans fronti\u00e8res, en pr\u00e9sence du public. L\u2019op\u00e9ration prendra environ une heure. La ferme ne restera sur le parvis que les samedi et dimanche 19 et 20 septembre 2020.<\/p>\n","protected":false},"excerpt":{"rendered":"<p>A l\u2019occasion des journ\u00e9es europ\u00e9ennes du patrimoine 2020 l\u2019association charpentiers sans fronti\u00e8res r\u00e9alisera le levage manuel d\u2019une charpente de ferme sur le parvis de la cath\u00e9drale de Paris le samedi 19 septembre de 14h \u00e0 15h. Au lendemain de l\u2019incendie du 15 avril 2019 \u00e0 la cath\u00e9drale Notre Dame de Paris, l\u2019association avait propos\u00e9 ses [&hellip;]<\/p>\n","protected":false},"author":17,"featured_media":104791,"comment_status":"closed","ping_status":"closed","sticky":false,"template":"","format":"standard","meta":{"_et_pb_use_builder":"","_et_pb_old_content":"","_et_gb_content_width":"","footnotes":""},"categories":[10530,6340,10789,10769,10785,10764],"tags":[6842],"class_list":["post-104790","post","type-post","status-publish","format-standard","has-post-thumbnail","hentry","category-actualites","category-architecture-conception","category-publications-atrium","category-publications","category-atrium","category-woodsurfer","tag-notre-dame-de-paris"],"yoast_head":"<!-- This site is optimized with the Yoast SEO plugin v27.4 - https:\/\/yoast.com\/product\/yoast-seo-wordpress\/ -->\n<title>Op\u00e9ration de levage d\u2019une charpente sur le parvis de la cath\u00e9drale de Paris<\/title>\n<meta name=\"robots\" content=\"index, follow, max-snippet:-1, max-image-preview:large, max-video-preview:-1\" \/>\n<link rel=\"canonical\" href=\"https:\/\/batijournal.com\/index.php\/operation-de-levage-dune-charpente-sur-le-parvis-de-la-cathedrale-de-paris\/104790\/\" \/>\n<meta property=\"og:locale\" content=\"fr_FR\" \/>\n<meta property=\"og:type\" content=\"article\" \/>\n<meta property=\"og:title\" content=\"Op\u00e9ration de levage d\u2019une charpente sur le parvis de la cath\u00e9drale de Paris\" \/>\n<meta property=\"og:description\" content=\"A l\u2019occasion des journ\u00e9es europ\u00e9ennes du patrimoine 2020 l\u2019association charpentiers sans fronti\u00e8res r\u00e9alisera le levage manuel d\u2019une charpente de ferme sur le parvis de la cath\u00e9drale de Paris le samedi 19 septembre de 14h \u00e0 15h. Au lendemain de l\u2019incendie du 15 avril 2019 \u00e0 la cath\u00e9drale Notre Dame de Paris, l\u2019association avait propos\u00e9 ses [&hellip;]\" \/>\n<meta property=\"og:url\" content=\"https:\/\/batijournal.com\/index.php\/operation-de-levage-dune-charpente-sur-le-parvis-de-la-cathedrale-de-paris\/104790\/\" \/>\n<meta property=\"og:site_name\" content=\"Batijournal\" \/>\n<meta property=\"article:published_time\" content=\"2020-09-16T06:55:19+00:00\" \/>\n<meta property=\"og:image\" content=\"https:\/\/batijournal.com\/wp-content\/uploads\/2020\/09\/levage-charpente.jpg\" \/>\n\t<meta property=\"og:image:width\" content=\"2016\" \/>\n\t<meta property=\"og:image:height\" content=\"1512\" \/>\n\t<meta property=\"og:image:type\" content=\"image\/jpeg\" \/>\n<meta name=\"author\" content=\"St\u00e9phane Miget\" \/>\n<meta name=\"twitter:card\" content=\"summary_large_image\" \/>\n<meta name=\"twitter:creator\" content=\"@bati_journal\" \/>\n<meta name=\"twitter:site\" content=\"@bati_journal\" \/>\n<meta name=\"twitter:label1\" content=\"\u00c9crit par\" \/>\n\t<meta name=\"twitter:data1\" content=\"St\u00e9phane Miget\" \/>\n\t<meta name=\"twitter:label2\" content=\"Dur\u00e9e de lecture estim\u00e9e\" \/>\n\t<meta name=\"twitter:data2\" content=\"1 minute\" \/>\n<script type=\"application\/ld+json\" class=\"yoast-schema-graph\">{\"@context\":\"https:\\\/\\\/schema.org\",\"@graph\":[{\"@type\":\"Article\",\"@id\":\"https:\\\/\\\/batijournal.com\\\/index.php\\\/operation-de-levage-dune-charpente-sur-le-parvis-de-la-cathedrale-de-paris\\\/104790\\\/#article\",\"isPartOf\":{\"@id\":\"https:\\\/\\\/batijournal.com\\\/index.php\\\/operation-de-levage-dune-charpente-sur-le-parvis-de-la-cathedrale-de-paris\\\/104790\\\/\"},\"author\":{\"name\":\"St\u00e9phane Miget\",\"@id\":\"https:\\\/\\\/batijournal.com\\\/#\\\/schema\\\/person\\\/1dc96ec6957aa1ccb25ebe78bb19f100\"},\"headline\":\"Op\u00e9ration de levage d\u2019une charpente sur le parvis de la cath\u00e9drale de Paris\",\"datePublished\":\"2020-09-16T06:55:19+00:00\",\"mainEntityOfPage\":{\"@id\":\"https:\\\/\\\/batijournal.com\\\/index.php\\\/operation-de-levage-dune-charpente-sur-le-parvis-de-la-cathedrale-de-paris\\\/104790\\\/\"},\"wordCount\":268,\"image\":{\"@id\":\"https:\\\/\\\/batijournal.com\\\/index.php\\\/operation-de-levage-dune-charpente-sur-le-parvis-de-la-cathedrale-de-paris\\\/104790\\\/#primaryimage\"},\"thumbnailUrl\":\"https:\\\/\\\/batijournal.com\\\/wp-content\\\/uploads\\\/2020\\\/09\\\/levage-charpente.jpg\",\"keywords\":[\"notre dame de paris\"],\"articleSection\":[\"Actualit\u00e9s\",\"Architecture &amp; Conception\",\"zz_Actualit\u00e9s - Atrium\",\"zz_Actualit\u00e9s - Woodsurfer\",\"zz_Atrium Patrimoine\",\"zz_Woodsurfer\"],\"inLanguage\":\"fr-FR\"},{\"@type\":\"WebPage\",\"@id\":\"https:\\\/\\\/batijournal.com\\\/index.php\\\/operation-de-levage-dune-charpente-sur-le-parvis-de-la-cathedrale-de-paris\\\/104790\\\/\",\"url\":\"https:\\\/\\\/batijournal.com\\\/index.php\\\/operation-de-levage-dune-charpente-sur-le-parvis-de-la-cathedrale-de-paris\\\/104790\\\/\",\"name\":\"Op\u00e9ration de levage d\u2019une charpente sur le parvis de la cath\u00e9drale de Paris\",\"isPartOf\":{\"@id\":\"https:\\\/\\\/batijournal.com\\\/#website\"},\"primaryImageOfPage\":{\"@id\":\"https:\\\/\\\/batijournal.com\\\/index.php\\\/operation-de-levage-dune-charpente-sur-le-parvis-de-la-cathedrale-de-paris\\\/104790\\\/#primaryimage\"},\"image\":{\"@id\":\"https:\\\/\\\/batijournal.com\\\/index.php\\\/operation-de-levage-dune-charpente-sur-le-parvis-de-la-cathedrale-de-paris\\\/104790\\\/#primaryimage\"},\"thumbnailUrl\":\"https:\\\/\\\/batijournal.com\\\/wp-content\\\/uploads\\\/2020\\\/09\\\/levage-charpente.jpg\",\"datePublished\":\"2020-09-16T06:55:19+00:00\",\"author\":{\"@id\":\"https:\\\/\\\/batijournal.com\\\/#\\\/schema\\\/person\\\/1dc96ec6957aa1ccb25ebe78bb19f100\"},\"breadcrumb\":{\"@id\":\"https:\\\/\\\/batijournal.com\\\/index.php\\\/operation-de-levage-dune-charpente-sur-le-parvis-de-la-cathedrale-de-paris\\\/104790\\\/#breadcrumb\"},\"inLanguage\":\"fr-FR\",\"potentialAction\":[{\"@type\":\"ReadAction\",\"target\":[\"https:\\\/\\\/batijournal.com\\\/index.php\\\/operation-de-levage-dune-charpente-sur-le-parvis-de-la-cathedrale-de-paris\\\/104790\\\/\"]}]},{\"@type\":\"ImageObject\",\"inLanguage\":\"fr-FR\",\"@id\":\"https:\\\/\\\/batijournal.com\\\/index.php\\\/operation-de-levage-dune-charpente-sur-le-parvis-de-la-cathedrale-de-paris\\\/104790\\\/#primaryimage\",\"url\":\"https:\\\/\\\/batijournal.com\\\/wp-content\\\/uploads\\\/2020\\\/09\\\/levage-charpente.jpg\",\"contentUrl\":\"https:\\\/\\\/batijournal.com\\\/wp-content\\\/uploads\\\/2020\\\/09\\\/levage-charpente.jpg\",\"width\":2016,\"height\":1512},{\"@type\":\"BreadcrumbList\",\"@id\":\"https:\\\/\\\/batijournal.com\\\/index.php\\\/operation-de-levage-dune-charpente-sur-le-parvis-de-la-cathedrale-de-paris\\\/104790\\\/#breadcrumb\",\"itemListElement\":[{\"@type\":\"ListItem\",\"position\":1,\"name\":\"Accueil\",\"item\":\"https:\\\/\\\/batijournal.com\\\/\"},{\"@type\":\"ListItem\",\"position\":2,\"name\":\"Actualit\u00e9s\",\"item\":\"https:\\\/\\\/batijournal.com\\\/index.php\\\/category\\\/actualites\\\/\"},{\"@type\":\"ListItem\",\"position\":3,\"name\":\"Architecture &amp; Conception\",\"item\":\"https:\\\/\\\/batijournal.com\\\/index.php\\\/category\\\/actualites\\\/architecture-conception\\\/\"},{\"@type\":\"ListItem\",\"position\":4,\"name\":\"Op\u00e9ration de levage d\u2019une charpente sur le parvis de la cath\u00e9drale de Paris\"}]},{\"@type\":\"WebSite\",\"@id\":\"https:\\\/\\\/batijournal.com\\\/#website\",\"url\":\"https:\\\/\\\/batijournal.com\\\/\",\"name\":\"Batijournal\",\"description\":\"L&#039;actualit\u00e9 du b\u00e2timent\",\"potentialAction\":[{\"@type\":\"SearchAction\",\"target\":{\"@type\":\"EntryPoint\",\"urlTemplate\":\"https:\\\/\\\/batijournal.com\\\/?s={search_term_string}\"},\"query-input\":{\"@type\":\"PropertyValueSpecification\",\"valueRequired\":true,\"valueName\":\"search_term_string\"}}],\"inLanguage\":\"fr-FR\"},{\"@type\":\"Person\",\"@id\":\"https:\\\/\\\/batijournal.com\\\/#\\\/schema\\\/person\\\/1dc96ec6957aa1ccb25ebe78bb19f100\",\"name\":\"St\u00e9phane Miget\",\"image\":{\"@type\":\"ImageObject\",\"inLanguage\":\"fr-FR\",\"@id\":\"https:\\\/\\\/secure.gravatar.com\\\/avatar\\\/89915563d925342126b8ef0281b93d9d7fc337043e8df017f780908eb9644451?s=96&d=mm&r=g\",\"url\":\"https:\\\/\\\/secure.gravatar.com\\\/avatar\\\/89915563d925342126b8ef0281b93d9d7fc337043e8df017f780908eb9644451?s=96&d=mm&r=g\",\"contentUrl\":\"https:\\\/\\\/secure.gravatar.com\\\/avatar\\\/89915563d925342126b8ef0281b93d9d7fc337043e8df017f780908eb9644451?s=96&d=mm&r=g\",\"caption\":\"St\u00e9phane Miget\"},\"url\":\"https:\\\/\\\/batijournal.com\\\/index.php\\\/author\\\/stephane\\\/\"}]}<\/script>\n<!-- \/ Yoast SEO plugin. -->","yoast_head_json":{"title":"Op\u00e9ration de levage d\u2019une charpente sur le parvis de la cath\u00e9drale de Paris","robots":{"index":"index","follow":"follow","max-snippet":"max-snippet:-1","max-image-preview":"max-image-preview:large","max-video-preview":"max-video-preview:-1"},"canonical":"https:\/\/batijournal.com\/index.php\/operation-de-levage-dune-charpente-sur-le-parvis-de-la-cathedrale-de-paris\/104790\/","og_locale":"fr_FR","og_type":"article","og_title":"Op\u00e9ration de levage d\u2019une charpente sur le parvis de la cath\u00e9drale de Paris","og_description":"A l\u2019occasion des journ\u00e9es europ\u00e9ennes du patrimoine 2020 l\u2019association charpentiers sans fronti\u00e8res r\u00e9alisera le levage manuel d\u2019une charpente de ferme sur le parvis de la cath\u00e9drale de Paris le samedi 19 septembre de 14h \u00e0 15h. Au lendemain de l\u2019incendie du 15 avril 2019 \u00e0 la cath\u00e9drale Notre Dame de Paris, l\u2019association avait propos\u00e9 ses [&hellip;]","og_url":"https:\/\/batijournal.com\/index.php\/operation-de-levage-dune-charpente-sur-le-parvis-de-la-cathedrale-de-paris\/104790\/","og_site_name":"Batijournal","article_published_time":"2020-09-16T06:55:19+00:00","og_image":[{"width":2016,"height":1512,"url":"https:\/\/batijournal.com\/wp-content\/uploads\/2020\/09\/levage-charpente.jpg","type":"image\/jpeg"}],"author":"St\u00e9phane Miget","twitter_card":"summary_large_image","twitter_creator":"@bati_journal","twitter_site":"@bati_journal","twitter_misc":{"\u00c9crit par":"St\u00e9phane Miget","Dur\u00e9e de lecture estim\u00e9e":"1 minute"},"schema":{"@context":"https:\/\/schema.org","@graph":[{"@type":"Article","@id":"https:\/\/batijournal.com\/index.php\/operation-de-levage-dune-charpente-sur-le-parvis-de-la-cathedrale-de-paris\/104790\/#article","isPartOf":{"@id":"https:\/\/batijournal.com\/index.php\/operation-de-levage-dune-charpente-sur-le-parvis-de-la-cathedrale-de-paris\/104790\/"},"author":{"name":"St\u00e9phane Miget","@id":"https:\/\/batijournal.com\/#\/schema\/person\/1dc96ec6957aa1ccb25ebe78bb19f100"},"headline":"Op\u00e9ration de levage d\u2019une charpente sur le parvis de la cath\u00e9drale de Paris","datePublished":"2020-09-16T06:55:19+00:00","mainEntityOfPage":{"@id":"https:\/\/batijournal.com\/index.php\/operation-de-levage-dune-charpente-sur-le-parvis-de-la-cathedrale-de-paris\/104790\/"},"wordCount":268,"image":{"@id":"https:\/\/batijournal.com\/index.php\/operation-de-levage-dune-charpente-sur-le-parvis-de-la-cathedrale-de-paris\/104790\/#primaryimage"},"thumbnailUrl":"https:\/\/batijournal.com\/wp-content\/uploads\/2020\/09\/levage-charpente.jpg","keywords":["notre dame de paris"],"articleSection":["Actualit\u00e9s","Architecture &amp; Conception","zz_Actualit\u00e9s - Atrium","zz_Actualit\u00e9s - Woodsurfer","zz_Atrium Patrimoine","zz_Woodsurfer"],"inLanguage":"fr-FR"},{"@type":"WebPage","@id":"https:\/\/batijournal.com\/index.php\/operation-de-levage-dune-charpente-sur-le-parvis-de-la-cathedrale-de-paris\/104790\/","url":"https:\/\/batijournal.com\/index.php\/operation-de-levage-dune-charpente-sur-le-parvis-de-la-cathedrale-de-paris\/104790\/","name":"Op\u00e9ration de levage d\u2019une charpente sur le parvis de la cath\u00e9drale de Paris","isPartOf":{"@id":"https:\/\/batijournal.com\/#website"},"primaryImageOfPage":{"@id":"https:\/\/batijournal.com\/index.php\/operation-de-levage-dune-charpente-sur-le-parvis-de-la-cathedrale-de-paris\/104790\/#primaryimage"},"image":{"@id":"https:\/\/batijournal.com\/index.php\/operation-de-levage-dune-charpente-sur-le-parvis-de-la-cathedrale-de-paris\/104790\/#primaryimage"},"thumbnailUrl":"https:\/\/batijournal.com\/wp-content\/uploads\/2020\/09\/levage-charpente.jpg","datePublished":"2020-09-16T06:55:19+00:00","author":{"@id":"https:\/\/batijournal.com\/#\/schema\/person\/1dc96ec6957aa1ccb25ebe78bb19f100"},"breadcrumb":{"@id":"https:\/\/batijournal.com\/index.php\/operation-de-levage-dune-charpente-sur-le-parvis-de-la-cathedrale-de-paris\/104790\/#breadcrumb"},"inLanguage":"fr-FR","potentialAction":[{"@type":"ReadAction","target":["https:\/\/batijournal.com\/index.php\/operation-de-levage-dune-charpente-sur-le-parvis-de-la-cathedrale-de-paris\/104790\/"]}]},{"@type":"ImageObject","inLanguage":"fr-FR","@id":"https:\/\/batijournal.com\/index.php\/operation-de-levage-dune-charpente-sur-le-parvis-de-la-cathedrale-de-paris\/104790\/#primaryimage","url":"https:\/\/batijournal.com\/wp-content\/uploads\/2020\/09\/levage-charpente.jpg","contentUrl":"https:\/\/batijournal.com\/wp-content\/uploads\/2020\/09\/levage-charpente.jpg","width":2016,"height":1512},{"@type":"BreadcrumbList","@id":"https:\/\/batijournal.com\/index.php\/operation-de-levage-dune-charpente-sur-le-parvis-de-la-cathedrale-de-paris\/104790\/#breadcrumb","itemListElement":[{"@type":"ListItem","position":1,"name":"Accueil","item":"https:\/\/batijournal.com\/"},{"@type":"ListItem","position":2,"name":"Actualit\u00e9s","item":"https:\/\/batijournal.com\/index.php\/category\/actualites\/"},{"@type":"ListItem","position":3,"name":"Architecture &amp; Conception","item":"https:\/\/batijournal.com\/index.php\/category\/actualites\/architecture-conception\/"},{"@type":"ListItem","position":4,"name":"Op\u00e9ration de levage d\u2019une charpente sur le parvis de la cath\u00e9drale de Paris"}]},{"@type":"WebSite","@id":"https:\/\/batijournal.com\/#website","url":"https:\/\/batijournal.com\/","name":"Batijournal","description":"L&#039;actualit\u00e9 du b\u00e2timent","potentialAction":[{"@type":"SearchAction","target":{"@type":"EntryPoint","urlTemplate":"https:\/\/batijournal.com\/?s={search_term_string}"},"query-input":{"@type":"PropertyValueSpecification","valueRequired":true,"valueName":"search_term_string"}}],"inLanguage":"fr-FR"},{"@type":"Person","@id":"https:\/\/batijournal.com\/#\/schema\/person\/1dc96ec6957aa1ccb25ebe78bb19f100","name":"St\u00e9phane Miget","image":{"@type":"ImageObject","inLanguage":"fr-FR","@id":"https:\/\/secure.gravatar.com\/avatar\/89915563d925342126b8ef0281b93d9d7fc337043e8df017f780908eb9644451?s=96&d=mm&r=g","url":"https:\/\/secure.gravatar.com\/avatar\/89915563d925342126b8ef0281b93d9d7fc337043e8df017f780908eb9644451?s=96&d=mm&r=g","contentUrl":"https:\/\/secure.gravatar.com\/avatar\/89915563d925342126b8ef0281b93d9d7fc337043e8df017f780908eb9644451?s=96&d=mm&r=g","caption":"St\u00e9phane Miget"},"url":"https:\/\/batijournal.com\/index.php\/author\/stephane\/"}]}},"_links":{"self":[{"href":"https:\/\/batijournal.com\/index.php\/wp-json\/wp\/v2\/posts\/104790","targetHints":{"allow":["GET"]}}],"collection":[{"href":"https:\/\/batijournal.com\/index.php\/wp-json\/wp\/v2\/posts"}],"about":[{"href":"https:\/\/batijournal.com\/index.php\/wp-json\/wp\/v2\/types\/post"}],"author":[{"embeddable":true,"href":"https:\/\/batijournal.com\/index.php\/wp-json\/wp\/v2\/users\/17"}],"replies":[{"embeddable":true,"href":"https:\/\/batijournal.com\/index.php\/wp-json\/wp\/v2\/comments?post=104790"}],"version-history":[{"count":0,"href":"https:\/\/batijournal.com\/index.php\/wp-json\/wp\/v2\/posts\/104790\/revisions"}],"wp:featuredmedia":[{"embeddable":true,"href":"https:\/\/batijournal.com\/index.php\/wp-json\/wp\/v2\/media\/104791"}],"wp:attachment":[{"href":"https:\/\/batijournal.com\/index.php\/wp-json\/wp\/v2\/media?parent=104790"}],"wp:term":[{"taxonomy":"category","embeddable":true,"href":"https:\/\/batijournal.com\/index.php\/wp-json\/wp\/v2\/categories?post=104790"},{"taxonomy":"post_tag","embeddable":true,"href":"https:\/\/batijournal.com\/index.php\/wp-json\/wp\/v2\/tags?post=104790"}],"curies":[{"name":"wp","href":"https:\/\/api.w.org\/{rel}","templated":true}]}}