{"id":104819,"date":"2020-09-18T08:02:05","date_gmt":"2020-09-18T06:02:05","guid":{"rendered":"https:\/\/batijournal.com\/?p=104819"},"modified":"2020-09-18T08:02:05","modified_gmt":"2020-09-18T06:02:05","slug":"jean-michel-wilmotte-presente-son-grand-palais-ephemere-debut-novembre","status":"publish","type":"post","link":"https:\/\/batijournal.com\/index.php\/jean-michel-wilmotte-presente-son-grand-palais-ephemere-debut-novembre\/104819\/","title":{"rendered":"Jean-Michel Wilmotte pr\u00e9sente son Grand Palais Eph\u00e9m\u00e8re d\u00e9but novembre"},"content":{"rendered":"<p>Le 5 novembre au Pavillon de l&rsquo;Arsenal, l&rsquo;architecte Jean-Michel Wilmotte pr\u00e9sentera son Grand Palais Eph\u00e9m\u00e8re \u00e0 l&rsquo;occasion d&rsquo;une conf\u00e9rence de presse de la 10e \u00e9dition du Forum International Bois Construction. La pr\u00e9sentation se fera \u00e0 la suite de la signature du PACTE Bois Biosourc\u00e9 \u00cele-de-France, pilot\u00e9 par FiBois \u00cele-de-France, en pr\u00e9sence du Pr\u00e9fet de R\u00e9gion, Marc Guillaume et de la Vice-Pr\u00e9sidente de la R\u00e9gion \u00cele-de-France, Alexandra Dublanche et de l\u2019ensemble des am\u00e9nageurs et ma\u00eetres d\u2019ouvrage signataires. Le Grand Palais Eph\u00e9m\u00e8re offre l&rsquo;opportunit\u00e9 de mieux faire conna\u00eetre la construction bois et biosourc\u00e9e \u00e0 l&rsquo;opinion publique et aux relais m\u00e9diatiques de la capitale.<\/p>\n<p>La dixi\u00e8me \u00e9dition du Forum International Bois Construction, initialement pr\u00e9vue au Grand Palais \u00e0 Paris du 14 au 17 avril 2020, est report\u00e9e aux 15, 16 et 17 juillet 2021, toujours \u00e0 Paris, sous la vo\u00fbte en bois du Grand Palais Eph\u00e9m\u00e8re.<\/p>\n<p>Visuel : Wilmotte &amp; Associ\u00e9s Architectes<\/p>\n","protected":false},"excerpt":{"rendered":"<p>Le 5 novembre au Pavillon de l&rsquo;Arsenal, l&rsquo;architecte Jean-Michel Wilmotte pr\u00e9sentera son Grand Palais Eph\u00e9m\u00e8re \u00e0 l&rsquo;occasion d&rsquo;une conf\u00e9rence de presse de la 10e \u00e9dition du Forum International Bois Construction. La pr\u00e9sentation se fera \u00e0 la suite de la signature du PACTE Bois Biosourc\u00e9 \u00cele-de-France, pilot\u00e9 par FiBois \u00cele-de-France, en pr\u00e9sence du Pr\u00e9fet de R\u00e9gion, [&hellip;]<\/p>\n","protected":false},"author":17,"featured_media":104820,"comment_status":"closed","ping_status":"closed","sticky":false,"template":"","format":"standard","meta":{"_et_pb_use_builder":"","_et_pb_old_content":"","_et_gb_content_width":"","footnotes":""},"categories":[10530,6340,10769,10764],"tags":[9312],"class_list":["post-104819","post","type-post","status-publish","format-standard","has-post-thumbnail","hentry","category-actualites","category-architecture-conception","category-publications","category-woodsurfer","tag-forum-bois-construction"],"yoast_head":"<!-- This site is optimized with the Yoast SEO plugin v27.4 - https:\/\/yoast.com\/product\/yoast-seo-wordpress\/ -->\n<title>Jean-Michel Wilmotte pr\u00e9sente son Grand Palais Eph\u00e9m\u00e8re d\u00e9but novembre<\/title>\n<meta name=\"robots\" content=\"index, follow, max-snippet:-1, max-image-preview:large, max-video-preview:-1\" \/>\n<link rel=\"canonical\" href=\"https:\/\/batijournal.com\/index.php\/jean-michel-wilmotte-presente-son-grand-palais-ephemere-debut-novembre\/104819\/\" \/>\n<meta property=\"og:locale\" content=\"fr_FR\" \/>\n<meta property=\"og:type\" content=\"article\" \/>\n<meta property=\"og:title\" content=\"Jean-Michel Wilmotte pr\u00e9sente son Grand Palais Eph\u00e9m\u00e8re d\u00e9but novembre\" \/>\n<meta property=\"og:description\" content=\"Le 5 novembre au Pavillon de l&rsquo;Arsenal, l&rsquo;architecte Jean-Michel Wilmotte pr\u00e9sentera son Grand Palais Eph\u00e9m\u00e8re \u00e0 l&rsquo;occasion d&rsquo;une conf\u00e9rence de presse de la 10e \u00e9dition du Forum International Bois Construction. La pr\u00e9sentation se fera \u00e0 la suite de la signature du PACTE Bois Biosourc\u00e9 \u00cele-de-France, pilot\u00e9 par FiBois \u00cele-de-France, en pr\u00e9sence du Pr\u00e9fet de R\u00e9gion, [&hellip;]\" \/>\n<meta property=\"og:url\" content=\"https:\/\/batijournal.com\/index.php\/jean-michel-wilmotte-presente-son-grand-palais-ephemere-debut-novembre\/104819\/\" \/>\n<meta property=\"og:site_name\" content=\"Batijournal\" \/>\n<meta property=\"article:published_time\" content=\"2020-09-18T06:02:05+00:00\" \/>\n<meta property=\"og:image\" content=\"https:\/\/batijournal.com\/wp-content\/uploads\/2020\/09\/Grand-Palais-Ephemere-Wilmotte.png\" \/>\n\t<meta property=\"og:image:width\" content=\"598\" \/>\n\t<meta property=\"og:image:height\" content=\"319\" \/>\n\t<meta property=\"og:image:type\" content=\"image\/png\" \/>\n<meta name=\"author\" content=\"St\u00e9phane Miget\" \/>\n<meta name=\"twitter:card\" content=\"summary_large_image\" \/>\n<meta name=\"twitter:creator\" content=\"@bati_journal\" \/>\n<meta name=\"twitter:site\" content=\"@bati_journal\" \/>\n<meta name=\"twitter:label1\" content=\"\u00c9crit par\" \/>\n\t<meta name=\"twitter:data1\" content=\"St\u00e9phane Miget\" \/>\n\t<meta name=\"twitter:label2\" content=\"Dur\u00e9e de lecture estim\u00e9e\" \/>\n\t<meta name=\"twitter:data2\" content=\"1 minute\" \/>\n<script type=\"application\/ld+json\" class=\"yoast-schema-graph\">{\"@context\":\"https:\\\/\\\/schema.org\",\"@graph\":[{\"@type\":\"Article\",\"@id\":\"https:\\\/\\\/batijournal.com\\\/index.php\\\/jean-michel-wilmotte-presente-son-grand-palais-ephemere-debut-novembre\\\/104819\\\/#article\",\"isPartOf\":{\"@id\":\"https:\\\/\\\/batijournal.com\\\/index.php\\\/jean-michel-wilmotte-presente-son-grand-palais-ephemere-debut-novembre\\\/104819\\\/\"},\"author\":{\"name\":\"St\u00e9phane Miget\",\"@id\":\"https:\\\/\\\/batijournal.com\\\/#\\\/schema\\\/person\\\/1dc96ec6957aa1ccb25ebe78bb19f100\"},\"headline\":\"Jean-Michel Wilmotte pr\u00e9sente son Grand Palais Eph\u00e9m\u00e8re d\u00e9but novembre\",\"datePublished\":\"2020-09-18T06:02:05+00:00\",\"mainEntityOfPage\":{\"@id\":\"https:\\\/\\\/batijournal.com\\\/index.php\\\/jean-michel-wilmotte-presente-son-grand-palais-ephemere-debut-novembre\\\/104819\\\/\"},\"wordCount\":180,\"image\":{\"@id\":\"https:\\\/\\\/batijournal.com\\\/index.php\\\/jean-michel-wilmotte-presente-son-grand-palais-ephemere-debut-novembre\\\/104819\\\/#primaryimage\"},\"thumbnailUrl\":\"https:\\\/\\\/batijournal.com\\\/wp-content\\\/uploads\\\/2020\\\/09\\\/Grand-Palais-Ephemere-Wilmotte.png\",\"keywords\":[\"forum bois construction\"],\"articleSection\":[\"Actualit\u00e9s\",\"Architecture &amp; Conception\",\"zz_Actualit\u00e9s - Woodsurfer\",\"zz_Woodsurfer\"],\"inLanguage\":\"fr-FR\"},{\"@type\":\"WebPage\",\"@id\":\"https:\\\/\\\/batijournal.com\\\/index.php\\\/jean-michel-wilmotte-presente-son-grand-palais-ephemere-debut-novembre\\\/104819\\\/\",\"url\":\"https:\\\/\\\/batijournal.com\\\/index.php\\\/jean-michel-wilmotte-presente-son-grand-palais-ephemere-debut-novembre\\\/104819\\\/\",\"name\":\"Jean-Michel Wilmotte pr\u00e9sente son Grand Palais Eph\u00e9m\u00e8re d\u00e9but novembre\",\"isPartOf\":{\"@id\":\"https:\\\/\\\/batijournal.com\\\/#website\"},\"primaryImageOfPage\":{\"@id\":\"https:\\\/\\\/batijournal.com\\\/index.php\\\/jean-michel-wilmotte-presente-son-grand-palais-ephemere-debut-novembre\\\/104819\\\/#primaryimage\"},\"image\":{\"@id\":\"https:\\\/\\\/batijournal.com\\\/index.php\\\/jean-michel-wilmotte-presente-son-grand-palais-ephemere-debut-novembre\\\/104819\\\/#primaryimage\"},\"thumbnailUrl\":\"https:\\\/\\\/batijournal.com\\\/wp-content\\\/uploads\\\/2020\\\/09\\\/Grand-Palais-Ephemere-Wilmotte.png\",\"datePublished\":\"2020-09-18T06:02:05+00:00\",\"author\":{\"@id\":\"https:\\\/\\\/batijournal.com\\\/#\\\/schema\\\/person\\\/1dc96ec6957aa1ccb25ebe78bb19f100\"},\"breadcrumb\":{\"@id\":\"https:\\\/\\\/batijournal.com\\\/index.php\\\/jean-michel-wilmotte-presente-son-grand-palais-ephemere-debut-novembre\\\/104819\\\/#breadcrumb\"},\"inLanguage\":\"fr-FR\",\"potentialAction\":[{\"@type\":\"ReadAction\",\"target\":[\"https:\\\/\\\/batijournal.com\\\/index.php\\\/jean-michel-wilmotte-presente-son-grand-palais-ephemere-debut-novembre\\\/104819\\\/\"]}]},{\"@type\":\"ImageObject\",\"inLanguage\":\"fr-FR\",\"@id\":\"https:\\\/\\\/batijournal.com\\\/index.php\\\/jean-michel-wilmotte-presente-son-grand-palais-ephemere-debut-novembre\\\/104819\\\/#primaryimage\",\"url\":\"https:\\\/\\\/batijournal.com\\\/wp-content\\\/uploads\\\/2020\\\/09\\\/Grand-Palais-Ephemere-Wilmotte.png\",\"contentUrl\":\"https:\\\/\\\/batijournal.com\\\/wp-content\\\/uploads\\\/2020\\\/09\\\/Grand-Palais-Ephemere-Wilmotte.png\",\"width\":598,\"height\":319},{\"@type\":\"BreadcrumbList\",\"@id\":\"https:\\\/\\\/batijournal.com\\\/index.php\\\/jean-michel-wilmotte-presente-son-grand-palais-ephemere-debut-novembre\\\/104819\\\/#breadcrumb\",\"itemListElement\":[{\"@type\":\"ListItem\",\"position\":1,\"name\":\"Accueil\",\"item\":\"https:\\\/\\\/batijournal.com\\\/\"},{\"@type\":\"ListItem\",\"position\":2,\"name\":\"Actualit\u00e9s\",\"item\":\"https:\\\/\\\/batijournal.com\\\/index.php\\\/category\\\/actualites\\\/\"},{\"@type\":\"ListItem\",\"position\":3,\"name\":\"Architecture &amp; Conception\",\"item\":\"https:\\\/\\\/batijournal.com\\\/index.php\\\/category\\\/actualites\\\/architecture-conception\\\/\"},{\"@type\":\"ListItem\",\"position\":4,\"name\":\"Jean-Michel Wilmotte pr\u00e9sente son Grand Palais Eph\u00e9m\u00e8re d\u00e9but novembre\"}]},{\"@type\":\"WebSite\",\"@id\":\"https:\\\/\\\/batijournal.com\\\/#website\",\"url\":\"https:\\\/\\\/batijournal.com\\\/\",\"name\":\"Batijournal\",\"description\":\"L&#039;actualit\u00e9 du b\u00e2timent\",\"potentialAction\":[{\"@type\":\"SearchAction\",\"target\":{\"@type\":\"EntryPoint\",\"urlTemplate\":\"https:\\\/\\\/batijournal.com\\\/?s={search_term_string}\"},\"query-input\":{\"@type\":\"PropertyValueSpecification\",\"valueRequired\":true,\"valueName\":\"search_term_string\"}}],\"inLanguage\":\"fr-FR\"},{\"@type\":\"Person\",\"@id\":\"https:\\\/\\\/batijournal.com\\\/#\\\/schema\\\/person\\\/1dc96ec6957aa1ccb25ebe78bb19f100\",\"name\":\"St\u00e9phane Miget\",\"image\":{\"@type\":\"ImageObject\",\"inLanguage\":\"fr-FR\",\"@id\":\"https:\\\/\\\/secure.gravatar.com\\\/avatar\\\/89915563d925342126b8ef0281b93d9d7fc337043e8df017f780908eb9644451?s=96&d=mm&r=g\",\"url\":\"https:\\\/\\\/secure.gravatar.com\\\/avatar\\\/89915563d925342126b8ef0281b93d9d7fc337043e8df017f780908eb9644451?s=96&d=mm&r=g\",\"contentUrl\":\"https:\\\/\\\/secure.gravatar.com\\\/avatar\\\/89915563d925342126b8ef0281b93d9d7fc337043e8df017f780908eb9644451?s=96&d=mm&r=g\",\"caption\":\"St\u00e9phane Miget\"},\"url\":\"https:\\\/\\\/batijournal.com\\\/index.php\\\/author\\\/stephane\\\/\"}]}<\/script>\n<!-- \/ Yoast SEO plugin. -->","yoast_head_json":{"title":"Jean-Michel Wilmotte pr\u00e9sente son Grand Palais Eph\u00e9m\u00e8re d\u00e9but novembre","robots":{"index":"index","follow":"follow","max-snippet":"max-snippet:-1","max-image-preview":"max-image-preview:large","max-video-preview":"max-video-preview:-1"},"canonical":"https:\/\/batijournal.com\/index.php\/jean-michel-wilmotte-presente-son-grand-palais-ephemere-debut-novembre\/104819\/","og_locale":"fr_FR","og_type":"article","og_title":"Jean-Michel Wilmotte pr\u00e9sente son Grand Palais Eph\u00e9m\u00e8re d\u00e9but novembre","og_description":"Le 5 novembre au Pavillon de l&rsquo;Arsenal, l&rsquo;architecte Jean-Michel Wilmotte pr\u00e9sentera son Grand Palais Eph\u00e9m\u00e8re \u00e0 l&rsquo;occasion d&rsquo;une conf\u00e9rence de presse de la 10e \u00e9dition du Forum International Bois Construction. La pr\u00e9sentation se fera \u00e0 la suite de la signature du PACTE Bois Biosourc\u00e9 \u00cele-de-France, pilot\u00e9 par FiBois \u00cele-de-France, en pr\u00e9sence du Pr\u00e9fet de R\u00e9gion, [&hellip;]","og_url":"https:\/\/batijournal.com\/index.php\/jean-michel-wilmotte-presente-son-grand-palais-ephemere-debut-novembre\/104819\/","og_site_name":"Batijournal","article_published_time":"2020-09-18T06:02:05+00:00","og_image":[{"width":598,"height":319,"url":"https:\/\/batijournal.com\/wp-content\/uploads\/2020\/09\/Grand-Palais-Ephemere-Wilmotte.png","type":"image\/png"}],"author":"St\u00e9phane Miget","twitter_card":"summary_large_image","twitter_creator":"@bati_journal","twitter_site":"@bati_journal","twitter_misc":{"\u00c9crit par":"St\u00e9phane Miget","Dur\u00e9e de lecture estim\u00e9e":"1 minute"},"schema":{"@context":"https:\/\/schema.org","@graph":[{"@type":"Article","@id":"https:\/\/batijournal.com\/index.php\/jean-michel-wilmotte-presente-son-grand-palais-ephemere-debut-novembre\/104819\/#article","isPartOf":{"@id":"https:\/\/batijournal.com\/index.php\/jean-michel-wilmotte-presente-son-grand-palais-ephemere-debut-novembre\/104819\/"},"author":{"name":"St\u00e9phane Miget","@id":"https:\/\/batijournal.com\/#\/schema\/person\/1dc96ec6957aa1ccb25ebe78bb19f100"},"headline":"Jean-Michel Wilmotte pr\u00e9sente son Grand Palais Eph\u00e9m\u00e8re d\u00e9but novembre","datePublished":"2020-09-18T06:02:05+00:00","mainEntityOfPage":{"@id":"https:\/\/batijournal.com\/index.php\/jean-michel-wilmotte-presente-son-grand-palais-ephemere-debut-novembre\/104819\/"},"wordCount":180,"image":{"@id":"https:\/\/batijournal.com\/index.php\/jean-michel-wilmotte-presente-son-grand-palais-ephemere-debut-novembre\/104819\/#primaryimage"},"thumbnailUrl":"https:\/\/batijournal.com\/wp-content\/uploads\/2020\/09\/Grand-Palais-Ephemere-Wilmotte.png","keywords":["forum bois construction"],"articleSection":["Actualit\u00e9s","Architecture &amp; Conception","zz_Actualit\u00e9s - Woodsurfer","zz_Woodsurfer"],"inLanguage":"fr-FR"},{"@type":"WebPage","@id":"https:\/\/batijournal.com\/index.php\/jean-michel-wilmotte-presente-son-grand-palais-ephemere-debut-novembre\/104819\/","url":"https:\/\/batijournal.com\/index.php\/jean-michel-wilmotte-presente-son-grand-palais-ephemere-debut-novembre\/104819\/","name":"Jean-Michel Wilmotte pr\u00e9sente son Grand Palais Eph\u00e9m\u00e8re d\u00e9but novembre","isPartOf":{"@id":"https:\/\/batijournal.com\/#website"},"primaryImageOfPage":{"@id":"https:\/\/batijournal.com\/index.php\/jean-michel-wilmotte-presente-son-grand-palais-ephemere-debut-novembre\/104819\/#primaryimage"},"image":{"@id":"https:\/\/batijournal.com\/index.php\/jean-michel-wilmotte-presente-son-grand-palais-ephemere-debut-novembre\/104819\/#primaryimage"},"thumbnailUrl":"https:\/\/batijournal.com\/wp-content\/uploads\/2020\/09\/Grand-Palais-Ephemere-Wilmotte.png","datePublished":"2020-09-18T06:02:05+00:00","author":{"@id":"https:\/\/batijournal.com\/#\/schema\/person\/1dc96ec6957aa1ccb25ebe78bb19f100"},"breadcrumb":{"@id":"https:\/\/batijournal.com\/index.php\/jean-michel-wilmotte-presente-son-grand-palais-ephemere-debut-novembre\/104819\/#breadcrumb"},"inLanguage":"fr-FR","potentialAction":[{"@type":"ReadAction","target":["https:\/\/batijournal.com\/index.php\/jean-michel-wilmotte-presente-son-grand-palais-ephemere-debut-novembre\/104819\/"]}]},{"@type":"ImageObject","inLanguage":"fr-FR","@id":"https:\/\/batijournal.com\/index.php\/jean-michel-wilmotte-presente-son-grand-palais-ephemere-debut-novembre\/104819\/#primaryimage","url":"https:\/\/batijournal.com\/wp-content\/uploads\/2020\/09\/Grand-Palais-Ephemere-Wilmotte.png","contentUrl":"https:\/\/batijournal.com\/wp-content\/uploads\/2020\/09\/Grand-Palais-Ephemere-Wilmotte.png","width":598,"height":319},{"@type":"BreadcrumbList","@id":"https:\/\/batijournal.com\/index.php\/jean-michel-wilmotte-presente-son-grand-palais-ephemere-debut-novembre\/104819\/#breadcrumb","itemListElement":[{"@type":"ListItem","position":1,"name":"Accueil","item":"https:\/\/batijournal.com\/"},{"@type":"ListItem","position":2,"name":"Actualit\u00e9s","item":"https:\/\/batijournal.com\/index.php\/category\/actualites\/"},{"@type":"ListItem","position":3,"name":"Architecture &amp; Conception","item":"https:\/\/batijournal.com\/index.php\/category\/actualites\/architecture-conception\/"},{"@type":"ListItem","position":4,"name":"Jean-Michel Wilmotte pr\u00e9sente son Grand Palais Eph\u00e9m\u00e8re d\u00e9but novembre"}]},{"@type":"WebSite","@id":"https:\/\/batijournal.com\/#website","url":"https:\/\/batijournal.com\/","name":"Batijournal","description":"L&#039;actualit\u00e9 du b\u00e2timent","potentialAction":[{"@type":"SearchAction","target":{"@type":"EntryPoint","urlTemplate":"https:\/\/batijournal.com\/?s={search_term_string}"},"query-input":{"@type":"PropertyValueSpecification","valueRequired":true,"valueName":"search_term_string"}}],"inLanguage":"fr-FR"},{"@type":"Person","@id":"https:\/\/batijournal.com\/#\/schema\/person\/1dc96ec6957aa1ccb25ebe78bb19f100","name":"St\u00e9phane Miget","image":{"@type":"ImageObject","inLanguage":"fr-FR","@id":"https:\/\/secure.gravatar.com\/avatar\/89915563d925342126b8ef0281b93d9d7fc337043e8df017f780908eb9644451?s=96&d=mm&r=g","url":"https:\/\/secure.gravatar.com\/avatar\/89915563d925342126b8ef0281b93d9d7fc337043e8df017f780908eb9644451?s=96&d=mm&r=g","contentUrl":"https:\/\/secure.gravatar.com\/avatar\/89915563d925342126b8ef0281b93d9d7fc337043e8df017f780908eb9644451?s=96&d=mm&r=g","caption":"St\u00e9phane Miget"},"url":"https:\/\/batijournal.com\/index.php\/author\/stephane\/"}]}},"_links":{"self":[{"href":"https:\/\/batijournal.com\/index.php\/wp-json\/wp\/v2\/posts\/104819","targetHints":{"allow":["GET"]}}],"collection":[{"href":"https:\/\/batijournal.com\/index.php\/wp-json\/wp\/v2\/posts"}],"about":[{"href":"https:\/\/batijournal.com\/index.php\/wp-json\/wp\/v2\/types\/post"}],"author":[{"embeddable":true,"href":"https:\/\/batijournal.com\/index.php\/wp-json\/wp\/v2\/users\/17"}],"replies":[{"embeddable":true,"href":"https:\/\/batijournal.com\/index.php\/wp-json\/wp\/v2\/comments?post=104819"}],"version-history":[{"count":0,"href":"https:\/\/batijournal.com\/index.php\/wp-json\/wp\/v2\/posts\/104819\/revisions"}],"wp:featuredmedia":[{"embeddable":true,"href":"https:\/\/batijournal.com\/index.php\/wp-json\/wp\/v2\/media\/104820"}],"wp:attachment":[{"href":"https:\/\/batijournal.com\/index.php\/wp-json\/wp\/v2\/media?parent=104819"}],"wp:term":[{"taxonomy":"category","embeddable":true,"href":"https:\/\/batijournal.com\/index.php\/wp-json\/wp\/v2\/categories?post=104819"},{"taxonomy":"post_tag","embeddable":true,"href":"https:\/\/batijournal.com\/index.php\/wp-json\/wp\/v2\/tags?post=104819"}],"curies":[{"name":"wp","href":"https:\/\/api.w.org\/{rel}","templated":true}]}}