{"id":104825,"date":"2020-09-21T07:22:27","date_gmt":"2020-09-21T05:22:27","guid":{"rendered":"https:\/\/batijournal.com\/?p=104825"},"modified":"2020-09-21T07:22:27","modified_gmt":"2020-09-21T05:22:27","slug":"sophie-sidos-presidente-de-la-fondation-louis-vicat-a-recu-la-legion-dhonneur","status":"publish","type":"post","link":"https:\/\/batijournal.com\/index.php\/sophie-sidos-presidente-de-la-fondation-louis-vicat-a-recu-la-legion-dhonneur\/104825\/","title":{"rendered":"Sophie Sidos, Pr\u00e9sidente de la Fondation Louis Vicat, a re\u00e7u la L\u00e9gion d\u2019honneur"},"content":{"rendered":"<p>Le 15 septembre au Palais d\u2019I\u00e9na, chef d\u2019\u0153uvre de l\u2019architecture en b\u00e9ton con\u00e7u par Auguste Perret, Sophie Sidos s\u2019est vu remettre la L\u00e9gion d\u2019honneur au grade de chevalier par Patrick Bernasconi, Pr\u00e9sident du Conseil \u00e9conomique, social et environnemental. Une distinction qui r\u00e9compense ses actions en tant que Pr\u00e9sidente de la Fondation Louis Vicat. A l\u2019occasion du bicentenaire de l\u2019invention du ciment artificiel, en 2017, Sophie Sidos avait cr\u00e9\u00e9 la Fondation d\u2019entreprise Louis Vicat dont elle a pris la pr\u00e9sidence. Attach\u00e9e au devoir de m\u00e9moire, la Fondation s\u2019est donn\u00e9 pour objectifs : la promotion de la culture scientifique et technique dans la lign\u00e9e de l\u2019oeuvre de Louis Vicat ; la sauvegarde et la valorisation du patrimoine et l\u2019\u00e9ducation et la solidarit\u00e9.<\/p>\n<p>Sophie Sidos est la repr\u00e9sentante de la 7\u00e8me g\u00e9n\u00e9ration de descendants de Louis Vicat, inventeur du ciment artificiel en 1817. Elle d\u00e9bute sa carri\u00e8re au sein du groupe Vicat en int\u00e9grant le contr\u00f4le de gestion en 1992. Quelques ann\u00e9es plus tard, elle prend la fonction de responsable commerciale \u00ab Ciment \u00bb au sein de la direction r\u00e9gionale PACA, devenant la premi\u00e8re femme \u00e0 acc\u00e9der \u00e0 cette fonction. Elle \u00e9volue au sein de l\u2019entreprise en occupant diff\u00e9rents postes et devient, en 2006, membre du conseil d\u2019administration du Groupe et est aujourd\u2019hui vice-pr\u00e9sidente de Parfininco, sa holding.<\/p>\n","protected":false},"excerpt":{"rendered":"<p>Le 15 septembre au Palais d\u2019I\u00e9na, chef d\u2019\u0153uvre de l\u2019architecture en b\u00e9ton con\u00e7u par Auguste Perret, Sophie Sidos s\u2019est vu remettre la L\u00e9gion d\u2019honneur au grade de chevalier par Patrick Bernasconi, Pr\u00e9sident du Conseil \u00e9conomique, social et environnemental. Une distinction qui r\u00e9compense ses actions en tant que Pr\u00e9sidente de la Fondation Louis Vicat. A l\u2019occasion [&hellip;]<\/p>\n","protected":false},"author":17,"featured_media":104826,"comment_status":"closed","ping_status":"closed","sticky":false,"template":"","format":"standard","meta":{"_et_pb_use_builder":"","_et_pb_old_content":"","_et_gb_content_width":"","footnotes":""},"categories":[10530,6362],"tags":[2391],"class_list":["post-104825","post","type-post","status-publish","format-standard","has-post-thumbnail","hentry","category-actualites","category-services-equipements","tag-ciment"],"yoast_head":"<!-- This site is optimized with the Yoast SEO plugin v27.4 - https:\/\/yoast.com\/product\/yoast-seo-wordpress\/ -->\n<title>Sophie Sidos, Pr\u00e9sidente de la Fondation Louis Vicat, a re\u00e7u la L\u00e9gion d\u2019honneur<\/title>\n<meta name=\"robots\" content=\"index, follow, max-snippet:-1, max-image-preview:large, max-video-preview:-1\" \/>\n<link rel=\"canonical\" href=\"https:\/\/batijournal.com\/index.php\/sophie-sidos-presidente-de-la-fondation-louis-vicat-a-recu-la-legion-dhonneur\/104825\/\" \/>\n<meta property=\"og:locale\" content=\"fr_FR\" \/>\n<meta property=\"og:type\" content=\"article\" \/>\n<meta property=\"og:title\" content=\"Sophie Sidos, Pr\u00e9sidente de la Fondation Louis Vicat, a re\u00e7u la L\u00e9gion d\u2019honneur\" \/>\n<meta property=\"og:description\" content=\"Le 15 septembre au Palais d\u2019I\u00e9na, chef d\u2019\u0153uvre de l\u2019architecture en b\u00e9ton con\u00e7u par Auguste Perret, Sophie Sidos s\u2019est vu remettre la L\u00e9gion d\u2019honneur au grade de chevalier par Patrick Bernasconi, Pr\u00e9sident du Conseil \u00e9conomique, social et environnemental. Une distinction qui r\u00e9compense ses actions en tant que Pr\u00e9sidente de la Fondation Louis Vicat. A l\u2019occasion [&hellip;]\" \/>\n<meta property=\"og:url\" content=\"https:\/\/batijournal.com\/index.php\/sophie-sidos-presidente-de-la-fondation-louis-vicat-a-recu-la-legion-dhonneur\/104825\/\" \/>\n<meta property=\"og:site_name\" content=\"Batijournal\" \/>\n<meta property=\"article:published_time\" content=\"2020-09-21T05:22:27+00:00\" \/>\n<meta property=\"og:image\" content=\"https:\/\/batijournal.com\/wp-content\/uploads\/2020\/09\/Sophie-Sidos-Presidente-de-la-Fondation-Louis-Vicat.jpg\" \/>\n\t<meta property=\"og:image:width\" content=\"1200\" \/>\n\t<meta property=\"og:image:height\" content=\"837\" \/>\n\t<meta property=\"og:image:type\" content=\"image\/jpeg\" \/>\n<meta name=\"author\" content=\"St\u00e9phane Miget\" \/>\n<meta name=\"twitter:card\" content=\"summary_large_image\" \/>\n<meta name=\"twitter:creator\" content=\"@bati_journal\" \/>\n<meta name=\"twitter:site\" content=\"@bati_journal\" \/>\n<meta name=\"twitter:label1\" content=\"\u00c9crit par\" \/>\n\t<meta name=\"twitter:data1\" content=\"St\u00e9phane Miget\" \/>\n\t<meta name=\"twitter:label2\" content=\"Dur\u00e9e de lecture estim\u00e9e\" \/>\n\t<meta name=\"twitter:data2\" content=\"1 minute\" \/>\n<script type=\"application\/ld+json\" class=\"yoast-schema-graph\">{\"@context\":\"https:\\\/\\\/schema.org\",\"@graph\":[{\"@type\":\"Article\",\"@id\":\"https:\\\/\\\/batijournal.com\\\/index.php\\\/sophie-sidos-presidente-de-la-fondation-louis-vicat-a-recu-la-legion-dhonneur\\\/104825\\\/#article\",\"isPartOf\":{\"@id\":\"https:\\\/\\\/batijournal.com\\\/index.php\\\/sophie-sidos-presidente-de-la-fondation-louis-vicat-a-recu-la-legion-dhonneur\\\/104825\\\/\"},\"author\":{\"name\":\"St\u00e9phane Miget\",\"@id\":\"https:\\\/\\\/batijournal.com\\\/#\\\/schema\\\/person\\\/1dc96ec6957aa1ccb25ebe78bb19f100\"},\"headline\":\"Sophie Sidos, Pr\u00e9sidente de la Fondation Louis Vicat, a re\u00e7u la L\u00e9gion d\u2019honneur\",\"datePublished\":\"2020-09-21T05:22:27+00:00\",\"mainEntityOfPage\":{\"@id\":\"https:\\\/\\\/batijournal.com\\\/index.php\\\/sophie-sidos-presidente-de-la-fondation-louis-vicat-a-recu-la-legion-dhonneur\\\/104825\\\/\"},\"wordCount\":259,\"image\":{\"@id\":\"https:\\\/\\\/batijournal.com\\\/index.php\\\/sophie-sidos-presidente-de-la-fondation-louis-vicat-a-recu-la-legion-dhonneur\\\/104825\\\/#primaryimage\"},\"thumbnailUrl\":\"https:\\\/\\\/batijournal.com\\\/wp-content\\\/uploads\\\/2020\\\/09\\\/Sophie-Sidos-Presidente-de-la-Fondation-Louis-Vicat.jpg\",\"keywords\":[\"ciment\"],\"articleSection\":[\"Actualit\u00e9s\",\"Divers\"],\"inLanguage\":\"fr-FR\"},{\"@type\":\"WebPage\",\"@id\":\"https:\\\/\\\/batijournal.com\\\/index.php\\\/sophie-sidos-presidente-de-la-fondation-louis-vicat-a-recu-la-legion-dhonneur\\\/104825\\\/\",\"url\":\"https:\\\/\\\/batijournal.com\\\/index.php\\\/sophie-sidos-presidente-de-la-fondation-louis-vicat-a-recu-la-legion-dhonneur\\\/104825\\\/\",\"name\":\"Sophie Sidos, Pr\u00e9sidente de la Fondation Louis Vicat, a re\u00e7u la L\u00e9gion d\u2019honneur\",\"isPartOf\":{\"@id\":\"https:\\\/\\\/batijournal.com\\\/#website\"},\"primaryImageOfPage\":{\"@id\":\"https:\\\/\\\/batijournal.com\\\/index.php\\\/sophie-sidos-presidente-de-la-fondation-louis-vicat-a-recu-la-legion-dhonneur\\\/104825\\\/#primaryimage\"},\"image\":{\"@id\":\"https:\\\/\\\/batijournal.com\\\/index.php\\\/sophie-sidos-presidente-de-la-fondation-louis-vicat-a-recu-la-legion-dhonneur\\\/104825\\\/#primaryimage\"},\"thumbnailUrl\":\"https:\\\/\\\/batijournal.com\\\/wp-content\\\/uploads\\\/2020\\\/09\\\/Sophie-Sidos-Presidente-de-la-Fondation-Louis-Vicat.jpg\",\"datePublished\":\"2020-09-21T05:22:27+00:00\",\"author\":{\"@id\":\"https:\\\/\\\/batijournal.com\\\/#\\\/schema\\\/person\\\/1dc96ec6957aa1ccb25ebe78bb19f100\"},\"breadcrumb\":{\"@id\":\"https:\\\/\\\/batijournal.com\\\/index.php\\\/sophie-sidos-presidente-de-la-fondation-louis-vicat-a-recu-la-legion-dhonneur\\\/104825\\\/#breadcrumb\"},\"inLanguage\":\"fr-FR\",\"potentialAction\":[{\"@type\":\"ReadAction\",\"target\":[\"https:\\\/\\\/batijournal.com\\\/index.php\\\/sophie-sidos-presidente-de-la-fondation-louis-vicat-a-recu-la-legion-dhonneur\\\/104825\\\/\"]}]},{\"@type\":\"ImageObject\",\"inLanguage\":\"fr-FR\",\"@id\":\"https:\\\/\\\/batijournal.com\\\/index.php\\\/sophie-sidos-presidente-de-la-fondation-louis-vicat-a-recu-la-legion-dhonneur\\\/104825\\\/#primaryimage\",\"url\":\"https:\\\/\\\/batijournal.com\\\/wp-content\\\/uploads\\\/2020\\\/09\\\/Sophie-Sidos-Presidente-de-la-Fondation-Louis-Vicat.jpg\",\"contentUrl\":\"https:\\\/\\\/batijournal.com\\\/wp-content\\\/uploads\\\/2020\\\/09\\\/Sophie-Sidos-Presidente-de-la-Fondation-Louis-Vicat.jpg\",\"width\":1200,\"height\":837},{\"@type\":\"BreadcrumbList\",\"@id\":\"https:\\\/\\\/batijournal.com\\\/index.php\\\/sophie-sidos-presidente-de-la-fondation-louis-vicat-a-recu-la-legion-dhonneur\\\/104825\\\/#breadcrumb\",\"itemListElement\":[{\"@type\":\"ListItem\",\"position\":1,\"name\":\"Accueil\",\"item\":\"https:\\\/\\\/batijournal.com\\\/\"},{\"@type\":\"ListItem\",\"position\":2,\"name\":\"Actualit\u00e9s\",\"item\":\"https:\\\/\\\/batijournal.com\\\/index.php\\\/category\\\/actualites\\\/\"},{\"@type\":\"ListItem\",\"position\":3,\"name\":\"Divers\",\"item\":\"https:\\\/\\\/batijournal.com\\\/index.php\\\/category\\\/actualites\\\/services-equipements\\\/\"},{\"@type\":\"ListItem\",\"position\":4,\"name\":\"Sophie Sidos, Pr\u00e9sidente de la Fondation Louis Vicat, a re\u00e7u la L\u00e9gion d\u2019honneur\"}]},{\"@type\":\"WebSite\",\"@id\":\"https:\\\/\\\/batijournal.com\\\/#website\",\"url\":\"https:\\\/\\\/batijournal.com\\\/\",\"name\":\"Batijournal\",\"description\":\"L&#039;actualit\u00e9 du b\u00e2timent\",\"potentialAction\":[{\"@type\":\"SearchAction\",\"target\":{\"@type\":\"EntryPoint\",\"urlTemplate\":\"https:\\\/\\\/batijournal.com\\\/?s={search_term_string}\"},\"query-input\":{\"@type\":\"PropertyValueSpecification\",\"valueRequired\":true,\"valueName\":\"search_term_string\"}}],\"inLanguage\":\"fr-FR\"},{\"@type\":\"Person\",\"@id\":\"https:\\\/\\\/batijournal.com\\\/#\\\/schema\\\/person\\\/1dc96ec6957aa1ccb25ebe78bb19f100\",\"name\":\"St\u00e9phane Miget\",\"image\":{\"@type\":\"ImageObject\",\"inLanguage\":\"fr-FR\",\"@id\":\"https:\\\/\\\/secure.gravatar.com\\\/avatar\\\/89915563d925342126b8ef0281b93d9d7fc337043e8df017f780908eb9644451?s=96&d=mm&r=g\",\"url\":\"https:\\\/\\\/secure.gravatar.com\\\/avatar\\\/89915563d925342126b8ef0281b93d9d7fc337043e8df017f780908eb9644451?s=96&d=mm&r=g\",\"contentUrl\":\"https:\\\/\\\/secure.gravatar.com\\\/avatar\\\/89915563d925342126b8ef0281b93d9d7fc337043e8df017f780908eb9644451?s=96&d=mm&r=g\",\"caption\":\"St\u00e9phane Miget\"},\"url\":\"https:\\\/\\\/batijournal.com\\\/index.php\\\/author\\\/stephane\\\/\"}]}<\/script>\n<!-- \/ Yoast SEO plugin. -->","yoast_head_json":{"title":"Sophie Sidos, Pr\u00e9sidente de la Fondation Louis Vicat, a re\u00e7u la L\u00e9gion d\u2019honneur","robots":{"index":"index","follow":"follow","max-snippet":"max-snippet:-1","max-image-preview":"max-image-preview:large","max-video-preview":"max-video-preview:-1"},"canonical":"https:\/\/batijournal.com\/index.php\/sophie-sidos-presidente-de-la-fondation-louis-vicat-a-recu-la-legion-dhonneur\/104825\/","og_locale":"fr_FR","og_type":"article","og_title":"Sophie Sidos, Pr\u00e9sidente de la Fondation Louis Vicat, a re\u00e7u la L\u00e9gion d\u2019honneur","og_description":"Le 15 septembre au Palais d\u2019I\u00e9na, chef d\u2019\u0153uvre de l\u2019architecture en b\u00e9ton con\u00e7u par Auguste Perret, Sophie Sidos s\u2019est vu remettre la L\u00e9gion d\u2019honneur au grade de chevalier par Patrick Bernasconi, Pr\u00e9sident du Conseil \u00e9conomique, social et environnemental. Une distinction qui r\u00e9compense ses actions en tant que Pr\u00e9sidente de la Fondation Louis Vicat. A l\u2019occasion [&hellip;]","og_url":"https:\/\/batijournal.com\/index.php\/sophie-sidos-presidente-de-la-fondation-louis-vicat-a-recu-la-legion-dhonneur\/104825\/","og_site_name":"Batijournal","article_published_time":"2020-09-21T05:22:27+00:00","og_image":[{"width":1200,"height":837,"url":"https:\/\/batijournal.com\/wp-content\/uploads\/2020\/09\/Sophie-Sidos-Presidente-de-la-Fondation-Louis-Vicat.jpg","type":"image\/jpeg"}],"author":"St\u00e9phane Miget","twitter_card":"summary_large_image","twitter_creator":"@bati_journal","twitter_site":"@bati_journal","twitter_misc":{"\u00c9crit par":"St\u00e9phane Miget","Dur\u00e9e de lecture estim\u00e9e":"1 minute"},"schema":{"@context":"https:\/\/schema.org","@graph":[{"@type":"Article","@id":"https:\/\/batijournal.com\/index.php\/sophie-sidos-presidente-de-la-fondation-louis-vicat-a-recu-la-legion-dhonneur\/104825\/#article","isPartOf":{"@id":"https:\/\/batijournal.com\/index.php\/sophie-sidos-presidente-de-la-fondation-louis-vicat-a-recu-la-legion-dhonneur\/104825\/"},"author":{"name":"St\u00e9phane Miget","@id":"https:\/\/batijournal.com\/#\/schema\/person\/1dc96ec6957aa1ccb25ebe78bb19f100"},"headline":"Sophie Sidos, Pr\u00e9sidente de la Fondation Louis Vicat, a re\u00e7u la L\u00e9gion d\u2019honneur","datePublished":"2020-09-21T05:22:27+00:00","mainEntityOfPage":{"@id":"https:\/\/batijournal.com\/index.php\/sophie-sidos-presidente-de-la-fondation-louis-vicat-a-recu-la-legion-dhonneur\/104825\/"},"wordCount":259,"image":{"@id":"https:\/\/batijournal.com\/index.php\/sophie-sidos-presidente-de-la-fondation-louis-vicat-a-recu-la-legion-dhonneur\/104825\/#primaryimage"},"thumbnailUrl":"https:\/\/batijournal.com\/wp-content\/uploads\/2020\/09\/Sophie-Sidos-Presidente-de-la-Fondation-Louis-Vicat.jpg","keywords":["ciment"],"articleSection":["Actualit\u00e9s","Divers"],"inLanguage":"fr-FR"},{"@type":"WebPage","@id":"https:\/\/batijournal.com\/index.php\/sophie-sidos-presidente-de-la-fondation-louis-vicat-a-recu-la-legion-dhonneur\/104825\/","url":"https:\/\/batijournal.com\/index.php\/sophie-sidos-presidente-de-la-fondation-louis-vicat-a-recu-la-legion-dhonneur\/104825\/","name":"Sophie Sidos, Pr\u00e9sidente de la Fondation Louis Vicat, a re\u00e7u la L\u00e9gion d\u2019honneur","isPartOf":{"@id":"https:\/\/batijournal.com\/#website"},"primaryImageOfPage":{"@id":"https:\/\/batijournal.com\/index.php\/sophie-sidos-presidente-de-la-fondation-louis-vicat-a-recu-la-legion-dhonneur\/104825\/#primaryimage"},"image":{"@id":"https:\/\/batijournal.com\/index.php\/sophie-sidos-presidente-de-la-fondation-louis-vicat-a-recu-la-legion-dhonneur\/104825\/#primaryimage"},"thumbnailUrl":"https:\/\/batijournal.com\/wp-content\/uploads\/2020\/09\/Sophie-Sidos-Presidente-de-la-Fondation-Louis-Vicat.jpg","datePublished":"2020-09-21T05:22:27+00:00","author":{"@id":"https:\/\/batijournal.com\/#\/schema\/person\/1dc96ec6957aa1ccb25ebe78bb19f100"},"breadcrumb":{"@id":"https:\/\/batijournal.com\/index.php\/sophie-sidos-presidente-de-la-fondation-louis-vicat-a-recu-la-legion-dhonneur\/104825\/#breadcrumb"},"inLanguage":"fr-FR","potentialAction":[{"@type":"ReadAction","target":["https:\/\/batijournal.com\/index.php\/sophie-sidos-presidente-de-la-fondation-louis-vicat-a-recu-la-legion-dhonneur\/104825\/"]}]},{"@type":"ImageObject","inLanguage":"fr-FR","@id":"https:\/\/batijournal.com\/index.php\/sophie-sidos-presidente-de-la-fondation-louis-vicat-a-recu-la-legion-dhonneur\/104825\/#primaryimage","url":"https:\/\/batijournal.com\/wp-content\/uploads\/2020\/09\/Sophie-Sidos-Presidente-de-la-Fondation-Louis-Vicat.jpg","contentUrl":"https:\/\/batijournal.com\/wp-content\/uploads\/2020\/09\/Sophie-Sidos-Presidente-de-la-Fondation-Louis-Vicat.jpg","width":1200,"height":837},{"@type":"BreadcrumbList","@id":"https:\/\/batijournal.com\/index.php\/sophie-sidos-presidente-de-la-fondation-louis-vicat-a-recu-la-legion-dhonneur\/104825\/#breadcrumb","itemListElement":[{"@type":"ListItem","position":1,"name":"Accueil","item":"https:\/\/batijournal.com\/"},{"@type":"ListItem","position":2,"name":"Actualit\u00e9s","item":"https:\/\/batijournal.com\/index.php\/category\/actualites\/"},{"@type":"ListItem","position":3,"name":"Divers","item":"https:\/\/batijournal.com\/index.php\/category\/actualites\/services-equipements\/"},{"@type":"ListItem","position":4,"name":"Sophie Sidos, Pr\u00e9sidente de la Fondation Louis Vicat, a re\u00e7u la L\u00e9gion d\u2019honneur"}]},{"@type":"WebSite","@id":"https:\/\/batijournal.com\/#website","url":"https:\/\/batijournal.com\/","name":"Batijournal","description":"L&#039;actualit\u00e9 du b\u00e2timent","potentialAction":[{"@type":"SearchAction","target":{"@type":"EntryPoint","urlTemplate":"https:\/\/batijournal.com\/?s={search_term_string}"},"query-input":{"@type":"PropertyValueSpecification","valueRequired":true,"valueName":"search_term_string"}}],"inLanguage":"fr-FR"},{"@type":"Person","@id":"https:\/\/batijournal.com\/#\/schema\/person\/1dc96ec6957aa1ccb25ebe78bb19f100","name":"St\u00e9phane Miget","image":{"@type":"ImageObject","inLanguage":"fr-FR","@id":"https:\/\/secure.gravatar.com\/avatar\/89915563d925342126b8ef0281b93d9d7fc337043e8df017f780908eb9644451?s=96&d=mm&r=g","url":"https:\/\/secure.gravatar.com\/avatar\/89915563d925342126b8ef0281b93d9d7fc337043e8df017f780908eb9644451?s=96&d=mm&r=g","contentUrl":"https:\/\/secure.gravatar.com\/avatar\/89915563d925342126b8ef0281b93d9d7fc337043e8df017f780908eb9644451?s=96&d=mm&r=g","caption":"St\u00e9phane Miget"},"url":"https:\/\/batijournal.com\/index.php\/author\/stephane\/"}]}},"_links":{"self":[{"href":"https:\/\/batijournal.com\/index.php\/wp-json\/wp\/v2\/posts\/104825","targetHints":{"allow":["GET"]}}],"collection":[{"href":"https:\/\/batijournal.com\/index.php\/wp-json\/wp\/v2\/posts"}],"about":[{"href":"https:\/\/batijournal.com\/index.php\/wp-json\/wp\/v2\/types\/post"}],"author":[{"embeddable":true,"href":"https:\/\/batijournal.com\/index.php\/wp-json\/wp\/v2\/users\/17"}],"replies":[{"embeddable":true,"href":"https:\/\/batijournal.com\/index.php\/wp-json\/wp\/v2\/comments?post=104825"}],"version-history":[{"count":0,"href":"https:\/\/batijournal.com\/index.php\/wp-json\/wp\/v2\/posts\/104825\/revisions"}],"wp:featuredmedia":[{"embeddable":true,"href":"https:\/\/batijournal.com\/index.php\/wp-json\/wp\/v2\/media\/104826"}],"wp:attachment":[{"href":"https:\/\/batijournal.com\/index.php\/wp-json\/wp\/v2\/media?parent=104825"}],"wp:term":[{"taxonomy":"category","embeddable":true,"href":"https:\/\/batijournal.com\/index.php\/wp-json\/wp\/v2\/categories?post=104825"},{"taxonomy":"post_tag","embeddable":true,"href":"https:\/\/batijournal.com\/index.php\/wp-json\/wp\/v2\/tags?post=104825"}],"curies":[{"name":"wp","href":"https:\/\/api.w.org\/{rel}","templated":true}]}}