{"id":104833,"date":"2020-09-22T14:22:03","date_gmt":"2020-09-22T12:22:03","guid":{"rendered":"https:\/\/batijournal.com\/?p=104833"},"modified":"2020-09-22T14:22:03","modified_gmt":"2020-09-22T12:22:03","slug":"knauf-france-va-construire-une-nouvelle-usine-de-plaques-de-platre-a-fos-sur-mer","status":"publish","type":"post","link":"https:\/\/batijournal.com\/index.php\/knauf-france-va-construire-une-nouvelle-usine-de-plaques-de-platre-a-fos-sur-mer\/104833\/","title":{"rendered":"Knauf France va construire une nouvelle usine de plaques de pl\u00e2tre \u00e0 Fos-sur-Mer"},"content":{"rendered":"<p>N\u00b01 mondial de la plaque de pl\u00e2tre, le Groupe Knauf a annonc\u00e9 l\u2019acquisition, en partenariat avec le Groupe F-SCOTT, de BMG Holding France, soci\u00e9t\u00e9 porteuse d\u2019un projet industriel pour la production de plaques de pl\u00e2tre en France. Cette op\u00e9ration, pilot\u00e9e par Dominique Bossan, CEO Knauf Western Europe &amp; Latin America, et Christine Muscat, Directeur G\u00e9n\u00e9ral de Knauf France, permet de d\u00e9clencher imm\u00e9diatement un investissement industriel de 60 millions d\u2019euros, pour la construction d\u2019une usine de plaques de pl\u00e2tre bas\u00e9e sur le port de Fos-sur-Mer (13). La pose de la premi\u00e8re pierre est pr\u00e9vue d\u2019ici fin 2020. Cette nouvelle usine, dot\u00e9e des outils de production de derni\u00e8re g\u00e9n\u00e9ration, sera op\u00e9rationnelle fin 2022 pour une commercialisation d\u00e8s d\u00e9but 2023.<\/p>\n","protected":false},"excerpt":{"rendered":"<p>N\u00b01 mondial de la plaque de pl\u00e2tre, le Groupe Knauf a annonc\u00e9 l\u2019acquisition, en partenariat avec le Groupe F-SCOTT, de BMG Holding France, soci\u00e9t\u00e9 porteuse d\u2019un projet industriel pour la production de plaques de pl\u00e2tre en France. Cette op\u00e9ration, pilot\u00e9e par Dominique Bossan, CEO Knauf Western Europe &amp; Latin America, et Christine Muscat, Directeur G\u00e9n\u00e9ral [&hellip;]<\/p>\n","protected":false},"author":17,"featured_media":104834,"comment_status":"closed","ping_status":"closed","sticky":false,"template":"","format":"standard","meta":{"_et_pb_use_builder":"","_et_pb_old_content":"","_et_gb_content_width":"","footnotes":""},"categories":[10530,6345,10781,10778],"tags":[3851],"class_list":["post-104833","post","type-post","status-publish","format-standard","has-post-thumbnail","hentry","category-actualites","category-economie-marches","category-publications-planete","category-planete","tag-plaque-de-platre"],"yoast_head":"<!-- This site is optimized with the Yoast SEO plugin v27.4 - https:\/\/yoast.com\/product\/yoast-seo-wordpress\/ -->\n<title>Knauf France va construire une nouvelle usine de plaques de pl\u00e2tre \u00e0 Fos-sur-Mer<\/title>\n<meta name=\"robots\" content=\"index, follow, max-snippet:-1, max-image-preview:large, max-video-preview:-1\" \/>\n<link rel=\"canonical\" href=\"https:\/\/batijournal.com\/index.php\/knauf-france-va-construire-une-nouvelle-usine-de-plaques-de-platre-a-fos-sur-mer\/104833\/\" \/>\n<meta property=\"og:locale\" content=\"fr_FR\" \/>\n<meta property=\"og:type\" content=\"article\" \/>\n<meta property=\"og:title\" content=\"Knauf France va construire une nouvelle usine de plaques de pl\u00e2tre \u00e0 Fos-sur-Mer\" \/>\n<meta property=\"og:description\" content=\"N\u00b01 mondial de la plaque de pl\u00e2tre, le Groupe Knauf a annonc\u00e9 l\u2019acquisition, en partenariat avec le Groupe F-SCOTT, de BMG Holding France, soci\u00e9t\u00e9 porteuse d\u2019un projet industriel pour la production de plaques de pl\u00e2tre en France. Cette op\u00e9ration, pilot\u00e9e par Dominique Bossan, CEO Knauf Western Europe &amp; Latin America, et Christine Muscat, Directeur G\u00e9n\u00e9ral [&hellip;]\" \/>\n<meta property=\"og:url\" content=\"https:\/\/batijournal.com\/index.php\/knauf-france-va-construire-une-nouvelle-usine-de-plaques-de-platre-a-fos-sur-mer\/104833\/\" \/>\n<meta property=\"og:site_name\" content=\"Batijournal\" \/>\n<meta property=\"article:published_time\" content=\"2020-09-22T12:22:03+00:00\" \/>\n<meta property=\"og:image\" content=\"https:\/\/batijournal.com\/wp-content\/uploads\/2020\/09\/ligne-de-production-plaques-de-platre-KNAUF.jpg\" \/>\n\t<meta property=\"og:image:width\" content=\"1200\" \/>\n\t<meta property=\"og:image:height\" content=\"952\" \/>\n\t<meta property=\"og:image:type\" content=\"image\/jpeg\" \/>\n<meta name=\"author\" content=\"St\u00e9phane Miget\" \/>\n<meta name=\"twitter:card\" content=\"summary_large_image\" \/>\n<meta name=\"twitter:creator\" content=\"@bati_journal\" \/>\n<meta name=\"twitter:site\" content=\"@bati_journal\" \/>\n<meta name=\"twitter:label1\" content=\"\u00c9crit par\" \/>\n\t<meta name=\"twitter:data1\" content=\"St\u00e9phane Miget\" \/>\n\t<meta name=\"twitter:label2\" content=\"Dur\u00e9e de lecture estim\u00e9e\" \/>\n\t<meta name=\"twitter:data2\" content=\"1 minute\" \/>\n<script type=\"application\/ld+json\" class=\"yoast-schema-graph\">{\"@context\":\"https:\\\/\\\/schema.org\",\"@graph\":[{\"@type\":\"Article\",\"@id\":\"https:\\\/\\\/batijournal.com\\\/index.php\\\/knauf-france-va-construire-une-nouvelle-usine-de-plaques-de-platre-a-fos-sur-mer\\\/104833\\\/#article\",\"isPartOf\":{\"@id\":\"https:\\\/\\\/batijournal.com\\\/index.php\\\/knauf-france-va-construire-une-nouvelle-usine-de-plaques-de-platre-a-fos-sur-mer\\\/104833\\\/\"},\"author\":{\"name\":\"St\u00e9phane Miget\",\"@id\":\"https:\\\/\\\/batijournal.com\\\/#\\\/schema\\\/person\\\/1dc96ec6957aa1ccb25ebe78bb19f100\"},\"headline\":\"Knauf France va construire une nouvelle usine de plaques de pl\u00e2tre \u00e0 Fos-sur-Mer\",\"datePublished\":\"2020-09-22T12:22:03+00:00\",\"mainEntityOfPage\":{\"@id\":\"https:\\\/\\\/batijournal.com\\\/index.php\\\/knauf-france-va-construire-une-nouvelle-usine-de-plaques-de-platre-a-fos-sur-mer\\\/104833\\\/\"},\"wordCount\":150,\"image\":{\"@id\":\"https:\\\/\\\/batijournal.com\\\/index.php\\\/knauf-france-va-construire-une-nouvelle-usine-de-plaques-de-platre-a-fos-sur-mer\\\/104833\\\/#primaryimage\"},\"thumbnailUrl\":\"https:\\\/\\\/batijournal.com\\\/wp-content\\\/uploads\\\/2020\\\/09\\\/ligne-de-production-plaques-de-platre-KNAUF.jpg\",\"keywords\":[\"plaque de pl\u00e2tre\"],\"articleSection\":[\"Actualit\u00e9s\",\"\u00c9conomie &amp; March\u00e9s\",\"zz_Actualit\u00e9s - Plan\u00e8te\",\"zz_Plan\u00e8te B\u00e2timent\"],\"inLanguage\":\"fr-FR\"},{\"@type\":\"WebPage\",\"@id\":\"https:\\\/\\\/batijournal.com\\\/index.php\\\/knauf-france-va-construire-une-nouvelle-usine-de-plaques-de-platre-a-fos-sur-mer\\\/104833\\\/\",\"url\":\"https:\\\/\\\/batijournal.com\\\/index.php\\\/knauf-france-va-construire-une-nouvelle-usine-de-plaques-de-platre-a-fos-sur-mer\\\/104833\\\/\",\"name\":\"Knauf France va construire une nouvelle usine de plaques de pl\u00e2tre \u00e0 Fos-sur-Mer\",\"isPartOf\":{\"@id\":\"https:\\\/\\\/batijournal.com\\\/#website\"},\"primaryImageOfPage\":{\"@id\":\"https:\\\/\\\/batijournal.com\\\/index.php\\\/knauf-france-va-construire-une-nouvelle-usine-de-plaques-de-platre-a-fos-sur-mer\\\/104833\\\/#primaryimage\"},\"image\":{\"@id\":\"https:\\\/\\\/batijournal.com\\\/index.php\\\/knauf-france-va-construire-une-nouvelle-usine-de-plaques-de-platre-a-fos-sur-mer\\\/104833\\\/#primaryimage\"},\"thumbnailUrl\":\"https:\\\/\\\/batijournal.com\\\/wp-content\\\/uploads\\\/2020\\\/09\\\/ligne-de-production-plaques-de-platre-KNAUF.jpg\",\"datePublished\":\"2020-09-22T12:22:03+00:00\",\"author\":{\"@id\":\"https:\\\/\\\/batijournal.com\\\/#\\\/schema\\\/person\\\/1dc96ec6957aa1ccb25ebe78bb19f100\"},\"breadcrumb\":{\"@id\":\"https:\\\/\\\/batijournal.com\\\/index.php\\\/knauf-france-va-construire-une-nouvelle-usine-de-plaques-de-platre-a-fos-sur-mer\\\/104833\\\/#breadcrumb\"},\"inLanguage\":\"fr-FR\",\"potentialAction\":[{\"@type\":\"ReadAction\",\"target\":[\"https:\\\/\\\/batijournal.com\\\/index.php\\\/knauf-france-va-construire-une-nouvelle-usine-de-plaques-de-platre-a-fos-sur-mer\\\/104833\\\/\"]}]},{\"@type\":\"ImageObject\",\"inLanguage\":\"fr-FR\",\"@id\":\"https:\\\/\\\/batijournal.com\\\/index.php\\\/knauf-france-va-construire-une-nouvelle-usine-de-plaques-de-platre-a-fos-sur-mer\\\/104833\\\/#primaryimage\",\"url\":\"https:\\\/\\\/batijournal.com\\\/wp-content\\\/uploads\\\/2020\\\/09\\\/ligne-de-production-plaques-de-platre-KNAUF.jpg\",\"contentUrl\":\"https:\\\/\\\/batijournal.com\\\/wp-content\\\/uploads\\\/2020\\\/09\\\/ligne-de-production-plaques-de-platre-KNAUF.jpg\",\"width\":1200,\"height\":952},{\"@type\":\"BreadcrumbList\",\"@id\":\"https:\\\/\\\/batijournal.com\\\/index.php\\\/knauf-france-va-construire-une-nouvelle-usine-de-plaques-de-platre-a-fos-sur-mer\\\/104833\\\/#breadcrumb\",\"itemListElement\":[{\"@type\":\"ListItem\",\"position\":1,\"name\":\"Accueil\",\"item\":\"https:\\\/\\\/batijournal.com\\\/\"},{\"@type\":\"ListItem\",\"position\":2,\"name\":\"Actualit\u00e9s\",\"item\":\"https:\\\/\\\/batijournal.com\\\/index.php\\\/category\\\/actualites\\\/\"},{\"@type\":\"ListItem\",\"position\":3,\"name\":\"\u00c9conomie &amp; March\u00e9s\",\"item\":\"https:\\\/\\\/batijournal.com\\\/index.php\\\/category\\\/actualites\\\/economie-marches\\\/\"},{\"@type\":\"ListItem\",\"position\":4,\"name\":\"Knauf France va construire une nouvelle usine de plaques de pl\u00e2tre \u00e0 Fos-sur-Mer\"}]},{\"@type\":\"WebSite\",\"@id\":\"https:\\\/\\\/batijournal.com\\\/#website\",\"url\":\"https:\\\/\\\/batijournal.com\\\/\",\"name\":\"Batijournal\",\"description\":\"L&#039;actualit\u00e9 du b\u00e2timent\",\"potentialAction\":[{\"@type\":\"SearchAction\",\"target\":{\"@type\":\"EntryPoint\",\"urlTemplate\":\"https:\\\/\\\/batijournal.com\\\/?s={search_term_string}\"},\"query-input\":{\"@type\":\"PropertyValueSpecification\",\"valueRequired\":true,\"valueName\":\"search_term_string\"}}],\"inLanguage\":\"fr-FR\"},{\"@type\":\"Person\",\"@id\":\"https:\\\/\\\/batijournal.com\\\/#\\\/schema\\\/person\\\/1dc96ec6957aa1ccb25ebe78bb19f100\",\"name\":\"St\u00e9phane Miget\",\"image\":{\"@type\":\"ImageObject\",\"inLanguage\":\"fr-FR\",\"@id\":\"https:\\\/\\\/secure.gravatar.com\\\/avatar\\\/89915563d925342126b8ef0281b93d9d7fc337043e8df017f780908eb9644451?s=96&d=mm&r=g\",\"url\":\"https:\\\/\\\/secure.gravatar.com\\\/avatar\\\/89915563d925342126b8ef0281b93d9d7fc337043e8df017f780908eb9644451?s=96&d=mm&r=g\",\"contentUrl\":\"https:\\\/\\\/secure.gravatar.com\\\/avatar\\\/89915563d925342126b8ef0281b93d9d7fc337043e8df017f780908eb9644451?s=96&d=mm&r=g\",\"caption\":\"St\u00e9phane Miget\"},\"url\":\"https:\\\/\\\/batijournal.com\\\/index.php\\\/author\\\/stephane\\\/\"}]}<\/script>\n<!-- \/ Yoast SEO plugin. -->","yoast_head_json":{"title":"Knauf France va construire une nouvelle usine de plaques de pl\u00e2tre \u00e0 Fos-sur-Mer","robots":{"index":"index","follow":"follow","max-snippet":"max-snippet:-1","max-image-preview":"max-image-preview:large","max-video-preview":"max-video-preview:-1"},"canonical":"https:\/\/batijournal.com\/index.php\/knauf-france-va-construire-une-nouvelle-usine-de-plaques-de-platre-a-fos-sur-mer\/104833\/","og_locale":"fr_FR","og_type":"article","og_title":"Knauf France va construire une nouvelle usine de plaques de pl\u00e2tre \u00e0 Fos-sur-Mer","og_description":"N\u00b01 mondial de la plaque de pl\u00e2tre, le Groupe Knauf a annonc\u00e9 l\u2019acquisition, en partenariat avec le Groupe F-SCOTT, de BMG Holding France, soci\u00e9t\u00e9 porteuse d\u2019un projet industriel pour la production de plaques de pl\u00e2tre en France. Cette op\u00e9ration, pilot\u00e9e par Dominique Bossan, CEO Knauf Western Europe &amp; Latin America, et Christine Muscat, Directeur G\u00e9n\u00e9ral [&hellip;]","og_url":"https:\/\/batijournal.com\/index.php\/knauf-france-va-construire-une-nouvelle-usine-de-plaques-de-platre-a-fos-sur-mer\/104833\/","og_site_name":"Batijournal","article_published_time":"2020-09-22T12:22:03+00:00","og_image":[{"width":1200,"height":952,"url":"https:\/\/batijournal.com\/wp-content\/uploads\/2020\/09\/ligne-de-production-plaques-de-platre-KNAUF.jpg","type":"image\/jpeg"}],"author":"St\u00e9phane Miget","twitter_card":"summary_large_image","twitter_creator":"@bati_journal","twitter_site":"@bati_journal","twitter_misc":{"\u00c9crit par":"St\u00e9phane Miget","Dur\u00e9e de lecture estim\u00e9e":"1 minute"},"schema":{"@context":"https:\/\/schema.org","@graph":[{"@type":"Article","@id":"https:\/\/batijournal.com\/index.php\/knauf-france-va-construire-une-nouvelle-usine-de-plaques-de-platre-a-fos-sur-mer\/104833\/#article","isPartOf":{"@id":"https:\/\/batijournal.com\/index.php\/knauf-france-va-construire-une-nouvelle-usine-de-plaques-de-platre-a-fos-sur-mer\/104833\/"},"author":{"name":"St\u00e9phane Miget","@id":"https:\/\/batijournal.com\/#\/schema\/person\/1dc96ec6957aa1ccb25ebe78bb19f100"},"headline":"Knauf France va construire une nouvelle usine de plaques de pl\u00e2tre \u00e0 Fos-sur-Mer","datePublished":"2020-09-22T12:22:03+00:00","mainEntityOfPage":{"@id":"https:\/\/batijournal.com\/index.php\/knauf-france-va-construire-une-nouvelle-usine-de-plaques-de-platre-a-fos-sur-mer\/104833\/"},"wordCount":150,"image":{"@id":"https:\/\/batijournal.com\/index.php\/knauf-france-va-construire-une-nouvelle-usine-de-plaques-de-platre-a-fos-sur-mer\/104833\/#primaryimage"},"thumbnailUrl":"https:\/\/batijournal.com\/wp-content\/uploads\/2020\/09\/ligne-de-production-plaques-de-platre-KNAUF.jpg","keywords":["plaque de pl\u00e2tre"],"articleSection":["Actualit\u00e9s","\u00c9conomie &amp; March\u00e9s","zz_Actualit\u00e9s - Plan\u00e8te","zz_Plan\u00e8te B\u00e2timent"],"inLanguage":"fr-FR"},{"@type":"WebPage","@id":"https:\/\/batijournal.com\/index.php\/knauf-france-va-construire-une-nouvelle-usine-de-plaques-de-platre-a-fos-sur-mer\/104833\/","url":"https:\/\/batijournal.com\/index.php\/knauf-france-va-construire-une-nouvelle-usine-de-plaques-de-platre-a-fos-sur-mer\/104833\/","name":"Knauf France va construire une nouvelle usine de plaques de pl\u00e2tre \u00e0 Fos-sur-Mer","isPartOf":{"@id":"https:\/\/batijournal.com\/#website"},"primaryImageOfPage":{"@id":"https:\/\/batijournal.com\/index.php\/knauf-france-va-construire-une-nouvelle-usine-de-plaques-de-platre-a-fos-sur-mer\/104833\/#primaryimage"},"image":{"@id":"https:\/\/batijournal.com\/index.php\/knauf-france-va-construire-une-nouvelle-usine-de-plaques-de-platre-a-fos-sur-mer\/104833\/#primaryimage"},"thumbnailUrl":"https:\/\/batijournal.com\/wp-content\/uploads\/2020\/09\/ligne-de-production-plaques-de-platre-KNAUF.jpg","datePublished":"2020-09-22T12:22:03+00:00","author":{"@id":"https:\/\/batijournal.com\/#\/schema\/person\/1dc96ec6957aa1ccb25ebe78bb19f100"},"breadcrumb":{"@id":"https:\/\/batijournal.com\/index.php\/knauf-france-va-construire-une-nouvelle-usine-de-plaques-de-platre-a-fos-sur-mer\/104833\/#breadcrumb"},"inLanguage":"fr-FR","potentialAction":[{"@type":"ReadAction","target":["https:\/\/batijournal.com\/index.php\/knauf-france-va-construire-une-nouvelle-usine-de-plaques-de-platre-a-fos-sur-mer\/104833\/"]}]},{"@type":"ImageObject","inLanguage":"fr-FR","@id":"https:\/\/batijournal.com\/index.php\/knauf-france-va-construire-une-nouvelle-usine-de-plaques-de-platre-a-fos-sur-mer\/104833\/#primaryimage","url":"https:\/\/batijournal.com\/wp-content\/uploads\/2020\/09\/ligne-de-production-plaques-de-platre-KNAUF.jpg","contentUrl":"https:\/\/batijournal.com\/wp-content\/uploads\/2020\/09\/ligne-de-production-plaques-de-platre-KNAUF.jpg","width":1200,"height":952},{"@type":"BreadcrumbList","@id":"https:\/\/batijournal.com\/index.php\/knauf-france-va-construire-une-nouvelle-usine-de-plaques-de-platre-a-fos-sur-mer\/104833\/#breadcrumb","itemListElement":[{"@type":"ListItem","position":1,"name":"Accueil","item":"https:\/\/batijournal.com\/"},{"@type":"ListItem","position":2,"name":"Actualit\u00e9s","item":"https:\/\/batijournal.com\/index.php\/category\/actualites\/"},{"@type":"ListItem","position":3,"name":"\u00c9conomie &amp; March\u00e9s","item":"https:\/\/batijournal.com\/index.php\/category\/actualites\/economie-marches\/"},{"@type":"ListItem","position":4,"name":"Knauf France va construire une nouvelle usine de plaques de pl\u00e2tre \u00e0 Fos-sur-Mer"}]},{"@type":"WebSite","@id":"https:\/\/batijournal.com\/#website","url":"https:\/\/batijournal.com\/","name":"Batijournal","description":"L&#039;actualit\u00e9 du b\u00e2timent","potentialAction":[{"@type":"SearchAction","target":{"@type":"EntryPoint","urlTemplate":"https:\/\/batijournal.com\/?s={search_term_string}"},"query-input":{"@type":"PropertyValueSpecification","valueRequired":true,"valueName":"search_term_string"}}],"inLanguage":"fr-FR"},{"@type":"Person","@id":"https:\/\/batijournal.com\/#\/schema\/person\/1dc96ec6957aa1ccb25ebe78bb19f100","name":"St\u00e9phane Miget","image":{"@type":"ImageObject","inLanguage":"fr-FR","@id":"https:\/\/secure.gravatar.com\/avatar\/89915563d925342126b8ef0281b93d9d7fc337043e8df017f780908eb9644451?s=96&d=mm&r=g","url":"https:\/\/secure.gravatar.com\/avatar\/89915563d925342126b8ef0281b93d9d7fc337043e8df017f780908eb9644451?s=96&d=mm&r=g","contentUrl":"https:\/\/secure.gravatar.com\/avatar\/89915563d925342126b8ef0281b93d9d7fc337043e8df017f780908eb9644451?s=96&d=mm&r=g","caption":"St\u00e9phane Miget"},"url":"https:\/\/batijournal.com\/index.php\/author\/stephane\/"}]}},"_links":{"self":[{"href":"https:\/\/batijournal.com\/index.php\/wp-json\/wp\/v2\/posts\/104833","targetHints":{"allow":["GET"]}}],"collection":[{"href":"https:\/\/batijournal.com\/index.php\/wp-json\/wp\/v2\/posts"}],"about":[{"href":"https:\/\/batijournal.com\/index.php\/wp-json\/wp\/v2\/types\/post"}],"author":[{"embeddable":true,"href":"https:\/\/batijournal.com\/index.php\/wp-json\/wp\/v2\/users\/17"}],"replies":[{"embeddable":true,"href":"https:\/\/batijournal.com\/index.php\/wp-json\/wp\/v2\/comments?post=104833"}],"version-history":[{"count":0,"href":"https:\/\/batijournal.com\/index.php\/wp-json\/wp\/v2\/posts\/104833\/revisions"}],"wp:featuredmedia":[{"embeddable":true,"href":"https:\/\/batijournal.com\/index.php\/wp-json\/wp\/v2\/media\/104834"}],"wp:attachment":[{"href":"https:\/\/batijournal.com\/index.php\/wp-json\/wp\/v2\/media?parent=104833"}],"wp:term":[{"taxonomy":"category","embeddable":true,"href":"https:\/\/batijournal.com\/index.php\/wp-json\/wp\/v2\/categories?post=104833"},{"taxonomy":"post_tag","embeddable":true,"href":"https:\/\/batijournal.com\/index.php\/wp-json\/wp\/v2\/tags?post=104833"}],"curies":[{"name":"wp","href":"https:\/\/api.w.org\/{rel}","templated":true}]}}