{"id":104855,"date":"2020-09-24T07:50:42","date_gmt":"2020-09-24T05:50:42","guid":{"rendered":"https:\/\/batijournal.com\/?p=104855"},"modified":"2020-09-24T07:50:42","modified_gmt":"2020-09-24T05:50:42","slug":"le-groupe-leon-grosse-annonce-le-rapprochement-avec-kyotec-acteur-europeen-de-la-facade-architecturale","status":"publish","type":"post","link":"https:\/\/batijournal.com\/index.php\/le-groupe-leon-grosse-annonce-le-rapprochement-avec-kyotec-acteur-europeen-de-la-facade-architecturale\/104855\/","title":{"rendered":"Le Groupe L\u00e9on Grosse annonce le rapprochement avec Kyotec, acteur europ\u00e9en de la fa\u00e7ade architecturale"},"content":{"rendered":"<p>Port\u00e9 par un chiffre d\u2019affaires record de 826 M\u20ac en 2019 en ligne avec ses objectifs et malgr\u00e9 le contexte difficile de l\u2019ann\u00e9e 2020, le Groupe L\u00e9on Grosse, ETI du BTP, annonce ce jour une prise de participation majoritaire dans le groupe Kyotec. Cr\u00e9\u00e9 en 2008 par Thierry Foucart et bas\u00e9 au Luxembourg, Kyotec est \u00e9galement implant\u00e9 en France, en Belgique, au Royaume-Uni, au Portugal et en Pologne. Le Groupe de 175 collaborateurs a r\u00e9alis\u00e9 un chiffre d\u2019affaires de 35 M\u20ac en 2019. Sp\u00e9cialis\u00e9 dans la conception, l\u2019ing\u00e9nierie et la gestion de projets de fa\u00e7ades architecturales complexes dans les secteurs r\u00e9sidentiel et tertiaire, le Groupe dispose d\u2019un savoir-faire reconnu \u00e0 l\u2019international. Avec plus de 50 r\u00e9alisations \u00e0 son actif depuis 2008, Kyotec se concentre sur des projets alliant innovation technologique, prestige et performance \u00e9nerg\u00e9tique. Parmi les derni\u00e8res r\u00e9alisations : la r\u00e9novation de la Tour Aurore \u00e0 Paris, l\u2019installation du mur rideau sur les tours Mobius \u00e0 Bruxelles ainsi que de la fa\u00e7ade \u201cexosquelette\u201d en acier et verre sur le complexe h\u00f4telier City of Dreams \u00e0 Macau.<\/p>\n<p>Ce rapprochement s\u2019inscrit dans la strat\u00e9gie de d\u00e9veloppement de L\u00e9on Grosse et illustre la volont\u00e9 du Groupe de diversifier son activit\u00e9. Cet accord permet \u00e0 L\u00e9on Grosse d\u2019accompagner la croissance de Kyotec et de se renforcer sur un m\u00e9tier du secteur de la construction \u00e0 haute valeur ajout\u00e9e et porteur d\u2019une image forte. Ce rapprochement permettra \u00e9galement \u00e0 moyen terme de d\u00e9velopper des synergies cr\u00e9atrices de valeur pour les 2 entreprises, notamment en proposant de nouvelles offres autour de structures architecturales complexes bas\u00e9es sur les expertises techniques compl\u00e9mentaires de L\u00e9on Grosse et Kyotec, en France et \u00e0 l\u2019International. Le Groupe L\u00e9on Grosse accompagnera \u00e9galement la mise sur le march\u00e9 de la technologie brevet\u00e9e ModulAir, un syst\u00e8me de traitement de l\u2019air int\u00e9gr\u00e9 dans les fa\u00e7ades pour le neuf ou la r\u00e9novation et d\u00e9velopp\u00e9 dans l\u2019atelier de test et de prototypage de Kyotec (Le LuxLab). Ce syst\u00e8me permet \u00e0 la fois de maximiser les hauteurs libres disponibles en assurant une qualit\u00e9 d\u2019air ambiant dans les constructions.<\/p>\n<p>Photo : Ivan Dupont<\/p>\n","protected":false},"excerpt":{"rendered":"<p>Port\u00e9 par un chiffre d\u2019affaires record de 826 M\u20ac en 2019 en ligne avec ses objectifs et malgr\u00e9 le contexte difficile de l\u2019ann\u00e9e 2020, le Groupe L\u00e9on Grosse, ETI du BTP, annonce ce jour une prise de participation majoritaire dans le groupe Kyotec. Cr\u00e9\u00e9 en 2008 par Thierry Foucart et bas\u00e9 au Luxembourg, Kyotec est [&hellip;]<\/p>\n","protected":false},"author":17,"featured_media":104856,"comment_status":"closed","ping_status":"closed","sticky":false,"template":"","format":"standard","meta":{"_et_pb_use_builder":"","_et_pb_old_content":"","_et_gb_content_width":"","footnotes":""},"categories":[10530,6345,10771,10775],"tags":[126],"class_list":["post-104855","post","type-post","status-publish","format-standard","has-post-thumbnail","hentry","category-actualites","category-economie-marches","category-5facades","category-actualites-5facades","tag-facade"],"yoast_head":"<!-- This site is optimized with the Yoast SEO plugin v27.4 - https:\/\/yoast.com\/product\/yoast-seo-wordpress\/ -->\n<title>Le Groupe L\u00e9on Grosse annonce le rapprochement avec Kyotec, acteur europ\u00e9en de la fa\u00e7ade architecturale<\/title>\n<meta name=\"robots\" content=\"index, follow, max-snippet:-1, max-image-preview:large, max-video-preview:-1\" \/>\n<link rel=\"canonical\" href=\"https:\/\/batijournal.com\/index.php\/le-groupe-leon-grosse-annonce-le-rapprochement-avec-kyotec-acteur-europeen-de-la-facade-architecturale\/104855\/\" \/>\n<meta property=\"og:locale\" content=\"fr_FR\" \/>\n<meta property=\"og:type\" content=\"article\" \/>\n<meta property=\"og:title\" content=\"Le Groupe L\u00e9on Grosse annonce le rapprochement avec Kyotec, acteur europ\u00e9en de la fa\u00e7ade architecturale\" \/>\n<meta property=\"og:description\" content=\"Port\u00e9 par un chiffre d\u2019affaires record de 826 M\u20ac en 2019 en ligne avec ses objectifs et malgr\u00e9 le contexte difficile de l\u2019ann\u00e9e 2020, le Groupe L\u00e9on Grosse, ETI du BTP, annonce ce jour une prise de participation majoritaire dans le groupe Kyotec. Cr\u00e9\u00e9 en 2008 par Thierry Foucart et bas\u00e9 au Luxembourg, Kyotec est [&hellip;]\" \/>\n<meta property=\"og:url\" content=\"https:\/\/batijournal.com\/index.php\/le-groupe-leon-grosse-annonce-le-rapprochement-avec-kyotec-acteur-europeen-de-la-facade-architecturale\/104855\/\" \/>\n<meta property=\"og:site_name\" content=\"Batijournal\" \/>\n<meta property=\"article:published_time\" content=\"2020-09-24T05:50:42+00:00\" \/>\n<meta property=\"og:image\" content=\"https:\/\/batijournal.com\/wp-content\/uploads\/2020\/09\/City-of-Dreams-Macau-photo-Ivan-Dupont.jpg\" \/>\n\t<meta property=\"og:image:width\" content=\"1200\" \/>\n\t<meta property=\"og:image:height\" content=\"830\" \/>\n\t<meta property=\"og:image:type\" content=\"image\/jpeg\" \/>\n<meta name=\"author\" content=\"St\u00e9phane Miget\" \/>\n<meta name=\"twitter:card\" content=\"summary_large_image\" \/>\n<meta name=\"twitter:creator\" content=\"@bati_journal\" \/>\n<meta name=\"twitter:site\" content=\"@bati_journal\" \/>\n<meta name=\"twitter:label1\" content=\"\u00c9crit par\" \/>\n\t<meta name=\"twitter:data1\" content=\"St\u00e9phane Miget\" \/>\n\t<meta name=\"twitter:label2\" content=\"Dur\u00e9e de lecture estim\u00e9e\" \/>\n\t<meta name=\"twitter:data2\" content=\"2 minutes\" \/>\n<script type=\"application\/ld+json\" class=\"yoast-schema-graph\">{\"@context\":\"https:\\\/\\\/schema.org\",\"@graph\":[{\"@type\":\"Article\",\"@id\":\"https:\\\/\\\/batijournal.com\\\/index.php\\\/le-groupe-leon-grosse-annonce-le-rapprochement-avec-kyotec-acteur-europeen-de-la-facade-architecturale\\\/104855\\\/#article\",\"isPartOf\":{\"@id\":\"https:\\\/\\\/batijournal.com\\\/index.php\\\/le-groupe-leon-grosse-annonce-le-rapprochement-avec-kyotec-acteur-europeen-de-la-facade-architecturale\\\/104855\\\/\"},\"author\":{\"name\":\"St\u00e9phane Miget\",\"@id\":\"https:\\\/\\\/batijournal.com\\\/#\\\/schema\\\/person\\\/1dc96ec6957aa1ccb25ebe78bb19f100\"},\"headline\":\"Le Groupe L\u00e9on Grosse annonce le rapprochement avec Kyotec, acteur europ\u00e9en de la fa\u00e7ade architecturale\",\"datePublished\":\"2020-09-24T05:50:42+00:00\",\"mainEntityOfPage\":{\"@id\":\"https:\\\/\\\/batijournal.com\\\/index.php\\\/le-groupe-leon-grosse-annonce-le-rapprochement-avec-kyotec-acteur-europeen-de-la-facade-architecturale\\\/104855\\\/\"},\"wordCount\":387,\"image\":{\"@id\":\"https:\\\/\\\/batijournal.com\\\/index.php\\\/le-groupe-leon-grosse-annonce-le-rapprochement-avec-kyotec-acteur-europeen-de-la-facade-architecturale\\\/104855\\\/#primaryimage\"},\"thumbnailUrl\":\"https:\\\/\\\/batijournal.com\\\/wp-content\\\/uploads\\\/2020\\\/09\\\/City-of-Dreams-Macau-photo-Ivan-Dupont.jpg\",\"keywords\":[\"fa\u00e7ade\"],\"articleSection\":[\"Actualit\u00e9s\",\"\u00c9conomie &amp; March\u00e9s\",\"zz_5fa\u00e7ades\",\"zz_Actualit\u00e9s - 5fa\u00e7ades\"],\"inLanguage\":\"fr-FR\"},{\"@type\":\"WebPage\",\"@id\":\"https:\\\/\\\/batijournal.com\\\/index.php\\\/le-groupe-leon-grosse-annonce-le-rapprochement-avec-kyotec-acteur-europeen-de-la-facade-architecturale\\\/104855\\\/\",\"url\":\"https:\\\/\\\/batijournal.com\\\/index.php\\\/le-groupe-leon-grosse-annonce-le-rapprochement-avec-kyotec-acteur-europeen-de-la-facade-architecturale\\\/104855\\\/\",\"name\":\"Le Groupe L\u00e9on Grosse annonce le rapprochement avec Kyotec, acteur europ\u00e9en de la fa\u00e7ade architecturale\",\"isPartOf\":{\"@id\":\"https:\\\/\\\/batijournal.com\\\/#website\"},\"primaryImageOfPage\":{\"@id\":\"https:\\\/\\\/batijournal.com\\\/index.php\\\/le-groupe-leon-grosse-annonce-le-rapprochement-avec-kyotec-acteur-europeen-de-la-facade-architecturale\\\/104855\\\/#primaryimage\"},\"image\":{\"@id\":\"https:\\\/\\\/batijournal.com\\\/index.php\\\/le-groupe-leon-grosse-annonce-le-rapprochement-avec-kyotec-acteur-europeen-de-la-facade-architecturale\\\/104855\\\/#primaryimage\"},\"thumbnailUrl\":\"https:\\\/\\\/batijournal.com\\\/wp-content\\\/uploads\\\/2020\\\/09\\\/City-of-Dreams-Macau-photo-Ivan-Dupont.jpg\",\"datePublished\":\"2020-09-24T05:50:42+00:00\",\"author\":{\"@id\":\"https:\\\/\\\/batijournal.com\\\/#\\\/schema\\\/person\\\/1dc96ec6957aa1ccb25ebe78bb19f100\"},\"breadcrumb\":{\"@id\":\"https:\\\/\\\/batijournal.com\\\/index.php\\\/le-groupe-leon-grosse-annonce-le-rapprochement-avec-kyotec-acteur-europeen-de-la-facade-architecturale\\\/104855\\\/#breadcrumb\"},\"inLanguage\":\"fr-FR\",\"potentialAction\":[{\"@type\":\"ReadAction\",\"target\":[\"https:\\\/\\\/batijournal.com\\\/index.php\\\/le-groupe-leon-grosse-annonce-le-rapprochement-avec-kyotec-acteur-europeen-de-la-facade-architecturale\\\/104855\\\/\"]}]},{\"@type\":\"ImageObject\",\"inLanguage\":\"fr-FR\",\"@id\":\"https:\\\/\\\/batijournal.com\\\/index.php\\\/le-groupe-leon-grosse-annonce-le-rapprochement-avec-kyotec-acteur-europeen-de-la-facade-architecturale\\\/104855\\\/#primaryimage\",\"url\":\"https:\\\/\\\/batijournal.com\\\/wp-content\\\/uploads\\\/2020\\\/09\\\/City-of-Dreams-Macau-photo-Ivan-Dupont.jpg\",\"contentUrl\":\"https:\\\/\\\/batijournal.com\\\/wp-content\\\/uploads\\\/2020\\\/09\\\/City-of-Dreams-Macau-photo-Ivan-Dupont.jpg\",\"width\":1200,\"height\":830},{\"@type\":\"BreadcrumbList\",\"@id\":\"https:\\\/\\\/batijournal.com\\\/index.php\\\/le-groupe-leon-grosse-annonce-le-rapprochement-avec-kyotec-acteur-europeen-de-la-facade-architecturale\\\/104855\\\/#breadcrumb\",\"itemListElement\":[{\"@type\":\"ListItem\",\"position\":1,\"name\":\"Accueil\",\"item\":\"https:\\\/\\\/batijournal.com\\\/\"},{\"@type\":\"ListItem\",\"position\":2,\"name\":\"Actualit\u00e9s\",\"item\":\"https:\\\/\\\/batijournal.com\\\/index.php\\\/category\\\/actualites\\\/\"},{\"@type\":\"ListItem\",\"position\":3,\"name\":\"\u00c9conomie &amp; March\u00e9s\",\"item\":\"https:\\\/\\\/batijournal.com\\\/index.php\\\/category\\\/actualites\\\/economie-marches\\\/\"},{\"@type\":\"ListItem\",\"position\":4,\"name\":\"Le Groupe L\u00e9on Grosse annonce le rapprochement avec Kyotec, acteur europ\u00e9en de la fa\u00e7ade architecturale\"}]},{\"@type\":\"WebSite\",\"@id\":\"https:\\\/\\\/batijournal.com\\\/#website\",\"url\":\"https:\\\/\\\/batijournal.com\\\/\",\"name\":\"Batijournal\",\"description\":\"L&#039;actualit\u00e9 du b\u00e2timent\",\"potentialAction\":[{\"@type\":\"SearchAction\",\"target\":{\"@type\":\"EntryPoint\",\"urlTemplate\":\"https:\\\/\\\/batijournal.com\\\/?s={search_term_string}\"},\"query-input\":{\"@type\":\"PropertyValueSpecification\",\"valueRequired\":true,\"valueName\":\"search_term_string\"}}],\"inLanguage\":\"fr-FR\"},{\"@type\":\"Person\",\"@id\":\"https:\\\/\\\/batijournal.com\\\/#\\\/schema\\\/person\\\/1dc96ec6957aa1ccb25ebe78bb19f100\",\"name\":\"St\u00e9phane Miget\",\"image\":{\"@type\":\"ImageObject\",\"inLanguage\":\"fr-FR\",\"@id\":\"https:\\\/\\\/secure.gravatar.com\\\/avatar\\\/89915563d925342126b8ef0281b93d9d7fc337043e8df017f780908eb9644451?s=96&d=mm&r=g\",\"url\":\"https:\\\/\\\/secure.gravatar.com\\\/avatar\\\/89915563d925342126b8ef0281b93d9d7fc337043e8df017f780908eb9644451?s=96&d=mm&r=g\",\"contentUrl\":\"https:\\\/\\\/secure.gravatar.com\\\/avatar\\\/89915563d925342126b8ef0281b93d9d7fc337043e8df017f780908eb9644451?s=96&d=mm&r=g\",\"caption\":\"St\u00e9phane Miget\"},\"url\":\"https:\\\/\\\/batijournal.com\\\/index.php\\\/author\\\/stephane\\\/\"}]}<\/script>\n<!-- \/ Yoast SEO plugin. -->","yoast_head_json":{"title":"Le Groupe L\u00e9on Grosse annonce le rapprochement avec Kyotec, acteur europ\u00e9en de la fa\u00e7ade architecturale","robots":{"index":"index","follow":"follow","max-snippet":"max-snippet:-1","max-image-preview":"max-image-preview:large","max-video-preview":"max-video-preview:-1"},"canonical":"https:\/\/batijournal.com\/index.php\/le-groupe-leon-grosse-annonce-le-rapprochement-avec-kyotec-acteur-europeen-de-la-facade-architecturale\/104855\/","og_locale":"fr_FR","og_type":"article","og_title":"Le Groupe L\u00e9on Grosse annonce le rapprochement avec Kyotec, acteur europ\u00e9en de la fa\u00e7ade architecturale","og_description":"Port\u00e9 par un chiffre d\u2019affaires record de 826 M\u20ac en 2019 en ligne avec ses objectifs et malgr\u00e9 le contexte difficile de l\u2019ann\u00e9e 2020, le Groupe L\u00e9on Grosse, ETI du BTP, annonce ce jour une prise de participation majoritaire dans le groupe Kyotec. Cr\u00e9\u00e9 en 2008 par Thierry Foucart et bas\u00e9 au Luxembourg, Kyotec est [&hellip;]","og_url":"https:\/\/batijournal.com\/index.php\/le-groupe-leon-grosse-annonce-le-rapprochement-avec-kyotec-acteur-europeen-de-la-facade-architecturale\/104855\/","og_site_name":"Batijournal","article_published_time":"2020-09-24T05:50:42+00:00","og_image":[{"width":1200,"height":830,"url":"https:\/\/batijournal.com\/wp-content\/uploads\/2020\/09\/City-of-Dreams-Macau-photo-Ivan-Dupont.jpg","type":"image\/jpeg"}],"author":"St\u00e9phane Miget","twitter_card":"summary_large_image","twitter_creator":"@bati_journal","twitter_site":"@bati_journal","twitter_misc":{"\u00c9crit par":"St\u00e9phane Miget","Dur\u00e9e de lecture estim\u00e9e":"2 minutes"},"schema":{"@context":"https:\/\/schema.org","@graph":[{"@type":"Article","@id":"https:\/\/batijournal.com\/index.php\/le-groupe-leon-grosse-annonce-le-rapprochement-avec-kyotec-acteur-europeen-de-la-facade-architecturale\/104855\/#article","isPartOf":{"@id":"https:\/\/batijournal.com\/index.php\/le-groupe-leon-grosse-annonce-le-rapprochement-avec-kyotec-acteur-europeen-de-la-facade-architecturale\/104855\/"},"author":{"name":"St\u00e9phane Miget","@id":"https:\/\/batijournal.com\/#\/schema\/person\/1dc96ec6957aa1ccb25ebe78bb19f100"},"headline":"Le Groupe L\u00e9on Grosse annonce le rapprochement avec Kyotec, acteur europ\u00e9en de la fa\u00e7ade architecturale","datePublished":"2020-09-24T05:50:42+00:00","mainEntityOfPage":{"@id":"https:\/\/batijournal.com\/index.php\/le-groupe-leon-grosse-annonce-le-rapprochement-avec-kyotec-acteur-europeen-de-la-facade-architecturale\/104855\/"},"wordCount":387,"image":{"@id":"https:\/\/batijournal.com\/index.php\/le-groupe-leon-grosse-annonce-le-rapprochement-avec-kyotec-acteur-europeen-de-la-facade-architecturale\/104855\/#primaryimage"},"thumbnailUrl":"https:\/\/batijournal.com\/wp-content\/uploads\/2020\/09\/City-of-Dreams-Macau-photo-Ivan-Dupont.jpg","keywords":["fa\u00e7ade"],"articleSection":["Actualit\u00e9s","\u00c9conomie &amp; March\u00e9s","zz_5fa\u00e7ades","zz_Actualit\u00e9s - 5fa\u00e7ades"],"inLanguage":"fr-FR"},{"@type":"WebPage","@id":"https:\/\/batijournal.com\/index.php\/le-groupe-leon-grosse-annonce-le-rapprochement-avec-kyotec-acteur-europeen-de-la-facade-architecturale\/104855\/","url":"https:\/\/batijournal.com\/index.php\/le-groupe-leon-grosse-annonce-le-rapprochement-avec-kyotec-acteur-europeen-de-la-facade-architecturale\/104855\/","name":"Le Groupe L\u00e9on Grosse annonce le rapprochement avec Kyotec, acteur europ\u00e9en de la fa\u00e7ade architecturale","isPartOf":{"@id":"https:\/\/batijournal.com\/#website"},"primaryImageOfPage":{"@id":"https:\/\/batijournal.com\/index.php\/le-groupe-leon-grosse-annonce-le-rapprochement-avec-kyotec-acteur-europeen-de-la-facade-architecturale\/104855\/#primaryimage"},"image":{"@id":"https:\/\/batijournal.com\/index.php\/le-groupe-leon-grosse-annonce-le-rapprochement-avec-kyotec-acteur-europeen-de-la-facade-architecturale\/104855\/#primaryimage"},"thumbnailUrl":"https:\/\/batijournal.com\/wp-content\/uploads\/2020\/09\/City-of-Dreams-Macau-photo-Ivan-Dupont.jpg","datePublished":"2020-09-24T05:50:42+00:00","author":{"@id":"https:\/\/batijournal.com\/#\/schema\/person\/1dc96ec6957aa1ccb25ebe78bb19f100"},"breadcrumb":{"@id":"https:\/\/batijournal.com\/index.php\/le-groupe-leon-grosse-annonce-le-rapprochement-avec-kyotec-acteur-europeen-de-la-facade-architecturale\/104855\/#breadcrumb"},"inLanguage":"fr-FR","potentialAction":[{"@type":"ReadAction","target":["https:\/\/batijournal.com\/index.php\/le-groupe-leon-grosse-annonce-le-rapprochement-avec-kyotec-acteur-europeen-de-la-facade-architecturale\/104855\/"]}]},{"@type":"ImageObject","inLanguage":"fr-FR","@id":"https:\/\/batijournal.com\/index.php\/le-groupe-leon-grosse-annonce-le-rapprochement-avec-kyotec-acteur-europeen-de-la-facade-architecturale\/104855\/#primaryimage","url":"https:\/\/batijournal.com\/wp-content\/uploads\/2020\/09\/City-of-Dreams-Macau-photo-Ivan-Dupont.jpg","contentUrl":"https:\/\/batijournal.com\/wp-content\/uploads\/2020\/09\/City-of-Dreams-Macau-photo-Ivan-Dupont.jpg","width":1200,"height":830},{"@type":"BreadcrumbList","@id":"https:\/\/batijournal.com\/index.php\/le-groupe-leon-grosse-annonce-le-rapprochement-avec-kyotec-acteur-europeen-de-la-facade-architecturale\/104855\/#breadcrumb","itemListElement":[{"@type":"ListItem","position":1,"name":"Accueil","item":"https:\/\/batijournal.com\/"},{"@type":"ListItem","position":2,"name":"Actualit\u00e9s","item":"https:\/\/batijournal.com\/index.php\/category\/actualites\/"},{"@type":"ListItem","position":3,"name":"\u00c9conomie &amp; March\u00e9s","item":"https:\/\/batijournal.com\/index.php\/category\/actualites\/economie-marches\/"},{"@type":"ListItem","position":4,"name":"Le Groupe L\u00e9on Grosse annonce le rapprochement avec Kyotec, acteur europ\u00e9en de la fa\u00e7ade architecturale"}]},{"@type":"WebSite","@id":"https:\/\/batijournal.com\/#website","url":"https:\/\/batijournal.com\/","name":"Batijournal","description":"L&#039;actualit\u00e9 du b\u00e2timent","potentialAction":[{"@type":"SearchAction","target":{"@type":"EntryPoint","urlTemplate":"https:\/\/batijournal.com\/?s={search_term_string}"},"query-input":{"@type":"PropertyValueSpecification","valueRequired":true,"valueName":"search_term_string"}}],"inLanguage":"fr-FR"},{"@type":"Person","@id":"https:\/\/batijournal.com\/#\/schema\/person\/1dc96ec6957aa1ccb25ebe78bb19f100","name":"St\u00e9phane Miget","image":{"@type":"ImageObject","inLanguage":"fr-FR","@id":"https:\/\/secure.gravatar.com\/avatar\/89915563d925342126b8ef0281b93d9d7fc337043e8df017f780908eb9644451?s=96&d=mm&r=g","url":"https:\/\/secure.gravatar.com\/avatar\/89915563d925342126b8ef0281b93d9d7fc337043e8df017f780908eb9644451?s=96&d=mm&r=g","contentUrl":"https:\/\/secure.gravatar.com\/avatar\/89915563d925342126b8ef0281b93d9d7fc337043e8df017f780908eb9644451?s=96&d=mm&r=g","caption":"St\u00e9phane Miget"},"url":"https:\/\/batijournal.com\/index.php\/author\/stephane\/"}]}},"_links":{"self":[{"href":"https:\/\/batijournal.com\/index.php\/wp-json\/wp\/v2\/posts\/104855","targetHints":{"allow":["GET"]}}],"collection":[{"href":"https:\/\/batijournal.com\/index.php\/wp-json\/wp\/v2\/posts"}],"about":[{"href":"https:\/\/batijournal.com\/index.php\/wp-json\/wp\/v2\/types\/post"}],"author":[{"embeddable":true,"href":"https:\/\/batijournal.com\/index.php\/wp-json\/wp\/v2\/users\/17"}],"replies":[{"embeddable":true,"href":"https:\/\/batijournal.com\/index.php\/wp-json\/wp\/v2\/comments?post=104855"}],"version-history":[{"count":0,"href":"https:\/\/batijournal.com\/index.php\/wp-json\/wp\/v2\/posts\/104855\/revisions"}],"wp:featuredmedia":[{"embeddable":true,"href":"https:\/\/batijournal.com\/index.php\/wp-json\/wp\/v2\/media\/104856"}],"wp:attachment":[{"href":"https:\/\/batijournal.com\/index.php\/wp-json\/wp\/v2\/media?parent=104855"}],"wp:term":[{"taxonomy":"category","embeddable":true,"href":"https:\/\/batijournal.com\/index.php\/wp-json\/wp\/v2\/categories?post=104855"},{"taxonomy":"post_tag","embeddable":true,"href":"https:\/\/batijournal.com\/index.php\/wp-json\/wp\/v2\/tags?post=104855"}],"curies":[{"name":"wp","href":"https:\/\/api.w.org\/{rel}","templated":true}]}}