{"id":104878,"date":"2020-09-25T15:04:44","date_gmt":"2020-09-25T13:04:44","guid":{"rendered":"https:\/\/batijournal.com\/?p=104878"},"modified":"2020-09-25T15:04:44","modified_gmt":"2020-09-25T13:04:44","slug":"transition-ecologique-la-filiere-bois-salue-le-rapport-de-la-deputee-anne-laure-cattelot","status":"publish","type":"post","link":"https:\/\/batijournal.com\/index.php\/transition-ecologique-la-filiere-bois-salue-le-rapport-de-la-deputee-anne-laure-cattelot\/104878\/","title":{"rendered":"Transition \u00e9cologique : la fili\u00e8re bois salue le rapport de la d\u00e9put\u00e9e Anne-Laure Cattelot"},"content":{"rendered":"<p><strong>Missionn\u00e9e par le Premier ministre suite au Conseil de d\u00e9fense \u00e9cologique du 7 novembre 2019, la d\u00e9put\u00e9e LREM du Nord Anne-Laure Cattelot a remis le 17 septembre 2020 au ministre de l\u2019Agriculture et de l\u2019Alimentation, Julien Denormandie, et \u00e0 la secr\u00e9taire d\u2019Etat charg\u00e9e de la biodiversit\u00e9, B\u00e9rang\u00e8re Abba, son rapport. Elle y formule 19 recommandations pour que la fili\u00e8re for\u00eat-bois fran\u00e7aise puisse renforcer ses contributions \u00e0 la transition \u00e9cologique et \u00e0 l\u2019\u00e9conomie bas carbone de demain.<\/strong><\/p>\n<p>Les organisations interprofessionnelles France Bois Industries Entreprises, France Bois For\u00eat, France Bois R\u00e9gion et le Comit\u00e9 Strat\u00e9gique de Fili\u00e8re for\u00eat-bois saluent le travail r\u00e9alis\u00e9 par la d\u00e9put\u00e9e Anne-Laure Cattelot et la qualit\u00e9 des \u00e9changes qu\u2019elle a organis\u00e9s avec tous les repr\u00e9sentants de la fili\u00e8re for\u00eat bois. Le secteur de la for\u00eat et du bois est un atout majeur de la Nation pour att\u00e9nuer les effets du changement climatique et r\u00e9ussir les objectifs de transition \u00e9cologique et bas carbone. Ses leviers sont tout \u00e0 la fois \u00e9conomiques, \u00e9cologiques et sociaux.<\/p>\n<p>Le rapport souligne la valorisation de tous les usages du bois, seul mat\u00e9riau \u00e9cologique, biosourc\u00e9, enti\u00e8rement renouvelable et stockant le carbone de l\u2019atmosph\u00e8re. Il est mentionn\u00e9 un renforcement des actions consacr\u00e9es aux for\u00eats, notamment dans l\u2019adaptation de celles-ci aux effets du changement climatique afin de conserver leur vitalit\u00e9, leur diversit\u00e9 et leur capacit\u00e9 de r\u00e9g\u00e9n\u00e9ration. Par ailleurs, est mise en lumi\u00e8re la durabilit\u00e9 de la construction bois et l\u2019accroissement n\u00e9cessaire de la d\u00e9carbonation de l\u2019\u00e9conomie du b\u00e2timent li\u00e9e \u00e0 la future r\u00e9glementation environnementale pour les b\u00e2timents neufs (RE 2020). La visibilit\u00e9 de l&rsquo;impact carbone du b\u00e2ti sera ajout\u00e9e aux exigences r\u00e9glementaires pour illustrer les atouts des mat\u00e9riaux bois et biosourc\u00e9s, renouvelables. C\u2019est une vision bas carbone de la construction bois qui est ici affirm\u00e9e, faisant de ce mat\u00e9riau une r\u00e9f\u00e9rence en mati\u00e8re de durabilit\u00e9 et d\u2019att\u00e9nuation du changement climatique. Pour ce faire, il est propos\u00e9 de tripler les quantit\u00e9s de bois dans la construction d\u2019ici 2050.<\/p>\n<p>Le rapport insiste sur l\u2019urgence \u00e0 favoriser le renouvellement des for\u00eats fran\u00e7aises. En r\u00e9ponse au d\u00e9fi du changement climatique, il est notamment propos\u00e9 de cr\u00e9er de nouveaux vergers \u00e0 graines pour disposer de mat\u00e9riel g\u00e9n\u00e9tique adapt\u00e9 au changement climatique, de cr\u00e9er des projets forestiers de territoire et de mettre en \u0153uvre un fonds (300 M\u20ac) pour la reconstitution des for\u00eats sinistr\u00e9es. Un encadrement des coupes momentan\u00e9ment d\u00e9bois\u00e9es (r\u00e9pondant au ressenti visuel) engagera une n\u00e9cessaire concertation approfondie avec les professionnels, consid\u00e9rant la multiplicit\u00e9 des situations que les forestiers auront \u00e0 g\u00e9rer.<\/p>\n<p>Les organisations soutiennent l\u2019ambition, en plus des m\u00e9canismes de r\u00e9g\u00e9n\u00e9ration naturelle, de pouvoir assurer la plantation de 70 millions d\u2019arbres chaque ann\u00e9e pendant trente ans, soit un arbre pour chaque fran\u00e7ais tous les ans. Cette ambition appellera les moyens d\u2019un changement d\u2019\u00e9chelle \u00e0 tous les niveaux pour le secteur forestier. Ces mesures ont une coh\u00e9rence d\u2019ensemble qui s\u2019inscrivent dans la volont\u00e9 du Gouvernement, de mobiliser des ressources importantes pour les for\u00eats fran\u00e7aises dans le cadre d\u2019un plan de relance global. L\u2019objectif est d\u2019organiser une mise en \u0153uvre plus unifi\u00e9e de la politique foresti\u00e8re fran\u00e7aise, tenant compte des diversit\u00e9s.<\/p>\n<p>Le rapport insiste sur l\u2019importance d\u2019une coop\u00e9ration active entre l\u2019amont et l\u2019aval de la fili\u00e8re, reconnaissant l\u2019efficacit\u00e9 de ce type de synergies dans la structuration de la fili\u00e8re. Fort de ce constat, ce rapport innove en exposant la n\u00e9cessit\u00e9 d\u2019une r\u00e9organisation syst\u00e9mique de la fili\u00e8re. Il propose un cadre de solution g\u00e9n\u00e9rique rapprochant tous les niveaux : sph\u00e8res \u00e9tatiques et ses op\u00e9rateurs, sph\u00e8re professionnelle.<\/p>\n<p>Une mise \u00e0 l\u2019agenda des travaux du Gouvernement de ces propositions, pr\u00e9parant un cadre de d\u00e9cision rapide, est une \u00e9tape d\u00e9terminante qu\u2019encouragent les interprofessions de la fili\u00e8re for\u00eat-bois.<\/p>\n<p>&nbsp;<\/p>\n","protected":false},"excerpt":{"rendered":"<p>Missionn\u00e9e par le Premier ministre suite au Conseil de d\u00e9fense \u00e9cologique du 7 novembre 2019, la d\u00e9put\u00e9e LREM du Nord Anne-Laure Cattelot a remis le 17 septembre 2020 au ministre de l\u2019Agriculture et de l\u2019Alimentation, Julien Denormandie, et \u00e0 la secr\u00e9taire d\u2019Etat charg\u00e9e de la biodiversit\u00e9, B\u00e9rang\u00e8re Abba, son rapport. Elle y formule 19 recommandations [&hellip;]<\/p>\n","protected":false},"author":17,"featured_media":91549,"comment_status":"closed","ping_status":"closed","sticky":false,"template":"","format":"standard","meta":{"_et_pb_use_builder":"","_et_pb_old_content":"","_et_gb_content_width":"","footnotes":""},"categories":[10736,10530,6351,10781,10769,10778,10764],"tags":[1017],"class_list":["post-104878","post","type-post","status-publish","format-standard","has-post-thumbnail","hentry","category-a-la-une","category-actualites","category-energie-environnement","category-publications-planete","category-publications","category-planete","category-woodsurfer","tag-filiere-bois"],"yoast_head":"<!-- This site is optimized with the Yoast SEO plugin v27.4 - https:\/\/yoast.com\/product\/yoast-seo-wordpress\/ -->\n<title>Transition \u00e9cologique : la fili\u00e8re bois salue le rapport de la d\u00e9put\u00e9e Anne-Laure Cattelot<\/title>\n<meta name=\"robots\" content=\"index, follow, max-snippet:-1, max-image-preview:large, max-video-preview:-1\" \/>\n<link rel=\"canonical\" href=\"https:\/\/batijournal.com\/index.php\/transition-ecologique-la-filiere-bois-salue-le-rapport-de-la-deputee-anne-laure-cattelot\/104878\/\" \/>\n<meta property=\"og:locale\" content=\"fr_FR\" \/>\n<meta property=\"og:type\" content=\"article\" \/>\n<meta property=\"og:title\" content=\"Transition \u00e9cologique : la fili\u00e8re bois salue le rapport de la d\u00e9put\u00e9e Anne-Laure Cattelot\" \/>\n<meta property=\"og:description\" content=\"Missionn\u00e9e par le Premier ministre suite au Conseil de d\u00e9fense \u00e9cologique du 7 novembre 2019, la d\u00e9put\u00e9e LREM du Nord Anne-Laure Cattelot a remis le 17 septembre 2020 au ministre de l\u2019Agriculture et de l\u2019Alimentation, Julien Denormandie, et \u00e0 la secr\u00e9taire d\u2019Etat charg\u00e9e de la biodiversit\u00e9, B\u00e9rang\u00e8re Abba, son rapport. Elle y formule 19 recommandations [&hellip;]\" \/>\n<meta property=\"og:url\" content=\"https:\/\/batijournal.com\/index.php\/transition-ecologique-la-filiere-bois-salue-le-rapport-de-la-deputee-anne-laure-cattelot\/104878\/\" \/>\n<meta property=\"og:site_name\" content=\"Batijournal\" \/>\n<meta property=\"article:published_time\" content=\"2020-09-25T13:04:44+00:00\" \/>\n<meta property=\"og:image\" content=\"https:\/\/batijournal.com\/wp-content\/uploads\/2016\/02\/foret.jpg\" \/>\n\t<meta property=\"og:image:width\" content=\"1024\" \/>\n\t<meta property=\"og:image:height\" content=\"683\" \/>\n\t<meta property=\"og:image:type\" content=\"image\/jpeg\" \/>\n<meta name=\"author\" content=\"St\u00e9phane Miget\" \/>\n<meta name=\"twitter:card\" content=\"summary_large_image\" \/>\n<meta name=\"twitter:creator\" content=\"@bati_journal\" \/>\n<meta name=\"twitter:site\" content=\"@bati_journal\" \/>\n<meta name=\"twitter:label1\" content=\"\u00c9crit par\" \/>\n\t<meta name=\"twitter:data1\" content=\"St\u00e9phane Miget\" \/>\n\t<meta name=\"twitter:label2\" content=\"Dur\u00e9e de lecture estim\u00e9e\" \/>\n\t<meta name=\"twitter:data2\" content=\"4 minutes\" \/>\n<script type=\"application\/ld+json\" class=\"yoast-schema-graph\">{\"@context\":\"https:\\\/\\\/schema.org\",\"@graph\":[{\"@type\":\"Article\",\"@id\":\"https:\\\/\\\/batijournal.com\\\/index.php\\\/transition-ecologique-la-filiere-bois-salue-le-rapport-de-la-deputee-anne-laure-cattelot\\\/104878\\\/#article\",\"isPartOf\":{\"@id\":\"https:\\\/\\\/batijournal.com\\\/index.php\\\/transition-ecologique-la-filiere-bois-salue-le-rapport-de-la-deputee-anne-laure-cattelot\\\/104878\\\/\"},\"author\":{\"name\":\"St\u00e9phane Miget\",\"@id\":\"https:\\\/\\\/batijournal.com\\\/#\\\/schema\\\/person\\\/1dc96ec6957aa1ccb25ebe78bb19f100\"},\"headline\":\"Transition \u00e9cologique : la fili\u00e8re bois salue le rapport de la d\u00e9put\u00e9e Anne-Laure Cattelot\",\"datePublished\":\"2020-09-25T13:04:44+00:00\",\"mainEntityOfPage\":{\"@id\":\"https:\\\/\\\/batijournal.com\\\/index.php\\\/transition-ecologique-la-filiere-bois-salue-le-rapport-de-la-deputee-anne-laure-cattelot\\\/104878\\\/\"},\"wordCount\":730,\"image\":{\"@id\":\"https:\\\/\\\/batijournal.com\\\/index.php\\\/transition-ecologique-la-filiere-bois-salue-le-rapport-de-la-deputee-anne-laure-cattelot\\\/104878\\\/#primaryimage\"},\"thumbnailUrl\":\"https:\\\/\\\/batijournal.com\\\/wp-content\\\/uploads\\\/2016\\\/02\\\/foret.jpg\",\"keywords\":[\"fili\u00e8re bois\"],\"articleSection\":[\"A la Une\",\"Actualit\u00e9s\",\"\u00c9nergie &amp; Environnement\",\"zz_Actualit\u00e9s - Plan\u00e8te\",\"zz_Actualit\u00e9s - Woodsurfer\",\"zz_Plan\u00e8te B\u00e2timent\",\"zz_Woodsurfer\"],\"inLanguage\":\"fr-FR\"},{\"@type\":\"WebPage\",\"@id\":\"https:\\\/\\\/batijournal.com\\\/index.php\\\/transition-ecologique-la-filiere-bois-salue-le-rapport-de-la-deputee-anne-laure-cattelot\\\/104878\\\/\",\"url\":\"https:\\\/\\\/batijournal.com\\\/index.php\\\/transition-ecologique-la-filiere-bois-salue-le-rapport-de-la-deputee-anne-laure-cattelot\\\/104878\\\/\",\"name\":\"Transition \u00e9cologique : la fili\u00e8re bois salue le rapport de la d\u00e9put\u00e9e Anne-Laure Cattelot\",\"isPartOf\":{\"@id\":\"https:\\\/\\\/batijournal.com\\\/#website\"},\"primaryImageOfPage\":{\"@id\":\"https:\\\/\\\/batijournal.com\\\/index.php\\\/transition-ecologique-la-filiere-bois-salue-le-rapport-de-la-deputee-anne-laure-cattelot\\\/104878\\\/#primaryimage\"},\"image\":{\"@id\":\"https:\\\/\\\/batijournal.com\\\/index.php\\\/transition-ecologique-la-filiere-bois-salue-le-rapport-de-la-deputee-anne-laure-cattelot\\\/104878\\\/#primaryimage\"},\"thumbnailUrl\":\"https:\\\/\\\/batijournal.com\\\/wp-content\\\/uploads\\\/2016\\\/02\\\/foret.jpg\",\"datePublished\":\"2020-09-25T13:04:44+00:00\",\"author\":{\"@id\":\"https:\\\/\\\/batijournal.com\\\/#\\\/schema\\\/person\\\/1dc96ec6957aa1ccb25ebe78bb19f100\"},\"breadcrumb\":{\"@id\":\"https:\\\/\\\/batijournal.com\\\/index.php\\\/transition-ecologique-la-filiere-bois-salue-le-rapport-de-la-deputee-anne-laure-cattelot\\\/104878\\\/#breadcrumb\"},\"inLanguage\":\"fr-FR\",\"potentialAction\":[{\"@type\":\"ReadAction\",\"target\":[\"https:\\\/\\\/batijournal.com\\\/index.php\\\/transition-ecologique-la-filiere-bois-salue-le-rapport-de-la-deputee-anne-laure-cattelot\\\/104878\\\/\"]}]},{\"@type\":\"ImageObject\",\"inLanguage\":\"fr-FR\",\"@id\":\"https:\\\/\\\/batijournal.com\\\/index.php\\\/transition-ecologique-la-filiere-bois-salue-le-rapport-de-la-deputee-anne-laure-cattelot\\\/104878\\\/#primaryimage\",\"url\":\"https:\\\/\\\/batijournal.com\\\/wp-content\\\/uploads\\\/2016\\\/02\\\/foret.jpg\",\"contentUrl\":\"https:\\\/\\\/batijournal.com\\\/wp-content\\\/uploads\\\/2016\\\/02\\\/foret.jpg\",\"width\":1024,\"height\":683,\"caption\":\"premier-conseil-superieur-de-foret-et-du-bois-de-2018\"},{\"@type\":\"BreadcrumbList\",\"@id\":\"https:\\\/\\\/batijournal.com\\\/index.php\\\/transition-ecologique-la-filiere-bois-salue-le-rapport-de-la-deputee-anne-laure-cattelot\\\/104878\\\/#breadcrumb\",\"itemListElement\":[{\"@type\":\"ListItem\",\"position\":1,\"name\":\"Accueil\",\"item\":\"https:\\\/\\\/batijournal.com\\\/\"},{\"@type\":\"ListItem\",\"position\":2,\"name\":\"Actualit\u00e9s\",\"item\":\"https:\\\/\\\/batijournal.com\\\/index.php\\\/category\\\/actualites\\\/\"},{\"@type\":\"ListItem\",\"position\":3,\"name\":\"\u00c9nergie &amp; Environnement\",\"item\":\"https:\\\/\\\/batijournal.com\\\/index.php\\\/category\\\/actualites\\\/energie-environnement\\\/\"},{\"@type\":\"ListItem\",\"position\":4,\"name\":\"Transition \u00e9cologique : la fili\u00e8re bois salue le rapport de la d\u00e9put\u00e9e Anne-Laure Cattelot\"}]},{\"@type\":\"WebSite\",\"@id\":\"https:\\\/\\\/batijournal.com\\\/#website\",\"url\":\"https:\\\/\\\/batijournal.com\\\/\",\"name\":\"Batijournal\",\"description\":\"L&#039;actualit\u00e9 du b\u00e2timent\",\"potentialAction\":[{\"@type\":\"SearchAction\",\"target\":{\"@type\":\"EntryPoint\",\"urlTemplate\":\"https:\\\/\\\/batijournal.com\\\/?s={search_term_string}\"},\"query-input\":{\"@type\":\"PropertyValueSpecification\",\"valueRequired\":true,\"valueName\":\"search_term_string\"}}],\"inLanguage\":\"fr-FR\"},{\"@type\":\"Person\",\"@id\":\"https:\\\/\\\/batijournal.com\\\/#\\\/schema\\\/person\\\/1dc96ec6957aa1ccb25ebe78bb19f100\",\"name\":\"St\u00e9phane Miget\",\"image\":{\"@type\":\"ImageObject\",\"inLanguage\":\"fr-FR\",\"@id\":\"https:\\\/\\\/secure.gravatar.com\\\/avatar\\\/89915563d925342126b8ef0281b93d9d7fc337043e8df017f780908eb9644451?s=96&d=mm&r=g\",\"url\":\"https:\\\/\\\/secure.gravatar.com\\\/avatar\\\/89915563d925342126b8ef0281b93d9d7fc337043e8df017f780908eb9644451?s=96&d=mm&r=g\",\"contentUrl\":\"https:\\\/\\\/secure.gravatar.com\\\/avatar\\\/89915563d925342126b8ef0281b93d9d7fc337043e8df017f780908eb9644451?s=96&d=mm&r=g\",\"caption\":\"St\u00e9phane Miget\"},\"url\":\"https:\\\/\\\/batijournal.com\\\/index.php\\\/author\\\/stephane\\\/\"}]}<\/script>\n<!-- \/ Yoast SEO plugin. -->","yoast_head_json":{"title":"Transition \u00e9cologique : la fili\u00e8re bois salue le rapport de la d\u00e9put\u00e9e Anne-Laure Cattelot","robots":{"index":"index","follow":"follow","max-snippet":"max-snippet:-1","max-image-preview":"max-image-preview:large","max-video-preview":"max-video-preview:-1"},"canonical":"https:\/\/batijournal.com\/index.php\/transition-ecologique-la-filiere-bois-salue-le-rapport-de-la-deputee-anne-laure-cattelot\/104878\/","og_locale":"fr_FR","og_type":"article","og_title":"Transition \u00e9cologique : la fili\u00e8re bois salue le rapport de la d\u00e9put\u00e9e Anne-Laure Cattelot","og_description":"Missionn\u00e9e par le Premier ministre suite au Conseil de d\u00e9fense \u00e9cologique du 7 novembre 2019, la d\u00e9put\u00e9e LREM du Nord Anne-Laure Cattelot a remis le 17 septembre 2020 au ministre de l\u2019Agriculture et de l\u2019Alimentation, Julien Denormandie, et \u00e0 la secr\u00e9taire d\u2019Etat charg\u00e9e de la biodiversit\u00e9, B\u00e9rang\u00e8re Abba, son rapport. Elle y formule 19 recommandations [&hellip;]","og_url":"https:\/\/batijournal.com\/index.php\/transition-ecologique-la-filiere-bois-salue-le-rapport-de-la-deputee-anne-laure-cattelot\/104878\/","og_site_name":"Batijournal","article_published_time":"2020-09-25T13:04:44+00:00","og_image":[{"width":1024,"height":683,"url":"https:\/\/batijournal.com\/wp-content\/uploads\/2016\/02\/foret.jpg","type":"image\/jpeg"}],"author":"St\u00e9phane Miget","twitter_card":"summary_large_image","twitter_creator":"@bati_journal","twitter_site":"@bati_journal","twitter_misc":{"\u00c9crit par":"St\u00e9phane Miget","Dur\u00e9e de lecture estim\u00e9e":"4 minutes"},"schema":{"@context":"https:\/\/schema.org","@graph":[{"@type":"Article","@id":"https:\/\/batijournal.com\/index.php\/transition-ecologique-la-filiere-bois-salue-le-rapport-de-la-deputee-anne-laure-cattelot\/104878\/#article","isPartOf":{"@id":"https:\/\/batijournal.com\/index.php\/transition-ecologique-la-filiere-bois-salue-le-rapport-de-la-deputee-anne-laure-cattelot\/104878\/"},"author":{"name":"St\u00e9phane Miget","@id":"https:\/\/batijournal.com\/#\/schema\/person\/1dc96ec6957aa1ccb25ebe78bb19f100"},"headline":"Transition \u00e9cologique : la fili\u00e8re bois salue le rapport de la d\u00e9put\u00e9e Anne-Laure Cattelot","datePublished":"2020-09-25T13:04:44+00:00","mainEntityOfPage":{"@id":"https:\/\/batijournal.com\/index.php\/transition-ecologique-la-filiere-bois-salue-le-rapport-de-la-deputee-anne-laure-cattelot\/104878\/"},"wordCount":730,"image":{"@id":"https:\/\/batijournal.com\/index.php\/transition-ecologique-la-filiere-bois-salue-le-rapport-de-la-deputee-anne-laure-cattelot\/104878\/#primaryimage"},"thumbnailUrl":"https:\/\/batijournal.com\/wp-content\/uploads\/2016\/02\/foret.jpg","keywords":["fili\u00e8re bois"],"articleSection":["A la Une","Actualit\u00e9s","\u00c9nergie &amp; Environnement","zz_Actualit\u00e9s - Plan\u00e8te","zz_Actualit\u00e9s - Woodsurfer","zz_Plan\u00e8te B\u00e2timent","zz_Woodsurfer"],"inLanguage":"fr-FR"},{"@type":"WebPage","@id":"https:\/\/batijournal.com\/index.php\/transition-ecologique-la-filiere-bois-salue-le-rapport-de-la-deputee-anne-laure-cattelot\/104878\/","url":"https:\/\/batijournal.com\/index.php\/transition-ecologique-la-filiere-bois-salue-le-rapport-de-la-deputee-anne-laure-cattelot\/104878\/","name":"Transition \u00e9cologique : la fili\u00e8re bois salue le rapport de la d\u00e9put\u00e9e Anne-Laure Cattelot","isPartOf":{"@id":"https:\/\/batijournal.com\/#website"},"primaryImageOfPage":{"@id":"https:\/\/batijournal.com\/index.php\/transition-ecologique-la-filiere-bois-salue-le-rapport-de-la-deputee-anne-laure-cattelot\/104878\/#primaryimage"},"image":{"@id":"https:\/\/batijournal.com\/index.php\/transition-ecologique-la-filiere-bois-salue-le-rapport-de-la-deputee-anne-laure-cattelot\/104878\/#primaryimage"},"thumbnailUrl":"https:\/\/batijournal.com\/wp-content\/uploads\/2016\/02\/foret.jpg","datePublished":"2020-09-25T13:04:44+00:00","author":{"@id":"https:\/\/batijournal.com\/#\/schema\/person\/1dc96ec6957aa1ccb25ebe78bb19f100"},"breadcrumb":{"@id":"https:\/\/batijournal.com\/index.php\/transition-ecologique-la-filiere-bois-salue-le-rapport-de-la-deputee-anne-laure-cattelot\/104878\/#breadcrumb"},"inLanguage":"fr-FR","potentialAction":[{"@type":"ReadAction","target":["https:\/\/batijournal.com\/index.php\/transition-ecologique-la-filiere-bois-salue-le-rapport-de-la-deputee-anne-laure-cattelot\/104878\/"]}]},{"@type":"ImageObject","inLanguage":"fr-FR","@id":"https:\/\/batijournal.com\/index.php\/transition-ecologique-la-filiere-bois-salue-le-rapport-de-la-deputee-anne-laure-cattelot\/104878\/#primaryimage","url":"https:\/\/batijournal.com\/wp-content\/uploads\/2016\/02\/foret.jpg","contentUrl":"https:\/\/batijournal.com\/wp-content\/uploads\/2016\/02\/foret.jpg","width":1024,"height":683,"caption":"premier-conseil-superieur-de-foret-et-du-bois-de-2018"},{"@type":"BreadcrumbList","@id":"https:\/\/batijournal.com\/index.php\/transition-ecologique-la-filiere-bois-salue-le-rapport-de-la-deputee-anne-laure-cattelot\/104878\/#breadcrumb","itemListElement":[{"@type":"ListItem","position":1,"name":"Accueil","item":"https:\/\/batijournal.com\/"},{"@type":"ListItem","position":2,"name":"Actualit\u00e9s","item":"https:\/\/batijournal.com\/index.php\/category\/actualites\/"},{"@type":"ListItem","position":3,"name":"\u00c9nergie &amp; Environnement","item":"https:\/\/batijournal.com\/index.php\/category\/actualites\/energie-environnement\/"},{"@type":"ListItem","position":4,"name":"Transition \u00e9cologique : la fili\u00e8re bois salue le rapport de la d\u00e9put\u00e9e Anne-Laure Cattelot"}]},{"@type":"WebSite","@id":"https:\/\/batijournal.com\/#website","url":"https:\/\/batijournal.com\/","name":"Batijournal","description":"L&#039;actualit\u00e9 du b\u00e2timent","potentialAction":[{"@type":"SearchAction","target":{"@type":"EntryPoint","urlTemplate":"https:\/\/batijournal.com\/?s={search_term_string}"},"query-input":{"@type":"PropertyValueSpecification","valueRequired":true,"valueName":"search_term_string"}}],"inLanguage":"fr-FR"},{"@type":"Person","@id":"https:\/\/batijournal.com\/#\/schema\/person\/1dc96ec6957aa1ccb25ebe78bb19f100","name":"St\u00e9phane Miget","image":{"@type":"ImageObject","inLanguage":"fr-FR","@id":"https:\/\/secure.gravatar.com\/avatar\/89915563d925342126b8ef0281b93d9d7fc337043e8df017f780908eb9644451?s=96&d=mm&r=g","url":"https:\/\/secure.gravatar.com\/avatar\/89915563d925342126b8ef0281b93d9d7fc337043e8df017f780908eb9644451?s=96&d=mm&r=g","contentUrl":"https:\/\/secure.gravatar.com\/avatar\/89915563d925342126b8ef0281b93d9d7fc337043e8df017f780908eb9644451?s=96&d=mm&r=g","caption":"St\u00e9phane Miget"},"url":"https:\/\/batijournal.com\/index.php\/author\/stephane\/"}]}},"_links":{"self":[{"href":"https:\/\/batijournal.com\/index.php\/wp-json\/wp\/v2\/posts\/104878","targetHints":{"allow":["GET"]}}],"collection":[{"href":"https:\/\/batijournal.com\/index.php\/wp-json\/wp\/v2\/posts"}],"about":[{"href":"https:\/\/batijournal.com\/index.php\/wp-json\/wp\/v2\/types\/post"}],"author":[{"embeddable":true,"href":"https:\/\/batijournal.com\/index.php\/wp-json\/wp\/v2\/users\/17"}],"replies":[{"embeddable":true,"href":"https:\/\/batijournal.com\/index.php\/wp-json\/wp\/v2\/comments?post=104878"}],"version-history":[{"count":0,"href":"https:\/\/batijournal.com\/index.php\/wp-json\/wp\/v2\/posts\/104878\/revisions"}],"wp:featuredmedia":[{"embeddable":true,"href":"https:\/\/batijournal.com\/index.php\/wp-json\/wp\/v2\/media\/91549"}],"wp:attachment":[{"href":"https:\/\/batijournal.com\/index.php\/wp-json\/wp\/v2\/media?parent=104878"}],"wp:term":[{"taxonomy":"category","embeddable":true,"href":"https:\/\/batijournal.com\/index.php\/wp-json\/wp\/v2\/categories?post=104878"},{"taxonomy":"post_tag","embeddable":true,"href":"https:\/\/batijournal.com\/index.php\/wp-json\/wp\/v2\/tags?post=104878"}],"curies":[{"name":"wp","href":"https:\/\/api.w.org\/{rel}","templated":true}]}}