{"id":104914,"date":"2020-10-02T13:34:16","date_gmt":"2020-10-02T11:34:16","guid":{"rendered":"https:\/\/batijournal.com\/?p=104914"},"modified":"2020-10-02T13:34:16","modified_gmt":"2020-10-02T11:34:16","slug":"visitez-le-chantier-du-grand-palais-ephemere-le-5-novembre-prochain","status":"publish","type":"post","link":"https:\/\/batijournal.com\/index.php\/visitez-le-chantier-du-grand-palais-ephemere-le-5-novembre-prochain\/104914\/","title":{"rendered":"Visitez le chantier du Grand Palais Eph\u00e9m\u00e8re le 5 novembre prochain"},"content":{"rendered":"<p>En partenariat avec le CNDB, le Forum International Bois Construction organise des visites du Grand Palais Eph\u00e9m\u00e8re le 5 novembre prochain. Le soir-m\u00eame, au Pavillon de l&rsquo;Arsenal, l&rsquo;architecte Jean-Michel Wilmotte pr\u00e9sentera son Grand Palais Eph\u00e9m\u00e8re \u00e0 l&rsquo;occasion de la conf\u00e9rence de presse de lancement de la 10e \u00e9dition du Forum. Face au d\u00e9r\u00e8glement climatique, la construction bois et biosourc\u00e9e suscite l&rsquo;espoir. Pour la premi\u00e8re fois, le Grand Palais accueille un congr\u00e8s international d\u00e9di\u00e9 \u00e0 ce sujet dans un b\u00e2timent identique \u00e0 lui par sa surface et sa disposition. Le Grand Palais Eph\u00e9m\u00e8re avec sa charpente en bois cr\u00e9e un environnement exceptionnel et parfaitement adapt\u00e9 au Forum. Il est actuellement en construction sur le Champs-de-Mars et instaure un dialogue respectueux avec la grande dame de fer de la R\u00e9volution industrielle.<\/p>\n<p><a href=\"https:\/\/docs.google.com\/forms\/d\/e\/1FAIpQLSfwQL4_FC6Hmwih2tYh1217Z9x8f1GxyZLwB6XKKKlfUq3ujw\/viewform\">Inscription<\/a><\/p>\n<p>&nbsp;<\/p>\n","protected":false},"excerpt":{"rendered":"<p>En partenariat avec le CNDB, le Forum International Bois Construction organise des visites du Grand Palais Eph\u00e9m\u00e8re le 5 novembre prochain. Le soir-m\u00eame, au Pavillon de l&rsquo;Arsenal, l&rsquo;architecte Jean-Michel Wilmotte pr\u00e9sentera son Grand Palais Eph\u00e9m\u00e8re \u00e0 l&rsquo;occasion de la conf\u00e9rence de presse de lancement de la 10e \u00e9dition du Forum. Face au d\u00e9r\u00e8glement climatique, la [&hellip;]<\/p>\n","protected":false},"author":17,"featured_media":104915,"comment_status":"closed","ping_status":"closed","sticky":false,"template":"","format":"standard","meta":{"_et_pb_use_builder":"","_et_pb_old_content":"","_et_gb_content_width":"","footnotes":""},"categories":[10530,6340,10769,10764],"tags":[9312],"class_list":["post-104914","post","type-post","status-publish","format-standard","has-post-thumbnail","hentry","category-actualites","category-architecture-conception","category-publications","category-woodsurfer","tag-forum-bois-construction"],"yoast_head":"<!-- This site is optimized with the Yoast SEO plugin v27.4 - https:\/\/yoast.com\/product\/yoast-seo-wordpress\/ -->\n<title>Visitez le chantier du Grand Palais Eph\u00e9m\u00e8re le 5 novembre prochain<\/title>\n<meta name=\"robots\" content=\"index, follow, max-snippet:-1, max-image-preview:large, max-video-preview:-1\" \/>\n<link rel=\"canonical\" href=\"https:\/\/batijournal.com\/index.php\/visitez-le-chantier-du-grand-palais-ephemere-le-5-novembre-prochain\/104914\/\" \/>\n<meta property=\"og:locale\" content=\"fr_FR\" \/>\n<meta property=\"og:type\" content=\"article\" \/>\n<meta property=\"og:title\" content=\"Visitez le chantier du Grand Palais Eph\u00e9m\u00e8re le 5 novembre prochain\" \/>\n<meta property=\"og:description\" content=\"En partenariat avec le CNDB, le Forum International Bois Construction organise des visites du Grand Palais Eph\u00e9m\u00e8re le 5 novembre prochain. Le soir-m\u00eame, au Pavillon de l&rsquo;Arsenal, l&rsquo;architecte Jean-Michel Wilmotte pr\u00e9sentera son Grand Palais Eph\u00e9m\u00e8re \u00e0 l&rsquo;occasion de la conf\u00e9rence de presse de lancement de la 10e \u00e9dition du Forum. Face au d\u00e9r\u00e8glement climatique, la [&hellip;]\" \/>\n<meta property=\"og:url\" content=\"https:\/\/batijournal.com\/index.php\/visitez-le-chantier-du-grand-palais-ephemere-le-5-novembre-prochain\/104914\/\" \/>\n<meta property=\"og:site_name\" content=\"Batijournal\" \/>\n<meta property=\"article:published_time\" content=\"2020-10-02T11:34:16+00:00\" \/>\n<meta property=\"og:image\" content=\"https:\/\/batijournal.com\/wp-content\/uploads\/2020\/10\/chantier-grand-palais-ephemere.jpg\" \/>\n\t<meta property=\"og:image:width\" content=\"1200\" \/>\n\t<meta property=\"og:image:height\" content=\"800\" \/>\n\t<meta property=\"og:image:type\" content=\"image\/jpeg\" \/>\n<meta name=\"author\" content=\"St\u00e9phane Miget\" \/>\n<meta name=\"twitter:card\" content=\"summary_large_image\" \/>\n<meta name=\"twitter:creator\" content=\"@bati_journal\" \/>\n<meta name=\"twitter:site\" content=\"@bati_journal\" \/>\n<meta name=\"twitter:label1\" content=\"\u00c9crit par\" \/>\n\t<meta name=\"twitter:data1\" content=\"St\u00e9phane Miget\" \/>\n\t<meta name=\"twitter:label2\" content=\"Dur\u00e9e de lecture estim\u00e9e\" \/>\n\t<meta name=\"twitter:data2\" content=\"1 minute\" \/>\n<script type=\"application\/ld+json\" class=\"yoast-schema-graph\">{\"@context\":\"https:\\\/\\\/schema.org\",\"@graph\":[{\"@type\":\"Article\",\"@id\":\"https:\\\/\\\/batijournal.com\\\/index.php\\\/visitez-le-chantier-du-grand-palais-ephemere-le-5-novembre-prochain\\\/104914\\\/#article\",\"isPartOf\":{\"@id\":\"https:\\\/\\\/batijournal.com\\\/index.php\\\/visitez-le-chantier-du-grand-palais-ephemere-le-5-novembre-prochain\\\/104914\\\/\"},\"author\":{\"name\":\"St\u00e9phane Miget\",\"@id\":\"https:\\\/\\\/batijournal.com\\\/#\\\/schema\\\/person\\\/1dc96ec6957aa1ccb25ebe78bb19f100\"},\"headline\":\"Visitez le chantier du Grand Palais Eph\u00e9m\u00e8re le 5 novembre prochain\",\"datePublished\":\"2020-10-02T11:34:16+00:00\",\"mainEntityOfPage\":{\"@id\":\"https:\\\/\\\/batijournal.com\\\/index.php\\\/visitez-le-chantier-du-grand-palais-ephemere-le-5-novembre-prochain\\\/104914\\\/\"},\"wordCount\":161,\"image\":{\"@id\":\"https:\\\/\\\/batijournal.com\\\/index.php\\\/visitez-le-chantier-du-grand-palais-ephemere-le-5-novembre-prochain\\\/104914\\\/#primaryimage\"},\"thumbnailUrl\":\"https:\\\/\\\/batijournal.com\\\/wp-content\\\/uploads\\\/2020\\\/10\\\/chantier-grand-palais-ephemere.jpg\",\"keywords\":[\"forum bois construction\"],\"articleSection\":[\"Actualit\u00e9s\",\"Architecture &amp; Conception\",\"zz_Actualit\u00e9s - Woodsurfer\",\"zz_Woodsurfer\"],\"inLanguage\":\"fr-FR\"},{\"@type\":\"WebPage\",\"@id\":\"https:\\\/\\\/batijournal.com\\\/index.php\\\/visitez-le-chantier-du-grand-palais-ephemere-le-5-novembre-prochain\\\/104914\\\/\",\"url\":\"https:\\\/\\\/batijournal.com\\\/index.php\\\/visitez-le-chantier-du-grand-palais-ephemere-le-5-novembre-prochain\\\/104914\\\/\",\"name\":\"Visitez le chantier du Grand Palais Eph\u00e9m\u00e8re le 5 novembre prochain\",\"isPartOf\":{\"@id\":\"https:\\\/\\\/batijournal.com\\\/#website\"},\"primaryImageOfPage\":{\"@id\":\"https:\\\/\\\/batijournal.com\\\/index.php\\\/visitez-le-chantier-du-grand-palais-ephemere-le-5-novembre-prochain\\\/104914\\\/#primaryimage\"},\"image\":{\"@id\":\"https:\\\/\\\/batijournal.com\\\/index.php\\\/visitez-le-chantier-du-grand-palais-ephemere-le-5-novembre-prochain\\\/104914\\\/#primaryimage\"},\"thumbnailUrl\":\"https:\\\/\\\/batijournal.com\\\/wp-content\\\/uploads\\\/2020\\\/10\\\/chantier-grand-palais-ephemere.jpg\",\"datePublished\":\"2020-10-02T11:34:16+00:00\",\"author\":{\"@id\":\"https:\\\/\\\/batijournal.com\\\/#\\\/schema\\\/person\\\/1dc96ec6957aa1ccb25ebe78bb19f100\"},\"breadcrumb\":{\"@id\":\"https:\\\/\\\/batijournal.com\\\/index.php\\\/visitez-le-chantier-du-grand-palais-ephemere-le-5-novembre-prochain\\\/104914\\\/#breadcrumb\"},\"inLanguage\":\"fr-FR\",\"potentialAction\":[{\"@type\":\"ReadAction\",\"target\":[\"https:\\\/\\\/batijournal.com\\\/index.php\\\/visitez-le-chantier-du-grand-palais-ephemere-le-5-novembre-prochain\\\/104914\\\/\"]}]},{\"@type\":\"ImageObject\",\"inLanguage\":\"fr-FR\",\"@id\":\"https:\\\/\\\/batijournal.com\\\/index.php\\\/visitez-le-chantier-du-grand-palais-ephemere-le-5-novembre-prochain\\\/104914\\\/#primaryimage\",\"url\":\"https:\\\/\\\/batijournal.com\\\/wp-content\\\/uploads\\\/2020\\\/10\\\/chantier-grand-palais-ephemere.jpg\",\"contentUrl\":\"https:\\\/\\\/batijournal.com\\\/wp-content\\\/uploads\\\/2020\\\/10\\\/chantier-grand-palais-ephemere.jpg\",\"width\":1200,\"height\":800},{\"@type\":\"BreadcrumbList\",\"@id\":\"https:\\\/\\\/batijournal.com\\\/index.php\\\/visitez-le-chantier-du-grand-palais-ephemere-le-5-novembre-prochain\\\/104914\\\/#breadcrumb\",\"itemListElement\":[{\"@type\":\"ListItem\",\"position\":1,\"name\":\"Accueil\",\"item\":\"https:\\\/\\\/batijournal.com\\\/\"},{\"@type\":\"ListItem\",\"position\":2,\"name\":\"Actualit\u00e9s\",\"item\":\"https:\\\/\\\/batijournal.com\\\/index.php\\\/category\\\/actualites\\\/\"},{\"@type\":\"ListItem\",\"position\":3,\"name\":\"Architecture &amp; Conception\",\"item\":\"https:\\\/\\\/batijournal.com\\\/index.php\\\/category\\\/actualites\\\/architecture-conception\\\/\"},{\"@type\":\"ListItem\",\"position\":4,\"name\":\"Visitez le chantier du Grand Palais Eph\u00e9m\u00e8re le 5 novembre prochain\"}]},{\"@type\":\"WebSite\",\"@id\":\"https:\\\/\\\/batijournal.com\\\/#website\",\"url\":\"https:\\\/\\\/batijournal.com\\\/\",\"name\":\"Batijournal\",\"description\":\"L&#039;actualit\u00e9 du b\u00e2timent\",\"potentialAction\":[{\"@type\":\"SearchAction\",\"target\":{\"@type\":\"EntryPoint\",\"urlTemplate\":\"https:\\\/\\\/batijournal.com\\\/?s={search_term_string}\"},\"query-input\":{\"@type\":\"PropertyValueSpecification\",\"valueRequired\":true,\"valueName\":\"search_term_string\"}}],\"inLanguage\":\"fr-FR\"},{\"@type\":\"Person\",\"@id\":\"https:\\\/\\\/batijournal.com\\\/#\\\/schema\\\/person\\\/1dc96ec6957aa1ccb25ebe78bb19f100\",\"name\":\"St\u00e9phane Miget\",\"image\":{\"@type\":\"ImageObject\",\"inLanguage\":\"fr-FR\",\"@id\":\"https:\\\/\\\/secure.gravatar.com\\\/avatar\\\/89915563d925342126b8ef0281b93d9d7fc337043e8df017f780908eb9644451?s=96&d=mm&r=g\",\"url\":\"https:\\\/\\\/secure.gravatar.com\\\/avatar\\\/89915563d925342126b8ef0281b93d9d7fc337043e8df017f780908eb9644451?s=96&d=mm&r=g\",\"contentUrl\":\"https:\\\/\\\/secure.gravatar.com\\\/avatar\\\/89915563d925342126b8ef0281b93d9d7fc337043e8df017f780908eb9644451?s=96&d=mm&r=g\",\"caption\":\"St\u00e9phane Miget\"},\"url\":\"https:\\\/\\\/batijournal.com\\\/index.php\\\/author\\\/stephane\\\/\"}]}<\/script>\n<!-- \/ Yoast SEO plugin. -->","yoast_head_json":{"title":"Visitez le chantier du Grand Palais Eph\u00e9m\u00e8re le 5 novembre prochain","robots":{"index":"index","follow":"follow","max-snippet":"max-snippet:-1","max-image-preview":"max-image-preview:large","max-video-preview":"max-video-preview:-1"},"canonical":"https:\/\/batijournal.com\/index.php\/visitez-le-chantier-du-grand-palais-ephemere-le-5-novembre-prochain\/104914\/","og_locale":"fr_FR","og_type":"article","og_title":"Visitez le chantier du Grand Palais Eph\u00e9m\u00e8re le 5 novembre prochain","og_description":"En partenariat avec le CNDB, le Forum International Bois Construction organise des visites du Grand Palais Eph\u00e9m\u00e8re le 5 novembre prochain. Le soir-m\u00eame, au Pavillon de l&rsquo;Arsenal, l&rsquo;architecte Jean-Michel Wilmotte pr\u00e9sentera son Grand Palais Eph\u00e9m\u00e8re \u00e0 l&rsquo;occasion de la conf\u00e9rence de presse de lancement de la 10e \u00e9dition du Forum. Face au d\u00e9r\u00e8glement climatique, la [&hellip;]","og_url":"https:\/\/batijournal.com\/index.php\/visitez-le-chantier-du-grand-palais-ephemere-le-5-novembre-prochain\/104914\/","og_site_name":"Batijournal","article_published_time":"2020-10-02T11:34:16+00:00","og_image":[{"width":1200,"height":800,"url":"https:\/\/batijournal.com\/wp-content\/uploads\/2020\/10\/chantier-grand-palais-ephemere.jpg","type":"image\/jpeg"}],"author":"St\u00e9phane Miget","twitter_card":"summary_large_image","twitter_creator":"@bati_journal","twitter_site":"@bati_journal","twitter_misc":{"\u00c9crit par":"St\u00e9phane Miget","Dur\u00e9e de lecture estim\u00e9e":"1 minute"},"schema":{"@context":"https:\/\/schema.org","@graph":[{"@type":"Article","@id":"https:\/\/batijournal.com\/index.php\/visitez-le-chantier-du-grand-palais-ephemere-le-5-novembre-prochain\/104914\/#article","isPartOf":{"@id":"https:\/\/batijournal.com\/index.php\/visitez-le-chantier-du-grand-palais-ephemere-le-5-novembre-prochain\/104914\/"},"author":{"name":"St\u00e9phane Miget","@id":"https:\/\/batijournal.com\/#\/schema\/person\/1dc96ec6957aa1ccb25ebe78bb19f100"},"headline":"Visitez le chantier du Grand Palais Eph\u00e9m\u00e8re le 5 novembre prochain","datePublished":"2020-10-02T11:34:16+00:00","mainEntityOfPage":{"@id":"https:\/\/batijournal.com\/index.php\/visitez-le-chantier-du-grand-palais-ephemere-le-5-novembre-prochain\/104914\/"},"wordCount":161,"image":{"@id":"https:\/\/batijournal.com\/index.php\/visitez-le-chantier-du-grand-palais-ephemere-le-5-novembre-prochain\/104914\/#primaryimage"},"thumbnailUrl":"https:\/\/batijournal.com\/wp-content\/uploads\/2020\/10\/chantier-grand-palais-ephemere.jpg","keywords":["forum bois construction"],"articleSection":["Actualit\u00e9s","Architecture &amp; Conception","zz_Actualit\u00e9s - Woodsurfer","zz_Woodsurfer"],"inLanguage":"fr-FR"},{"@type":"WebPage","@id":"https:\/\/batijournal.com\/index.php\/visitez-le-chantier-du-grand-palais-ephemere-le-5-novembre-prochain\/104914\/","url":"https:\/\/batijournal.com\/index.php\/visitez-le-chantier-du-grand-palais-ephemere-le-5-novembre-prochain\/104914\/","name":"Visitez le chantier du Grand Palais Eph\u00e9m\u00e8re le 5 novembre prochain","isPartOf":{"@id":"https:\/\/batijournal.com\/#website"},"primaryImageOfPage":{"@id":"https:\/\/batijournal.com\/index.php\/visitez-le-chantier-du-grand-palais-ephemere-le-5-novembre-prochain\/104914\/#primaryimage"},"image":{"@id":"https:\/\/batijournal.com\/index.php\/visitez-le-chantier-du-grand-palais-ephemere-le-5-novembre-prochain\/104914\/#primaryimage"},"thumbnailUrl":"https:\/\/batijournal.com\/wp-content\/uploads\/2020\/10\/chantier-grand-palais-ephemere.jpg","datePublished":"2020-10-02T11:34:16+00:00","author":{"@id":"https:\/\/batijournal.com\/#\/schema\/person\/1dc96ec6957aa1ccb25ebe78bb19f100"},"breadcrumb":{"@id":"https:\/\/batijournal.com\/index.php\/visitez-le-chantier-du-grand-palais-ephemere-le-5-novembre-prochain\/104914\/#breadcrumb"},"inLanguage":"fr-FR","potentialAction":[{"@type":"ReadAction","target":["https:\/\/batijournal.com\/index.php\/visitez-le-chantier-du-grand-palais-ephemere-le-5-novembre-prochain\/104914\/"]}]},{"@type":"ImageObject","inLanguage":"fr-FR","@id":"https:\/\/batijournal.com\/index.php\/visitez-le-chantier-du-grand-palais-ephemere-le-5-novembre-prochain\/104914\/#primaryimage","url":"https:\/\/batijournal.com\/wp-content\/uploads\/2020\/10\/chantier-grand-palais-ephemere.jpg","contentUrl":"https:\/\/batijournal.com\/wp-content\/uploads\/2020\/10\/chantier-grand-palais-ephemere.jpg","width":1200,"height":800},{"@type":"BreadcrumbList","@id":"https:\/\/batijournal.com\/index.php\/visitez-le-chantier-du-grand-palais-ephemere-le-5-novembre-prochain\/104914\/#breadcrumb","itemListElement":[{"@type":"ListItem","position":1,"name":"Accueil","item":"https:\/\/batijournal.com\/"},{"@type":"ListItem","position":2,"name":"Actualit\u00e9s","item":"https:\/\/batijournal.com\/index.php\/category\/actualites\/"},{"@type":"ListItem","position":3,"name":"Architecture &amp; Conception","item":"https:\/\/batijournal.com\/index.php\/category\/actualites\/architecture-conception\/"},{"@type":"ListItem","position":4,"name":"Visitez le chantier du Grand Palais Eph\u00e9m\u00e8re le 5 novembre prochain"}]},{"@type":"WebSite","@id":"https:\/\/batijournal.com\/#website","url":"https:\/\/batijournal.com\/","name":"Batijournal","description":"L&#039;actualit\u00e9 du b\u00e2timent","potentialAction":[{"@type":"SearchAction","target":{"@type":"EntryPoint","urlTemplate":"https:\/\/batijournal.com\/?s={search_term_string}"},"query-input":{"@type":"PropertyValueSpecification","valueRequired":true,"valueName":"search_term_string"}}],"inLanguage":"fr-FR"},{"@type":"Person","@id":"https:\/\/batijournal.com\/#\/schema\/person\/1dc96ec6957aa1ccb25ebe78bb19f100","name":"St\u00e9phane Miget","image":{"@type":"ImageObject","inLanguage":"fr-FR","@id":"https:\/\/secure.gravatar.com\/avatar\/89915563d925342126b8ef0281b93d9d7fc337043e8df017f780908eb9644451?s=96&d=mm&r=g","url":"https:\/\/secure.gravatar.com\/avatar\/89915563d925342126b8ef0281b93d9d7fc337043e8df017f780908eb9644451?s=96&d=mm&r=g","contentUrl":"https:\/\/secure.gravatar.com\/avatar\/89915563d925342126b8ef0281b93d9d7fc337043e8df017f780908eb9644451?s=96&d=mm&r=g","caption":"St\u00e9phane Miget"},"url":"https:\/\/batijournal.com\/index.php\/author\/stephane\/"}]}},"_links":{"self":[{"href":"https:\/\/batijournal.com\/index.php\/wp-json\/wp\/v2\/posts\/104914","targetHints":{"allow":["GET"]}}],"collection":[{"href":"https:\/\/batijournal.com\/index.php\/wp-json\/wp\/v2\/posts"}],"about":[{"href":"https:\/\/batijournal.com\/index.php\/wp-json\/wp\/v2\/types\/post"}],"author":[{"embeddable":true,"href":"https:\/\/batijournal.com\/index.php\/wp-json\/wp\/v2\/users\/17"}],"replies":[{"embeddable":true,"href":"https:\/\/batijournal.com\/index.php\/wp-json\/wp\/v2\/comments?post=104914"}],"version-history":[{"count":0,"href":"https:\/\/batijournal.com\/index.php\/wp-json\/wp\/v2\/posts\/104914\/revisions"}],"wp:featuredmedia":[{"embeddable":true,"href":"https:\/\/batijournal.com\/index.php\/wp-json\/wp\/v2\/media\/104915"}],"wp:attachment":[{"href":"https:\/\/batijournal.com\/index.php\/wp-json\/wp\/v2\/media?parent=104914"}],"wp:term":[{"taxonomy":"category","embeddable":true,"href":"https:\/\/batijournal.com\/index.php\/wp-json\/wp\/v2\/categories?post=104914"},{"taxonomy":"post_tag","embeddable":true,"href":"https:\/\/batijournal.com\/index.php\/wp-json\/wp\/v2\/tags?post=104914"}],"curies":[{"name":"wp","href":"https:\/\/api.w.org\/{rel}","templated":true}]}}