{"id":104919,"date":"2020-10-06T04:31:54","date_gmt":"2020-10-06T02:31:54","guid":{"rendered":"https:\/\/batijournal.com\/?p=104919"},"modified":"2020-10-06T04:31:54","modified_gmt":"2020-10-06T02:31:54","slug":"tours-habitat-engage-une-demarche-ambitieuse-de-reemploi-des-materiaux-de-construction","status":"publish","type":"post","link":"https:\/\/batijournal.com\/index.php\/tours-habitat-engage-une-demarche-ambitieuse-de-reemploi-des-materiaux-de-construction\/104919\/","title":{"rendered":"TOURS HABITAT engage une d\u00e9marche ambitieuse de r\u00e9emploi des mat\u00e9riaux de construction"},"content":{"rendered":"<p>Soucieux de s\u2019engager fortement sur la question du r\u00e9emploi des mat\u00e9riaux issus de la d\u00e9construction des b\u00e2timents dans le cadre du renouvellement urbain, Tours Habitat (37) a organis\u00e9, le 29 septembre 2020, avec son partenaire ma\u00eetre d\u2019ouvrage Bellastock, une matin\u00e9e d\u2019informations et d\u2019\u00e9changes autour de cette th\u00e9matique innovante. Les acteurs locaux ont pu \u00e9changer et penser collectivement le r\u00e9emploi des mat\u00e9riaux issus de la d\u00e9construction de plusieurs b\u00e2timents dans le cadre du renouvellement urbain du Sanitas \u00e0 Tours. Les ma\u00eetres d\u2019ouvrage, maitres d\u2019\u0153uvre, entreprises du BTP et entreprises de l\u2019\u00e9conomie sociale et solidaire, ont r\u00e9pondu pr\u00e9sent \u00e0 cette premi\u00e8re rencontre, qui a donc \u00e9t\u00e9 l\u2019occasion d\u2019initier une op\u00e9ration collective ambitieuse, en mettant \u00e0 profit les ressources du territoire. L\u2019ensemble des participants, y compris le maire de Tours, \u00e9tait invit\u00e9 \u00e0 manifester son int\u00e9r\u00eat dans la d\u00e9marche de r\u00e9emploi des mat\u00e9riaux de construction au sein du quartier du Sanitas, et plus largement sur le territoire m\u00e9tropolitain, par la signature d\u2019un document symbolique : cap\u2019 r\u00e9emploi. TOURS HABITAT s\u2019est entour\u00e9 d\u2019une \u00e9quipe compl\u00e9mentaire, comptant Bellastock et Inddigo, une \u00e9quipe constitu\u00e9e d\u2019acteurs impliqu\u00e9s dans l\u2019expertise de d\u00e9construction, r\u00e9emploi et \u00e9conomie circulaire, de d\u00e9marches collaboratives et la ma\u00eetrise de la qualit\u00e9 environnementale.<\/p>\n","protected":false},"excerpt":{"rendered":"<p>Soucieux de s\u2019engager fortement sur la question du r\u00e9emploi des mat\u00e9riaux issus de la d\u00e9construction des b\u00e2timents dans le cadre du renouvellement urbain, Tours Habitat (37) a organis\u00e9, le 29 septembre 2020, avec son partenaire ma\u00eetre d\u2019ouvrage Bellastock, une matin\u00e9e d\u2019informations et d\u2019\u00e9changes autour de cette th\u00e9matique innovante. Les acteurs locaux ont pu \u00e9changer et [&hellip;]<\/p>\n","protected":false},"author":17,"featured_media":104920,"comment_status":"closed","ping_status":"closed","sticky":false,"template":"","format":"standard","meta":{"_et_pb_use_builder":"","_et_pb_old_content":"","_et_gb_content_width":"","footnotes":""},"categories":[10530,6362,10781,10778],"tags":[11430],"class_list":["post-104919","post","type-post","status-publish","format-standard","has-post-thumbnail","hentry","category-actualites","category-services-equipements","category-publications-planete","category-planete","tag-economie-circulaire"],"yoast_head":"<!-- This site is optimized with the Yoast SEO plugin v27.4 - https:\/\/yoast.com\/product\/yoast-seo-wordpress\/ -->\n<title>TOURS HABITAT engage une d\u00e9marche ambitieuse de r\u00e9emploi des mat\u00e9riaux de construction<\/title>\n<meta name=\"robots\" content=\"index, follow, max-snippet:-1, max-image-preview:large, max-video-preview:-1\" \/>\n<link rel=\"canonical\" href=\"https:\/\/batijournal.com\/index.php\/tours-habitat-engage-une-demarche-ambitieuse-de-reemploi-des-materiaux-de-construction\/104919\/\" \/>\n<meta property=\"og:locale\" content=\"fr_FR\" \/>\n<meta property=\"og:type\" content=\"article\" \/>\n<meta property=\"og:title\" content=\"TOURS HABITAT engage une d\u00e9marche ambitieuse de r\u00e9emploi des mat\u00e9riaux de construction\" \/>\n<meta property=\"og:description\" content=\"Soucieux de s\u2019engager fortement sur la question du r\u00e9emploi des mat\u00e9riaux issus de la d\u00e9construction des b\u00e2timents dans le cadre du renouvellement urbain, Tours Habitat (37) a organis\u00e9, le 29 septembre 2020, avec son partenaire ma\u00eetre d\u2019ouvrage Bellastock, une matin\u00e9e d\u2019informations et d\u2019\u00e9changes autour de cette th\u00e9matique innovante. Les acteurs locaux ont pu \u00e9changer et [&hellip;]\" \/>\n<meta property=\"og:url\" content=\"https:\/\/batijournal.com\/index.php\/tours-habitat-engage-une-demarche-ambitieuse-de-reemploi-des-materiaux-de-construction\/104919\/\" \/>\n<meta property=\"og:site_name\" content=\"Batijournal\" \/>\n<meta property=\"article:published_time\" content=\"2020-10-06T02:31:54+00:00\" \/>\n<meta property=\"og:image\" content=\"https:\/\/batijournal.com\/wp-content\/uploads\/2020\/10\/cap-reemploi-materiaux-tours-37.jpg\" \/>\n\t<meta property=\"og:image:width\" content=\"1200\" \/>\n\t<meta property=\"og:image:height\" content=\"1081\" \/>\n\t<meta property=\"og:image:type\" content=\"image\/jpeg\" \/>\n<meta name=\"author\" content=\"St\u00e9phane Miget\" \/>\n<meta name=\"twitter:card\" content=\"summary_large_image\" \/>\n<meta name=\"twitter:creator\" content=\"@bati_journal\" \/>\n<meta name=\"twitter:site\" content=\"@bati_journal\" \/>\n<meta name=\"twitter:label1\" content=\"\u00c9crit par\" \/>\n\t<meta name=\"twitter:data1\" content=\"St\u00e9phane Miget\" \/>\n\t<meta name=\"twitter:label2\" content=\"Dur\u00e9e de lecture estim\u00e9e\" \/>\n\t<meta name=\"twitter:data2\" content=\"1 minute\" \/>\n<script type=\"application\/ld+json\" class=\"yoast-schema-graph\">{\"@context\":\"https:\\\/\\\/schema.org\",\"@graph\":[{\"@type\":\"Article\",\"@id\":\"https:\\\/\\\/batijournal.com\\\/index.php\\\/tours-habitat-engage-une-demarche-ambitieuse-de-reemploi-des-materiaux-de-construction\\\/104919\\\/#article\",\"isPartOf\":{\"@id\":\"https:\\\/\\\/batijournal.com\\\/index.php\\\/tours-habitat-engage-une-demarche-ambitieuse-de-reemploi-des-materiaux-de-construction\\\/104919\\\/\"},\"author\":{\"name\":\"St\u00e9phane Miget\",\"@id\":\"https:\\\/\\\/batijournal.com\\\/#\\\/schema\\\/person\\\/1dc96ec6957aa1ccb25ebe78bb19f100\"},\"headline\":\"TOURS HABITAT engage une d\u00e9marche ambitieuse de r\u00e9emploi des mat\u00e9riaux de construction\",\"datePublished\":\"2020-10-06T02:31:54+00:00\",\"mainEntityOfPage\":{\"@id\":\"https:\\\/\\\/batijournal.com\\\/index.php\\\/tours-habitat-engage-une-demarche-ambitieuse-de-reemploi-des-materiaux-de-construction\\\/104919\\\/\"},\"wordCount\":250,\"image\":{\"@id\":\"https:\\\/\\\/batijournal.com\\\/index.php\\\/tours-habitat-engage-une-demarche-ambitieuse-de-reemploi-des-materiaux-de-construction\\\/104919\\\/#primaryimage\"},\"thumbnailUrl\":\"https:\\\/\\\/batijournal.com\\\/wp-content\\\/uploads\\\/2020\\\/10\\\/cap-reemploi-materiaux-tours-37.jpg\",\"keywords\":[\"\u00e9conomie circulaire\"],\"articleSection\":[\"Actualit\u00e9s\",\"Divers\",\"zz_Actualit\u00e9s - Plan\u00e8te\",\"zz_Plan\u00e8te B\u00e2timent\"],\"inLanguage\":\"fr-FR\"},{\"@type\":\"WebPage\",\"@id\":\"https:\\\/\\\/batijournal.com\\\/index.php\\\/tours-habitat-engage-une-demarche-ambitieuse-de-reemploi-des-materiaux-de-construction\\\/104919\\\/\",\"url\":\"https:\\\/\\\/batijournal.com\\\/index.php\\\/tours-habitat-engage-une-demarche-ambitieuse-de-reemploi-des-materiaux-de-construction\\\/104919\\\/\",\"name\":\"TOURS HABITAT engage une d\u00e9marche ambitieuse de r\u00e9emploi des mat\u00e9riaux de construction\",\"isPartOf\":{\"@id\":\"https:\\\/\\\/batijournal.com\\\/#website\"},\"primaryImageOfPage\":{\"@id\":\"https:\\\/\\\/batijournal.com\\\/index.php\\\/tours-habitat-engage-une-demarche-ambitieuse-de-reemploi-des-materiaux-de-construction\\\/104919\\\/#primaryimage\"},\"image\":{\"@id\":\"https:\\\/\\\/batijournal.com\\\/index.php\\\/tours-habitat-engage-une-demarche-ambitieuse-de-reemploi-des-materiaux-de-construction\\\/104919\\\/#primaryimage\"},\"thumbnailUrl\":\"https:\\\/\\\/batijournal.com\\\/wp-content\\\/uploads\\\/2020\\\/10\\\/cap-reemploi-materiaux-tours-37.jpg\",\"datePublished\":\"2020-10-06T02:31:54+00:00\",\"author\":{\"@id\":\"https:\\\/\\\/batijournal.com\\\/#\\\/schema\\\/person\\\/1dc96ec6957aa1ccb25ebe78bb19f100\"},\"breadcrumb\":{\"@id\":\"https:\\\/\\\/batijournal.com\\\/index.php\\\/tours-habitat-engage-une-demarche-ambitieuse-de-reemploi-des-materiaux-de-construction\\\/104919\\\/#breadcrumb\"},\"inLanguage\":\"fr-FR\",\"potentialAction\":[{\"@type\":\"ReadAction\",\"target\":[\"https:\\\/\\\/batijournal.com\\\/index.php\\\/tours-habitat-engage-une-demarche-ambitieuse-de-reemploi-des-materiaux-de-construction\\\/104919\\\/\"]}]},{\"@type\":\"ImageObject\",\"inLanguage\":\"fr-FR\",\"@id\":\"https:\\\/\\\/batijournal.com\\\/index.php\\\/tours-habitat-engage-une-demarche-ambitieuse-de-reemploi-des-materiaux-de-construction\\\/104919\\\/#primaryimage\",\"url\":\"https:\\\/\\\/batijournal.com\\\/wp-content\\\/uploads\\\/2020\\\/10\\\/cap-reemploi-materiaux-tours-37.jpg\",\"contentUrl\":\"https:\\\/\\\/batijournal.com\\\/wp-content\\\/uploads\\\/2020\\\/10\\\/cap-reemploi-materiaux-tours-37.jpg\",\"width\":1200,\"height\":1081},{\"@type\":\"BreadcrumbList\",\"@id\":\"https:\\\/\\\/batijournal.com\\\/index.php\\\/tours-habitat-engage-une-demarche-ambitieuse-de-reemploi-des-materiaux-de-construction\\\/104919\\\/#breadcrumb\",\"itemListElement\":[{\"@type\":\"ListItem\",\"position\":1,\"name\":\"Accueil\",\"item\":\"https:\\\/\\\/batijournal.com\\\/\"},{\"@type\":\"ListItem\",\"position\":2,\"name\":\"Actualit\u00e9s\",\"item\":\"https:\\\/\\\/batijournal.com\\\/index.php\\\/category\\\/actualites\\\/\"},{\"@type\":\"ListItem\",\"position\":3,\"name\":\"Divers\",\"item\":\"https:\\\/\\\/batijournal.com\\\/index.php\\\/category\\\/actualites\\\/services-equipements\\\/\"},{\"@type\":\"ListItem\",\"position\":4,\"name\":\"TOURS HABITAT engage une d\u00e9marche ambitieuse de r\u00e9emploi des mat\u00e9riaux de construction\"}]},{\"@type\":\"WebSite\",\"@id\":\"https:\\\/\\\/batijournal.com\\\/#website\",\"url\":\"https:\\\/\\\/batijournal.com\\\/\",\"name\":\"Batijournal\",\"description\":\"L&#039;actualit\u00e9 du b\u00e2timent\",\"potentialAction\":[{\"@type\":\"SearchAction\",\"target\":{\"@type\":\"EntryPoint\",\"urlTemplate\":\"https:\\\/\\\/batijournal.com\\\/?s={search_term_string}\"},\"query-input\":{\"@type\":\"PropertyValueSpecification\",\"valueRequired\":true,\"valueName\":\"search_term_string\"}}],\"inLanguage\":\"fr-FR\"},{\"@type\":\"Person\",\"@id\":\"https:\\\/\\\/batijournal.com\\\/#\\\/schema\\\/person\\\/1dc96ec6957aa1ccb25ebe78bb19f100\",\"name\":\"St\u00e9phane Miget\",\"image\":{\"@type\":\"ImageObject\",\"inLanguage\":\"fr-FR\",\"@id\":\"https:\\\/\\\/secure.gravatar.com\\\/avatar\\\/89915563d925342126b8ef0281b93d9d7fc337043e8df017f780908eb9644451?s=96&d=mm&r=g\",\"url\":\"https:\\\/\\\/secure.gravatar.com\\\/avatar\\\/89915563d925342126b8ef0281b93d9d7fc337043e8df017f780908eb9644451?s=96&d=mm&r=g\",\"contentUrl\":\"https:\\\/\\\/secure.gravatar.com\\\/avatar\\\/89915563d925342126b8ef0281b93d9d7fc337043e8df017f780908eb9644451?s=96&d=mm&r=g\",\"caption\":\"St\u00e9phane Miget\"},\"url\":\"https:\\\/\\\/batijournal.com\\\/index.php\\\/author\\\/stephane\\\/\"}]}<\/script>\n<!-- \/ Yoast SEO plugin. -->","yoast_head_json":{"title":"TOURS HABITAT engage une d\u00e9marche ambitieuse de r\u00e9emploi des mat\u00e9riaux de construction","robots":{"index":"index","follow":"follow","max-snippet":"max-snippet:-1","max-image-preview":"max-image-preview:large","max-video-preview":"max-video-preview:-1"},"canonical":"https:\/\/batijournal.com\/index.php\/tours-habitat-engage-une-demarche-ambitieuse-de-reemploi-des-materiaux-de-construction\/104919\/","og_locale":"fr_FR","og_type":"article","og_title":"TOURS HABITAT engage une d\u00e9marche ambitieuse de r\u00e9emploi des mat\u00e9riaux de construction","og_description":"Soucieux de s\u2019engager fortement sur la question du r\u00e9emploi des mat\u00e9riaux issus de la d\u00e9construction des b\u00e2timents dans le cadre du renouvellement urbain, Tours Habitat (37) a organis\u00e9, le 29 septembre 2020, avec son partenaire ma\u00eetre d\u2019ouvrage Bellastock, une matin\u00e9e d\u2019informations et d\u2019\u00e9changes autour de cette th\u00e9matique innovante. Les acteurs locaux ont pu \u00e9changer et [&hellip;]","og_url":"https:\/\/batijournal.com\/index.php\/tours-habitat-engage-une-demarche-ambitieuse-de-reemploi-des-materiaux-de-construction\/104919\/","og_site_name":"Batijournal","article_published_time":"2020-10-06T02:31:54+00:00","og_image":[{"width":1200,"height":1081,"url":"https:\/\/batijournal.com\/wp-content\/uploads\/2020\/10\/cap-reemploi-materiaux-tours-37.jpg","type":"image\/jpeg"}],"author":"St\u00e9phane Miget","twitter_card":"summary_large_image","twitter_creator":"@bati_journal","twitter_site":"@bati_journal","twitter_misc":{"\u00c9crit par":"St\u00e9phane Miget","Dur\u00e9e de lecture estim\u00e9e":"1 minute"},"schema":{"@context":"https:\/\/schema.org","@graph":[{"@type":"Article","@id":"https:\/\/batijournal.com\/index.php\/tours-habitat-engage-une-demarche-ambitieuse-de-reemploi-des-materiaux-de-construction\/104919\/#article","isPartOf":{"@id":"https:\/\/batijournal.com\/index.php\/tours-habitat-engage-une-demarche-ambitieuse-de-reemploi-des-materiaux-de-construction\/104919\/"},"author":{"name":"St\u00e9phane Miget","@id":"https:\/\/batijournal.com\/#\/schema\/person\/1dc96ec6957aa1ccb25ebe78bb19f100"},"headline":"TOURS HABITAT engage une d\u00e9marche ambitieuse de r\u00e9emploi des mat\u00e9riaux de construction","datePublished":"2020-10-06T02:31:54+00:00","mainEntityOfPage":{"@id":"https:\/\/batijournal.com\/index.php\/tours-habitat-engage-une-demarche-ambitieuse-de-reemploi-des-materiaux-de-construction\/104919\/"},"wordCount":250,"image":{"@id":"https:\/\/batijournal.com\/index.php\/tours-habitat-engage-une-demarche-ambitieuse-de-reemploi-des-materiaux-de-construction\/104919\/#primaryimage"},"thumbnailUrl":"https:\/\/batijournal.com\/wp-content\/uploads\/2020\/10\/cap-reemploi-materiaux-tours-37.jpg","keywords":["\u00e9conomie circulaire"],"articleSection":["Actualit\u00e9s","Divers","zz_Actualit\u00e9s - Plan\u00e8te","zz_Plan\u00e8te B\u00e2timent"],"inLanguage":"fr-FR"},{"@type":"WebPage","@id":"https:\/\/batijournal.com\/index.php\/tours-habitat-engage-une-demarche-ambitieuse-de-reemploi-des-materiaux-de-construction\/104919\/","url":"https:\/\/batijournal.com\/index.php\/tours-habitat-engage-une-demarche-ambitieuse-de-reemploi-des-materiaux-de-construction\/104919\/","name":"TOURS HABITAT engage une d\u00e9marche ambitieuse de r\u00e9emploi des mat\u00e9riaux de construction","isPartOf":{"@id":"https:\/\/batijournal.com\/#website"},"primaryImageOfPage":{"@id":"https:\/\/batijournal.com\/index.php\/tours-habitat-engage-une-demarche-ambitieuse-de-reemploi-des-materiaux-de-construction\/104919\/#primaryimage"},"image":{"@id":"https:\/\/batijournal.com\/index.php\/tours-habitat-engage-une-demarche-ambitieuse-de-reemploi-des-materiaux-de-construction\/104919\/#primaryimage"},"thumbnailUrl":"https:\/\/batijournal.com\/wp-content\/uploads\/2020\/10\/cap-reemploi-materiaux-tours-37.jpg","datePublished":"2020-10-06T02:31:54+00:00","author":{"@id":"https:\/\/batijournal.com\/#\/schema\/person\/1dc96ec6957aa1ccb25ebe78bb19f100"},"breadcrumb":{"@id":"https:\/\/batijournal.com\/index.php\/tours-habitat-engage-une-demarche-ambitieuse-de-reemploi-des-materiaux-de-construction\/104919\/#breadcrumb"},"inLanguage":"fr-FR","potentialAction":[{"@type":"ReadAction","target":["https:\/\/batijournal.com\/index.php\/tours-habitat-engage-une-demarche-ambitieuse-de-reemploi-des-materiaux-de-construction\/104919\/"]}]},{"@type":"ImageObject","inLanguage":"fr-FR","@id":"https:\/\/batijournal.com\/index.php\/tours-habitat-engage-une-demarche-ambitieuse-de-reemploi-des-materiaux-de-construction\/104919\/#primaryimage","url":"https:\/\/batijournal.com\/wp-content\/uploads\/2020\/10\/cap-reemploi-materiaux-tours-37.jpg","contentUrl":"https:\/\/batijournal.com\/wp-content\/uploads\/2020\/10\/cap-reemploi-materiaux-tours-37.jpg","width":1200,"height":1081},{"@type":"BreadcrumbList","@id":"https:\/\/batijournal.com\/index.php\/tours-habitat-engage-une-demarche-ambitieuse-de-reemploi-des-materiaux-de-construction\/104919\/#breadcrumb","itemListElement":[{"@type":"ListItem","position":1,"name":"Accueil","item":"https:\/\/batijournal.com\/"},{"@type":"ListItem","position":2,"name":"Actualit\u00e9s","item":"https:\/\/batijournal.com\/index.php\/category\/actualites\/"},{"@type":"ListItem","position":3,"name":"Divers","item":"https:\/\/batijournal.com\/index.php\/category\/actualites\/services-equipements\/"},{"@type":"ListItem","position":4,"name":"TOURS HABITAT engage une d\u00e9marche ambitieuse de r\u00e9emploi des mat\u00e9riaux de construction"}]},{"@type":"WebSite","@id":"https:\/\/batijournal.com\/#website","url":"https:\/\/batijournal.com\/","name":"Batijournal","description":"L&#039;actualit\u00e9 du b\u00e2timent","potentialAction":[{"@type":"SearchAction","target":{"@type":"EntryPoint","urlTemplate":"https:\/\/batijournal.com\/?s={search_term_string}"},"query-input":{"@type":"PropertyValueSpecification","valueRequired":true,"valueName":"search_term_string"}}],"inLanguage":"fr-FR"},{"@type":"Person","@id":"https:\/\/batijournal.com\/#\/schema\/person\/1dc96ec6957aa1ccb25ebe78bb19f100","name":"St\u00e9phane Miget","image":{"@type":"ImageObject","inLanguage":"fr-FR","@id":"https:\/\/secure.gravatar.com\/avatar\/89915563d925342126b8ef0281b93d9d7fc337043e8df017f780908eb9644451?s=96&d=mm&r=g","url":"https:\/\/secure.gravatar.com\/avatar\/89915563d925342126b8ef0281b93d9d7fc337043e8df017f780908eb9644451?s=96&d=mm&r=g","contentUrl":"https:\/\/secure.gravatar.com\/avatar\/89915563d925342126b8ef0281b93d9d7fc337043e8df017f780908eb9644451?s=96&d=mm&r=g","caption":"St\u00e9phane Miget"},"url":"https:\/\/batijournal.com\/index.php\/author\/stephane\/"}]}},"_links":{"self":[{"href":"https:\/\/batijournal.com\/index.php\/wp-json\/wp\/v2\/posts\/104919","targetHints":{"allow":["GET"]}}],"collection":[{"href":"https:\/\/batijournal.com\/index.php\/wp-json\/wp\/v2\/posts"}],"about":[{"href":"https:\/\/batijournal.com\/index.php\/wp-json\/wp\/v2\/types\/post"}],"author":[{"embeddable":true,"href":"https:\/\/batijournal.com\/index.php\/wp-json\/wp\/v2\/users\/17"}],"replies":[{"embeddable":true,"href":"https:\/\/batijournal.com\/index.php\/wp-json\/wp\/v2\/comments?post=104919"}],"version-history":[{"count":0,"href":"https:\/\/batijournal.com\/index.php\/wp-json\/wp\/v2\/posts\/104919\/revisions"}],"wp:featuredmedia":[{"embeddable":true,"href":"https:\/\/batijournal.com\/index.php\/wp-json\/wp\/v2\/media\/104920"}],"wp:attachment":[{"href":"https:\/\/batijournal.com\/index.php\/wp-json\/wp\/v2\/media?parent=104919"}],"wp:term":[{"taxonomy":"category","embeddable":true,"href":"https:\/\/batijournal.com\/index.php\/wp-json\/wp\/v2\/categories?post=104919"},{"taxonomy":"post_tag","embeddable":true,"href":"https:\/\/batijournal.com\/index.php\/wp-json\/wp\/v2\/tags?post=104919"}],"curies":[{"name":"wp","href":"https:\/\/api.w.org\/{rel}","templated":true}]}}