{"id":104934,"date":"2020-10-07T04:25:08","date_gmt":"2020-10-07T02:25:08","guid":{"rendered":"https:\/\/batijournal.com\/?p=104934"},"modified":"2020-10-07T04:25:08","modified_gmt":"2020-10-07T02:25:08","slug":"notre-dame-de-paris-reponses-du-ministere-de-la-culture-a-la-publication-du-rapport-de-la-cour-des-comptes","status":"publish","type":"post","link":"https:\/\/batijournal.com\/index.php\/notre-dame-de-paris-reponses-du-ministere-de-la-culture-a-la-publication-du-rapport-de-la-cour-des-comptes\/104934\/","title":{"rendered":"Notre-Dame de Paris : r\u00e9ponses du minist\u00e8re de la Culture \u00e0 la publication du rapport de la Cour des Comptes"},"content":{"rendered":"<p>A la fin du mois de juillet, le minist\u00e8re de la culture a \u00e9t\u00e9 destinataire, pour avis, du projet de rapport de la Cour des Comptes proposant un premier bilan de la conservation et la restauration de la cath\u00e9drale Notre-Dame de Paris. Les r\u00e9ponses qu\u2019il a apport\u00e9es figurent en annexe du rapport d\u00e9finitif.<\/p>\n<p>Le rapport de la Cour formule cinq recommandations. Trois d\u2019entre elles (relatives \u00e0 la mise en place d\u2019une comptabilit\u00e9 analytique, au r\u00e9colement des objets mobiliers, et \u00e0 la r\u00e9flexion \u00e0 engager sur la gestion future de la cath\u00e9drale) correspondent \u00e0 des actions d\u00e9j\u00e0 en cours ou pr\u00e9vues.<\/p>\n<p>S\u2019agissant de la n\u00e9cessit\u00e9 d\u2019identifier les causes de l\u2019incendie survenu le 15 avril 2019 et, le cas \u00e9ch\u00e9ant, les dysfonctionnements qu\u2019elles r\u00e9v\u00e9leraient, le minist\u00e8re de la culture s\u2019est port\u00e9 partie civile dans le cadre de la proc\u00e9dure judiciaire engag\u00e9e d\u00e8s les premiers jours suivant l\u2019incendie. L\u2019enqu\u00eate de police en cours met en \u0153uvre des moyens d\u2019investigation, au sein comme en-dehors de l\u2019administration, plus \u00e9tendus que ceux qu\u2019une inspection administrative pourrait engager afin d\u2019\u00e9tablir d\u2019\u00e9ventuelles responsabilit\u00e9s personnelles ou des manquements, quels que soient leurs auteurs. C\u2019est la raison pour laquelle le minist\u00e8re n\u2019a pas jug\u00e9 pertinent de lancer une enqu\u00eate administrative sur le sujet.<\/p>\n<p>Au demeurant, la recommandation de la Cour indique qu\u2019\u00e0 d\u00e9faut d\u2019une enqu\u00eate administrative sur les circonstances dans lesquelles est survenu l\u2019incendie du 15 avril 2019, le minist\u00e8re de la culture doit \u00ab d\u00e9gager les enseignements \u00e0 tirer op\u00e9rationnellement sur tous les plans de ce sinistre \u00bb. Or le minist\u00e8re a imm\u00e9diatement tir\u00e9 les cons\u00e9quences du drame de Notre-Dame \u00e0 l\u2019\u00e9chelle nationale, en lan\u00e7ant un audit de s\u00e9curit\u00e9 dans toutes les cath\u00e9drales. Sur les deux prochaines ann\u00e9es, plus de 160 millions d\u2019euros seront consacr\u00e9es \u00e0 ces derni\u00e8res, afin de conduire des travaux de restauration, mais \u00e9galement de s\u00e9curisation de ces \u00e9difices \u2013 sur la base des audits de s\u00e9curit\u00e9 mentionn\u00e9s. Un tel investissement est sans pr\u00e9c\u00e9dent.<\/p>\n<p>Par ailleurs, le financement du fonctionnement de l\u2019\u00e9tablissement public ma\u00eetre d\u2019ouvrage cr\u00e9\u00e9 pour conduire le chantier de Notre-Dame par la souscription publique est justifi\u00e9 par le lien indissociable entre une maitrise d\u2019ouvrage d\u00e9di\u00e9e et performante et la bonne r\u00e9alisation d\u2019un chantier d\u2019une si vaste ampleur. Le pilotage des travaux, la passation des march\u00e9s, le suivi du bon avancement de chacune des tr\u00e8s nombreuses op\u00e9rations qui le composent, assur\u00e9es par des prestataires tr\u00e8s divers, sont essentiels \u00e0 la bonne r\u00e9alisation des travaux et \u00e0 la tenue des d\u00e9lais conform\u00e9ment aux intentions des donateurs.<\/p>\n<p>De m\u00eame, la bonne information de ces derniers, notamment en vue de la concr\u00e9tisation de leurs promesses, mais aussi du public, sur le d\u00e9roulement du chantier n\u00e9cessite que des d\u00e9penses &#8211; d\u2019ailleurs minimes &#8211; soient affect\u00e9es \u00e0 la communication.<\/p>\n<p>Cette affectation d\u2019une partie marginale de la souscription nationale au financement de l\u2019\u00e9tablissement public charg\u00e9 de la ma\u00eetrise d\u2019ouvrage avait clairement \u00e9t\u00e9 indiqu\u00e9e par le ministre de la culture lors des d\u00e9bats sur la loi vot\u00e9e le 29 juillet 2019. Ce dernier avait en effet d\u00e9clar\u00e9 que \u00ab Les fonds issus de la souscription nationale serviront aussi \u00e0 financer son [le] fonctionnement [de l\u2019\u00e9tablissement public]. \u00bb (s\u00e9ance du 10 juillet 2019, nouvelle lecture du S\u00e9nat).<\/p>\n<p>Dans le m\u00eame temps, il a \u00e9t\u00e9 d\u00e9cid\u00e9 que le minist\u00e8re de la culture prendrait en charge le loyer des locaux de l\u2019\u00e9tablissement public.<\/p>\n<p>L\u2019incendie de Notre-Dame de Paris a donn\u00e9 lieu \u00e0 une vague de g\u00e9n\u00e9rosit\u00e9 sans pr\u00e9c\u00e9dent pour sauver l\u2019un des monuments les plus embl\u00e9matiques de notre histoire. Le minist\u00e8re de la culture est pleinement conscient de la responsabilit\u00e9 qui est d\u00e9sormais la sienne pour garantir, en toute transparence, une utilisation optimale des sommes r\u00e9colt\u00e9es en vue d\u2019une restauration, dans les meilleurs d\u00e9lais, de la cath\u00e9drale.<\/p>\n<p>&nbsp;<\/p>\n<p>Photo :\u00a0Edouard Bierry \u00a0&#8211; Minist\u00e8re de la Culture<\/p>\n","protected":false},"excerpt":{"rendered":"<p>A la fin du mois de juillet, le minist\u00e8re de la culture a \u00e9t\u00e9 destinataire, pour avis, du projet de rapport de la Cour des Comptes proposant un premier bilan de la conservation et la restauration de la cath\u00e9drale Notre-Dame de Paris. Les r\u00e9ponses qu\u2019il a apport\u00e9es figurent en annexe du rapport d\u00e9finitif. Le rapport [&hellip;]<\/p>\n","protected":false},"author":17,"featured_media":103019,"comment_status":"closed","ping_status":"closed","sticky":false,"template":"","format":"standard","meta":{"_et_pb_use_builder":"","_et_pb_old_content":"","_et_gb_content_width":"","footnotes":""},"categories":[10530,6340,10789,10785],"tags":[6842],"class_list":["post-104934","post","type-post","status-publish","format-standard","has-post-thumbnail","hentry","category-actualites","category-architecture-conception","category-publications-atrium","category-atrium","tag-notre-dame-de-paris"],"yoast_head":"<!-- This site is optimized with the Yoast SEO plugin v27.4 - https:\/\/yoast.com\/product\/yoast-seo-wordpress\/ -->\n<title>Notre-Dame de Paris : r\u00e9ponses du minist\u00e8re de la Culture \u00e0 la publication du rapport de la Cour des Comptes<\/title>\n<meta name=\"robots\" content=\"index, follow, max-snippet:-1, max-image-preview:large, max-video-preview:-1\" \/>\n<link rel=\"canonical\" href=\"https:\/\/batijournal.com\/index.php\/notre-dame-de-paris-reponses-du-ministere-de-la-culture-a-la-publication-du-rapport-de-la-cour-des-comptes\/104934\/\" \/>\n<meta property=\"og:locale\" content=\"fr_FR\" \/>\n<meta property=\"og:type\" content=\"article\" \/>\n<meta property=\"og:title\" content=\"Notre-Dame de Paris : r\u00e9ponses du minist\u00e8re de la Culture \u00e0 la publication du rapport de la Cour des Comptes\" \/>\n<meta property=\"og:description\" content=\"A la fin du mois de juillet, le minist\u00e8re de la culture a \u00e9t\u00e9 destinataire, pour avis, du projet de rapport de la Cour des Comptes proposant un premier bilan de la conservation et la restauration de la cath\u00e9drale Notre-Dame de Paris. Les r\u00e9ponses qu\u2019il a apport\u00e9es figurent en annexe du rapport d\u00e9finitif. Le rapport [&hellip;]\" \/>\n<meta property=\"og:url\" content=\"https:\/\/batijournal.com\/index.php\/notre-dame-de-paris-reponses-du-ministere-de-la-culture-a-la-publication-du-rapport-de-la-cour-des-comptes\/104934\/\" \/>\n<meta property=\"og:site_name\" content=\"Batijournal\" \/>\n<meta property=\"article:published_time\" content=\"2020-10-07T02:25:08+00:00\" \/>\n<meta property=\"og:image\" content=\"https:\/\/batijournal.com\/wp-content\/uploads\/2019\/09\/notre-dame-de-paris-chantier-edouard-bierry-ministere-de-la-culture.jpg\" \/>\n\t<meta property=\"og:image:width\" content=\"767\" \/>\n\t<meta property=\"og:image:height\" content=\"433\" \/>\n\t<meta property=\"og:image:type\" content=\"image\/jpeg\" \/>\n<meta name=\"author\" content=\"St\u00e9phane Miget\" \/>\n<meta name=\"twitter:card\" content=\"summary_large_image\" \/>\n<meta name=\"twitter:creator\" content=\"@bati_journal\" \/>\n<meta name=\"twitter:site\" content=\"@bati_journal\" \/>\n<meta name=\"twitter:label1\" content=\"\u00c9crit par\" \/>\n\t<meta name=\"twitter:data1\" content=\"St\u00e9phane Miget\" \/>\n\t<meta name=\"twitter:label2\" content=\"Dur\u00e9e de lecture estim\u00e9e\" \/>\n\t<meta name=\"twitter:data2\" content=\"4 minutes\" \/>\n<script type=\"application\/ld+json\" class=\"yoast-schema-graph\">{\"@context\":\"https:\\\/\\\/schema.org\",\"@graph\":[{\"@type\":\"Article\",\"@id\":\"https:\\\/\\\/batijournal.com\\\/index.php\\\/notre-dame-de-paris-reponses-du-ministere-de-la-culture-a-la-publication-du-rapport-de-la-cour-des-comptes\\\/104934\\\/#article\",\"isPartOf\":{\"@id\":\"https:\\\/\\\/batijournal.com\\\/index.php\\\/notre-dame-de-paris-reponses-du-ministere-de-la-culture-a-la-publication-du-rapport-de-la-cour-des-comptes\\\/104934\\\/\"},\"author\":{\"name\":\"St\u00e9phane Miget\",\"@id\":\"https:\\\/\\\/batijournal.com\\\/#\\\/schema\\\/person\\\/1dc96ec6957aa1ccb25ebe78bb19f100\"},\"headline\":\"Notre-Dame de Paris : r\u00e9ponses du minist\u00e8re de la Culture \u00e0 la publication du rapport de la Cour des Comptes\",\"datePublished\":\"2020-10-07T02:25:08+00:00\",\"mainEntityOfPage\":{\"@id\":\"https:\\\/\\\/batijournal.com\\\/index.php\\\/notre-dame-de-paris-reponses-du-ministere-de-la-culture-a-la-publication-du-rapport-de-la-cour-des-comptes\\\/104934\\\/\"},\"wordCount\":731,\"image\":{\"@id\":\"https:\\\/\\\/batijournal.com\\\/index.php\\\/notre-dame-de-paris-reponses-du-ministere-de-la-culture-a-la-publication-du-rapport-de-la-cour-des-comptes\\\/104934\\\/#primaryimage\"},\"thumbnailUrl\":\"https:\\\/\\\/batijournal.com\\\/wp-content\\\/uploads\\\/2019\\\/09\\\/notre-dame-de-paris-chantier-edouard-bierry-ministere-de-la-culture.jpg\",\"keywords\":[\"notre dame de paris\"],\"articleSection\":[\"Actualit\u00e9s\",\"Architecture &amp; Conception\",\"zz_Actualit\u00e9s - Atrium\",\"zz_Atrium Patrimoine\"],\"inLanguage\":\"fr-FR\"},{\"@type\":\"WebPage\",\"@id\":\"https:\\\/\\\/batijournal.com\\\/index.php\\\/notre-dame-de-paris-reponses-du-ministere-de-la-culture-a-la-publication-du-rapport-de-la-cour-des-comptes\\\/104934\\\/\",\"url\":\"https:\\\/\\\/batijournal.com\\\/index.php\\\/notre-dame-de-paris-reponses-du-ministere-de-la-culture-a-la-publication-du-rapport-de-la-cour-des-comptes\\\/104934\\\/\",\"name\":\"Notre-Dame de Paris : r\u00e9ponses du minist\u00e8re de la Culture \u00e0 la publication du rapport de la Cour des Comptes\",\"isPartOf\":{\"@id\":\"https:\\\/\\\/batijournal.com\\\/#website\"},\"primaryImageOfPage\":{\"@id\":\"https:\\\/\\\/batijournal.com\\\/index.php\\\/notre-dame-de-paris-reponses-du-ministere-de-la-culture-a-la-publication-du-rapport-de-la-cour-des-comptes\\\/104934\\\/#primaryimage\"},\"image\":{\"@id\":\"https:\\\/\\\/batijournal.com\\\/index.php\\\/notre-dame-de-paris-reponses-du-ministere-de-la-culture-a-la-publication-du-rapport-de-la-cour-des-comptes\\\/104934\\\/#primaryimage\"},\"thumbnailUrl\":\"https:\\\/\\\/batijournal.com\\\/wp-content\\\/uploads\\\/2019\\\/09\\\/notre-dame-de-paris-chantier-edouard-bierry-ministere-de-la-culture.jpg\",\"datePublished\":\"2020-10-07T02:25:08+00:00\",\"author\":{\"@id\":\"https:\\\/\\\/batijournal.com\\\/#\\\/schema\\\/person\\\/1dc96ec6957aa1ccb25ebe78bb19f100\"},\"breadcrumb\":{\"@id\":\"https:\\\/\\\/batijournal.com\\\/index.php\\\/notre-dame-de-paris-reponses-du-ministere-de-la-culture-a-la-publication-du-rapport-de-la-cour-des-comptes\\\/104934\\\/#breadcrumb\"},\"inLanguage\":\"fr-FR\",\"potentialAction\":[{\"@type\":\"ReadAction\",\"target\":[\"https:\\\/\\\/batijournal.com\\\/index.php\\\/notre-dame-de-paris-reponses-du-ministere-de-la-culture-a-la-publication-du-rapport-de-la-cour-des-comptes\\\/104934\\\/\"]}]},{\"@type\":\"ImageObject\",\"inLanguage\":\"fr-FR\",\"@id\":\"https:\\\/\\\/batijournal.com\\\/index.php\\\/notre-dame-de-paris-reponses-du-ministere-de-la-culture-a-la-publication-du-rapport-de-la-cour-des-comptes\\\/104934\\\/#primaryimage\",\"url\":\"https:\\\/\\\/batijournal.com\\\/wp-content\\\/uploads\\\/2019\\\/09\\\/notre-dame-de-paris-chantier-edouard-bierry-ministere-de-la-culture.jpg\",\"contentUrl\":\"https:\\\/\\\/batijournal.com\\\/wp-content\\\/uploads\\\/2019\\\/09\\\/notre-dame-de-paris-chantier-edouard-bierry-ministere-de-la-culture.jpg\",\"width\":767,\"height\":433},{\"@type\":\"BreadcrumbList\",\"@id\":\"https:\\\/\\\/batijournal.com\\\/index.php\\\/notre-dame-de-paris-reponses-du-ministere-de-la-culture-a-la-publication-du-rapport-de-la-cour-des-comptes\\\/104934\\\/#breadcrumb\",\"itemListElement\":[{\"@type\":\"ListItem\",\"position\":1,\"name\":\"Accueil\",\"item\":\"https:\\\/\\\/batijournal.com\\\/\"},{\"@type\":\"ListItem\",\"position\":2,\"name\":\"Actualit\u00e9s\",\"item\":\"https:\\\/\\\/batijournal.com\\\/index.php\\\/category\\\/actualites\\\/\"},{\"@type\":\"ListItem\",\"position\":3,\"name\":\"Architecture &amp; Conception\",\"item\":\"https:\\\/\\\/batijournal.com\\\/index.php\\\/category\\\/actualites\\\/architecture-conception\\\/\"},{\"@type\":\"ListItem\",\"position\":4,\"name\":\"Notre-Dame de Paris : r\u00e9ponses du minist\u00e8re de la Culture \u00e0 la publication du rapport de la Cour des Comptes\"}]},{\"@type\":\"WebSite\",\"@id\":\"https:\\\/\\\/batijournal.com\\\/#website\",\"url\":\"https:\\\/\\\/batijournal.com\\\/\",\"name\":\"Batijournal\",\"description\":\"L&#039;actualit\u00e9 du b\u00e2timent\",\"potentialAction\":[{\"@type\":\"SearchAction\",\"target\":{\"@type\":\"EntryPoint\",\"urlTemplate\":\"https:\\\/\\\/batijournal.com\\\/?s={search_term_string}\"},\"query-input\":{\"@type\":\"PropertyValueSpecification\",\"valueRequired\":true,\"valueName\":\"search_term_string\"}}],\"inLanguage\":\"fr-FR\"},{\"@type\":\"Person\",\"@id\":\"https:\\\/\\\/batijournal.com\\\/#\\\/schema\\\/person\\\/1dc96ec6957aa1ccb25ebe78bb19f100\",\"name\":\"St\u00e9phane Miget\",\"image\":{\"@type\":\"ImageObject\",\"inLanguage\":\"fr-FR\",\"@id\":\"https:\\\/\\\/secure.gravatar.com\\\/avatar\\\/89915563d925342126b8ef0281b93d9d7fc337043e8df017f780908eb9644451?s=96&d=mm&r=g\",\"url\":\"https:\\\/\\\/secure.gravatar.com\\\/avatar\\\/89915563d925342126b8ef0281b93d9d7fc337043e8df017f780908eb9644451?s=96&d=mm&r=g\",\"contentUrl\":\"https:\\\/\\\/secure.gravatar.com\\\/avatar\\\/89915563d925342126b8ef0281b93d9d7fc337043e8df017f780908eb9644451?s=96&d=mm&r=g\",\"caption\":\"St\u00e9phane Miget\"},\"url\":\"https:\\\/\\\/batijournal.com\\\/index.php\\\/author\\\/stephane\\\/\"}]}<\/script>\n<!-- \/ Yoast SEO plugin. -->","yoast_head_json":{"title":"Notre-Dame de Paris : r\u00e9ponses du minist\u00e8re de la Culture \u00e0 la publication du rapport de la Cour des Comptes","robots":{"index":"index","follow":"follow","max-snippet":"max-snippet:-1","max-image-preview":"max-image-preview:large","max-video-preview":"max-video-preview:-1"},"canonical":"https:\/\/batijournal.com\/index.php\/notre-dame-de-paris-reponses-du-ministere-de-la-culture-a-la-publication-du-rapport-de-la-cour-des-comptes\/104934\/","og_locale":"fr_FR","og_type":"article","og_title":"Notre-Dame de Paris : r\u00e9ponses du minist\u00e8re de la Culture \u00e0 la publication du rapport de la Cour des Comptes","og_description":"A la fin du mois de juillet, le minist\u00e8re de la culture a \u00e9t\u00e9 destinataire, pour avis, du projet de rapport de la Cour des Comptes proposant un premier bilan de la conservation et la restauration de la cath\u00e9drale Notre-Dame de Paris. Les r\u00e9ponses qu\u2019il a apport\u00e9es figurent en annexe du rapport d\u00e9finitif. Le rapport [&hellip;]","og_url":"https:\/\/batijournal.com\/index.php\/notre-dame-de-paris-reponses-du-ministere-de-la-culture-a-la-publication-du-rapport-de-la-cour-des-comptes\/104934\/","og_site_name":"Batijournal","article_published_time":"2020-10-07T02:25:08+00:00","og_image":[{"width":767,"height":433,"url":"https:\/\/batijournal.com\/wp-content\/uploads\/2019\/09\/notre-dame-de-paris-chantier-edouard-bierry-ministere-de-la-culture.jpg","type":"image\/jpeg"}],"author":"St\u00e9phane Miget","twitter_card":"summary_large_image","twitter_creator":"@bati_journal","twitter_site":"@bati_journal","twitter_misc":{"\u00c9crit par":"St\u00e9phane Miget","Dur\u00e9e de lecture estim\u00e9e":"4 minutes"},"schema":{"@context":"https:\/\/schema.org","@graph":[{"@type":"Article","@id":"https:\/\/batijournal.com\/index.php\/notre-dame-de-paris-reponses-du-ministere-de-la-culture-a-la-publication-du-rapport-de-la-cour-des-comptes\/104934\/#article","isPartOf":{"@id":"https:\/\/batijournal.com\/index.php\/notre-dame-de-paris-reponses-du-ministere-de-la-culture-a-la-publication-du-rapport-de-la-cour-des-comptes\/104934\/"},"author":{"name":"St\u00e9phane Miget","@id":"https:\/\/batijournal.com\/#\/schema\/person\/1dc96ec6957aa1ccb25ebe78bb19f100"},"headline":"Notre-Dame de Paris : r\u00e9ponses du minist\u00e8re de la Culture \u00e0 la publication du rapport de la Cour des Comptes","datePublished":"2020-10-07T02:25:08+00:00","mainEntityOfPage":{"@id":"https:\/\/batijournal.com\/index.php\/notre-dame-de-paris-reponses-du-ministere-de-la-culture-a-la-publication-du-rapport-de-la-cour-des-comptes\/104934\/"},"wordCount":731,"image":{"@id":"https:\/\/batijournal.com\/index.php\/notre-dame-de-paris-reponses-du-ministere-de-la-culture-a-la-publication-du-rapport-de-la-cour-des-comptes\/104934\/#primaryimage"},"thumbnailUrl":"https:\/\/batijournal.com\/wp-content\/uploads\/2019\/09\/notre-dame-de-paris-chantier-edouard-bierry-ministere-de-la-culture.jpg","keywords":["notre dame de paris"],"articleSection":["Actualit\u00e9s","Architecture &amp; Conception","zz_Actualit\u00e9s - Atrium","zz_Atrium Patrimoine"],"inLanguage":"fr-FR"},{"@type":"WebPage","@id":"https:\/\/batijournal.com\/index.php\/notre-dame-de-paris-reponses-du-ministere-de-la-culture-a-la-publication-du-rapport-de-la-cour-des-comptes\/104934\/","url":"https:\/\/batijournal.com\/index.php\/notre-dame-de-paris-reponses-du-ministere-de-la-culture-a-la-publication-du-rapport-de-la-cour-des-comptes\/104934\/","name":"Notre-Dame de Paris : r\u00e9ponses du minist\u00e8re de la Culture \u00e0 la publication du rapport de la Cour des Comptes","isPartOf":{"@id":"https:\/\/batijournal.com\/#website"},"primaryImageOfPage":{"@id":"https:\/\/batijournal.com\/index.php\/notre-dame-de-paris-reponses-du-ministere-de-la-culture-a-la-publication-du-rapport-de-la-cour-des-comptes\/104934\/#primaryimage"},"image":{"@id":"https:\/\/batijournal.com\/index.php\/notre-dame-de-paris-reponses-du-ministere-de-la-culture-a-la-publication-du-rapport-de-la-cour-des-comptes\/104934\/#primaryimage"},"thumbnailUrl":"https:\/\/batijournal.com\/wp-content\/uploads\/2019\/09\/notre-dame-de-paris-chantier-edouard-bierry-ministere-de-la-culture.jpg","datePublished":"2020-10-07T02:25:08+00:00","author":{"@id":"https:\/\/batijournal.com\/#\/schema\/person\/1dc96ec6957aa1ccb25ebe78bb19f100"},"breadcrumb":{"@id":"https:\/\/batijournal.com\/index.php\/notre-dame-de-paris-reponses-du-ministere-de-la-culture-a-la-publication-du-rapport-de-la-cour-des-comptes\/104934\/#breadcrumb"},"inLanguage":"fr-FR","potentialAction":[{"@type":"ReadAction","target":["https:\/\/batijournal.com\/index.php\/notre-dame-de-paris-reponses-du-ministere-de-la-culture-a-la-publication-du-rapport-de-la-cour-des-comptes\/104934\/"]}]},{"@type":"ImageObject","inLanguage":"fr-FR","@id":"https:\/\/batijournal.com\/index.php\/notre-dame-de-paris-reponses-du-ministere-de-la-culture-a-la-publication-du-rapport-de-la-cour-des-comptes\/104934\/#primaryimage","url":"https:\/\/batijournal.com\/wp-content\/uploads\/2019\/09\/notre-dame-de-paris-chantier-edouard-bierry-ministere-de-la-culture.jpg","contentUrl":"https:\/\/batijournal.com\/wp-content\/uploads\/2019\/09\/notre-dame-de-paris-chantier-edouard-bierry-ministere-de-la-culture.jpg","width":767,"height":433},{"@type":"BreadcrumbList","@id":"https:\/\/batijournal.com\/index.php\/notre-dame-de-paris-reponses-du-ministere-de-la-culture-a-la-publication-du-rapport-de-la-cour-des-comptes\/104934\/#breadcrumb","itemListElement":[{"@type":"ListItem","position":1,"name":"Accueil","item":"https:\/\/batijournal.com\/"},{"@type":"ListItem","position":2,"name":"Actualit\u00e9s","item":"https:\/\/batijournal.com\/index.php\/category\/actualites\/"},{"@type":"ListItem","position":3,"name":"Architecture &amp; Conception","item":"https:\/\/batijournal.com\/index.php\/category\/actualites\/architecture-conception\/"},{"@type":"ListItem","position":4,"name":"Notre-Dame de Paris : r\u00e9ponses du minist\u00e8re de la Culture \u00e0 la publication du rapport de la Cour des Comptes"}]},{"@type":"WebSite","@id":"https:\/\/batijournal.com\/#website","url":"https:\/\/batijournal.com\/","name":"Batijournal","description":"L&#039;actualit\u00e9 du b\u00e2timent","potentialAction":[{"@type":"SearchAction","target":{"@type":"EntryPoint","urlTemplate":"https:\/\/batijournal.com\/?s={search_term_string}"},"query-input":{"@type":"PropertyValueSpecification","valueRequired":true,"valueName":"search_term_string"}}],"inLanguage":"fr-FR"},{"@type":"Person","@id":"https:\/\/batijournal.com\/#\/schema\/person\/1dc96ec6957aa1ccb25ebe78bb19f100","name":"St\u00e9phane Miget","image":{"@type":"ImageObject","inLanguage":"fr-FR","@id":"https:\/\/secure.gravatar.com\/avatar\/89915563d925342126b8ef0281b93d9d7fc337043e8df017f780908eb9644451?s=96&d=mm&r=g","url":"https:\/\/secure.gravatar.com\/avatar\/89915563d925342126b8ef0281b93d9d7fc337043e8df017f780908eb9644451?s=96&d=mm&r=g","contentUrl":"https:\/\/secure.gravatar.com\/avatar\/89915563d925342126b8ef0281b93d9d7fc337043e8df017f780908eb9644451?s=96&d=mm&r=g","caption":"St\u00e9phane Miget"},"url":"https:\/\/batijournal.com\/index.php\/author\/stephane\/"}]}},"_links":{"self":[{"href":"https:\/\/batijournal.com\/index.php\/wp-json\/wp\/v2\/posts\/104934","targetHints":{"allow":["GET"]}}],"collection":[{"href":"https:\/\/batijournal.com\/index.php\/wp-json\/wp\/v2\/posts"}],"about":[{"href":"https:\/\/batijournal.com\/index.php\/wp-json\/wp\/v2\/types\/post"}],"author":[{"embeddable":true,"href":"https:\/\/batijournal.com\/index.php\/wp-json\/wp\/v2\/users\/17"}],"replies":[{"embeddable":true,"href":"https:\/\/batijournal.com\/index.php\/wp-json\/wp\/v2\/comments?post=104934"}],"version-history":[{"count":0,"href":"https:\/\/batijournal.com\/index.php\/wp-json\/wp\/v2\/posts\/104934\/revisions"}],"wp:featuredmedia":[{"embeddable":true,"href":"https:\/\/batijournal.com\/index.php\/wp-json\/wp\/v2\/media\/103019"}],"wp:attachment":[{"href":"https:\/\/batijournal.com\/index.php\/wp-json\/wp\/v2\/media?parent=104934"}],"wp:term":[{"taxonomy":"category","embeddable":true,"href":"https:\/\/batijournal.com\/index.php\/wp-json\/wp\/v2\/categories?post=104934"},{"taxonomy":"post_tag","embeddable":true,"href":"https:\/\/batijournal.com\/index.php\/wp-json\/wp\/v2\/tags?post=104934"}],"curies":[{"name":"wp","href":"https:\/\/api.w.org\/{rel}","templated":true}]}}