{"id":104937,"date":"2020-10-08T05:41:06","date_gmt":"2020-10-08T03:41:06","guid":{"rendered":"https:\/\/batijournal.com\/?p=104937"},"modified":"2020-10-08T05:41:06","modified_gmt":"2020-10-08T03:41:06","slug":"une-villa-aux-volumes-sculptes-et-genereusement-ouverts","status":"publish","type":"post","link":"https:\/\/batijournal.com\/index.php\/une-villa-aux-volumes-sculptes-et-genereusement-ouverts\/104937\/","title":{"rendered":"Une villa aux volumes sculpt\u00e9s et g\u00e9n\u00e9reusement ouverts"},"content":{"rendered":"<p>Pour la conception de cette villa situ\u00e9e dans la r\u00e9gion de Lille, l\u2019agence Riva Architectes\u00a0a imagin\u00e9 un projet compact original, tel un bloc \u00e0 tailler, un volume cubique d&rsquo;environ 15 m sur 15, d\u2019une emprise au sol de 233 m2. Les baies vitr\u00e9es accentuent les lignes architecturales sobres et rectilignes de la maison. Les limites entre int\u00e9rieur et ext\u00e9rieur se confondent et semblent ne former qu\u2019un. Une large baie coulissante Lumeal de Technal, de 15 m\u00e8tres de longueur, file entre la cuisine et le s\u00e9jour. Ses ouvrants cach\u00e9s et ses montants centraux fins de 38 mm r\u00e9duisent la masse visible d\u2019aluminium. Une esth\u00e9tique minimaliste, conjugu\u00e9e aux dimensions monumentales, qui inondent de lumi\u00e8re les pi\u00e8ces de vie. Une seconde baie coulissante offre une ouverture panoramique de 5,60 m\u00e8tres depuis la suite parentale. Les deux baies, orient\u00e9es au Sud, se d\u00e9veloppent du sol au plafond sur une hauteur de 2,50 m\u00e8tres. Elles sont totalement encastr\u00e9es dans le sol et les plafonds. Des auvents recouverts de bois surplombent les ouvertures sur 1,50 m\u00e8tre de profondeur. Ils renforcent la protection des occupants face aux rayons du soleil.<\/p>\n<p>Photo : Jean-Pierre Duplan<br \/>\nArchitecte : Riva Architectes<\/p>\n","protected":false},"excerpt":{"rendered":"<p>Pour la conception de cette villa situ\u00e9e dans la r\u00e9gion de Lille, l\u2019agence Riva Architectes\u00a0a imagin\u00e9 un projet compact original, tel un bloc \u00e0 tailler, un volume cubique d&rsquo;environ 15 m sur 15, d\u2019une emprise au sol de 233 m2. Les baies vitr\u00e9es accentuent les lignes architecturales sobres et rectilignes de la maison. Les limites [&hellip;]<\/p>\n","protected":false},"author":17,"featured_media":104938,"comment_status":"closed","ping_status":"closed","sticky":false,"template":"","format":"standard","meta":{"_et_pb_use_builder":"","_et_pb_old_content":"","_et_gb_content_width":"","footnotes":""},"categories":[10530,6340,10771,10775],"tags":[1016],"class_list":["post-104937","post","type-post","status-publish","format-standard","has-post-thumbnail","hentry","category-actualites","category-architecture-conception","category-5facades","category-actualites-5facades","tag-menuiseries"],"yoast_head":"<!-- This site is optimized with the Yoast SEO plugin v27.4 - https:\/\/yoast.com\/product\/yoast-seo-wordpress\/ -->\n<title>Une villa aux volumes sculpt\u00e9s et g\u00e9n\u00e9reusement ouverts<\/title>\n<meta name=\"robots\" content=\"index, follow, max-snippet:-1, max-image-preview:large, max-video-preview:-1\" \/>\n<link rel=\"canonical\" href=\"https:\/\/batijournal.com\/index.php\/une-villa-aux-volumes-sculptes-et-genereusement-ouverts\/104937\/\" \/>\n<meta property=\"og:locale\" content=\"fr_FR\" \/>\n<meta property=\"og:type\" content=\"article\" \/>\n<meta property=\"og:title\" content=\"Une villa aux volumes sculpt\u00e9s et g\u00e9n\u00e9reusement ouverts\" \/>\n<meta property=\"og:description\" content=\"Pour la conception de cette villa situ\u00e9e dans la r\u00e9gion de Lille, l\u2019agence Riva Architectes\u00a0a imagin\u00e9 un projet compact original, tel un bloc \u00e0 tailler, un volume cubique d&rsquo;environ 15 m sur 15, d\u2019une emprise au sol de 233 m2. Les baies vitr\u00e9es accentuent les lignes architecturales sobres et rectilignes de la maison. Les limites [&hellip;]\" \/>\n<meta property=\"og:url\" content=\"https:\/\/batijournal.com\/index.php\/une-villa-aux-volumes-sculptes-et-genereusement-ouverts\/104937\/\" \/>\n<meta property=\"og:site_name\" content=\"Batijournal\" \/>\n<meta property=\"article:published_time\" content=\"2020-10-08T03:41:06+00:00\" \/>\n<meta property=\"og:image\" content=\"https:\/\/batijournal.com\/wp-content\/uploads\/2020\/10\/villa-baies-technal.png\" \/>\n\t<meta property=\"og:image:width\" content=\"826\" \/>\n\t<meta property=\"og:image:height\" content=\"424\" \/>\n\t<meta property=\"og:image:type\" content=\"image\/png\" \/>\n<meta name=\"author\" content=\"St\u00e9phane Miget\" \/>\n<meta name=\"twitter:card\" content=\"summary_large_image\" \/>\n<meta name=\"twitter:creator\" content=\"@bati_journal\" \/>\n<meta name=\"twitter:site\" content=\"@bati_journal\" \/>\n<meta name=\"twitter:label1\" content=\"\u00c9crit par\" \/>\n\t<meta name=\"twitter:data1\" content=\"St\u00e9phane Miget\" \/>\n\t<meta name=\"twitter:label2\" content=\"Dur\u00e9e de lecture estim\u00e9e\" \/>\n\t<meta name=\"twitter:data2\" content=\"1 minute\" \/>\n<script type=\"application\/ld+json\" class=\"yoast-schema-graph\">{\"@context\":\"https:\\\/\\\/schema.org\",\"@graph\":[{\"@type\":\"Article\",\"@id\":\"https:\\\/\\\/batijournal.com\\\/index.php\\\/une-villa-aux-volumes-sculptes-et-genereusement-ouverts\\\/104937\\\/#article\",\"isPartOf\":{\"@id\":\"https:\\\/\\\/batijournal.com\\\/index.php\\\/une-villa-aux-volumes-sculptes-et-genereusement-ouverts\\\/104937\\\/\"},\"author\":{\"name\":\"St\u00e9phane Miget\",\"@id\":\"https:\\\/\\\/batijournal.com\\\/#\\\/schema\\\/person\\\/1dc96ec6957aa1ccb25ebe78bb19f100\"},\"headline\":\"Une villa aux volumes sculpt\u00e9s et g\u00e9n\u00e9reusement ouverts\",\"datePublished\":\"2020-10-08T03:41:06+00:00\",\"mainEntityOfPage\":{\"@id\":\"https:\\\/\\\/batijournal.com\\\/index.php\\\/une-villa-aux-volumes-sculptes-et-genereusement-ouverts\\\/104937\\\/\"},\"wordCount\":216,\"image\":{\"@id\":\"https:\\\/\\\/batijournal.com\\\/index.php\\\/une-villa-aux-volumes-sculptes-et-genereusement-ouverts\\\/104937\\\/#primaryimage\"},\"thumbnailUrl\":\"https:\\\/\\\/batijournal.com\\\/wp-content\\\/uploads\\\/2020\\\/10\\\/villa-baies-technal.png\",\"keywords\":[\"menuiseries\"],\"articleSection\":[\"Actualit\u00e9s\",\"Architecture &amp; Conception\",\"zz_5fa\u00e7ades\",\"zz_Actualit\u00e9s - 5fa\u00e7ades\"],\"inLanguage\":\"fr-FR\"},{\"@type\":\"WebPage\",\"@id\":\"https:\\\/\\\/batijournal.com\\\/index.php\\\/une-villa-aux-volumes-sculptes-et-genereusement-ouverts\\\/104937\\\/\",\"url\":\"https:\\\/\\\/batijournal.com\\\/index.php\\\/une-villa-aux-volumes-sculptes-et-genereusement-ouverts\\\/104937\\\/\",\"name\":\"Une villa aux volumes sculpt\u00e9s et g\u00e9n\u00e9reusement ouverts\",\"isPartOf\":{\"@id\":\"https:\\\/\\\/batijournal.com\\\/#website\"},\"primaryImageOfPage\":{\"@id\":\"https:\\\/\\\/batijournal.com\\\/index.php\\\/une-villa-aux-volumes-sculptes-et-genereusement-ouverts\\\/104937\\\/#primaryimage\"},\"image\":{\"@id\":\"https:\\\/\\\/batijournal.com\\\/index.php\\\/une-villa-aux-volumes-sculptes-et-genereusement-ouverts\\\/104937\\\/#primaryimage\"},\"thumbnailUrl\":\"https:\\\/\\\/batijournal.com\\\/wp-content\\\/uploads\\\/2020\\\/10\\\/villa-baies-technal.png\",\"datePublished\":\"2020-10-08T03:41:06+00:00\",\"author\":{\"@id\":\"https:\\\/\\\/batijournal.com\\\/#\\\/schema\\\/person\\\/1dc96ec6957aa1ccb25ebe78bb19f100\"},\"breadcrumb\":{\"@id\":\"https:\\\/\\\/batijournal.com\\\/index.php\\\/une-villa-aux-volumes-sculptes-et-genereusement-ouverts\\\/104937\\\/#breadcrumb\"},\"inLanguage\":\"fr-FR\",\"potentialAction\":[{\"@type\":\"ReadAction\",\"target\":[\"https:\\\/\\\/batijournal.com\\\/index.php\\\/une-villa-aux-volumes-sculptes-et-genereusement-ouverts\\\/104937\\\/\"]}]},{\"@type\":\"ImageObject\",\"inLanguage\":\"fr-FR\",\"@id\":\"https:\\\/\\\/batijournal.com\\\/index.php\\\/une-villa-aux-volumes-sculptes-et-genereusement-ouverts\\\/104937\\\/#primaryimage\",\"url\":\"https:\\\/\\\/batijournal.com\\\/wp-content\\\/uploads\\\/2020\\\/10\\\/villa-baies-technal.png\",\"contentUrl\":\"https:\\\/\\\/batijournal.com\\\/wp-content\\\/uploads\\\/2020\\\/10\\\/villa-baies-technal.png\",\"width\":826,\"height\":424},{\"@type\":\"BreadcrumbList\",\"@id\":\"https:\\\/\\\/batijournal.com\\\/index.php\\\/une-villa-aux-volumes-sculptes-et-genereusement-ouverts\\\/104937\\\/#breadcrumb\",\"itemListElement\":[{\"@type\":\"ListItem\",\"position\":1,\"name\":\"Accueil\",\"item\":\"https:\\\/\\\/batijournal.com\\\/\"},{\"@type\":\"ListItem\",\"position\":2,\"name\":\"Actualit\u00e9s\",\"item\":\"https:\\\/\\\/batijournal.com\\\/index.php\\\/category\\\/actualites\\\/\"},{\"@type\":\"ListItem\",\"position\":3,\"name\":\"Architecture &amp; Conception\",\"item\":\"https:\\\/\\\/batijournal.com\\\/index.php\\\/category\\\/actualites\\\/architecture-conception\\\/\"},{\"@type\":\"ListItem\",\"position\":4,\"name\":\"Une villa aux volumes sculpt\u00e9s et g\u00e9n\u00e9reusement ouverts\"}]},{\"@type\":\"WebSite\",\"@id\":\"https:\\\/\\\/batijournal.com\\\/#website\",\"url\":\"https:\\\/\\\/batijournal.com\\\/\",\"name\":\"Batijournal\",\"description\":\"L&#039;actualit\u00e9 du b\u00e2timent\",\"potentialAction\":[{\"@type\":\"SearchAction\",\"target\":{\"@type\":\"EntryPoint\",\"urlTemplate\":\"https:\\\/\\\/batijournal.com\\\/?s={search_term_string}\"},\"query-input\":{\"@type\":\"PropertyValueSpecification\",\"valueRequired\":true,\"valueName\":\"search_term_string\"}}],\"inLanguage\":\"fr-FR\"},{\"@type\":\"Person\",\"@id\":\"https:\\\/\\\/batijournal.com\\\/#\\\/schema\\\/person\\\/1dc96ec6957aa1ccb25ebe78bb19f100\",\"name\":\"St\u00e9phane Miget\",\"image\":{\"@type\":\"ImageObject\",\"inLanguage\":\"fr-FR\",\"@id\":\"https:\\\/\\\/secure.gravatar.com\\\/avatar\\\/89915563d925342126b8ef0281b93d9d7fc337043e8df017f780908eb9644451?s=96&d=mm&r=g\",\"url\":\"https:\\\/\\\/secure.gravatar.com\\\/avatar\\\/89915563d925342126b8ef0281b93d9d7fc337043e8df017f780908eb9644451?s=96&d=mm&r=g\",\"contentUrl\":\"https:\\\/\\\/secure.gravatar.com\\\/avatar\\\/89915563d925342126b8ef0281b93d9d7fc337043e8df017f780908eb9644451?s=96&d=mm&r=g\",\"caption\":\"St\u00e9phane Miget\"},\"url\":\"https:\\\/\\\/batijournal.com\\\/index.php\\\/author\\\/stephane\\\/\"}]}<\/script>\n<!-- \/ Yoast SEO plugin. -->","yoast_head_json":{"title":"Une villa aux volumes sculpt\u00e9s et g\u00e9n\u00e9reusement ouverts","robots":{"index":"index","follow":"follow","max-snippet":"max-snippet:-1","max-image-preview":"max-image-preview:large","max-video-preview":"max-video-preview:-1"},"canonical":"https:\/\/batijournal.com\/index.php\/une-villa-aux-volumes-sculptes-et-genereusement-ouverts\/104937\/","og_locale":"fr_FR","og_type":"article","og_title":"Une villa aux volumes sculpt\u00e9s et g\u00e9n\u00e9reusement ouverts","og_description":"Pour la conception de cette villa situ\u00e9e dans la r\u00e9gion de Lille, l\u2019agence Riva Architectes\u00a0a imagin\u00e9 un projet compact original, tel un bloc \u00e0 tailler, un volume cubique d&rsquo;environ 15 m sur 15, d\u2019une emprise au sol de 233 m2. Les baies vitr\u00e9es accentuent les lignes architecturales sobres et rectilignes de la maison. Les limites [&hellip;]","og_url":"https:\/\/batijournal.com\/index.php\/une-villa-aux-volumes-sculptes-et-genereusement-ouverts\/104937\/","og_site_name":"Batijournal","article_published_time":"2020-10-08T03:41:06+00:00","og_image":[{"width":826,"height":424,"url":"https:\/\/batijournal.com\/wp-content\/uploads\/2020\/10\/villa-baies-technal.png","type":"image\/png"}],"author":"St\u00e9phane Miget","twitter_card":"summary_large_image","twitter_creator":"@bati_journal","twitter_site":"@bati_journal","twitter_misc":{"\u00c9crit par":"St\u00e9phane Miget","Dur\u00e9e de lecture estim\u00e9e":"1 minute"},"schema":{"@context":"https:\/\/schema.org","@graph":[{"@type":"Article","@id":"https:\/\/batijournal.com\/index.php\/une-villa-aux-volumes-sculptes-et-genereusement-ouverts\/104937\/#article","isPartOf":{"@id":"https:\/\/batijournal.com\/index.php\/une-villa-aux-volumes-sculptes-et-genereusement-ouverts\/104937\/"},"author":{"name":"St\u00e9phane Miget","@id":"https:\/\/batijournal.com\/#\/schema\/person\/1dc96ec6957aa1ccb25ebe78bb19f100"},"headline":"Une villa aux volumes sculpt\u00e9s et g\u00e9n\u00e9reusement ouverts","datePublished":"2020-10-08T03:41:06+00:00","mainEntityOfPage":{"@id":"https:\/\/batijournal.com\/index.php\/une-villa-aux-volumes-sculptes-et-genereusement-ouverts\/104937\/"},"wordCount":216,"image":{"@id":"https:\/\/batijournal.com\/index.php\/une-villa-aux-volumes-sculptes-et-genereusement-ouverts\/104937\/#primaryimage"},"thumbnailUrl":"https:\/\/batijournal.com\/wp-content\/uploads\/2020\/10\/villa-baies-technal.png","keywords":["menuiseries"],"articleSection":["Actualit\u00e9s","Architecture &amp; Conception","zz_5fa\u00e7ades","zz_Actualit\u00e9s - 5fa\u00e7ades"],"inLanguage":"fr-FR"},{"@type":"WebPage","@id":"https:\/\/batijournal.com\/index.php\/une-villa-aux-volumes-sculptes-et-genereusement-ouverts\/104937\/","url":"https:\/\/batijournal.com\/index.php\/une-villa-aux-volumes-sculptes-et-genereusement-ouverts\/104937\/","name":"Une villa aux volumes sculpt\u00e9s et g\u00e9n\u00e9reusement ouverts","isPartOf":{"@id":"https:\/\/batijournal.com\/#website"},"primaryImageOfPage":{"@id":"https:\/\/batijournal.com\/index.php\/une-villa-aux-volumes-sculptes-et-genereusement-ouverts\/104937\/#primaryimage"},"image":{"@id":"https:\/\/batijournal.com\/index.php\/une-villa-aux-volumes-sculptes-et-genereusement-ouverts\/104937\/#primaryimage"},"thumbnailUrl":"https:\/\/batijournal.com\/wp-content\/uploads\/2020\/10\/villa-baies-technal.png","datePublished":"2020-10-08T03:41:06+00:00","author":{"@id":"https:\/\/batijournal.com\/#\/schema\/person\/1dc96ec6957aa1ccb25ebe78bb19f100"},"breadcrumb":{"@id":"https:\/\/batijournal.com\/index.php\/une-villa-aux-volumes-sculptes-et-genereusement-ouverts\/104937\/#breadcrumb"},"inLanguage":"fr-FR","potentialAction":[{"@type":"ReadAction","target":["https:\/\/batijournal.com\/index.php\/une-villa-aux-volumes-sculptes-et-genereusement-ouverts\/104937\/"]}]},{"@type":"ImageObject","inLanguage":"fr-FR","@id":"https:\/\/batijournal.com\/index.php\/une-villa-aux-volumes-sculptes-et-genereusement-ouverts\/104937\/#primaryimage","url":"https:\/\/batijournal.com\/wp-content\/uploads\/2020\/10\/villa-baies-technal.png","contentUrl":"https:\/\/batijournal.com\/wp-content\/uploads\/2020\/10\/villa-baies-technal.png","width":826,"height":424},{"@type":"BreadcrumbList","@id":"https:\/\/batijournal.com\/index.php\/une-villa-aux-volumes-sculptes-et-genereusement-ouverts\/104937\/#breadcrumb","itemListElement":[{"@type":"ListItem","position":1,"name":"Accueil","item":"https:\/\/batijournal.com\/"},{"@type":"ListItem","position":2,"name":"Actualit\u00e9s","item":"https:\/\/batijournal.com\/index.php\/category\/actualites\/"},{"@type":"ListItem","position":3,"name":"Architecture &amp; Conception","item":"https:\/\/batijournal.com\/index.php\/category\/actualites\/architecture-conception\/"},{"@type":"ListItem","position":4,"name":"Une villa aux volumes sculpt\u00e9s et g\u00e9n\u00e9reusement ouverts"}]},{"@type":"WebSite","@id":"https:\/\/batijournal.com\/#website","url":"https:\/\/batijournal.com\/","name":"Batijournal","description":"L&#039;actualit\u00e9 du b\u00e2timent","potentialAction":[{"@type":"SearchAction","target":{"@type":"EntryPoint","urlTemplate":"https:\/\/batijournal.com\/?s={search_term_string}"},"query-input":{"@type":"PropertyValueSpecification","valueRequired":true,"valueName":"search_term_string"}}],"inLanguage":"fr-FR"},{"@type":"Person","@id":"https:\/\/batijournal.com\/#\/schema\/person\/1dc96ec6957aa1ccb25ebe78bb19f100","name":"St\u00e9phane Miget","image":{"@type":"ImageObject","inLanguage":"fr-FR","@id":"https:\/\/secure.gravatar.com\/avatar\/89915563d925342126b8ef0281b93d9d7fc337043e8df017f780908eb9644451?s=96&d=mm&r=g","url":"https:\/\/secure.gravatar.com\/avatar\/89915563d925342126b8ef0281b93d9d7fc337043e8df017f780908eb9644451?s=96&d=mm&r=g","contentUrl":"https:\/\/secure.gravatar.com\/avatar\/89915563d925342126b8ef0281b93d9d7fc337043e8df017f780908eb9644451?s=96&d=mm&r=g","caption":"St\u00e9phane Miget"},"url":"https:\/\/batijournal.com\/index.php\/author\/stephane\/"}]}},"_links":{"self":[{"href":"https:\/\/batijournal.com\/index.php\/wp-json\/wp\/v2\/posts\/104937","targetHints":{"allow":["GET"]}}],"collection":[{"href":"https:\/\/batijournal.com\/index.php\/wp-json\/wp\/v2\/posts"}],"about":[{"href":"https:\/\/batijournal.com\/index.php\/wp-json\/wp\/v2\/types\/post"}],"author":[{"embeddable":true,"href":"https:\/\/batijournal.com\/index.php\/wp-json\/wp\/v2\/users\/17"}],"replies":[{"embeddable":true,"href":"https:\/\/batijournal.com\/index.php\/wp-json\/wp\/v2\/comments?post=104937"}],"version-history":[{"count":0,"href":"https:\/\/batijournal.com\/index.php\/wp-json\/wp\/v2\/posts\/104937\/revisions"}],"wp:featuredmedia":[{"embeddable":true,"href":"https:\/\/batijournal.com\/index.php\/wp-json\/wp\/v2\/media\/104938"}],"wp:attachment":[{"href":"https:\/\/batijournal.com\/index.php\/wp-json\/wp\/v2\/media?parent=104937"}],"wp:term":[{"taxonomy":"category","embeddable":true,"href":"https:\/\/batijournal.com\/index.php\/wp-json\/wp\/v2\/categories?post=104937"},{"taxonomy":"post_tag","embeddable":true,"href":"https:\/\/batijournal.com\/index.php\/wp-json\/wp\/v2\/tags?post=104937"}],"curies":[{"name":"wp","href":"https:\/\/api.w.org\/{rel}","templated":true}]}}