{"id":104941,"date":"2020-10-09T07:33:11","date_gmt":"2020-10-09T05:33:11","guid":{"rendered":"https:\/\/batijournal.com\/?p=104941"},"modified":"2020-10-09T07:33:11","modified_gmt":"2020-10-09T05:33:11","slug":"batir-en-fibres-vegetales","status":"publish","type":"post","link":"https:\/\/batijournal.com\/index.php\/batir-en-fibres-vegetales\/104941\/","title":{"rendered":"B\u00e2tir en fibres v\u00e9g\u00e9tales"},"content":{"rendered":"<p>Le CAUE du Calvados et Le Pavillon organisent du 14 octobre 2020 au 17 janvier 2021 une programmation culturelle autour de l\u2019exposition FIBRA, B\u00c2TIR EN FIBRES V\u00c9G\u00c9TALES et de la question du construire autrement. L\u2019exposition FIBRA est une co-production am\u00e0co, \u00c9cole nationale sup\u00e9rieure d\u2019architecture de Grenoble et ville de Grenoble. Face \u00e0 l\u2019\u00e9puisement des ressources, l\u2019exposition explore les potentiels des plantes \u00e0 croissance rapide et pr\u00e9sente des solutions pour les architectures et la ville de demain. Autour de l\u2019exposition, les deux structures locales ont construit une programmation culturelle riche pour accompagner et sensibiliser les publics (grand public, jeune public, habitants, professionnels et \u00e9lus) \u00e0 ces th\u00e9matiques. \u00ab Construire autrement \u00bb c\u2019est des ateliers de m\u00e9diation et d\u2019exp\u00e9rimentation, des rencontres-d\u00e9bats, une conf\u00e9rence, des d\u00e9fis et un concours.<\/p>\n<p>Les b\u00e2timents pr\u00e9sent\u00e9s r\u00e9v\u00e8lent une modernit\u00e9 frugale associant valorisation de ressources et savoir- faire locaux, mesures bioclimatiques et design contemporain. Ils ont \u00e9t\u00e9 s\u00e9lectionn\u00e9s dans le cadre du FIBRA Award, premier prix mondial des architectures contemporaines en fibres v\u00e9g\u00e9tales, initi\u00e9 et port\u00e9 par am\u00e0co et Dominique Gauzin-M\u00fcller. Chacun de ces 50 projets t\u00e9moigne de l\u2019ing\u00e9niosit\u00e9 de ses architectes et ing\u00e9nieurs, de la volont\u00e9 de son ma\u00eetre d\u2019ouvrage et des comp\u00e9tences des artisans et entrepreneurs, \u0153uvrant ensemble pour une architecture \u00e9conome en \u00e9nergie et en mat\u00e9riaux. L\u2019exposition d\u00e9voile ces mat\u00e9riaux en fibres dot\u00e9s de formidables capacit\u00e9s structurelles et de hautes performances thermiques et hygrom\u00e9triques au travers de tables sur la transformation des mati\u00e8res brutes, de photographies, de prototypes \u00e0 l\u2019\u00e9chelle 1 et de vid\u00e9os de chantier. Le visiteur peut ainsi plonger au c\u0153ur de ces mati\u00e8res v\u00e9g\u00e9tales tout en admirant la cr\u00e9ativit\u00e9 des r\u00e9alisations pr\u00e9sent\u00e9es.<\/p>\n<p><a href=\"http:\/\/www.lepavillon-caen.com\">http:\/\/www.lepavillon-caen.com<\/a><\/p>\n<p>Photo : \u00a9Li Xiaodong Atelier 07<\/p>\n<p>&nbsp;<\/p>\n","protected":false},"excerpt":{"rendered":"<p>Le CAUE du Calvados et Le Pavillon organisent du 14 octobre 2020 au 17 janvier 2021 une programmation culturelle autour de l\u2019exposition FIBRA, B\u00c2TIR EN FIBRES V\u00c9G\u00c9TALES et de la question du construire autrement. L\u2019exposition FIBRA est une co-production am\u00e0co, \u00c9cole nationale sup\u00e9rieure d\u2019architecture de Grenoble et ville de Grenoble. Face \u00e0 l\u2019\u00e9puisement des ressources, [&hellip;]<\/p>\n","protected":false},"author":17,"featured_media":104942,"comment_status":"closed","ping_status":"closed","sticky":false,"template":"","format":"standard","meta":{"_et_pb_use_builder":"","_et_pb_old_content":"","_et_gb_content_width":"","footnotes":""},"categories":[10530,6340,10781,10769,10778,10764],"tags":[12489],"class_list":["post-104941","post","type-post","status-publish","format-standard","has-post-thumbnail","hentry","category-actualites","category-architecture-conception","category-publications-planete","category-publications","category-planete","category-woodsurfer","tag-fibres-vegetales"],"yoast_head":"<!-- This site is optimized with the Yoast SEO plugin v27.4 - https:\/\/yoast.com\/product\/yoast-seo-wordpress\/ -->\n<title>B\u00e2tir en fibres v\u00e9g\u00e9tales<\/title>\n<meta name=\"robots\" content=\"index, follow, max-snippet:-1, max-image-preview:large, max-video-preview:-1\" \/>\n<link rel=\"canonical\" href=\"https:\/\/batijournal.com\/index.php\/batir-en-fibres-vegetales\/104941\/\" \/>\n<meta property=\"og:locale\" content=\"fr_FR\" \/>\n<meta property=\"og:type\" content=\"article\" \/>\n<meta property=\"og:title\" content=\"B\u00e2tir en fibres v\u00e9g\u00e9tales\" \/>\n<meta property=\"og:description\" content=\"Le CAUE du Calvados et Le Pavillon organisent du 14 octobre 2020 au 17 janvier 2021 une programmation culturelle autour de l\u2019exposition FIBRA, B\u00c2TIR EN FIBRES V\u00c9G\u00c9TALES et de la question du construire autrement. L\u2019exposition FIBRA est une co-production am\u00e0co, \u00c9cole nationale sup\u00e9rieure d\u2019architecture de Grenoble et ville de Grenoble. Face \u00e0 l\u2019\u00e9puisement des ressources, [&hellip;]\" \/>\n<meta property=\"og:url\" content=\"https:\/\/batijournal.com\/index.php\/batir-en-fibres-vegetales\/104941\/\" \/>\n<meta property=\"og:site_name\" content=\"Batijournal\" \/>\n<meta property=\"article:published_time\" content=\"2020-10-09T05:33:11+00:00\" \/>\n<meta property=\"og:image\" content=\"https:\/\/batijournal.com\/wp-content\/uploads\/2020\/10\/Li-Xiaodong-Atelier-07.png\" \/>\n\t<meta property=\"og:image:width\" content=\"991\" \/>\n\t<meta property=\"og:image:height\" content=\"694\" \/>\n\t<meta property=\"og:image:type\" content=\"image\/png\" \/>\n<meta name=\"author\" content=\"St\u00e9phane Miget\" \/>\n<meta name=\"twitter:card\" content=\"summary_large_image\" \/>\n<meta name=\"twitter:creator\" content=\"@bati_journal\" \/>\n<meta name=\"twitter:site\" content=\"@bati_journal\" \/>\n<meta name=\"twitter:label1\" content=\"\u00c9crit par\" \/>\n\t<meta name=\"twitter:data1\" content=\"St\u00e9phane Miget\" \/>\n\t<meta name=\"twitter:label2\" content=\"Dur\u00e9e de lecture estim\u00e9e\" \/>\n\t<meta name=\"twitter:data2\" content=\"2 minutes\" \/>\n<script type=\"application\/ld+json\" class=\"yoast-schema-graph\">{\"@context\":\"https:\\\/\\\/schema.org\",\"@graph\":[{\"@type\":\"Article\",\"@id\":\"https:\\\/\\\/batijournal.com\\\/index.php\\\/batir-en-fibres-vegetales\\\/104941\\\/#article\",\"isPartOf\":{\"@id\":\"https:\\\/\\\/batijournal.com\\\/index.php\\\/batir-en-fibres-vegetales\\\/104941\\\/\"},\"author\":{\"name\":\"St\u00e9phane Miget\",\"@id\":\"https:\\\/\\\/batijournal.com\\\/#\\\/schema\\\/person\\\/1dc96ec6957aa1ccb25ebe78bb19f100\"},\"headline\":\"B\u00e2tir en fibres v\u00e9g\u00e9tales\",\"datePublished\":\"2020-10-09T05:33:11+00:00\",\"mainEntityOfPage\":{\"@id\":\"https:\\\/\\\/batijournal.com\\\/index.php\\\/batir-en-fibres-vegetales\\\/104941\\\/\"},\"wordCount\":330,\"image\":{\"@id\":\"https:\\\/\\\/batijournal.com\\\/index.php\\\/batir-en-fibres-vegetales\\\/104941\\\/#primaryimage\"},\"thumbnailUrl\":\"https:\\\/\\\/batijournal.com\\\/wp-content\\\/uploads\\\/2020\\\/10\\\/Li-Xiaodong-Atelier-07.png\",\"keywords\":[\"fibres v\u00e9g\u00e9tales\"],\"articleSection\":[\"Actualit\u00e9s\",\"Architecture &amp; Conception\",\"zz_Actualit\u00e9s - Plan\u00e8te\",\"zz_Actualit\u00e9s - Woodsurfer\",\"zz_Plan\u00e8te B\u00e2timent\",\"zz_Woodsurfer\"],\"inLanguage\":\"fr-FR\"},{\"@type\":\"WebPage\",\"@id\":\"https:\\\/\\\/batijournal.com\\\/index.php\\\/batir-en-fibres-vegetales\\\/104941\\\/\",\"url\":\"https:\\\/\\\/batijournal.com\\\/index.php\\\/batir-en-fibres-vegetales\\\/104941\\\/\",\"name\":\"B\u00e2tir en fibres v\u00e9g\u00e9tales\",\"isPartOf\":{\"@id\":\"https:\\\/\\\/batijournal.com\\\/#website\"},\"primaryImageOfPage\":{\"@id\":\"https:\\\/\\\/batijournal.com\\\/index.php\\\/batir-en-fibres-vegetales\\\/104941\\\/#primaryimage\"},\"image\":{\"@id\":\"https:\\\/\\\/batijournal.com\\\/index.php\\\/batir-en-fibres-vegetales\\\/104941\\\/#primaryimage\"},\"thumbnailUrl\":\"https:\\\/\\\/batijournal.com\\\/wp-content\\\/uploads\\\/2020\\\/10\\\/Li-Xiaodong-Atelier-07.png\",\"datePublished\":\"2020-10-09T05:33:11+00:00\",\"author\":{\"@id\":\"https:\\\/\\\/batijournal.com\\\/#\\\/schema\\\/person\\\/1dc96ec6957aa1ccb25ebe78bb19f100\"},\"breadcrumb\":{\"@id\":\"https:\\\/\\\/batijournal.com\\\/index.php\\\/batir-en-fibres-vegetales\\\/104941\\\/#breadcrumb\"},\"inLanguage\":\"fr-FR\",\"potentialAction\":[{\"@type\":\"ReadAction\",\"target\":[\"https:\\\/\\\/batijournal.com\\\/index.php\\\/batir-en-fibres-vegetales\\\/104941\\\/\"]}]},{\"@type\":\"ImageObject\",\"inLanguage\":\"fr-FR\",\"@id\":\"https:\\\/\\\/batijournal.com\\\/index.php\\\/batir-en-fibres-vegetales\\\/104941\\\/#primaryimage\",\"url\":\"https:\\\/\\\/batijournal.com\\\/wp-content\\\/uploads\\\/2020\\\/10\\\/Li-Xiaodong-Atelier-07.png\",\"contentUrl\":\"https:\\\/\\\/batijournal.com\\\/wp-content\\\/uploads\\\/2020\\\/10\\\/Li-Xiaodong-Atelier-07.png\",\"width\":991,\"height\":694},{\"@type\":\"BreadcrumbList\",\"@id\":\"https:\\\/\\\/batijournal.com\\\/index.php\\\/batir-en-fibres-vegetales\\\/104941\\\/#breadcrumb\",\"itemListElement\":[{\"@type\":\"ListItem\",\"position\":1,\"name\":\"Accueil\",\"item\":\"https:\\\/\\\/batijournal.com\\\/\"},{\"@type\":\"ListItem\",\"position\":2,\"name\":\"Actualit\u00e9s\",\"item\":\"https:\\\/\\\/batijournal.com\\\/index.php\\\/category\\\/actualites\\\/\"},{\"@type\":\"ListItem\",\"position\":3,\"name\":\"Architecture &amp; Conception\",\"item\":\"https:\\\/\\\/batijournal.com\\\/index.php\\\/category\\\/actualites\\\/architecture-conception\\\/\"},{\"@type\":\"ListItem\",\"position\":4,\"name\":\"B\u00e2tir en fibres v\u00e9g\u00e9tales\"}]},{\"@type\":\"WebSite\",\"@id\":\"https:\\\/\\\/batijournal.com\\\/#website\",\"url\":\"https:\\\/\\\/batijournal.com\\\/\",\"name\":\"Batijournal\",\"description\":\"L&#039;actualit\u00e9 du b\u00e2timent\",\"potentialAction\":[{\"@type\":\"SearchAction\",\"target\":{\"@type\":\"EntryPoint\",\"urlTemplate\":\"https:\\\/\\\/batijournal.com\\\/?s={search_term_string}\"},\"query-input\":{\"@type\":\"PropertyValueSpecification\",\"valueRequired\":true,\"valueName\":\"search_term_string\"}}],\"inLanguage\":\"fr-FR\"},{\"@type\":\"Person\",\"@id\":\"https:\\\/\\\/batijournal.com\\\/#\\\/schema\\\/person\\\/1dc96ec6957aa1ccb25ebe78bb19f100\",\"name\":\"St\u00e9phane Miget\",\"image\":{\"@type\":\"ImageObject\",\"inLanguage\":\"fr-FR\",\"@id\":\"https:\\\/\\\/secure.gravatar.com\\\/avatar\\\/89915563d925342126b8ef0281b93d9d7fc337043e8df017f780908eb9644451?s=96&d=mm&r=g\",\"url\":\"https:\\\/\\\/secure.gravatar.com\\\/avatar\\\/89915563d925342126b8ef0281b93d9d7fc337043e8df017f780908eb9644451?s=96&d=mm&r=g\",\"contentUrl\":\"https:\\\/\\\/secure.gravatar.com\\\/avatar\\\/89915563d925342126b8ef0281b93d9d7fc337043e8df017f780908eb9644451?s=96&d=mm&r=g\",\"caption\":\"St\u00e9phane Miget\"},\"url\":\"https:\\\/\\\/batijournal.com\\\/index.php\\\/author\\\/stephane\\\/\"}]}<\/script>\n<!-- \/ Yoast SEO plugin. -->","yoast_head_json":{"title":"B\u00e2tir en fibres v\u00e9g\u00e9tales","robots":{"index":"index","follow":"follow","max-snippet":"max-snippet:-1","max-image-preview":"max-image-preview:large","max-video-preview":"max-video-preview:-1"},"canonical":"https:\/\/batijournal.com\/index.php\/batir-en-fibres-vegetales\/104941\/","og_locale":"fr_FR","og_type":"article","og_title":"B\u00e2tir en fibres v\u00e9g\u00e9tales","og_description":"Le CAUE du Calvados et Le Pavillon organisent du 14 octobre 2020 au 17 janvier 2021 une programmation culturelle autour de l\u2019exposition FIBRA, B\u00c2TIR EN FIBRES V\u00c9G\u00c9TALES et de la question du construire autrement. L\u2019exposition FIBRA est une co-production am\u00e0co, \u00c9cole nationale sup\u00e9rieure d\u2019architecture de Grenoble et ville de Grenoble. Face \u00e0 l\u2019\u00e9puisement des ressources, [&hellip;]","og_url":"https:\/\/batijournal.com\/index.php\/batir-en-fibres-vegetales\/104941\/","og_site_name":"Batijournal","article_published_time":"2020-10-09T05:33:11+00:00","og_image":[{"width":991,"height":694,"url":"https:\/\/batijournal.com\/wp-content\/uploads\/2020\/10\/Li-Xiaodong-Atelier-07.png","type":"image\/png"}],"author":"St\u00e9phane Miget","twitter_card":"summary_large_image","twitter_creator":"@bati_journal","twitter_site":"@bati_journal","twitter_misc":{"\u00c9crit par":"St\u00e9phane Miget","Dur\u00e9e de lecture estim\u00e9e":"2 minutes"},"schema":{"@context":"https:\/\/schema.org","@graph":[{"@type":"Article","@id":"https:\/\/batijournal.com\/index.php\/batir-en-fibres-vegetales\/104941\/#article","isPartOf":{"@id":"https:\/\/batijournal.com\/index.php\/batir-en-fibres-vegetales\/104941\/"},"author":{"name":"St\u00e9phane Miget","@id":"https:\/\/batijournal.com\/#\/schema\/person\/1dc96ec6957aa1ccb25ebe78bb19f100"},"headline":"B\u00e2tir en fibres v\u00e9g\u00e9tales","datePublished":"2020-10-09T05:33:11+00:00","mainEntityOfPage":{"@id":"https:\/\/batijournal.com\/index.php\/batir-en-fibres-vegetales\/104941\/"},"wordCount":330,"image":{"@id":"https:\/\/batijournal.com\/index.php\/batir-en-fibres-vegetales\/104941\/#primaryimage"},"thumbnailUrl":"https:\/\/batijournal.com\/wp-content\/uploads\/2020\/10\/Li-Xiaodong-Atelier-07.png","keywords":["fibres v\u00e9g\u00e9tales"],"articleSection":["Actualit\u00e9s","Architecture &amp; Conception","zz_Actualit\u00e9s - Plan\u00e8te","zz_Actualit\u00e9s - Woodsurfer","zz_Plan\u00e8te B\u00e2timent","zz_Woodsurfer"],"inLanguage":"fr-FR"},{"@type":"WebPage","@id":"https:\/\/batijournal.com\/index.php\/batir-en-fibres-vegetales\/104941\/","url":"https:\/\/batijournal.com\/index.php\/batir-en-fibres-vegetales\/104941\/","name":"B\u00e2tir en fibres v\u00e9g\u00e9tales","isPartOf":{"@id":"https:\/\/batijournal.com\/#website"},"primaryImageOfPage":{"@id":"https:\/\/batijournal.com\/index.php\/batir-en-fibres-vegetales\/104941\/#primaryimage"},"image":{"@id":"https:\/\/batijournal.com\/index.php\/batir-en-fibres-vegetales\/104941\/#primaryimage"},"thumbnailUrl":"https:\/\/batijournal.com\/wp-content\/uploads\/2020\/10\/Li-Xiaodong-Atelier-07.png","datePublished":"2020-10-09T05:33:11+00:00","author":{"@id":"https:\/\/batijournal.com\/#\/schema\/person\/1dc96ec6957aa1ccb25ebe78bb19f100"},"breadcrumb":{"@id":"https:\/\/batijournal.com\/index.php\/batir-en-fibres-vegetales\/104941\/#breadcrumb"},"inLanguage":"fr-FR","potentialAction":[{"@type":"ReadAction","target":["https:\/\/batijournal.com\/index.php\/batir-en-fibres-vegetales\/104941\/"]}]},{"@type":"ImageObject","inLanguage":"fr-FR","@id":"https:\/\/batijournal.com\/index.php\/batir-en-fibres-vegetales\/104941\/#primaryimage","url":"https:\/\/batijournal.com\/wp-content\/uploads\/2020\/10\/Li-Xiaodong-Atelier-07.png","contentUrl":"https:\/\/batijournal.com\/wp-content\/uploads\/2020\/10\/Li-Xiaodong-Atelier-07.png","width":991,"height":694},{"@type":"BreadcrumbList","@id":"https:\/\/batijournal.com\/index.php\/batir-en-fibres-vegetales\/104941\/#breadcrumb","itemListElement":[{"@type":"ListItem","position":1,"name":"Accueil","item":"https:\/\/batijournal.com\/"},{"@type":"ListItem","position":2,"name":"Actualit\u00e9s","item":"https:\/\/batijournal.com\/index.php\/category\/actualites\/"},{"@type":"ListItem","position":3,"name":"Architecture &amp; Conception","item":"https:\/\/batijournal.com\/index.php\/category\/actualites\/architecture-conception\/"},{"@type":"ListItem","position":4,"name":"B\u00e2tir en fibres v\u00e9g\u00e9tales"}]},{"@type":"WebSite","@id":"https:\/\/batijournal.com\/#website","url":"https:\/\/batijournal.com\/","name":"Batijournal","description":"L&#039;actualit\u00e9 du b\u00e2timent","potentialAction":[{"@type":"SearchAction","target":{"@type":"EntryPoint","urlTemplate":"https:\/\/batijournal.com\/?s={search_term_string}"},"query-input":{"@type":"PropertyValueSpecification","valueRequired":true,"valueName":"search_term_string"}}],"inLanguage":"fr-FR"},{"@type":"Person","@id":"https:\/\/batijournal.com\/#\/schema\/person\/1dc96ec6957aa1ccb25ebe78bb19f100","name":"St\u00e9phane Miget","image":{"@type":"ImageObject","inLanguage":"fr-FR","@id":"https:\/\/secure.gravatar.com\/avatar\/89915563d925342126b8ef0281b93d9d7fc337043e8df017f780908eb9644451?s=96&d=mm&r=g","url":"https:\/\/secure.gravatar.com\/avatar\/89915563d925342126b8ef0281b93d9d7fc337043e8df017f780908eb9644451?s=96&d=mm&r=g","contentUrl":"https:\/\/secure.gravatar.com\/avatar\/89915563d925342126b8ef0281b93d9d7fc337043e8df017f780908eb9644451?s=96&d=mm&r=g","caption":"St\u00e9phane Miget"},"url":"https:\/\/batijournal.com\/index.php\/author\/stephane\/"}]}},"_links":{"self":[{"href":"https:\/\/batijournal.com\/index.php\/wp-json\/wp\/v2\/posts\/104941","targetHints":{"allow":["GET"]}}],"collection":[{"href":"https:\/\/batijournal.com\/index.php\/wp-json\/wp\/v2\/posts"}],"about":[{"href":"https:\/\/batijournal.com\/index.php\/wp-json\/wp\/v2\/types\/post"}],"author":[{"embeddable":true,"href":"https:\/\/batijournal.com\/index.php\/wp-json\/wp\/v2\/users\/17"}],"replies":[{"embeddable":true,"href":"https:\/\/batijournal.com\/index.php\/wp-json\/wp\/v2\/comments?post=104941"}],"version-history":[{"count":0,"href":"https:\/\/batijournal.com\/index.php\/wp-json\/wp\/v2\/posts\/104941\/revisions"}],"wp:featuredmedia":[{"embeddable":true,"href":"https:\/\/batijournal.com\/index.php\/wp-json\/wp\/v2\/media\/104942"}],"wp:attachment":[{"href":"https:\/\/batijournal.com\/index.php\/wp-json\/wp\/v2\/media?parent=104941"}],"wp:term":[{"taxonomy":"category","embeddable":true,"href":"https:\/\/batijournal.com\/index.php\/wp-json\/wp\/v2\/categories?post=104941"},{"taxonomy":"post_tag","embeddable":true,"href":"https:\/\/batijournal.com\/index.php\/wp-json\/wp\/v2\/tags?post=104941"}],"curies":[{"name":"wp","href":"https:\/\/api.w.org\/{rel}","templated":true}]}}