{"id":104949,"date":"2020-10-12T07:32:59","date_gmt":"2020-10-12T05:32:59","guid":{"rendered":"https:\/\/batijournal.com\/?p=104949"},"modified":"2020-10-12T07:32:59","modified_gmt":"2020-10-12T05:32:59","slug":"le-colloque-annuel-du-cibe-se-tiendra-a-distance","status":"publish","type":"post","link":"https:\/\/batijournal.com\/index.php\/le-colloque-annuel-du-cibe-se-tiendra-a-distance\/104949\/","title":{"rendered":"Le colloque annuel du CIBE se tiendra \u00e0 distance"},"content":{"rendered":"<p>Les contraintes sanitaires actuelles, ont oblig\u00e9 le CIBE (Comit\u00e9 Interprofessionnel\u00a0du Bois-Energie) \u00e0 organiser son colloque annuel en visioconf\u00e9rence. Dans un contexte \u00e9nerg\u00e9tique en transition, le bois-\u00e9nergie collectif et industriel, au c\u0153ur de cette transition, donne rendez-vous, avec le soutien de l&rsquo;ADEME et de la R\u00e9gion Hauts de France, le jeudi 5 novembre 2020 \u00e0 distance. Le programme, ainsi que le nouveau bulletin d&rsquo;inscription sont disponibles en ligne : <a href=\"https:\/\/cibe.fr\/2020\/06\/12\/colloque-2020-lille\/\">https:\/\/cibe.fr\/2020\/06\/12\/colloque-2020-lille\/<\/a><br \/>\nInterventions pr\u00e9vues de : ADEME, AILE, AMORCE, ATEE, CEDEN, Chaleur Bois Qualit\u00e9 + (CBQ+), D\u00e9bat\/Best \u00e9nergies, Dalkia, Engie \u00c9nergie Services, FNCCR, France Chimie, IDDRI, INDDIGO, Kyotherm, LERMAB Universit\u00e9 de Lorraine et la R\u00e9gion Hauts-de-France.<\/p>\n<p>&nbsp;<\/p>\n","protected":false},"excerpt":{"rendered":"<p>Les contraintes sanitaires actuelles, ont oblig\u00e9 le CIBE (Comit\u00e9 Interprofessionnel\u00a0du Bois-Energie) \u00e0 organiser son colloque annuel en visioconf\u00e9rence. Dans un contexte \u00e9nerg\u00e9tique en transition, le bois-\u00e9nergie collectif et industriel, au c\u0153ur de cette transition, donne rendez-vous, avec le soutien de l&rsquo;ADEME et de la R\u00e9gion Hauts de France, le jeudi 5 novembre 2020 \u00e0 distance. [&hellip;]<\/p>\n","protected":false},"author":17,"featured_media":104950,"comment_status":"closed","ping_status":"closed","sticky":false,"template":"","format":"standard","meta":{"_et_pb_use_builder":"","_et_pb_old_content":"","_et_gb_content_width":"","footnotes":""},"categories":[10530,6351,10781,10778],"tags":[4083],"class_list":["post-104949","post","type-post","status-publish","format-standard","has-post-thumbnail","hentry","category-actualites","category-energie-environnement","category-publications-planete","category-planete","tag-bois-energie"],"yoast_head":"<!-- This site is optimized with the Yoast SEO plugin v27.4 - https:\/\/yoast.com\/product\/yoast-seo-wordpress\/ -->\n<title>Le colloque annuel du CIBE se tiendra \u00e0 distance<\/title>\n<meta name=\"robots\" content=\"index, follow, max-snippet:-1, max-image-preview:large, max-video-preview:-1\" \/>\n<link rel=\"canonical\" href=\"https:\/\/batijournal.com\/index.php\/le-colloque-annuel-du-cibe-se-tiendra-a-distance\/104949\/\" \/>\n<meta property=\"og:locale\" content=\"fr_FR\" \/>\n<meta property=\"og:type\" content=\"article\" \/>\n<meta property=\"og:title\" content=\"Le colloque annuel du CIBE se tiendra \u00e0 distance\" \/>\n<meta property=\"og:description\" content=\"Les contraintes sanitaires actuelles, ont oblig\u00e9 le CIBE (Comit\u00e9 Interprofessionnel\u00a0du Bois-Energie) \u00e0 organiser son colloque annuel en visioconf\u00e9rence. Dans un contexte \u00e9nerg\u00e9tique en transition, le bois-\u00e9nergie collectif et industriel, au c\u0153ur de cette transition, donne rendez-vous, avec le soutien de l&rsquo;ADEME et de la R\u00e9gion Hauts de France, le jeudi 5 novembre 2020 \u00e0 distance. [&hellip;]\" \/>\n<meta property=\"og:url\" content=\"https:\/\/batijournal.com\/index.php\/le-colloque-annuel-du-cibe-se-tiendra-a-distance\/104949\/\" \/>\n<meta property=\"og:site_name\" content=\"Batijournal\" \/>\n<meta property=\"article:published_time\" content=\"2020-10-12T05:32:59+00:00\" \/>\n<meta property=\"og:image\" content=\"https:\/\/batijournal.com\/wp-content\/uploads\/2020\/10\/colloque-2020-cibe-visioconference.jpg\" \/>\n\t<meta property=\"og:image:width\" content=\"1200\" \/>\n\t<meta property=\"og:image:height\" content=\"691\" \/>\n\t<meta property=\"og:image:type\" content=\"image\/jpeg\" \/>\n<meta name=\"author\" content=\"St\u00e9phane Miget\" \/>\n<meta name=\"twitter:card\" content=\"summary_large_image\" \/>\n<meta name=\"twitter:creator\" content=\"@bati_journal\" \/>\n<meta name=\"twitter:site\" content=\"@bati_journal\" \/>\n<meta name=\"twitter:label1\" content=\"\u00c9crit par\" \/>\n\t<meta name=\"twitter:data1\" content=\"St\u00e9phane Miget\" \/>\n\t<meta name=\"twitter:label2\" content=\"Dur\u00e9e de lecture estim\u00e9e\" \/>\n\t<meta name=\"twitter:data2\" content=\"1 minute\" \/>\n<script type=\"application\/ld+json\" class=\"yoast-schema-graph\">{\"@context\":\"https:\\\/\\\/schema.org\",\"@graph\":[{\"@type\":\"Article\",\"@id\":\"https:\\\/\\\/batijournal.com\\\/index.php\\\/le-colloque-annuel-du-cibe-se-tiendra-a-distance\\\/104949\\\/#article\",\"isPartOf\":{\"@id\":\"https:\\\/\\\/batijournal.com\\\/index.php\\\/le-colloque-annuel-du-cibe-se-tiendra-a-distance\\\/104949\\\/\"},\"author\":{\"name\":\"St\u00e9phane Miget\",\"@id\":\"https:\\\/\\\/batijournal.com\\\/#\\\/schema\\\/person\\\/1dc96ec6957aa1ccb25ebe78bb19f100\"},\"headline\":\"Le colloque annuel du CIBE se tiendra \u00e0 distance\",\"datePublished\":\"2020-10-12T05:32:59+00:00\",\"mainEntityOfPage\":{\"@id\":\"https:\\\/\\\/batijournal.com\\\/index.php\\\/le-colloque-annuel-du-cibe-se-tiendra-a-distance\\\/104949\\\/\"},\"wordCount\":121,\"image\":{\"@id\":\"https:\\\/\\\/batijournal.com\\\/index.php\\\/le-colloque-annuel-du-cibe-se-tiendra-a-distance\\\/104949\\\/#primaryimage\"},\"thumbnailUrl\":\"https:\\\/\\\/batijournal.com\\\/wp-content\\\/uploads\\\/2020\\\/10\\\/colloque-2020-cibe-visioconference.jpg\",\"keywords\":[\"bois \u00e9nergie\"],\"articleSection\":[\"Actualit\u00e9s\",\"\u00c9nergie &amp; Environnement\",\"zz_Actualit\u00e9s - Plan\u00e8te\",\"zz_Plan\u00e8te B\u00e2timent\"],\"inLanguage\":\"fr-FR\"},{\"@type\":\"WebPage\",\"@id\":\"https:\\\/\\\/batijournal.com\\\/index.php\\\/le-colloque-annuel-du-cibe-se-tiendra-a-distance\\\/104949\\\/\",\"url\":\"https:\\\/\\\/batijournal.com\\\/index.php\\\/le-colloque-annuel-du-cibe-se-tiendra-a-distance\\\/104949\\\/\",\"name\":\"Le colloque annuel du CIBE se tiendra \u00e0 distance\",\"isPartOf\":{\"@id\":\"https:\\\/\\\/batijournal.com\\\/#website\"},\"primaryImageOfPage\":{\"@id\":\"https:\\\/\\\/batijournal.com\\\/index.php\\\/le-colloque-annuel-du-cibe-se-tiendra-a-distance\\\/104949\\\/#primaryimage\"},\"image\":{\"@id\":\"https:\\\/\\\/batijournal.com\\\/index.php\\\/le-colloque-annuel-du-cibe-se-tiendra-a-distance\\\/104949\\\/#primaryimage\"},\"thumbnailUrl\":\"https:\\\/\\\/batijournal.com\\\/wp-content\\\/uploads\\\/2020\\\/10\\\/colloque-2020-cibe-visioconference.jpg\",\"datePublished\":\"2020-10-12T05:32:59+00:00\",\"author\":{\"@id\":\"https:\\\/\\\/batijournal.com\\\/#\\\/schema\\\/person\\\/1dc96ec6957aa1ccb25ebe78bb19f100\"},\"breadcrumb\":{\"@id\":\"https:\\\/\\\/batijournal.com\\\/index.php\\\/le-colloque-annuel-du-cibe-se-tiendra-a-distance\\\/104949\\\/#breadcrumb\"},\"inLanguage\":\"fr-FR\",\"potentialAction\":[{\"@type\":\"ReadAction\",\"target\":[\"https:\\\/\\\/batijournal.com\\\/index.php\\\/le-colloque-annuel-du-cibe-se-tiendra-a-distance\\\/104949\\\/\"]}]},{\"@type\":\"ImageObject\",\"inLanguage\":\"fr-FR\",\"@id\":\"https:\\\/\\\/batijournal.com\\\/index.php\\\/le-colloque-annuel-du-cibe-se-tiendra-a-distance\\\/104949\\\/#primaryimage\",\"url\":\"https:\\\/\\\/batijournal.com\\\/wp-content\\\/uploads\\\/2020\\\/10\\\/colloque-2020-cibe-visioconference.jpg\",\"contentUrl\":\"https:\\\/\\\/batijournal.com\\\/wp-content\\\/uploads\\\/2020\\\/10\\\/colloque-2020-cibe-visioconference.jpg\",\"width\":1200,\"height\":691},{\"@type\":\"BreadcrumbList\",\"@id\":\"https:\\\/\\\/batijournal.com\\\/index.php\\\/le-colloque-annuel-du-cibe-se-tiendra-a-distance\\\/104949\\\/#breadcrumb\",\"itemListElement\":[{\"@type\":\"ListItem\",\"position\":1,\"name\":\"Accueil\",\"item\":\"https:\\\/\\\/batijournal.com\\\/\"},{\"@type\":\"ListItem\",\"position\":2,\"name\":\"Actualit\u00e9s\",\"item\":\"https:\\\/\\\/batijournal.com\\\/index.php\\\/category\\\/actualites\\\/\"},{\"@type\":\"ListItem\",\"position\":3,\"name\":\"\u00c9nergie &amp; Environnement\",\"item\":\"https:\\\/\\\/batijournal.com\\\/index.php\\\/category\\\/actualites\\\/energie-environnement\\\/\"},{\"@type\":\"ListItem\",\"position\":4,\"name\":\"Le colloque annuel du CIBE se tiendra \u00e0 distance\"}]},{\"@type\":\"WebSite\",\"@id\":\"https:\\\/\\\/batijournal.com\\\/#website\",\"url\":\"https:\\\/\\\/batijournal.com\\\/\",\"name\":\"Batijournal\",\"description\":\"L&#039;actualit\u00e9 du b\u00e2timent\",\"potentialAction\":[{\"@type\":\"SearchAction\",\"target\":{\"@type\":\"EntryPoint\",\"urlTemplate\":\"https:\\\/\\\/batijournal.com\\\/?s={search_term_string}\"},\"query-input\":{\"@type\":\"PropertyValueSpecification\",\"valueRequired\":true,\"valueName\":\"search_term_string\"}}],\"inLanguage\":\"fr-FR\"},{\"@type\":\"Person\",\"@id\":\"https:\\\/\\\/batijournal.com\\\/#\\\/schema\\\/person\\\/1dc96ec6957aa1ccb25ebe78bb19f100\",\"name\":\"St\u00e9phane Miget\",\"image\":{\"@type\":\"ImageObject\",\"inLanguage\":\"fr-FR\",\"@id\":\"https:\\\/\\\/secure.gravatar.com\\\/avatar\\\/89915563d925342126b8ef0281b93d9d7fc337043e8df017f780908eb9644451?s=96&d=mm&r=g\",\"url\":\"https:\\\/\\\/secure.gravatar.com\\\/avatar\\\/89915563d925342126b8ef0281b93d9d7fc337043e8df017f780908eb9644451?s=96&d=mm&r=g\",\"contentUrl\":\"https:\\\/\\\/secure.gravatar.com\\\/avatar\\\/89915563d925342126b8ef0281b93d9d7fc337043e8df017f780908eb9644451?s=96&d=mm&r=g\",\"caption\":\"St\u00e9phane Miget\"},\"url\":\"https:\\\/\\\/batijournal.com\\\/index.php\\\/author\\\/stephane\\\/\"}]}<\/script>\n<!-- \/ Yoast SEO plugin. -->","yoast_head_json":{"title":"Le colloque annuel du CIBE se tiendra \u00e0 distance","robots":{"index":"index","follow":"follow","max-snippet":"max-snippet:-1","max-image-preview":"max-image-preview:large","max-video-preview":"max-video-preview:-1"},"canonical":"https:\/\/batijournal.com\/index.php\/le-colloque-annuel-du-cibe-se-tiendra-a-distance\/104949\/","og_locale":"fr_FR","og_type":"article","og_title":"Le colloque annuel du CIBE se tiendra \u00e0 distance","og_description":"Les contraintes sanitaires actuelles, ont oblig\u00e9 le CIBE (Comit\u00e9 Interprofessionnel\u00a0du Bois-Energie) \u00e0 organiser son colloque annuel en visioconf\u00e9rence. Dans un contexte \u00e9nerg\u00e9tique en transition, le bois-\u00e9nergie collectif et industriel, au c\u0153ur de cette transition, donne rendez-vous, avec le soutien de l&rsquo;ADEME et de la R\u00e9gion Hauts de France, le jeudi 5 novembre 2020 \u00e0 distance. [&hellip;]","og_url":"https:\/\/batijournal.com\/index.php\/le-colloque-annuel-du-cibe-se-tiendra-a-distance\/104949\/","og_site_name":"Batijournal","article_published_time":"2020-10-12T05:32:59+00:00","og_image":[{"width":1200,"height":691,"url":"https:\/\/batijournal.com\/wp-content\/uploads\/2020\/10\/colloque-2020-cibe-visioconference.jpg","type":"image\/jpeg"}],"author":"St\u00e9phane Miget","twitter_card":"summary_large_image","twitter_creator":"@bati_journal","twitter_site":"@bati_journal","twitter_misc":{"\u00c9crit par":"St\u00e9phane Miget","Dur\u00e9e de lecture estim\u00e9e":"1 minute"},"schema":{"@context":"https:\/\/schema.org","@graph":[{"@type":"Article","@id":"https:\/\/batijournal.com\/index.php\/le-colloque-annuel-du-cibe-se-tiendra-a-distance\/104949\/#article","isPartOf":{"@id":"https:\/\/batijournal.com\/index.php\/le-colloque-annuel-du-cibe-se-tiendra-a-distance\/104949\/"},"author":{"name":"St\u00e9phane Miget","@id":"https:\/\/batijournal.com\/#\/schema\/person\/1dc96ec6957aa1ccb25ebe78bb19f100"},"headline":"Le colloque annuel du CIBE se tiendra \u00e0 distance","datePublished":"2020-10-12T05:32:59+00:00","mainEntityOfPage":{"@id":"https:\/\/batijournal.com\/index.php\/le-colloque-annuel-du-cibe-se-tiendra-a-distance\/104949\/"},"wordCount":121,"image":{"@id":"https:\/\/batijournal.com\/index.php\/le-colloque-annuel-du-cibe-se-tiendra-a-distance\/104949\/#primaryimage"},"thumbnailUrl":"https:\/\/batijournal.com\/wp-content\/uploads\/2020\/10\/colloque-2020-cibe-visioconference.jpg","keywords":["bois \u00e9nergie"],"articleSection":["Actualit\u00e9s","\u00c9nergie &amp; Environnement","zz_Actualit\u00e9s - Plan\u00e8te","zz_Plan\u00e8te B\u00e2timent"],"inLanguage":"fr-FR"},{"@type":"WebPage","@id":"https:\/\/batijournal.com\/index.php\/le-colloque-annuel-du-cibe-se-tiendra-a-distance\/104949\/","url":"https:\/\/batijournal.com\/index.php\/le-colloque-annuel-du-cibe-se-tiendra-a-distance\/104949\/","name":"Le colloque annuel du CIBE se tiendra \u00e0 distance","isPartOf":{"@id":"https:\/\/batijournal.com\/#website"},"primaryImageOfPage":{"@id":"https:\/\/batijournal.com\/index.php\/le-colloque-annuel-du-cibe-se-tiendra-a-distance\/104949\/#primaryimage"},"image":{"@id":"https:\/\/batijournal.com\/index.php\/le-colloque-annuel-du-cibe-se-tiendra-a-distance\/104949\/#primaryimage"},"thumbnailUrl":"https:\/\/batijournal.com\/wp-content\/uploads\/2020\/10\/colloque-2020-cibe-visioconference.jpg","datePublished":"2020-10-12T05:32:59+00:00","author":{"@id":"https:\/\/batijournal.com\/#\/schema\/person\/1dc96ec6957aa1ccb25ebe78bb19f100"},"breadcrumb":{"@id":"https:\/\/batijournal.com\/index.php\/le-colloque-annuel-du-cibe-se-tiendra-a-distance\/104949\/#breadcrumb"},"inLanguage":"fr-FR","potentialAction":[{"@type":"ReadAction","target":["https:\/\/batijournal.com\/index.php\/le-colloque-annuel-du-cibe-se-tiendra-a-distance\/104949\/"]}]},{"@type":"ImageObject","inLanguage":"fr-FR","@id":"https:\/\/batijournal.com\/index.php\/le-colloque-annuel-du-cibe-se-tiendra-a-distance\/104949\/#primaryimage","url":"https:\/\/batijournal.com\/wp-content\/uploads\/2020\/10\/colloque-2020-cibe-visioconference.jpg","contentUrl":"https:\/\/batijournal.com\/wp-content\/uploads\/2020\/10\/colloque-2020-cibe-visioconference.jpg","width":1200,"height":691},{"@type":"BreadcrumbList","@id":"https:\/\/batijournal.com\/index.php\/le-colloque-annuel-du-cibe-se-tiendra-a-distance\/104949\/#breadcrumb","itemListElement":[{"@type":"ListItem","position":1,"name":"Accueil","item":"https:\/\/batijournal.com\/"},{"@type":"ListItem","position":2,"name":"Actualit\u00e9s","item":"https:\/\/batijournal.com\/index.php\/category\/actualites\/"},{"@type":"ListItem","position":3,"name":"\u00c9nergie &amp; Environnement","item":"https:\/\/batijournal.com\/index.php\/category\/actualites\/energie-environnement\/"},{"@type":"ListItem","position":4,"name":"Le colloque annuel du CIBE se tiendra \u00e0 distance"}]},{"@type":"WebSite","@id":"https:\/\/batijournal.com\/#website","url":"https:\/\/batijournal.com\/","name":"Batijournal","description":"L&#039;actualit\u00e9 du b\u00e2timent","potentialAction":[{"@type":"SearchAction","target":{"@type":"EntryPoint","urlTemplate":"https:\/\/batijournal.com\/?s={search_term_string}"},"query-input":{"@type":"PropertyValueSpecification","valueRequired":true,"valueName":"search_term_string"}}],"inLanguage":"fr-FR"},{"@type":"Person","@id":"https:\/\/batijournal.com\/#\/schema\/person\/1dc96ec6957aa1ccb25ebe78bb19f100","name":"St\u00e9phane Miget","image":{"@type":"ImageObject","inLanguage":"fr-FR","@id":"https:\/\/secure.gravatar.com\/avatar\/89915563d925342126b8ef0281b93d9d7fc337043e8df017f780908eb9644451?s=96&d=mm&r=g","url":"https:\/\/secure.gravatar.com\/avatar\/89915563d925342126b8ef0281b93d9d7fc337043e8df017f780908eb9644451?s=96&d=mm&r=g","contentUrl":"https:\/\/secure.gravatar.com\/avatar\/89915563d925342126b8ef0281b93d9d7fc337043e8df017f780908eb9644451?s=96&d=mm&r=g","caption":"St\u00e9phane Miget"},"url":"https:\/\/batijournal.com\/index.php\/author\/stephane\/"}]}},"_links":{"self":[{"href":"https:\/\/batijournal.com\/index.php\/wp-json\/wp\/v2\/posts\/104949","targetHints":{"allow":["GET"]}}],"collection":[{"href":"https:\/\/batijournal.com\/index.php\/wp-json\/wp\/v2\/posts"}],"about":[{"href":"https:\/\/batijournal.com\/index.php\/wp-json\/wp\/v2\/types\/post"}],"author":[{"embeddable":true,"href":"https:\/\/batijournal.com\/index.php\/wp-json\/wp\/v2\/users\/17"}],"replies":[{"embeddable":true,"href":"https:\/\/batijournal.com\/index.php\/wp-json\/wp\/v2\/comments?post=104949"}],"version-history":[{"count":0,"href":"https:\/\/batijournal.com\/index.php\/wp-json\/wp\/v2\/posts\/104949\/revisions"}],"wp:featuredmedia":[{"embeddable":true,"href":"https:\/\/batijournal.com\/index.php\/wp-json\/wp\/v2\/media\/104950"}],"wp:attachment":[{"href":"https:\/\/batijournal.com\/index.php\/wp-json\/wp\/v2\/media?parent=104949"}],"wp:term":[{"taxonomy":"category","embeddable":true,"href":"https:\/\/batijournal.com\/index.php\/wp-json\/wp\/v2\/categories?post=104949"},{"taxonomy":"post_tag","embeddable":true,"href":"https:\/\/batijournal.com\/index.php\/wp-json\/wp\/v2\/tags?post=104949"}],"curies":[{"name":"wp","href":"https:\/\/api.w.org\/{rel}","templated":true}]}}