{"id":104958,"date":"2020-10-12T09:02:41","date_gmt":"2020-10-12T07:02:41","guid":{"rendered":"https:\/\/batijournal.com\/?p=104958"},"modified":"2020-10-12T09:02:41","modified_gmt":"2020-10-12T07:02:41","slug":"les-francais-ont-besoin-de-plus-grands-logements","status":"publish","type":"post","link":"https:\/\/batijournal.com\/index.php\/les-francais-ont-besoin-de-plus-grands-logements\/104958\/","title":{"rendered":"Les Fran\u00e7ais ont besoin de plus grands logements"},"content":{"rendered":"<p><strong>Faute de pouvoir pousser les murs et d\u2019inventer les m\u00e8tres carr\u00e9s suppl\u00e9mentaires, la question de l\u2019am\u00e9nagement int\u00e9rieur des logements est plus cruciale que jamais. L\u2019habitat doit \u00eatre plus flexible, plus pratique, adapt\u00e9 au bien-vieillir. Telles sont les conditions pour un logement en phase avec l\u2019\u00e9volution des attentes et des modes de vie des Fran\u00e7ais selon la la quatri\u00e8me \u00e9dition du Barom\u00e8tre annuel consacr\u00e9 \u00e0 la Qualit\u00e9 du logement de QUALITEL, en partenariat avec Ipsos.<\/strong><\/p>\n<p>Le d\u00e9calage entre r\u00e9alit\u00e9 des logements, attentes et modes de vie se ressent \u00e0 diff\u00e9rents niveaux. C\u2019est \u00e0 l\u2019\u00e2ge o\u00f9 l\u2019on a potentiellement besoin de plus de surface (quand la famille s\u2019agrandit) qu\u2019elle vient le plus \u00e0 manquer. Les 34-44 ans disposent en moyenne de 37 m2 par personne, soit pr\u00e8s de deux fois moins que les plus de 60 ans (64 m2 par personne en moyenne). Le manque d\u2019espace d\u00e9grade la vie quotidienne : 4 familles sur 10 vivant en appartement ne disposent pas d\u2019une chambre par enfant, alors m\u00eame qu\u2019il s\u2019agit de l\u2019espace jug\u00e9 le plus indispensable par les Fran\u00e7ais (devant les espaces ext\u00e9rieurs !).<\/p>\n<p>L\u2019exig\u00fcit\u00e9 ne facilite pas les bons r\u00e9flexes environnementaux : la moiti\u00e9 des Fran\u00e7ais n\u2019a pas assez de place dans sa cuisine pour un bac de tri s\u00e9lectif. Au chapitre des \u00e9quipements de base, pr\u00e8s de la moiti\u00e9 des foyers avec des revenus modestes (45%) ne dispose pas d\u2019assez de place dans sa cuisine pour y installer un lave-vaisselle.<\/p>\n<p>Comment installer des espaces de t\u00e9l\u00e9travail alors que l\u2019on manque d\u00e9j\u00e0 de surface ? 4 Fran\u00e7ais sur 10 ne disposent pas de bureau ou de coin bureau ; une proportion analogue (34%) estime que son logement n\u2019est pas adapt\u00e9 au t\u00e9l\u00e9travail.<\/p>\n<p>L\u2019appartement est le plus souvent un choix par d\u00e9faut : 58% des habitants d\u2019appartement aimeraient habiter une maison.<\/p>\n<p>En qu\u00eate d\u2019espace de vie, les Fran\u00e7ais pl\u00e9biscitent la pi\u00e8ce \u00e0 vivre. S\u2019ils devaient choisir, ils pr\u00e9f\u00e9reraient augmenter la taille de leur pi\u00e8ce \u00e0 vivre quitte \u00e0 diminuer la surface de leur chambre principale, de leur salle de bain, de la chambre d\u2019enfant ou m\u00eame de leur cuisine. La pi\u00e8ce \u00e0 vivre doit \u00eatre ouverte sur la salle manger et la cuisine. Ils sont trois fois plus nombreux (56% de la population) \u00e0 pr\u00e9f\u00e9rer le double s\u00e9jour que la salle \u00e0 manger distincte (19%).<\/p>\n<p>Les capacit\u00e9s de rangement constituent le premier motif d\u2019insatisfaction \u00e0 l\u2019\u00e9gard de l\u2019agencement du logement, devant la superficie globale ! Cette sensibilit\u00e9 aux espaces de rangement interroge notamment sur la disparition des caves, qui ne font plus partie des standards actuels de la construction : 65% des logements de plus de dix ans disposent d\u2019une cave ou d\u2019un grenier contre 36% des logements de moins de 10 ans.<\/p>\n","protected":false},"excerpt":{"rendered":"<p>Faute de pouvoir pousser les murs et d\u2019inventer les m\u00e8tres carr\u00e9s suppl\u00e9mentaires, la question de l\u2019am\u00e9nagement int\u00e9rieur des logements est plus cruciale que jamais. L\u2019habitat doit \u00eatre plus flexible, plus pratique, adapt\u00e9 au bien-vieillir. Telles sont les conditions pour un logement en phase avec l\u2019\u00e9volution des attentes et des modes de vie des Fran\u00e7ais selon [&hellip;]<\/p>\n","protected":false},"author":17,"featured_media":104959,"comment_status":"closed","ping_status":"closed","sticky":false,"template":"","format":"standard","meta":{"_et_pb_use_builder":"","_et_pb_old_content":"","_et_gb_content_width":"","footnotes":""},"categories":[10736,10530,6340],"tags":[878],"class_list":["post-104958","post","type-post","status-publish","format-standard","has-post-thumbnail","hentry","category-a-la-une","category-actualites","category-architecture-conception","tag-qualitel"],"yoast_head":"<!-- This site is optimized with the Yoast SEO plugin v27.4 - https:\/\/yoast.com\/product\/yoast-seo-wordpress\/ -->\n<title>Les Fran\u00e7ais ont besoin de plus grands logements<\/title>\n<meta name=\"robots\" content=\"index, follow, max-snippet:-1, max-image-preview:large, max-video-preview:-1\" \/>\n<link rel=\"canonical\" href=\"https:\/\/batijournal.com\/index.php\/les-francais-ont-besoin-de-plus-grands-logements\/104958\/\" \/>\n<meta property=\"og:locale\" content=\"fr_FR\" \/>\n<meta property=\"og:type\" content=\"article\" \/>\n<meta property=\"og:title\" content=\"Les Fran\u00e7ais ont besoin de plus grands logements\" \/>\n<meta property=\"og:description\" content=\"Faute de pouvoir pousser les murs et d\u2019inventer les m\u00e8tres carr\u00e9s suppl\u00e9mentaires, la question de l\u2019am\u00e9nagement int\u00e9rieur des logements est plus cruciale que jamais. L\u2019habitat doit \u00eatre plus flexible, plus pratique, adapt\u00e9 au bien-vieillir. Telles sont les conditions pour un logement en phase avec l\u2019\u00e9volution des attentes et des modes de vie des Fran\u00e7ais selon [&hellip;]\" \/>\n<meta property=\"og:url\" content=\"https:\/\/batijournal.com\/index.php\/les-francais-ont-besoin-de-plus-grands-logements\/104958\/\" \/>\n<meta property=\"og:site_name\" content=\"Batijournal\" \/>\n<meta property=\"article:published_time\" content=\"2020-10-12T07:02:41+00:00\" \/>\n<meta property=\"og:image\" content=\"https:\/\/batijournal.com\/wp-content\/uploads\/2020\/10\/hauteur-sous-plafond.png\" \/>\n\t<meta property=\"og:image:width\" content=\"868\" \/>\n\t<meta property=\"og:image:height\" content=\"481\" \/>\n\t<meta property=\"og:image:type\" content=\"image\/png\" \/>\n<meta name=\"author\" content=\"St\u00e9phane Miget\" \/>\n<meta name=\"twitter:card\" content=\"summary_large_image\" \/>\n<meta name=\"twitter:creator\" content=\"@bati_journal\" \/>\n<meta name=\"twitter:site\" content=\"@bati_journal\" \/>\n<meta name=\"twitter:label1\" content=\"\u00c9crit par\" \/>\n\t<meta name=\"twitter:data1\" content=\"St\u00e9phane Miget\" \/>\n\t<meta name=\"twitter:label2\" content=\"Dur\u00e9e de lecture estim\u00e9e\" \/>\n\t<meta name=\"twitter:data2\" content=\"2 minutes\" \/>\n<script type=\"application\/ld+json\" class=\"yoast-schema-graph\">{\"@context\":\"https:\\\/\\\/schema.org\",\"@graph\":[{\"@type\":\"Article\",\"@id\":\"https:\\\/\\\/batijournal.com\\\/index.php\\\/les-francais-ont-besoin-de-plus-grands-logements\\\/104958\\\/#article\",\"isPartOf\":{\"@id\":\"https:\\\/\\\/batijournal.com\\\/index.php\\\/les-francais-ont-besoin-de-plus-grands-logements\\\/104958\\\/\"},\"author\":{\"name\":\"St\u00e9phane Miget\",\"@id\":\"https:\\\/\\\/batijournal.com\\\/#\\\/schema\\\/person\\\/1dc96ec6957aa1ccb25ebe78bb19f100\"},\"headline\":\"Les Fran\u00e7ais ont besoin de plus grands logements\",\"datePublished\":\"2020-10-12T07:02:41+00:00\",\"mainEntityOfPage\":{\"@id\":\"https:\\\/\\\/batijournal.com\\\/index.php\\\/les-francais-ont-besoin-de-plus-grands-logements\\\/104958\\\/\"},\"wordCount\":495,\"image\":{\"@id\":\"https:\\\/\\\/batijournal.com\\\/index.php\\\/les-francais-ont-besoin-de-plus-grands-logements\\\/104958\\\/#primaryimage\"},\"thumbnailUrl\":\"https:\\\/\\\/batijournal.com\\\/wp-content\\\/uploads\\\/2020\\\/10\\\/hauteur-sous-plafond.png\",\"keywords\":[\"Qualitel\"],\"articleSection\":[\"A la Une\",\"Actualit\u00e9s\",\"Architecture &amp; Conception\"],\"inLanguage\":\"fr-FR\"},{\"@type\":\"WebPage\",\"@id\":\"https:\\\/\\\/batijournal.com\\\/index.php\\\/les-francais-ont-besoin-de-plus-grands-logements\\\/104958\\\/\",\"url\":\"https:\\\/\\\/batijournal.com\\\/index.php\\\/les-francais-ont-besoin-de-plus-grands-logements\\\/104958\\\/\",\"name\":\"Les Fran\u00e7ais ont besoin de plus grands logements\",\"isPartOf\":{\"@id\":\"https:\\\/\\\/batijournal.com\\\/#website\"},\"primaryImageOfPage\":{\"@id\":\"https:\\\/\\\/batijournal.com\\\/index.php\\\/les-francais-ont-besoin-de-plus-grands-logements\\\/104958\\\/#primaryimage\"},\"image\":{\"@id\":\"https:\\\/\\\/batijournal.com\\\/index.php\\\/les-francais-ont-besoin-de-plus-grands-logements\\\/104958\\\/#primaryimage\"},\"thumbnailUrl\":\"https:\\\/\\\/batijournal.com\\\/wp-content\\\/uploads\\\/2020\\\/10\\\/hauteur-sous-plafond.png\",\"datePublished\":\"2020-10-12T07:02:41+00:00\",\"author\":{\"@id\":\"https:\\\/\\\/batijournal.com\\\/#\\\/schema\\\/person\\\/1dc96ec6957aa1ccb25ebe78bb19f100\"},\"breadcrumb\":{\"@id\":\"https:\\\/\\\/batijournal.com\\\/index.php\\\/les-francais-ont-besoin-de-plus-grands-logements\\\/104958\\\/#breadcrumb\"},\"inLanguage\":\"fr-FR\",\"potentialAction\":[{\"@type\":\"ReadAction\",\"target\":[\"https:\\\/\\\/batijournal.com\\\/index.php\\\/les-francais-ont-besoin-de-plus-grands-logements\\\/104958\\\/\"]}]},{\"@type\":\"ImageObject\",\"inLanguage\":\"fr-FR\",\"@id\":\"https:\\\/\\\/batijournal.com\\\/index.php\\\/les-francais-ont-besoin-de-plus-grands-logements\\\/104958\\\/#primaryimage\",\"url\":\"https:\\\/\\\/batijournal.com\\\/wp-content\\\/uploads\\\/2020\\\/10\\\/hauteur-sous-plafond.png\",\"contentUrl\":\"https:\\\/\\\/batijournal.com\\\/wp-content\\\/uploads\\\/2020\\\/10\\\/hauteur-sous-plafond.png\",\"width\":868,\"height\":481},{\"@type\":\"BreadcrumbList\",\"@id\":\"https:\\\/\\\/batijournal.com\\\/index.php\\\/les-francais-ont-besoin-de-plus-grands-logements\\\/104958\\\/#breadcrumb\",\"itemListElement\":[{\"@type\":\"ListItem\",\"position\":1,\"name\":\"Accueil\",\"item\":\"https:\\\/\\\/batijournal.com\\\/\"},{\"@type\":\"ListItem\",\"position\":2,\"name\":\"Actualit\u00e9s\",\"item\":\"https:\\\/\\\/batijournal.com\\\/index.php\\\/category\\\/actualites\\\/\"},{\"@type\":\"ListItem\",\"position\":3,\"name\":\"Architecture &amp; Conception\",\"item\":\"https:\\\/\\\/batijournal.com\\\/index.php\\\/category\\\/actualites\\\/architecture-conception\\\/\"},{\"@type\":\"ListItem\",\"position\":4,\"name\":\"Les Fran\u00e7ais ont besoin de plus grands logements\"}]},{\"@type\":\"WebSite\",\"@id\":\"https:\\\/\\\/batijournal.com\\\/#website\",\"url\":\"https:\\\/\\\/batijournal.com\\\/\",\"name\":\"Batijournal\",\"description\":\"L&#039;actualit\u00e9 du b\u00e2timent\",\"potentialAction\":[{\"@type\":\"SearchAction\",\"target\":{\"@type\":\"EntryPoint\",\"urlTemplate\":\"https:\\\/\\\/batijournal.com\\\/?s={search_term_string}\"},\"query-input\":{\"@type\":\"PropertyValueSpecification\",\"valueRequired\":true,\"valueName\":\"search_term_string\"}}],\"inLanguage\":\"fr-FR\"},{\"@type\":\"Person\",\"@id\":\"https:\\\/\\\/batijournal.com\\\/#\\\/schema\\\/person\\\/1dc96ec6957aa1ccb25ebe78bb19f100\",\"name\":\"St\u00e9phane Miget\",\"image\":{\"@type\":\"ImageObject\",\"inLanguage\":\"fr-FR\",\"@id\":\"https:\\\/\\\/secure.gravatar.com\\\/avatar\\\/89915563d925342126b8ef0281b93d9d7fc337043e8df017f780908eb9644451?s=96&d=mm&r=g\",\"url\":\"https:\\\/\\\/secure.gravatar.com\\\/avatar\\\/89915563d925342126b8ef0281b93d9d7fc337043e8df017f780908eb9644451?s=96&d=mm&r=g\",\"contentUrl\":\"https:\\\/\\\/secure.gravatar.com\\\/avatar\\\/89915563d925342126b8ef0281b93d9d7fc337043e8df017f780908eb9644451?s=96&d=mm&r=g\",\"caption\":\"St\u00e9phane Miget\"},\"url\":\"https:\\\/\\\/batijournal.com\\\/index.php\\\/author\\\/stephane\\\/\"}]}<\/script>\n<!-- \/ Yoast SEO plugin. -->","yoast_head_json":{"title":"Les Fran\u00e7ais ont besoin de plus grands logements","robots":{"index":"index","follow":"follow","max-snippet":"max-snippet:-1","max-image-preview":"max-image-preview:large","max-video-preview":"max-video-preview:-1"},"canonical":"https:\/\/batijournal.com\/index.php\/les-francais-ont-besoin-de-plus-grands-logements\/104958\/","og_locale":"fr_FR","og_type":"article","og_title":"Les Fran\u00e7ais ont besoin de plus grands logements","og_description":"Faute de pouvoir pousser les murs et d\u2019inventer les m\u00e8tres carr\u00e9s suppl\u00e9mentaires, la question de l\u2019am\u00e9nagement int\u00e9rieur des logements est plus cruciale que jamais. L\u2019habitat doit \u00eatre plus flexible, plus pratique, adapt\u00e9 au bien-vieillir. Telles sont les conditions pour un logement en phase avec l\u2019\u00e9volution des attentes et des modes de vie des Fran\u00e7ais selon [&hellip;]","og_url":"https:\/\/batijournal.com\/index.php\/les-francais-ont-besoin-de-plus-grands-logements\/104958\/","og_site_name":"Batijournal","article_published_time":"2020-10-12T07:02:41+00:00","og_image":[{"width":868,"height":481,"url":"https:\/\/batijournal.com\/wp-content\/uploads\/2020\/10\/hauteur-sous-plafond.png","type":"image\/png"}],"author":"St\u00e9phane Miget","twitter_card":"summary_large_image","twitter_creator":"@bati_journal","twitter_site":"@bati_journal","twitter_misc":{"\u00c9crit par":"St\u00e9phane Miget","Dur\u00e9e de lecture estim\u00e9e":"2 minutes"},"schema":{"@context":"https:\/\/schema.org","@graph":[{"@type":"Article","@id":"https:\/\/batijournal.com\/index.php\/les-francais-ont-besoin-de-plus-grands-logements\/104958\/#article","isPartOf":{"@id":"https:\/\/batijournal.com\/index.php\/les-francais-ont-besoin-de-plus-grands-logements\/104958\/"},"author":{"name":"St\u00e9phane Miget","@id":"https:\/\/batijournal.com\/#\/schema\/person\/1dc96ec6957aa1ccb25ebe78bb19f100"},"headline":"Les Fran\u00e7ais ont besoin de plus grands logements","datePublished":"2020-10-12T07:02:41+00:00","mainEntityOfPage":{"@id":"https:\/\/batijournal.com\/index.php\/les-francais-ont-besoin-de-plus-grands-logements\/104958\/"},"wordCount":495,"image":{"@id":"https:\/\/batijournal.com\/index.php\/les-francais-ont-besoin-de-plus-grands-logements\/104958\/#primaryimage"},"thumbnailUrl":"https:\/\/batijournal.com\/wp-content\/uploads\/2020\/10\/hauteur-sous-plafond.png","keywords":["Qualitel"],"articleSection":["A la Une","Actualit\u00e9s","Architecture &amp; Conception"],"inLanguage":"fr-FR"},{"@type":"WebPage","@id":"https:\/\/batijournal.com\/index.php\/les-francais-ont-besoin-de-plus-grands-logements\/104958\/","url":"https:\/\/batijournal.com\/index.php\/les-francais-ont-besoin-de-plus-grands-logements\/104958\/","name":"Les Fran\u00e7ais ont besoin de plus grands logements","isPartOf":{"@id":"https:\/\/batijournal.com\/#website"},"primaryImageOfPage":{"@id":"https:\/\/batijournal.com\/index.php\/les-francais-ont-besoin-de-plus-grands-logements\/104958\/#primaryimage"},"image":{"@id":"https:\/\/batijournal.com\/index.php\/les-francais-ont-besoin-de-plus-grands-logements\/104958\/#primaryimage"},"thumbnailUrl":"https:\/\/batijournal.com\/wp-content\/uploads\/2020\/10\/hauteur-sous-plafond.png","datePublished":"2020-10-12T07:02:41+00:00","author":{"@id":"https:\/\/batijournal.com\/#\/schema\/person\/1dc96ec6957aa1ccb25ebe78bb19f100"},"breadcrumb":{"@id":"https:\/\/batijournal.com\/index.php\/les-francais-ont-besoin-de-plus-grands-logements\/104958\/#breadcrumb"},"inLanguage":"fr-FR","potentialAction":[{"@type":"ReadAction","target":["https:\/\/batijournal.com\/index.php\/les-francais-ont-besoin-de-plus-grands-logements\/104958\/"]}]},{"@type":"ImageObject","inLanguage":"fr-FR","@id":"https:\/\/batijournal.com\/index.php\/les-francais-ont-besoin-de-plus-grands-logements\/104958\/#primaryimage","url":"https:\/\/batijournal.com\/wp-content\/uploads\/2020\/10\/hauteur-sous-plafond.png","contentUrl":"https:\/\/batijournal.com\/wp-content\/uploads\/2020\/10\/hauteur-sous-plafond.png","width":868,"height":481},{"@type":"BreadcrumbList","@id":"https:\/\/batijournal.com\/index.php\/les-francais-ont-besoin-de-plus-grands-logements\/104958\/#breadcrumb","itemListElement":[{"@type":"ListItem","position":1,"name":"Accueil","item":"https:\/\/batijournal.com\/"},{"@type":"ListItem","position":2,"name":"Actualit\u00e9s","item":"https:\/\/batijournal.com\/index.php\/category\/actualites\/"},{"@type":"ListItem","position":3,"name":"Architecture &amp; Conception","item":"https:\/\/batijournal.com\/index.php\/category\/actualites\/architecture-conception\/"},{"@type":"ListItem","position":4,"name":"Les Fran\u00e7ais ont besoin de plus grands logements"}]},{"@type":"WebSite","@id":"https:\/\/batijournal.com\/#website","url":"https:\/\/batijournal.com\/","name":"Batijournal","description":"L&#039;actualit\u00e9 du b\u00e2timent","potentialAction":[{"@type":"SearchAction","target":{"@type":"EntryPoint","urlTemplate":"https:\/\/batijournal.com\/?s={search_term_string}"},"query-input":{"@type":"PropertyValueSpecification","valueRequired":true,"valueName":"search_term_string"}}],"inLanguage":"fr-FR"},{"@type":"Person","@id":"https:\/\/batijournal.com\/#\/schema\/person\/1dc96ec6957aa1ccb25ebe78bb19f100","name":"St\u00e9phane Miget","image":{"@type":"ImageObject","inLanguage":"fr-FR","@id":"https:\/\/secure.gravatar.com\/avatar\/89915563d925342126b8ef0281b93d9d7fc337043e8df017f780908eb9644451?s=96&d=mm&r=g","url":"https:\/\/secure.gravatar.com\/avatar\/89915563d925342126b8ef0281b93d9d7fc337043e8df017f780908eb9644451?s=96&d=mm&r=g","contentUrl":"https:\/\/secure.gravatar.com\/avatar\/89915563d925342126b8ef0281b93d9d7fc337043e8df017f780908eb9644451?s=96&d=mm&r=g","caption":"St\u00e9phane Miget"},"url":"https:\/\/batijournal.com\/index.php\/author\/stephane\/"}]}},"_links":{"self":[{"href":"https:\/\/batijournal.com\/index.php\/wp-json\/wp\/v2\/posts\/104958","targetHints":{"allow":["GET"]}}],"collection":[{"href":"https:\/\/batijournal.com\/index.php\/wp-json\/wp\/v2\/posts"}],"about":[{"href":"https:\/\/batijournal.com\/index.php\/wp-json\/wp\/v2\/types\/post"}],"author":[{"embeddable":true,"href":"https:\/\/batijournal.com\/index.php\/wp-json\/wp\/v2\/users\/17"}],"replies":[{"embeddable":true,"href":"https:\/\/batijournal.com\/index.php\/wp-json\/wp\/v2\/comments?post=104958"}],"version-history":[{"count":0,"href":"https:\/\/batijournal.com\/index.php\/wp-json\/wp\/v2\/posts\/104958\/revisions"}],"wp:featuredmedia":[{"embeddable":true,"href":"https:\/\/batijournal.com\/index.php\/wp-json\/wp\/v2\/media\/104959"}],"wp:attachment":[{"href":"https:\/\/batijournal.com\/index.php\/wp-json\/wp\/v2\/media?parent=104958"}],"wp:term":[{"taxonomy":"category","embeddable":true,"href":"https:\/\/batijournal.com\/index.php\/wp-json\/wp\/v2\/categories?post=104958"},{"taxonomy":"post_tag","embeddable":true,"href":"https:\/\/batijournal.com\/index.php\/wp-json\/wp\/v2\/tags?post=104958"}],"curies":[{"name":"wp","href":"https:\/\/api.w.org\/{rel}","templated":true}]}}