{"id":104977,"date":"2020-10-14T20:53:45","date_gmt":"2020-10-14T18:53:45","guid":{"rendered":"https:\/\/batijournal.com\/?p=104977"},"modified":"2020-10-14T20:53:45","modified_gmt":"2020-10-14T18:53:45","slug":"restauration-de-la-toiture-du-refectoire-chapelle-de-labbaye-de-clairvaux","status":"publish","type":"post","link":"https:\/\/batijournal.com\/index.php\/restauration-de-la-toiture-du-refectoire-chapelle-de-labbaye-de-clairvaux\/104977\/","title":{"rendered":"Restauration de la toiture du r\u00e9fectoire-chapelle de l&rsquo;Abbaye de Clairvaux"},"content":{"rendered":"<p>La restauration de la toiture du r\u00e9fectoire des moines \/ chapelle des prisonnier (XVIIIe si\u00e8cle) de l&rsquo;ancienne abbaye de Clairvaux a d\u00e9but\u00e9 en mars 2020. Elle s&rsquo;inscrit dans le cadre de la restauration globale du r\u00e9fectoire des moines \/ chapelle des prisonnier.<br \/>\nCet \u00e9difice appartient \u00e0 un ensemble monumental du XVIIIe si\u00e8cle, organis\u00e9 autour du monumental grand clo\u00eetre, attribu\u00e9 \u00e0 l\u2019architecte Aubert. L&rsquo;intervention porte sur la toiture, couvertes en tuiles plates et fuyarde, avec :<br \/>\n\u2212 le r\u00e9tablissement de la couverture en ardoises du brisis (partie inf\u00e9rieure de la toiture) ;<br \/>\n\u2212 une couverture en tuiles plates du terrasson avec \u00e9gout saillant du brisis ;<br \/>\n\u2212 la restauration en parall\u00e8le de la charpente et des chevrons ;<br \/>\n\u2212 le nettoyage et le rejointoiement des corniches ;<br \/>\n\u2212 le r\u00e9tablissement d\u2019une lucarne en fa\u00e7ade Sud.<br \/>\nUn parapluie prot\u00e8ge l&rsquo;\u00e9difice dont toute la toiture a \u00e9t\u00e9 d\u00e9couverte.<br \/>\nCette intervention, d&rsquo;un montant de 901 816 euros, est financ\u00e9e par l\u2019\u00c9tat &#8211; DRAC Grand Est. Le chantier est men\u00e9 sous ma\u00eetrise d\u2019\u0153uvre d\u2019Eric Pallot, architecte en chef des monuments historiques, dont ce sera la derni\u00e8re intervention sur le site et sous ma\u00eetrise d\u2019ouvrage de la DRAC Grand Est.<br \/>\nMa\u00e7onnerie et pierre de taille : Entreprise L\u00e9on No\u00ebl<br \/>\nCouverture : Entreprise Glais<br \/>\n\u00c9lectricit\u00e9 : Entreprise Santerne<br \/>\nCharpente : Entreprise Valentin<br \/>\n\u00c9chafaudage : Ussor Erecta<\/p>\n<p>Source et photo : DRAC GRAND EST<\/p>\n","protected":false},"excerpt":{"rendered":"<p>La restauration de la toiture du r\u00e9fectoire des moines \/ chapelle des prisonnier (XVIIIe si\u00e8cle) de l&rsquo;ancienne abbaye de Clairvaux a d\u00e9but\u00e9 en mars 2020. Elle s&rsquo;inscrit dans le cadre de la restauration globale du r\u00e9fectoire des moines \/ chapelle des prisonnier. Cet \u00e9difice appartient \u00e0 un ensemble monumental du XVIIIe si\u00e8cle, organis\u00e9 autour du [&hellip;]<\/p>\n","protected":false},"author":17,"featured_media":104978,"comment_status":"closed","ping_status":"closed","sticky":false,"template":"","format":"standard","meta":{"_et_pb_use_builder":"","_et_pb_old_content":"","_et_gb_content_width":"","footnotes":""},"categories":[10530,6340,10789,10785],"tags":[6376],"class_list":["post-104977","post","type-post","status-publish","format-standard","has-post-thumbnail","hentry","category-actualites","category-architecture-conception","category-publications-atrium","category-atrium","tag-monument-historique"],"yoast_head":"<!-- This site is optimized with the Yoast SEO plugin v27.4 - https:\/\/yoast.com\/product\/yoast-seo-wordpress\/ -->\n<title>Restauration de la toiture du r\u00e9fectoire-chapelle de l&#039;Abbaye de Clairvaux<\/title>\n<meta name=\"robots\" content=\"index, follow, max-snippet:-1, max-image-preview:large, max-video-preview:-1\" \/>\n<link rel=\"canonical\" href=\"https:\/\/batijournal.com\/index.php\/restauration-de-la-toiture-du-refectoire-chapelle-de-labbaye-de-clairvaux\/104977\/\" \/>\n<meta property=\"og:locale\" content=\"fr_FR\" \/>\n<meta property=\"og:type\" content=\"article\" \/>\n<meta property=\"og:title\" content=\"Restauration de la toiture du r\u00e9fectoire-chapelle de l&#039;Abbaye de Clairvaux\" \/>\n<meta property=\"og:description\" content=\"La restauration de la toiture du r\u00e9fectoire des moines \/ chapelle des prisonnier (XVIIIe si\u00e8cle) de l&rsquo;ancienne abbaye de Clairvaux a d\u00e9but\u00e9 en mars 2020. Elle s&rsquo;inscrit dans le cadre de la restauration globale du r\u00e9fectoire des moines \/ chapelle des prisonnier. Cet \u00e9difice appartient \u00e0 un ensemble monumental du XVIIIe si\u00e8cle, organis\u00e9 autour du [&hellip;]\" \/>\n<meta property=\"og:url\" content=\"https:\/\/batijournal.com\/index.php\/restauration-de-la-toiture-du-refectoire-chapelle-de-labbaye-de-clairvaux\/104977\/\" \/>\n<meta property=\"og:site_name\" content=\"Batijournal\" \/>\n<meta property=\"article:published_time\" content=\"2020-10-14T18:53:45+00:00\" \/>\n<meta property=\"og:image\" content=\"https:\/\/batijournal.com\/wp-content\/uploads\/2020\/10\/clairvaux_toiture_202010_1.jpg\" \/>\n\t<meta property=\"og:image:width\" content=\"924\" \/>\n\t<meta property=\"og:image:height\" content=\"488\" \/>\n\t<meta property=\"og:image:type\" content=\"image\/jpeg\" \/>\n<meta name=\"author\" content=\"St\u00e9phane Miget\" \/>\n<meta name=\"twitter:card\" content=\"summary_large_image\" \/>\n<meta name=\"twitter:creator\" content=\"@bati_journal\" \/>\n<meta name=\"twitter:site\" content=\"@bati_journal\" \/>\n<meta name=\"twitter:label1\" content=\"\u00c9crit par\" \/>\n\t<meta name=\"twitter:data1\" content=\"St\u00e9phane Miget\" \/>\n\t<meta name=\"twitter:label2\" content=\"Dur\u00e9e de lecture estim\u00e9e\" \/>\n\t<meta name=\"twitter:data2\" content=\"1 minute\" \/>\n<script type=\"application\/ld+json\" class=\"yoast-schema-graph\">{\"@context\":\"https:\\\/\\\/schema.org\",\"@graph\":[{\"@type\":\"Article\",\"@id\":\"https:\\\/\\\/batijournal.com\\\/index.php\\\/restauration-de-la-toiture-du-refectoire-chapelle-de-labbaye-de-clairvaux\\\/104977\\\/#article\",\"isPartOf\":{\"@id\":\"https:\\\/\\\/batijournal.com\\\/index.php\\\/restauration-de-la-toiture-du-refectoire-chapelle-de-labbaye-de-clairvaux\\\/104977\\\/\"},\"author\":{\"name\":\"St\u00e9phane Miget\",\"@id\":\"https:\\\/\\\/batijournal.com\\\/#\\\/schema\\\/person\\\/1dc96ec6957aa1ccb25ebe78bb19f100\"},\"headline\":\"Restauration de la toiture du r\u00e9fectoire-chapelle de l&rsquo;Abbaye de Clairvaux\",\"datePublished\":\"2020-10-14T18:53:45+00:00\",\"mainEntityOfPage\":{\"@id\":\"https:\\\/\\\/batijournal.com\\\/index.php\\\/restauration-de-la-toiture-du-refectoire-chapelle-de-labbaye-de-clairvaux\\\/104977\\\/\"},\"wordCount\":246,\"image\":{\"@id\":\"https:\\\/\\\/batijournal.com\\\/index.php\\\/restauration-de-la-toiture-du-refectoire-chapelle-de-labbaye-de-clairvaux\\\/104977\\\/#primaryimage\"},\"thumbnailUrl\":\"https:\\\/\\\/batijournal.com\\\/wp-content\\\/uploads\\\/2020\\\/10\\\/clairvaux_toiture_202010_1.jpg\",\"keywords\":[\"monument historique\"],\"articleSection\":[\"Actualit\u00e9s\",\"Architecture &amp; Conception\",\"zz_Actualit\u00e9s - Atrium\",\"zz_Atrium Patrimoine\"],\"inLanguage\":\"fr-FR\"},{\"@type\":\"WebPage\",\"@id\":\"https:\\\/\\\/batijournal.com\\\/index.php\\\/restauration-de-la-toiture-du-refectoire-chapelle-de-labbaye-de-clairvaux\\\/104977\\\/\",\"url\":\"https:\\\/\\\/batijournal.com\\\/index.php\\\/restauration-de-la-toiture-du-refectoire-chapelle-de-labbaye-de-clairvaux\\\/104977\\\/\",\"name\":\"Restauration de la toiture du r\u00e9fectoire-chapelle de l'Abbaye de Clairvaux\",\"isPartOf\":{\"@id\":\"https:\\\/\\\/batijournal.com\\\/#website\"},\"primaryImageOfPage\":{\"@id\":\"https:\\\/\\\/batijournal.com\\\/index.php\\\/restauration-de-la-toiture-du-refectoire-chapelle-de-labbaye-de-clairvaux\\\/104977\\\/#primaryimage\"},\"image\":{\"@id\":\"https:\\\/\\\/batijournal.com\\\/index.php\\\/restauration-de-la-toiture-du-refectoire-chapelle-de-labbaye-de-clairvaux\\\/104977\\\/#primaryimage\"},\"thumbnailUrl\":\"https:\\\/\\\/batijournal.com\\\/wp-content\\\/uploads\\\/2020\\\/10\\\/clairvaux_toiture_202010_1.jpg\",\"datePublished\":\"2020-10-14T18:53:45+00:00\",\"author\":{\"@id\":\"https:\\\/\\\/batijournal.com\\\/#\\\/schema\\\/person\\\/1dc96ec6957aa1ccb25ebe78bb19f100\"},\"breadcrumb\":{\"@id\":\"https:\\\/\\\/batijournal.com\\\/index.php\\\/restauration-de-la-toiture-du-refectoire-chapelle-de-labbaye-de-clairvaux\\\/104977\\\/#breadcrumb\"},\"inLanguage\":\"fr-FR\",\"potentialAction\":[{\"@type\":\"ReadAction\",\"target\":[\"https:\\\/\\\/batijournal.com\\\/index.php\\\/restauration-de-la-toiture-du-refectoire-chapelle-de-labbaye-de-clairvaux\\\/104977\\\/\"]}]},{\"@type\":\"ImageObject\",\"inLanguage\":\"fr-FR\",\"@id\":\"https:\\\/\\\/batijournal.com\\\/index.php\\\/restauration-de-la-toiture-du-refectoire-chapelle-de-labbaye-de-clairvaux\\\/104977\\\/#primaryimage\",\"url\":\"https:\\\/\\\/batijournal.com\\\/wp-content\\\/uploads\\\/2020\\\/10\\\/clairvaux_toiture_202010_1.jpg\",\"contentUrl\":\"https:\\\/\\\/batijournal.com\\\/wp-content\\\/uploads\\\/2020\\\/10\\\/clairvaux_toiture_202010_1.jpg\",\"width\":924,\"height\":488},{\"@type\":\"BreadcrumbList\",\"@id\":\"https:\\\/\\\/batijournal.com\\\/index.php\\\/restauration-de-la-toiture-du-refectoire-chapelle-de-labbaye-de-clairvaux\\\/104977\\\/#breadcrumb\",\"itemListElement\":[{\"@type\":\"ListItem\",\"position\":1,\"name\":\"Accueil\",\"item\":\"https:\\\/\\\/batijournal.com\\\/\"},{\"@type\":\"ListItem\",\"position\":2,\"name\":\"Actualit\u00e9s\",\"item\":\"https:\\\/\\\/batijournal.com\\\/index.php\\\/category\\\/actualites\\\/\"},{\"@type\":\"ListItem\",\"position\":3,\"name\":\"Architecture &amp; Conception\",\"item\":\"https:\\\/\\\/batijournal.com\\\/index.php\\\/category\\\/actualites\\\/architecture-conception\\\/\"},{\"@type\":\"ListItem\",\"position\":4,\"name\":\"Restauration de la toiture du r\u00e9fectoire-chapelle de l&rsquo;Abbaye de Clairvaux\"}]},{\"@type\":\"WebSite\",\"@id\":\"https:\\\/\\\/batijournal.com\\\/#website\",\"url\":\"https:\\\/\\\/batijournal.com\\\/\",\"name\":\"Batijournal\",\"description\":\"L&#039;actualit\u00e9 du b\u00e2timent\",\"potentialAction\":[{\"@type\":\"SearchAction\",\"target\":{\"@type\":\"EntryPoint\",\"urlTemplate\":\"https:\\\/\\\/batijournal.com\\\/?s={search_term_string}\"},\"query-input\":{\"@type\":\"PropertyValueSpecification\",\"valueRequired\":true,\"valueName\":\"search_term_string\"}}],\"inLanguage\":\"fr-FR\"},{\"@type\":\"Person\",\"@id\":\"https:\\\/\\\/batijournal.com\\\/#\\\/schema\\\/person\\\/1dc96ec6957aa1ccb25ebe78bb19f100\",\"name\":\"St\u00e9phane Miget\",\"image\":{\"@type\":\"ImageObject\",\"inLanguage\":\"fr-FR\",\"@id\":\"https:\\\/\\\/secure.gravatar.com\\\/avatar\\\/89915563d925342126b8ef0281b93d9d7fc337043e8df017f780908eb9644451?s=96&d=mm&r=g\",\"url\":\"https:\\\/\\\/secure.gravatar.com\\\/avatar\\\/89915563d925342126b8ef0281b93d9d7fc337043e8df017f780908eb9644451?s=96&d=mm&r=g\",\"contentUrl\":\"https:\\\/\\\/secure.gravatar.com\\\/avatar\\\/89915563d925342126b8ef0281b93d9d7fc337043e8df017f780908eb9644451?s=96&d=mm&r=g\",\"caption\":\"St\u00e9phane Miget\"},\"url\":\"https:\\\/\\\/batijournal.com\\\/index.php\\\/author\\\/stephane\\\/\"}]}<\/script>\n<!-- \/ Yoast SEO plugin. -->","yoast_head_json":{"title":"Restauration de la toiture du r\u00e9fectoire-chapelle de l'Abbaye de Clairvaux","robots":{"index":"index","follow":"follow","max-snippet":"max-snippet:-1","max-image-preview":"max-image-preview:large","max-video-preview":"max-video-preview:-1"},"canonical":"https:\/\/batijournal.com\/index.php\/restauration-de-la-toiture-du-refectoire-chapelle-de-labbaye-de-clairvaux\/104977\/","og_locale":"fr_FR","og_type":"article","og_title":"Restauration de la toiture du r\u00e9fectoire-chapelle de l'Abbaye de Clairvaux","og_description":"La restauration de la toiture du r\u00e9fectoire des moines \/ chapelle des prisonnier (XVIIIe si\u00e8cle) de l&rsquo;ancienne abbaye de Clairvaux a d\u00e9but\u00e9 en mars 2020. Elle s&rsquo;inscrit dans le cadre de la restauration globale du r\u00e9fectoire des moines \/ chapelle des prisonnier. Cet \u00e9difice appartient \u00e0 un ensemble monumental du XVIIIe si\u00e8cle, organis\u00e9 autour du [&hellip;]","og_url":"https:\/\/batijournal.com\/index.php\/restauration-de-la-toiture-du-refectoire-chapelle-de-labbaye-de-clairvaux\/104977\/","og_site_name":"Batijournal","article_published_time":"2020-10-14T18:53:45+00:00","og_image":[{"width":924,"height":488,"url":"https:\/\/batijournal.com\/wp-content\/uploads\/2020\/10\/clairvaux_toiture_202010_1.jpg","type":"image\/jpeg"}],"author":"St\u00e9phane Miget","twitter_card":"summary_large_image","twitter_creator":"@bati_journal","twitter_site":"@bati_journal","twitter_misc":{"\u00c9crit par":"St\u00e9phane Miget","Dur\u00e9e de lecture estim\u00e9e":"1 minute"},"schema":{"@context":"https:\/\/schema.org","@graph":[{"@type":"Article","@id":"https:\/\/batijournal.com\/index.php\/restauration-de-la-toiture-du-refectoire-chapelle-de-labbaye-de-clairvaux\/104977\/#article","isPartOf":{"@id":"https:\/\/batijournal.com\/index.php\/restauration-de-la-toiture-du-refectoire-chapelle-de-labbaye-de-clairvaux\/104977\/"},"author":{"name":"St\u00e9phane Miget","@id":"https:\/\/batijournal.com\/#\/schema\/person\/1dc96ec6957aa1ccb25ebe78bb19f100"},"headline":"Restauration de la toiture du r\u00e9fectoire-chapelle de l&rsquo;Abbaye de Clairvaux","datePublished":"2020-10-14T18:53:45+00:00","mainEntityOfPage":{"@id":"https:\/\/batijournal.com\/index.php\/restauration-de-la-toiture-du-refectoire-chapelle-de-labbaye-de-clairvaux\/104977\/"},"wordCount":246,"image":{"@id":"https:\/\/batijournal.com\/index.php\/restauration-de-la-toiture-du-refectoire-chapelle-de-labbaye-de-clairvaux\/104977\/#primaryimage"},"thumbnailUrl":"https:\/\/batijournal.com\/wp-content\/uploads\/2020\/10\/clairvaux_toiture_202010_1.jpg","keywords":["monument historique"],"articleSection":["Actualit\u00e9s","Architecture &amp; Conception","zz_Actualit\u00e9s - Atrium","zz_Atrium Patrimoine"],"inLanguage":"fr-FR"},{"@type":"WebPage","@id":"https:\/\/batijournal.com\/index.php\/restauration-de-la-toiture-du-refectoire-chapelle-de-labbaye-de-clairvaux\/104977\/","url":"https:\/\/batijournal.com\/index.php\/restauration-de-la-toiture-du-refectoire-chapelle-de-labbaye-de-clairvaux\/104977\/","name":"Restauration de la toiture du r\u00e9fectoire-chapelle de l'Abbaye de Clairvaux","isPartOf":{"@id":"https:\/\/batijournal.com\/#website"},"primaryImageOfPage":{"@id":"https:\/\/batijournal.com\/index.php\/restauration-de-la-toiture-du-refectoire-chapelle-de-labbaye-de-clairvaux\/104977\/#primaryimage"},"image":{"@id":"https:\/\/batijournal.com\/index.php\/restauration-de-la-toiture-du-refectoire-chapelle-de-labbaye-de-clairvaux\/104977\/#primaryimage"},"thumbnailUrl":"https:\/\/batijournal.com\/wp-content\/uploads\/2020\/10\/clairvaux_toiture_202010_1.jpg","datePublished":"2020-10-14T18:53:45+00:00","author":{"@id":"https:\/\/batijournal.com\/#\/schema\/person\/1dc96ec6957aa1ccb25ebe78bb19f100"},"breadcrumb":{"@id":"https:\/\/batijournal.com\/index.php\/restauration-de-la-toiture-du-refectoire-chapelle-de-labbaye-de-clairvaux\/104977\/#breadcrumb"},"inLanguage":"fr-FR","potentialAction":[{"@type":"ReadAction","target":["https:\/\/batijournal.com\/index.php\/restauration-de-la-toiture-du-refectoire-chapelle-de-labbaye-de-clairvaux\/104977\/"]}]},{"@type":"ImageObject","inLanguage":"fr-FR","@id":"https:\/\/batijournal.com\/index.php\/restauration-de-la-toiture-du-refectoire-chapelle-de-labbaye-de-clairvaux\/104977\/#primaryimage","url":"https:\/\/batijournal.com\/wp-content\/uploads\/2020\/10\/clairvaux_toiture_202010_1.jpg","contentUrl":"https:\/\/batijournal.com\/wp-content\/uploads\/2020\/10\/clairvaux_toiture_202010_1.jpg","width":924,"height":488},{"@type":"BreadcrumbList","@id":"https:\/\/batijournal.com\/index.php\/restauration-de-la-toiture-du-refectoire-chapelle-de-labbaye-de-clairvaux\/104977\/#breadcrumb","itemListElement":[{"@type":"ListItem","position":1,"name":"Accueil","item":"https:\/\/batijournal.com\/"},{"@type":"ListItem","position":2,"name":"Actualit\u00e9s","item":"https:\/\/batijournal.com\/index.php\/category\/actualites\/"},{"@type":"ListItem","position":3,"name":"Architecture &amp; Conception","item":"https:\/\/batijournal.com\/index.php\/category\/actualites\/architecture-conception\/"},{"@type":"ListItem","position":4,"name":"Restauration de la toiture du r\u00e9fectoire-chapelle de l&rsquo;Abbaye de Clairvaux"}]},{"@type":"WebSite","@id":"https:\/\/batijournal.com\/#website","url":"https:\/\/batijournal.com\/","name":"Batijournal","description":"L&#039;actualit\u00e9 du b\u00e2timent","potentialAction":[{"@type":"SearchAction","target":{"@type":"EntryPoint","urlTemplate":"https:\/\/batijournal.com\/?s={search_term_string}"},"query-input":{"@type":"PropertyValueSpecification","valueRequired":true,"valueName":"search_term_string"}}],"inLanguage":"fr-FR"},{"@type":"Person","@id":"https:\/\/batijournal.com\/#\/schema\/person\/1dc96ec6957aa1ccb25ebe78bb19f100","name":"St\u00e9phane Miget","image":{"@type":"ImageObject","inLanguage":"fr-FR","@id":"https:\/\/secure.gravatar.com\/avatar\/89915563d925342126b8ef0281b93d9d7fc337043e8df017f780908eb9644451?s=96&d=mm&r=g","url":"https:\/\/secure.gravatar.com\/avatar\/89915563d925342126b8ef0281b93d9d7fc337043e8df017f780908eb9644451?s=96&d=mm&r=g","contentUrl":"https:\/\/secure.gravatar.com\/avatar\/89915563d925342126b8ef0281b93d9d7fc337043e8df017f780908eb9644451?s=96&d=mm&r=g","caption":"St\u00e9phane Miget"},"url":"https:\/\/batijournal.com\/index.php\/author\/stephane\/"}]}},"_links":{"self":[{"href":"https:\/\/batijournal.com\/index.php\/wp-json\/wp\/v2\/posts\/104977","targetHints":{"allow":["GET"]}}],"collection":[{"href":"https:\/\/batijournal.com\/index.php\/wp-json\/wp\/v2\/posts"}],"about":[{"href":"https:\/\/batijournal.com\/index.php\/wp-json\/wp\/v2\/types\/post"}],"author":[{"embeddable":true,"href":"https:\/\/batijournal.com\/index.php\/wp-json\/wp\/v2\/users\/17"}],"replies":[{"embeddable":true,"href":"https:\/\/batijournal.com\/index.php\/wp-json\/wp\/v2\/comments?post=104977"}],"version-history":[{"count":0,"href":"https:\/\/batijournal.com\/index.php\/wp-json\/wp\/v2\/posts\/104977\/revisions"}],"wp:featuredmedia":[{"embeddable":true,"href":"https:\/\/batijournal.com\/index.php\/wp-json\/wp\/v2\/media\/104978"}],"wp:attachment":[{"href":"https:\/\/batijournal.com\/index.php\/wp-json\/wp\/v2\/media?parent=104977"}],"wp:term":[{"taxonomy":"category","embeddable":true,"href":"https:\/\/batijournal.com\/index.php\/wp-json\/wp\/v2\/categories?post=104977"},{"taxonomy":"post_tag","embeddable":true,"href":"https:\/\/batijournal.com\/index.php\/wp-json\/wp\/v2\/tags?post=104977"}],"curies":[{"name":"wp","href":"https:\/\/api.w.org\/{rel}","templated":true}]}}