{"id":104979,"date":"2020-10-14T21:12:31","date_gmt":"2020-10-14T19:12:31","guid":{"rendered":"https:\/\/batijournal.com\/?p=104979"},"modified":"2020-10-14T21:12:31","modified_gmt":"2020-10-14T19:12:31","slug":"letat-soutient-les-travaux-de-restauration-de-labbaye-de-saint-wandrille","status":"publish","type":"post","link":"https:\/\/batijournal.com\/index.php\/letat-soutient-les-travaux-de-restauration-de-labbaye-de-saint-wandrille\/104979\/","title":{"rendered":"L&rsquo;Etat soutient les travaux de restauration de l\u2019Abbaye de Saint Wandrille"},"content":{"rendered":"<p>L\u2019abbaye de Saint-Wandrille est une abbaye b\u00e9n\u00e9dictine de la congr\u00e9gation de Solesnes, situ\u00e9e dans le vallon de Fontenelle, en bordure de Seine, sur la commune de Saint-Wandrille-Ran\u00e7on (d\u00e9sormais Rives en Seine). Fond\u00e9e en 649, l\u2019abbaye a connu une longue histoire marqu\u00e9e par trois grandes p\u00e9riodes de saccages et de destructions. A ce jour, subsistent les vestiges de l\u2019abbatiale, les b\u00e2timents conventuels reconstruits lors de la r\u00e9forme mauriste (XVIIe et XVIIIe si\u00e8cle) \u00e0 l\u2019exception du r\u00e9fectoire m\u00e9di\u00e9val, et le clo\u00eetre gothique \u00e9lev\u00e9 du XIVe au XVe. L\u2019\u00e9glise actuelle occupe une grange transf\u00e9r\u00e9e sur le site dans les ann\u00e9es 1970. L\u2019abbaye a \u00e9t\u00e9 class\u00e9e monument historique en 1862, et l\u2019enclos monastique et le syst\u00e8me hydraulique par arr\u00eat\u00e9 du 10 juillet 1995.<\/p>\n<p>L\u2019Etat soutient de mani\u00e8re exemplaire les projets de restauration de l\u2019abbaye au plan scientifique et financier depuis de nombreuses ann\u00e9es :<br \/>\n<strong>Fouilles arch\u00e9ologiques<\/strong><br \/>\nDiff\u00e9rentes interventions arch\u00e9ologiques supervis\u00e9es par le service arch\u00e9ologique de la DRAC Normandie ont \u00e9t\u00e9 ou sont men\u00e9es \u00e0 l\u2019abbaye de Saint-Wandrille. Suite \u00e0 un diagnostic r\u00e9alis\u00e9 en 2015, une fouille pr\u00e9ventive a eu lieu, prenant la forme d\u2019ouvertures restreintes plac\u00e9es strat\u00e9giquement, afin de recueillir le maximum d\u2019informations sur les fondations subsistantes ainsi sur les constructions ant\u00e9rieures. Une densit\u00e9 tr\u00e8s importante de substructions datant majoritairement des XIVe et XVe si\u00e8cles a \u00e9t\u00e9 r\u00e9v\u00e9l\u00e9e et des solutions techniques pour concilier leur pr\u00e9servation avec la restauration ont \u00e9t\u00e9 retrouv\u00e9es. Les d\u00e9couvertes les plus remarquables sont un caveau vo\u00fbt\u00e9 datant du XIe si\u00e8cle, dans lequel avaient \u00e9t\u00e9 d\u00e9pos\u00e9s les restes d\u2019un d\u00e9funt dans une niche murale, et le lavobo du clo\u00eetre, dispositif caract\u00e9ristique des clo\u00eetres cisterciens.<br \/>\n<strong>Travaux de restauration<\/strong><br \/>\nCet \u00e9difice fait r\u00e9guli\u00e8rement l\u2019objet de travaux d\u2019entretien, sous le contr\u00f4le scientifique et technique de la DRAC Normandie et le soutien financier de l\u2019\u00c9tat (145 000 \u20ac de subvention en 2018-2019). Par ailleurs, l\u2019\u00c9tat participe financi\u00e8rement \u00e0 l\u2019ensemble des op\u00e9rations de restauration lourdes, comme entre autres, la r\u00e9paration du portail de Jarente (145 000 \u20ac). Mais aussi, la restitution des r\u00e9seaux de pierre de la galerie Sud du clo\u00eetre (250 000 \u20ac de subvention), l\u2019assainissement du clo\u00eetre et la restauration des sols (67 000 \u20ac d subvention) ou la restauration des vestiges de l\u2019abbatiale (318 130 \u20ac de subvention). Pour la restauration de la galerie Est du clo\u00eetre inaugur\u00e9e le 09 octobre 2020, la subvention de l\u2019\u00c9tat s\u2019est \u00e9lev\u00e9 en 2018 \u00e0 310 683 \u20ac.<\/p>\n<p>&nbsp;<\/p>\n<p>Source et photo : DRAC NORMANDIE<br \/>\nEn pr\u00e9sence de monsieur le pr\u00e9fet de la r\u00e9gion Normandie, pr\u00e9fet de la Seine-Maritime, Pierre-Andr\u00e9 Durand ; le pr\u00e9sident du Conseil d\u00e9partemental, monsieur Bertrand Bellanger ; madame Catherine Morin-Desailly, s\u00e9natrice ; monsieur Herv\u00e9 Morin, pr\u00e9sident de la R\u00e9gion Normandie ; Fran\u00e7ois Xavier Bellamy, d\u00e9put\u00e9 europ\u00e9en.<\/p>\n","protected":false},"excerpt":{"rendered":"<p>L\u2019abbaye de Saint-Wandrille est une abbaye b\u00e9n\u00e9dictine de la congr\u00e9gation de Solesnes, situ\u00e9e dans le vallon de Fontenelle, en bordure de Seine, sur la commune de Saint-Wandrille-Ran\u00e7on (d\u00e9sormais Rives en Seine). Fond\u00e9e en 649, l\u2019abbaye a connu une longue histoire marqu\u00e9e par trois grandes p\u00e9riodes de saccages et de destructions. A ce jour, subsistent les [&hellip;]<\/p>\n","protected":false},"author":17,"featured_media":104980,"comment_status":"closed","ping_status":"closed","sticky":false,"template":"","format":"standard","meta":{"_et_pb_use_builder":"","_et_pb_old_content":"","_et_gb_content_width":"","footnotes":""},"categories":[10530,6340,10789,10785],"tags":[6376],"class_list":["post-104979","post","type-post","status-publish","format-standard","has-post-thumbnail","hentry","category-actualites","category-architecture-conception","category-publications-atrium","category-atrium","tag-monument-historique"],"yoast_head":"<!-- This site is optimized with the Yoast SEO plugin v27.4 - https:\/\/yoast.com\/product\/yoast-seo-wordpress\/ -->\n<title>L&#039;Etat soutient les travaux de restauration de l\u2019Abbaye de Saint Wandrille<\/title>\n<meta name=\"robots\" content=\"index, follow, max-snippet:-1, max-image-preview:large, max-video-preview:-1\" \/>\n<link rel=\"canonical\" href=\"https:\/\/batijournal.com\/index.php\/letat-soutient-les-travaux-de-restauration-de-labbaye-de-saint-wandrille\/104979\/\" \/>\n<meta property=\"og:locale\" content=\"fr_FR\" \/>\n<meta property=\"og:type\" content=\"article\" \/>\n<meta property=\"og:title\" content=\"L&#039;Etat soutient les travaux de restauration de l\u2019Abbaye de Saint Wandrille\" \/>\n<meta property=\"og:description\" content=\"L\u2019abbaye de Saint-Wandrille est une abbaye b\u00e9n\u00e9dictine de la congr\u00e9gation de Solesnes, situ\u00e9e dans le vallon de Fontenelle, en bordure de Seine, sur la commune de Saint-Wandrille-Ran\u00e7on (d\u00e9sormais Rives en Seine). Fond\u00e9e en 649, l\u2019abbaye a connu une longue histoire marqu\u00e9e par trois grandes p\u00e9riodes de saccages et de destructions. A ce jour, subsistent les [&hellip;]\" \/>\n<meta property=\"og:url\" content=\"https:\/\/batijournal.com\/index.php\/letat-soutient-les-travaux-de-restauration-de-labbaye-de-saint-wandrille\/104979\/\" \/>\n<meta property=\"og:site_name\" content=\"Batijournal\" \/>\n<meta property=\"article:published_time\" content=\"2020-10-14T19:12:31+00:00\" \/>\n<meta property=\"og:image\" content=\"https:\/\/batijournal.com\/wp-content\/uploads\/2020\/10\/Officiels-devant-galerie-Est-du-cloitre.png\" \/>\n\t<meta property=\"og:image:width\" content=\"646\" \/>\n\t<meta property=\"og:image:height\" content=\"436\" \/>\n\t<meta property=\"og:image:type\" content=\"image\/png\" \/>\n<meta name=\"author\" content=\"St\u00e9phane Miget\" \/>\n<meta name=\"twitter:card\" content=\"summary_large_image\" \/>\n<meta name=\"twitter:creator\" content=\"@bati_journal\" \/>\n<meta name=\"twitter:site\" content=\"@bati_journal\" \/>\n<meta name=\"twitter:label1\" content=\"\u00c9crit par\" \/>\n\t<meta name=\"twitter:data1\" content=\"St\u00e9phane Miget\" \/>\n\t<meta name=\"twitter:label2\" content=\"Dur\u00e9e de lecture estim\u00e9e\" \/>\n\t<meta name=\"twitter:data2\" content=\"3 minutes\" \/>\n<script type=\"application\/ld+json\" class=\"yoast-schema-graph\">{\"@context\":\"https:\\\/\\\/schema.org\",\"@graph\":[{\"@type\":\"Article\",\"@id\":\"https:\\\/\\\/batijournal.com\\\/index.php\\\/letat-soutient-les-travaux-de-restauration-de-labbaye-de-saint-wandrille\\\/104979\\\/#article\",\"isPartOf\":{\"@id\":\"https:\\\/\\\/batijournal.com\\\/index.php\\\/letat-soutient-les-travaux-de-restauration-de-labbaye-de-saint-wandrille\\\/104979\\\/\"},\"author\":{\"name\":\"St\u00e9phane Miget\",\"@id\":\"https:\\\/\\\/batijournal.com\\\/#\\\/schema\\\/person\\\/1dc96ec6957aa1ccb25ebe78bb19f100\"},\"headline\":\"L&rsquo;Etat soutient les travaux de restauration de l\u2019Abbaye de Saint Wandrille\",\"datePublished\":\"2020-10-14T19:12:31+00:00\",\"mainEntityOfPage\":{\"@id\":\"https:\\\/\\\/batijournal.com\\\/index.php\\\/letat-soutient-les-travaux-de-restauration-de-labbaye-de-saint-wandrille\\\/104979\\\/\"},\"wordCount\":515,\"image\":{\"@id\":\"https:\\\/\\\/batijournal.com\\\/index.php\\\/letat-soutient-les-travaux-de-restauration-de-labbaye-de-saint-wandrille\\\/104979\\\/#primaryimage\"},\"thumbnailUrl\":\"https:\\\/\\\/batijournal.com\\\/wp-content\\\/uploads\\\/2020\\\/10\\\/Officiels-devant-galerie-Est-du-cloitre.png\",\"keywords\":[\"monument historique\"],\"articleSection\":[\"Actualit\u00e9s\",\"Architecture &amp; Conception\",\"zz_Actualit\u00e9s - Atrium\",\"zz_Atrium Patrimoine\"],\"inLanguage\":\"fr-FR\"},{\"@type\":\"WebPage\",\"@id\":\"https:\\\/\\\/batijournal.com\\\/index.php\\\/letat-soutient-les-travaux-de-restauration-de-labbaye-de-saint-wandrille\\\/104979\\\/\",\"url\":\"https:\\\/\\\/batijournal.com\\\/index.php\\\/letat-soutient-les-travaux-de-restauration-de-labbaye-de-saint-wandrille\\\/104979\\\/\",\"name\":\"L'Etat soutient les travaux de restauration de l\u2019Abbaye de Saint Wandrille\",\"isPartOf\":{\"@id\":\"https:\\\/\\\/batijournal.com\\\/#website\"},\"primaryImageOfPage\":{\"@id\":\"https:\\\/\\\/batijournal.com\\\/index.php\\\/letat-soutient-les-travaux-de-restauration-de-labbaye-de-saint-wandrille\\\/104979\\\/#primaryimage\"},\"image\":{\"@id\":\"https:\\\/\\\/batijournal.com\\\/index.php\\\/letat-soutient-les-travaux-de-restauration-de-labbaye-de-saint-wandrille\\\/104979\\\/#primaryimage\"},\"thumbnailUrl\":\"https:\\\/\\\/batijournal.com\\\/wp-content\\\/uploads\\\/2020\\\/10\\\/Officiels-devant-galerie-Est-du-cloitre.png\",\"datePublished\":\"2020-10-14T19:12:31+00:00\",\"author\":{\"@id\":\"https:\\\/\\\/batijournal.com\\\/#\\\/schema\\\/person\\\/1dc96ec6957aa1ccb25ebe78bb19f100\"},\"breadcrumb\":{\"@id\":\"https:\\\/\\\/batijournal.com\\\/index.php\\\/letat-soutient-les-travaux-de-restauration-de-labbaye-de-saint-wandrille\\\/104979\\\/#breadcrumb\"},\"inLanguage\":\"fr-FR\",\"potentialAction\":[{\"@type\":\"ReadAction\",\"target\":[\"https:\\\/\\\/batijournal.com\\\/index.php\\\/letat-soutient-les-travaux-de-restauration-de-labbaye-de-saint-wandrille\\\/104979\\\/\"]}]},{\"@type\":\"ImageObject\",\"inLanguage\":\"fr-FR\",\"@id\":\"https:\\\/\\\/batijournal.com\\\/index.php\\\/letat-soutient-les-travaux-de-restauration-de-labbaye-de-saint-wandrille\\\/104979\\\/#primaryimage\",\"url\":\"https:\\\/\\\/batijournal.com\\\/wp-content\\\/uploads\\\/2020\\\/10\\\/Officiels-devant-galerie-Est-du-cloitre.png\",\"contentUrl\":\"https:\\\/\\\/batijournal.com\\\/wp-content\\\/uploads\\\/2020\\\/10\\\/Officiels-devant-galerie-Est-du-cloitre.png\",\"width\":646,\"height\":436},{\"@type\":\"BreadcrumbList\",\"@id\":\"https:\\\/\\\/batijournal.com\\\/index.php\\\/letat-soutient-les-travaux-de-restauration-de-labbaye-de-saint-wandrille\\\/104979\\\/#breadcrumb\",\"itemListElement\":[{\"@type\":\"ListItem\",\"position\":1,\"name\":\"Accueil\",\"item\":\"https:\\\/\\\/batijournal.com\\\/\"},{\"@type\":\"ListItem\",\"position\":2,\"name\":\"Actualit\u00e9s\",\"item\":\"https:\\\/\\\/batijournal.com\\\/index.php\\\/category\\\/actualites\\\/\"},{\"@type\":\"ListItem\",\"position\":3,\"name\":\"Architecture &amp; Conception\",\"item\":\"https:\\\/\\\/batijournal.com\\\/index.php\\\/category\\\/actualites\\\/architecture-conception\\\/\"},{\"@type\":\"ListItem\",\"position\":4,\"name\":\"L&rsquo;Etat soutient les travaux de restauration de l\u2019Abbaye de Saint Wandrille\"}]},{\"@type\":\"WebSite\",\"@id\":\"https:\\\/\\\/batijournal.com\\\/#website\",\"url\":\"https:\\\/\\\/batijournal.com\\\/\",\"name\":\"Batijournal\",\"description\":\"L&#039;actualit\u00e9 du b\u00e2timent\",\"potentialAction\":[{\"@type\":\"SearchAction\",\"target\":{\"@type\":\"EntryPoint\",\"urlTemplate\":\"https:\\\/\\\/batijournal.com\\\/?s={search_term_string}\"},\"query-input\":{\"@type\":\"PropertyValueSpecification\",\"valueRequired\":true,\"valueName\":\"search_term_string\"}}],\"inLanguage\":\"fr-FR\"},{\"@type\":\"Person\",\"@id\":\"https:\\\/\\\/batijournal.com\\\/#\\\/schema\\\/person\\\/1dc96ec6957aa1ccb25ebe78bb19f100\",\"name\":\"St\u00e9phane Miget\",\"image\":{\"@type\":\"ImageObject\",\"inLanguage\":\"fr-FR\",\"@id\":\"https:\\\/\\\/secure.gravatar.com\\\/avatar\\\/89915563d925342126b8ef0281b93d9d7fc337043e8df017f780908eb9644451?s=96&d=mm&r=g\",\"url\":\"https:\\\/\\\/secure.gravatar.com\\\/avatar\\\/89915563d925342126b8ef0281b93d9d7fc337043e8df017f780908eb9644451?s=96&d=mm&r=g\",\"contentUrl\":\"https:\\\/\\\/secure.gravatar.com\\\/avatar\\\/89915563d925342126b8ef0281b93d9d7fc337043e8df017f780908eb9644451?s=96&d=mm&r=g\",\"caption\":\"St\u00e9phane Miget\"},\"url\":\"https:\\\/\\\/batijournal.com\\\/index.php\\\/author\\\/stephane\\\/\"}]}<\/script>\n<!-- \/ Yoast SEO plugin. -->","yoast_head_json":{"title":"L'Etat soutient les travaux de restauration de l\u2019Abbaye de Saint Wandrille","robots":{"index":"index","follow":"follow","max-snippet":"max-snippet:-1","max-image-preview":"max-image-preview:large","max-video-preview":"max-video-preview:-1"},"canonical":"https:\/\/batijournal.com\/index.php\/letat-soutient-les-travaux-de-restauration-de-labbaye-de-saint-wandrille\/104979\/","og_locale":"fr_FR","og_type":"article","og_title":"L'Etat soutient les travaux de restauration de l\u2019Abbaye de Saint Wandrille","og_description":"L\u2019abbaye de Saint-Wandrille est une abbaye b\u00e9n\u00e9dictine de la congr\u00e9gation de Solesnes, situ\u00e9e dans le vallon de Fontenelle, en bordure de Seine, sur la commune de Saint-Wandrille-Ran\u00e7on (d\u00e9sormais Rives en Seine). Fond\u00e9e en 649, l\u2019abbaye a connu une longue histoire marqu\u00e9e par trois grandes p\u00e9riodes de saccages et de destructions. A ce jour, subsistent les [&hellip;]","og_url":"https:\/\/batijournal.com\/index.php\/letat-soutient-les-travaux-de-restauration-de-labbaye-de-saint-wandrille\/104979\/","og_site_name":"Batijournal","article_published_time":"2020-10-14T19:12:31+00:00","og_image":[{"width":646,"height":436,"url":"https:\/\/batijournal.com\/wp-content\/uploads\/2020\/10\/Officiels-devant-galerie-Est-du-cloitre.png","type":"image\/png"}],"author":"St\u00e9phane Miget","twitter_card":"summary_large_image","twitter_creator":"@bati_journal","twitter_site":"@bati_journal","twitter_misc":{"\u00c9crit par":"St\u00e9phane Miget","Dur\u00e9e de lecture estim\u00e9e":"3 minutes"},"schema":{"@context":"https:\/\/schema.org","@graph":[{"@type":"Article","@id":"https:\/\/batijournal.com\/index.php\/letat-soutient-les-travaux-de-restauration-de-labbaye-de-saint-wandrille\/104979\/#article","isPartOf":{"@id":"https:\/\/batijournal.com\/index.php\/letat-soutient-les-travaux-de-restauration-de-labbaye-de-saint-wandrille\/104979\/"},"author":{"name":"St\u00e9phane Miget","@id":"https:\/\/batijournal.com\/#\/schema\/person\/1dc96ec6957aa1ccb25ebe78bb19f100"},"headline":"L&rsquo;Etat soutient les travaux de restauration de l\u2019Abbaye de Saint Wandrille","datePublished":"2020-10-14T19:12:31+00:00","mainEntityOfPage":{"@id":"https:\/\/batijournal.com\/index.php\/letat-soutient-les-travaux-de-restauration-de-labbaye-de-saint-wandrille\/104979\/"},"wordCount":515,"image":{"@id":"https:\/\/batijournal.com\/index.php\/letat-soutient-les-travaux-de-restauration-de-labbaye-de-saint-wandrille\/104979\/#primaryimage"},"thumbnailUrl":"https:\/\/batijournal.com\/wp-content\/uploads\/2020\/10\/Officiels-devant-galerie-Est-du-cloitre.png","keywords":["monument historique"],"articleSection":["Actualit\u00e9s","Architecture &amp; Conception","zz_Actualit\u00e9s - Atrium","zz_Atrium Patrimoine"],"inLanguage":"fr-FR"},{"@type":"WebPage","@id":"https:\/\/batijournal.com\/index.php\/letat-soutient-les-travaux-de-restauration-de-labbaye-de-saint-wandrille\/104979\/","url":"https:\/\/batijournal.com\/index.php\/letat-soutient-les-travaux-de-restauration-de-labbaye-de-saint-wandrille\/104979\/","name":"L'Etat soutient les travaux de restauration de l\u2019Abbaye de Saint Wandrille","isPartOf":{"@id":"https:\/\/batijournal.com\/#website"},"primaryImageOfPage":{"@id":"https:\/\/batijournal.com\/index.php\/letat-soutient-les-travaux-de-restauration-de-labbaye-de-saint-wandrille\/104979\/#primaryimage"},"image":{"@id":"https:\/\/batijournal.com\/index.php\/letat-soutient-les-travaux-de-restauration-de-labbaye-de-saint-wandrille\/104979\/#primaryimage"},"thumbnailUrl":"https:\/\/batijournal.com\/wp-content\/uploads\/2020\/10\/Officiels-devant-galerie-Est-du-cloitre.png","datePublished":"2020-10-14T19:12:31+00:00","author":{"@id":"https:\/\/batijournal.com\/#\/schema\/person\/1dc96ec6957aa1ccb25ebe78bb19f100"},"breadcrumb":{"@id":"https:\/\/batijournal.com\/index.php\/letat-soutient-les-travaux-de-restauration-de-labbaye-de-saint-wandrille\/104979\/#breadcrumb"},"inLanguage":"fr-FR","potentialAction":[{"@type":"ReadAction","target":["https:\/\/batijournal.com\/index.php\/letat-soutient-les-travaux-de-restauration-de-labbaye-de-saint-wandrille\/104979\/"]}]},{"@type":"ImageObject","inLanguage":"fr-FR","@id":"https:\/\/batijournal.com\/index.php\/letat-soutient-les-travaux-de-restauration-de-labbaye-de-saint-wandrille\/104979\/#primaryimage","url":"https:\/\/batijournal.com\/wp-content\/uploads\/2020\/10\/Officiels-devant-galerie-Est-du-cloitre.png","contentUrl":"https:\/\/batijournal.com\/wp-content\/uploads\/2020\/10\/Officiels-devant-galerie-Est-du-cloitre.png","width":646,"height":436},{"@type":"BreadcrumbList","@id":"https:\/\/batijournal.com\/index.php\/letat-soutient-les-travaux-de-restauration-de-labbaye-de-saint-wandrille\/104979\/#breadcrumb","itemListElement":[{"@type":"ListItem","position":1,"name":"Accueil","item":"https:\/\/batijournal.com\/"},{"@type":"ListItem","position":2,"name":"Actualit\u00e9s","item":"https:\/\/batijournal.com\/index.php\/category\/actualites\/"},{"@type":"ListItem","position":3,"name":"Architecture &amp; Conception","item":"https:\/\/batijournal.com\/index.php\/category\/actualites\/architecture-conception\/"},{"@type":"ListItem","position":4,"name":"L&rsquo;Etat soutient les travaux de restauration de l\u2019Abbaye de Saint Wandrille"}]},{"@type":"WebSite","@id":"https:\/\/batijournal.com\/#website","url":"https:\/\/batijournal.com\/","name":"Batijournal","description":"L&#039;actualit\u00e9 du b\u00e2timent","potentialAction":[{"@type":"SearchAction","target":{"@type":"EntryPoint","urlTemplate":"https:\/\/batijournal.com\/?s={search_term_string}"},"query-input":{"@type":"PropertyValueSpecification","valueRequired":true,"valueName":"search_term_string"}}],"inLanguage":"fr-FR"},{"@type":"Person","@id":"https:\/\/batijournal.com\/#\/schema\/person\/1dc96ec6957aa1ccb25ebe78bb19f100","name":"St\u00e9phane Miget","image":{"@type":"ImageObject","inLanguage":"fr-FR","@id":"https:\/\/secure.gravatar.com\/avatar\/89915563d925342126b8ef0281b93d9d7fc337043e8df017f780908eb9644451?s=96&d=mm&r=g","url":"https:\/\/secure.gravatar.com\/avatar\/89915563d925342126b8ef0281b93d9d7fc337043e8df017f780908eb9644451?s=96&d=mm&r=g","contentUrl":"https:\/\/secure.gravatar.com\/avatar\/89915563d925342126b8ef0281b93d9d7fc337043e8df017f780908eb9644451?s=96&d=mm&r=g","caption":"St\u00e9phane Miget"},"url":"https:\/\/batijournal.com\/index.php\/author\/stephane\/"}]}},"_links":{"self":[{"href":"https:\/\/batijournal.com\/index.php\/wp-json\/wp\/v2\/posts\/104979","targetHints":{"allow":["GET"]}}],"collection":[{"href":"https:\/\/batijournal.com\/index.php\/wp-json\/wp\/v2\/posts"}],"about":[{"href":"https:\/\/batijournal.com\/index.php\/wp-json\/wp\/v2\/types\/post"}],"author":[{"embeddable":true,"href":"https:\/\/batijournal.com\/index.php\/wp-json\/wp\/v2\/users\/17"}],"replies":[{"embeddable":true,"href":"https:\/\/batijournal.com\/index.php\/wp-json\/wp\/v2\/comments?post=104979"}],"version-history":[{"count":0,"href":"https:\/\/batijournal.com\/index.php\/wp-json\/wp\/v2\/posts\/104979\/revisions"}],"wp:featuredmedia":[{"embeddable":true,"href":"https:\/\/batijournal.com\/index.php\/wp-json\/wp\/v2\/media\/104980"}],"wp:attachment":[{"href":"https:\/\/batijournal.com\/index.php\/wp-json\/wp\/v2\/media?parent=104979"}],"wp:term":[{"taxonomy":"category","embeddable":true,"href":"https:\/\/batijournal.com\/index.php\/wp-json\/wp\/v2\/categories?post=104979"},{"taxonomy":"post_tag","embeddable":true,"href":"https:\/\/batijournal.com\/index.php\/wp-json\/wp\/v2\/tags?post=104979"}],"curies":[{"name":"wp","href":"https:\/\/api.w.org\/{rel}","templated":true}]}}