{"id":104981,"date":"2020-10-14T21:20:19","date_gmt":"2020-10-14T19:20:19","guid":{"rendered":"https:\/\/batijournal.com\/?p=104981"},"modified":"2020-10-14T21:20:19","modified_gmt":"2020-10-14T19:20:19","slug":"des-vitraux-contemporains-pour-le-transept-de-la-cathedrale-de-bayeux","status":"publish","type":"post","link":"https:\/\/batijournal.com\/index.php\/des-vitraux-contemporains-pour-le-transept-de-la-cathedrale-de-bayeux\/104981\/","title":{"rendered":"Des vitraux contemporains pour le transept de la cath\u00e9drale de Bayeux"},"content":{"rendered":"<p>La cath\u00e9drale de Bayeux a b\u00e9n\u00e9fici\u00e9 de plusieurs programmes successifs de restauration durant ces trente derni\u00e8res ann\u00e9es. Les grandes baies des deux bras de transept \u00e9taient, quant \u00e0 elles, demeur\u00e9es en \u00e9tat de r\u00e9paration, \u00e0 la suite de la temp\u00eate de 1760 qui avait vu dispara\u00eetre les cr\u00e9ations originelles des ma\u00eetres verriers. A l\u2019issue d\u2019une proc\u00e9dure de commande publique elle va b\u00e9n\u00e9ficier de vitraux contemporains. La cr\u00e9ation des vitraux, est confi\u00e9e \u00e0 V\u00e9ronique Joumard, dans le cadre du dispositif de la commande publique artistique port\u00e9 par le minist\u00e8re de la Culture. Exploitant de mani\u00e8re d\u00e9licate et nouvelle la richesse de certains mat\u00e9riaux contemporains, l\u2019artiste parvient \u00e0 les m\u00ealer aux m\u00e9thodes traditionnelles de fabrication des vitraux sans en changer la destination. Cette articulation singuli\u00e8re produit une \u0153uvre \u00e0 la fois forte et sobre dont les ph\u00e9nom\u00e8nes optiques, les \u00ab vibrations \u00bb peuvent \u00eatre per\u00e7ues dans l&rsquo;espace global de la cath\u00e9drale de Notre-Dame de Bayeux.<\/p>\n<p>Cette cr\u00e9ation contemporaine, aujourd\u2019hui unique en France par son ampleur, doit permettre non seulement de restituer \u00e0 l&rsquo;\u00e9difice un \u00e9tat \u00e0 la fois durable et coh\u00e9rent, au regard de son \u00e9chelle monumentale, mais encore de r\u00e9v\u00e9ler une nouvelle qualit\u00e9 sensible des ambiances lumineuses dans ses espaces int\u00e9rieurs. L\u2019id\u00e9e force de la conception des vitraux pour les huit baies du transept est donc de jouer des qualit\u00e9s optiques de prismes de verre int\u00e9gr\u00e9s dans le verre clair des vitraux. Leur pr\u00e9sence, par le truchement de la lumi\u00e8re naturelle et du passage du soleil, provoque de multiples t\u00e2ches color\u00e9es \u00e0 l\u2019int\u00e9rieur de la cath\u00e9drale, en pr\u00e9servant la transparence et la clart\u00e9 de l\u2019ambiance lumineuse connue au c\u0153ur de la crois\u00e9e.<\/p>\n<p>Les op\u00e9rations d\u00e9but\u00e9es en 2019 avec une premi\u00e8re phase concernant les deux baies sud-ouest du transept et devrait aboutir en 2024. Les op\u00e9rations \u00e0 venir la restauration des vitraux sud (2020), la r\u00e9alisation des deux baies sud-est (2021), la r\u00e9alisation des deux baies nord-est (2022), la restauration des vitraux nord (2023) et la r\u00e9alisation des deux baies nord-ouest (2024).<\/p>\n<p>Source et photo : DRAC NORMANDIE<\/p>\n","protected":false},"excerpt":{"rendered":"<p>La cath\u00e9drale de Bayeux a b\u00e9n\u00e9fici\u00e9 de plusieurs programmes successifs de restauration durant ces trente derni\u00e8res ann\u00e9es. Les grandes baies des deux bras de transept \u00e9taient, quant \u00e0 elles, demeur\u00e9es en \u00e9tat de r\u00e9paration, \u00e0 la suite de la temp\u00eate de 1760 qui avait vu dispara\u00eetre les cr\u00e9ations originelles des ma\u00eetres verriers. A l\u2019issue d\u2019une [&hellip;]<\/p>\n","protected":false},"author":17,"featured_media":104982,"comment_status":"closed","ping_status":"closed","sticky":false,"template":"","format":"standard","meta":{"_et_pb_use_builder":"","_et_pb_old_content":"","_et_gb_content_width":"","footnotes":""},"categories":[10530,6340,10789,10785],"tags":[8570],"class_list":["post-104981","post","type-post","status-publish","format-standard","has-post-thumbnail","hentry","category-actualites","category-architecture-conception","category-publications-atrium","category-atrium","tag-vitraux"],"yoast_head":"<!-- This site is optimized with the Yoast SEO plugin v27.4 - https:\/\/yoast.com\/product\/yoast-seo-wordpress\/ -->\n<title>Des vitraux contemporains pour le transept de la cath\u00e9drale de Bayeux<\/title>\n<meta name=\"robots\" content=\"index, follow, max-snippet:-1, max-image-preview:large, max-video-preview:-1\" \/>\n<link rel=\"canonical\" href=\"https:\/\/batijournal.com\/index.php\/des-vitraux-contemporains-pour-le-transept-de-la-cathedrale-de-bayeux\/104981\/\" \/>\n<meta property=\"og:locale\" content=\"fr_FR\" \/>\n<meta property=\"og:type\" content=\"article\" \/>\n<meta property=\"og:title\" content=\"Des vitraux contemporains pour le transept de la cath\u00e9drale de Bayeux\" \/>\n<meta property=\"og:description\" content=\"La cath\u00e9drale de Bayeux a b\u00e9n\u00e9fici\u00e9 de plusieurs programmes successifs de restauration durant ces trente derni\u00e8res ann\u00e9es. Les grandes baies des deux bras de transept \u00e9taient, quant \u00e0 elles, demeur\u00e9es en \u00e9tat de r\u00e9paration, \u00e0 la suite de la temp\u00eate de 1760 qui avait vu dispara\u00eetre les cr\u00e9ations originelles des ma\u00eetres verriers. A l\u2019issue d\u2019une [&hellip;]\" \/>\n<meta property=\"og:url\" content=\"https:\/\/batijournal.com\/index.php\/des-vitraux-contemporains-pour-le-transept-de-la-cathedrale-de-bayeux\/104981\/\" \/>\n<meta property=\"og:site_name\" content=\"Batijournal\" \/>\n<meta property=\"article:published_time\" content=\"2020-10-14T19:20:19+00:00\" \/>\n<meta property=\"og:image\" content=\"https:\/\/batijournal.com\/wp-content\/uploads\/2020\/10\/vitraux-bayeux-2.png.jpg\" \/>\n\t<meta property=\"og:image:width\" content=\"826\" \/>\n\t<meta property=\"og:image:height\" content=\"550\" \/>\n\t<meta property=\"og:image:type\" content=\"image\/jpeg\" \/>\n<meta name=\"author\" content=\"St\u00e9phane Miget\" \/>\n<meta name=\"twitter:card\" content=\"summary_large_image\" \/>\n<meta name=\"twitter:creator\" content=\"@bati_journal\" \/>\n<meta name=\"twitter:site\" content=\"@bati_journal\" \/>\n<meta name=\"twitter:label1\" content=\"\u00c9crit par\" \/>\n\t<meta name=\"twitter:data1\" content=\"St\u00e9phane Miget\" \/>\n\t<meta name=\"twitter:label2\" content=\"Dur\u00e9e de lecture estim\u00e9e\" \/>\n\t<meta name=\"twitter:data2\" content=\"2 minutes\" \/>\n<script type=\"application\/ld+json\" class=\"yoast-schema-graph\">{\"@context\":\"https:\\\/\\\/schema.org\",\"@graph\":[{\"@type\":\"Article\",\"@id\":\"https:\\\/\\\/batijournal.com\\\/index.php\\\/des-vitraux-contemporains-pour-le-transept-de-la-cathedrale-de-bayeux\\\/104981\\\/#article\",\"isPartOf\":{\"@id\":\"https:\\\/\\\/batijournal.com\\\/index.php\\\/des-vitraux-contemporains-pour-le-transept-de-la-cathedrale-de-bayeux\\\/104981\\\/\"},\"author\":{\"name\":\"St\u00e9phane Miget\",\"@id\":\"https:\\\/\\\/batijournal.com\\\/#\\\/schema\\\/person\\\/1dc96ec6957aa1ccb25ebe78bb19f100\"},\"headline\":\"Des vitraux contemporains pour le transept de la cath\u00e9drale de Bayeux\",\"datePublished\":\"2020-10-14T19:20:19+00:00\",\"mainEntityOfPage\":{\"@id\":\"https:\\\/\\\/batijournal.com\\\/index.php\\\/des-vitraux-contemporains-pour-le-transept-de-la-cathedrale-de-bayeux\\\/104981\\\/\"},\"wordCount\":391,\"image\":{\"@id\":\"https:\\\/\\\/batijournal.com\\\/index.php\\\/des-vitraux-contemporains-pour-le-transept-de-la-cathedrale-de-bayeux\\\/104981\\\/#primaryimage\"},\"thumbnailUrl\":\"https:\\\/\\\/batijournal.com\\\/wp-content\\\/uploads\\\/2020\\\/10\\\/vitraux-bayeux-2.png.jpg\",\"keywords\":[\"vitraux\"],\"articleSection\":[\"Actualit\u00e9s\",\"Architecture &amp; Conception\",\"zz_Actualit\u00e9s - Atrium\",\"zz_Atrium Patrimoine\"],\"inLanguage\":\"fr-FR\"},{\"@type\":\"WebPage\",\"@id\":\"https:\\\/\\\/batijournal.com\\\/index.php\\\/des-vitraux-contemporains-pour-le-transept-de-la-cathedrale-de-bayeux\\\/104981\\\/\",\"url\":\"https:\\\/\\\/batijournal.com\\\/index.php\\\/des-vitraux-contemporains-pour-le-transept-de-la-cathedrale-de-bayeux\\\/104981\\\/\",\"name\":\"Des vitraux contemporains pour le transept de la cath\u00e9drale de Bayeux\",\"isPartOf\":{\"@id\":\"https:\\\/\\\/batijournal.com\\\/#website\"},\"primaryImageOfPage\":{\"@id\":\"https:\\\/\\\/batijournal.com\\\/index.php\\\/des-vitraux-contemporains-pour-le-transept-de-la-cathedrale-de-bayeux\\\/104981\\\/#primaryimage\"},\"image\":{\"@id\":\"https:\\\/\\\/batijournal.com\\\/index.php\\\/des-vitraux-contemporains-pour-le-transept-de-la-cathedrale-de-bayeux\\\/104981\\\/#primaryimage\"},\"thumbnailUrl\":\"https:\\\/\\\/batijournal.com\\\/wp-content\\\/uploads\\\/2020\\\/10\\\/vitraux-bayeux-2.png.jpg\",\"datePublished\":\"2020-10-14T19:20:19+00:00\",\"author\":{\"@id\":\"https:\\\/\\\/batijournal.com\\\/#\\\/schema\\\/person\\\/1dc96ec6957aa1ccb25ebe78bb19f100\"},\"breadcrumb\":{\"@id\":\"https:\\\/\\\/batijournal.com\\\/index.php\\\/des-vitraux-contemporains-pour-le-transept-de-la-cathedrale-de-bayeux\\\/104981\\\/#breadcrumb\"},\"inLanguage\":\"fr-FR\",\"potentialAction\":[{\"@type\":\"ReadAction\",\"target\":[\"https:\\\/\\\/batijournal.com\\\/index.php\\\/des-vitraux-contemporains-pour-le-transept-de-la-cathedrale-de-bayeux\\\/104981\\\/\"]}]},{\"@type\":\"ImageObject\",\"inLanguage\":\"fr-FR\",\"@id\":\"https:\\\/\\\/batijournal.com\\\/index.php\\\/des-vitraux-contemporains-pour-le-transept-de-la-cathedrale-de-bayeux\\\/104981\\\/#primaryimage\",\"url\":\"https:\\\/\\\/batijournal.com\\\/wp-content\\\/uploads\\\/2020\\\/10\\\/vitraux-bayeux-2.png.jpg\",\"contentUrl\":\"https:\\\/\\\/batijournal.com\\\/wp-content\\\/uploads\\\/2020\\\/10\\\/vitraux-bayeux-2.png.jpg\",\"width\":826,\"height\":550},{\"@type\":\"BreadcrumbList\",\"@id\":\"https:\\\/\\\/batijournal.com\\\/index.php\\\/des-vitraux-contemporains-pour-le-transept-de-la-cathedrale-de-bayeux\\\/104981\\\/#breadcrumb\",\"itemListElement\":[{\"@type\":\"ListItem\",\"position\":1,\"name\":\"Accueil\",\"item\":\"https:\\\/\\\/batijournal.com\\\/\"},{\"@type\":\"ListItem\",\"position\":2,\"name\":\"Actualit\u00e9s\",\"item\":\"https:\\\/\\\/batijournal.com\\\/index.php\\\/category\\\/actualites\\\/\"},{\"@type\":\"ListItem\",\"position\":3,\"name\":\"Architecture &amp; Conception\",\"item\":\"https:\\\/\\\/batijournal.com\\\/index.php\\\/category\\\/actualites\\\/architecture-conception\\\/\"},{\"@type\":\"ListItem\",\"position\":4,\"name\":\"Des vitraux contemporains pour le transept de la cath\u00e9drale de Bayeux\"}]},{\"@type\":\"WebSite\",\"@id\":\"https:\\\/\\\/batijournal.com\\\/#website\",\"url\":\"https:\\\/\\\/batijournal.com\\\/\",\"name\":\"Batijournal\",\"description\":\"L&#039;actualit\u00e9 du b\u00e2timent\",\"potentialAction\":[{\"@type\":\"SearchAction\",\"target\":{\"@type\":\"EntryPoint\",\"urlTemplate\":\"https:\\\/\\\/batijournal.com\\\/?s={search_term_string}\"},\"query-input\":{\"@type\":\"PropertyValueSpecification\",\"valueRequired\":true,\"valueName\":\"search_term_string\"}}],\"inLanguage\":\"fr-FR\"},{\"@type\":\"Person\",\"@id\":\"https:\\\/\\\/batijournal.com\\\/#\\\/schema\\\/person\\\/1dc96ec6957aa1ccb25ebe78bb19f100\",\"name\":\"St\u00e9phane Miget\",\"image\":{\"@type\":\"ImageObject\",\"inLanguage\":\"fr-FR\",\"@id\":\"https:\\\/\\\/secure.gravatar.com\\\/avatar\\\/89915563d925342126b8ef0281b93d9d7fc337043e8df017f780908eb9644451?s=96&d=mm&r=g\",\"url\":\"https:\\\/\\\/secure.gravatar.com\\\/avatar\\\/89915563d925342126b8ef0281b93d9d7fc337043e8df017f780908eb9644451?s=96&d=mm&r=g\",\"contentUrl\":\"https:\\\/\\\/secure.gravatar.com\\\/avatar\\\/89915563d925342126b8ef0281b93d9d7fc337043e8df017f780908eb9644451?s=96&d=mm&r=g\",\"caption\":\"St\u00e9phane Miget\"},\"url\":\"https:\\\/\\\/batijournal.com\\\/index.php\\\/author\\\/stephane\\\/\"}]}<\/script>\n<!-- \/ Yoast SEO plugin. -->","yoast_head_json":{"title":"Des vitraux contemporains pour le transept de la cath\u00e9drale de Bayeux","robots":{"index":"index","follow":"follow","max-snippet":"max-snippet:-1","max-image-preview":"max-image-preview:large","max-video-preview":"max-video-preview:-1"},"canonical":"https:\/\/batijournal.com\/index.php\/des-vitraux-contemporains-pour-le-transept-de-la-cathedrale-de-bayeux\/104981\/","og_locale":"fr_FR","og_type":"article","og_title":"Des vitraux contemporains pour le transept de la cath\u00e9drale de Bayeux","og_description":"La cath\u00e9drale de Bayeux a b\u00e9n\u00e9fici\u00e9 de plusieurs programmes successifs de restauration durant ces trente derni\u00e8res ann\u00e9es. Les grandes baies des deux bras de transept \u00e9taient, quant \u00e0 elles, demeur\u00e9es en \u00e9tat de r\u00e9paration, \u00e0 la suite de la temp\u00eate de 1760 qui avait vu dispara\u00eetre les cr\u00e9ations originelles des ma\u00eetres verriers. A l\u2019issue d\u2019une [&hellip;]","og_url":"https:\/\/batijournal.com\/index.php\/des-vitraux-contemporains-pour-le-transept-de-la-cathedrale-de-bayeux\/104981\/","og_site_name":"Batijournal","article_published_time":"2020-10-14T19:20:19+00:00","og_image":[{"width":826,"height":550,"url":"https:\/\/batijournal.com\/wp-content\/uploads\/2020\/10\/vitraux-bayeux-2.png.jpg","type":"image\/jpeg"}],"author":"St\u00e9phane Miget","twitter_card":"summary_large_image","twitter_creator":"@bati_journal","twitter_site":"@bati_journal","twitter_misc":{"\u00c9crit par":"St\u00e9phane Miget","Dur\u00e9e de lecture estim\u00e9e":"2 minutes"},"schema":{"@context":"https:\/\/schema.org","@graph":[{"@type":"Article","@id":"https:\/\/batijournal.com\/index.php\/des-vitraux-contemporains-pour-le-transept-de-la-cathedrale-de-bayeux\/104981\/#article","isPartOf":{"@id":"https:\/\/batijournal.com\/index.php\/des-vitraux-contemporains-pour-le-transept-de-la-cathedrale-de-bayeux\/104981\/"},"author":{"name":"St\u00e9phane Miget","@id":"https:\/\/batijournal.com\/#\/schema\/person\/1dc96ec6957aa1ccb25ebe78bb19f100"},"headline":"Des vitraux contemporains pour le transept de la cath\u00e9drale de Bayeux","datePublished":"2020-10-14T19:20:19+00:00","mainEntityOfPage":{"@id":"https:\/\/batijournal.com\/index.php\/des-vitraux-contemporains-pour-le-transept-de-la-cathedrale-de-bayeux\/104981\/"},"wordCount":391,"image":{"@id":"https:\/\/batijournal.com\/index.php\/des-vitraux-contemporains-pour-le-transept-de-la-cathedrale-de-bayeux\/104981\/#primaryimage"},"thumbnailUrl":"https:\/\/batijournal.com\/wp-content\/uploads\/2020\/10\/vitraux-bayeux-2.png.jpg","keywords":["vitraux"],"articleSection":["Actualit\u00e9s","Architecture &amp; Conception","zz_Actualit\u00e9s - Atrium","zz_Atrium Patrimoine"],"inLanguage":"fr-FR"},{"@type":"WebPage","@id":"https:\/\/batijournal.com\/index.php\/des-vitraux-contemporains-pour-le-transept-de-la-cathedrale-de-bayeux\/104981\/","url":"https:\/\/batijournal.com\/index.php\/des-vitraux-contemporains-pour-le-transept-de-la-cathedrale-de-bayeux\/104981\/","name":"Des vitraux contemporains pour le transept de la cath\u00e9drale de Bayeux","isPartOf":{"@id":"https:\/\/batijournal.com\/#website"},"primaryImageOfPage":{"@id":"https:\/\/batijournal.com\/index.php\/des-vitraux-contemporains-pour-le-transept-de-la-cathedrale-de-bayeux\/104981\/#primaryimage"},"image":{"@id":"https:\/\/batijournal.com\/index.php\/des-vitraux-contemporains-pour-le-transept-de-la-cathedrale-de-bayeux\/104981\/#primaryimage"},"thumbnailUrl":"https:\/\/batijournal.com\/wp-content\/uploads\/2020\/10\/vitraux-bayeux-2.png.jpg","datePublished":"2020-10-14T19:20:19+00:00","author":{"@id":"https:\/\/batijournal.com\/#\/schema\/person\/1dc96ec6957aa1ccb25ebe78bb19f100"},"breadcrumb":{"@id":"https:\/\/batijournal.com\/index.php\/des-vitraux-contemporains-pour-le-transept-de-la-cathedrale-de-bayeux\/104981\/#breadcrumb"},"inLanguage":"fr-FR","potentialAction":[{"@type":"ReadAction","target":["https:\/\/batijournal.com\/index.php\/des-vitraux-contemporains-pour-le-transept-de-la-cathedrale-de-bayeux\/104981\/"]}]},{"@type":"ImageObject","inLanguage":"fr-FR","@id":"https:\/\/batijournal.com\/index.php\/des-vitraux-contemporains-pour-le-transept-de-la-cathedrale-de-bayeux\/104981\/#primaryimage","url":"https:\/\/batijournal.com\/wp-content\/uploads\/2020\/10\/vitraux-bayeux-2.png.jpg","contentUrl":"https:\/\/batijournal.com\/wp-content\/uploads\/2020\/10\/vitraux-bayeux-2.png.jpg","width":826,"height":550},{"@type":"BreadcrumbList","@id":"https:\/\/batijournal.com\/index.php\/des-vitraux-contemporains-pour-le-transept-de-la-cathedrale-de-bayeux\/104981\/#breadcrumb","itemListElement":[{"@type":"ListItem","position":1,"name":"Accueil","item":"https:\/\/batijournal.com\/"},{"@type":"ListItem","position":2,"name":"Actualit\u00e9s","item":"https:\/\/batijournal.com\/index.php\/category\/actualites\/"},{"@type":"ListItem","position":3,"name":"Architecture &amp; Conception","item":"https:\/\/batijournal.com\/index.php\/category\/actualites\/architecture-conception\/"},{"@type":"ListItem","position":4,"name":"Des vitraux contemporains pour le transept de la cath\u00e9drale de Bayeux"}]},{"@type":"WebSite","@id":"https:\/\/batijournal.com\/#website","url":"https:\/\/batijournal.com\/","name":"Batijournal","description":"L&#039;actualit\u00e9 du b\u00e2timent","potentialAction":[{"@type":"SearchAction","target":{"@type":"EntryPoint","urlTemplate":"https:\/\/batijournal.com\/?s={search_term_string}"},"query-input":{"@type":"PropertyValueSpecification","valueRequired":true,"valueName":"search_term_string"}}],"inLanguage":"fr-FR"},{"@type":"Person","@id":"https:\/\/batijournal.com\/#\/schema\/person\/1dc96ec6957aa1ccb25ebe78bb19f100","name":"St\u00e9phane Miget","image":{"@type":"ImageObject","inLanguage":"fr-FR","@id":"https:\/\/secure.gravatar.com\/avatar\/89915563d925342126b8ef0281b93d9d7fc337043e8df017f780908eb9644451?s=96&d=mm&r=g","url":"https:\/\/secure.gravatar.com\/avatar\/89915563d925342126b8ef0281b93d9d7fc337043e8df017f780908eb9644451?s=96&d=mm&r=g","contentUrl":"https:\/\/secure.gravatar.com\/avatar\/89915563d925342126b8ef0281b93d9d7fc337043e8df017f780908eb9644451?s=96&d=mm&r=g","caption":"St\u00e9phane Miget"},"url":"https:\/\/batijournal.com\/index.php\/author\/stephane\/"}]}},"_links":{"self":[{"href":"https:\/\/batijournal.com\/index.php\/wp-json\/wp\/v2\/posts\/104981","targetHints":{"allow":["GET"]}}],"collection":[{"href":"https:\/\/batijournal.com\/index.php\/wp-json\/wp\/v2\/posts"}],"about":[{"href":"https:\/\/batijournal.com\/index.php\/wp-json\/wp\/v2\/types\/post"}],"author":[{"embeddable":true,"href":"https:\/\/batijournal.com\/index.php\/wp-json\/wp\/v2\/users\/17"}],"replies":[{"embeddable":true,"href":"https:\/\/batijournal.com\/index.php\/wp-json\/wp\/v2\/comments?post=104981"}],"version-history":[{"count":0,"href":"https:\/\/batijournal.com\/index.php\/wp-json\/wp\/v2\/posts\/104981\/revisions"}],"wp:featuredmedia":[{"embeddable":true,"href":"https:\/\/batijournal.com\/index.php\/wp-json\/wp\/v2\/media\/104982"}],"wp:attachment":[{"href":"https:\/\/batijournal.com\/index.php\/wp-json\/wp\/v2\/media?parent=104981"}],"wp:term":[{"taxonomy":"category","embeddable":true,"href":"https:\/\/batijournal.com\/index.php\/wp-json\/wp\/v2\/categories?post=104981"},{"taxonomy":"post_tag","embeddable":true,"href":"https:\/\/batijournal.com\/index.php\/wp-json\/wp\/v2\/tags?post=104981"}],"curies":[{"name":"wp","href":"https:\/\/api.w.org\/{rel}","templated":true}]}}