{"id":104983,"date":"2020-10-15T09:20:51","date_gmt":"2020-10-15T07:20:51","guid":{"rendered":"https:\/\/batijournal.com\/?p=104983"},"modified":"2020-10-15T09:20:51","modified_gmt":"2020-10-15T07:20:51","slug":"la-nouvelle-maison-de-la-culture-de-bourges-une-architecture-epuree","status":"publish","type":"post","link":"https:\/\/batijournal.com\/index.php\/la-nouvelle-maison-de-la-culture-de-bourges-une-architecture-epuree\/104983\/","title":{"rendered":"La nouvelle Maison de la Culture de Bourges, une architecture \u00e9pur\u00e9e"},"content":{"rendered":"<p><strong>Imagin\u00e9 par l\u2019agence d\u2019architecture Ivars &amp; Ballet, la nouvelle Maison de la Culture Bourges devait jouer un r\u00f4le urbain et architectural de premier plan au sein d\u2019un environnement artistique d\u00e9j\u00e0 riche. Sur une surface de 6 000 m2, le programme accueille deux th\u00e9\u00e2tres, un espace d\u2019animation et de m\u00e9diation, une salle de r\u00e9p\u00e9tition, deux salles de cin\u00e9mas, un restaurant et un large hall pour pr\u00e9senter les expositions.<\/strong><\/p>\n<p>Sa forme rectangulaire, toute en longueur et \u00e9pur\u00e9e, est magnifi\u00e9e par un auvent m\u00e9tallique d\u00e9bordant c\u00f4t\u00e9 mail et au niveau du parvis. La conception et la mise en \u0153uvre de cette marquise minutieuse ont \u00e9t\u00e9 r\u00e9alis\u00e9es par l\u2019agence SOPREMA Entreprises Bourges. Pour obtenir cette \u00e9criture minimaliste, le bureau d\u2019\u00e9tudes a travaill\u00e9 sur l\u2019empilage des cotes entre le gros \u0153uvre, la charpente, les menuiseries ext\u00e9rieures et l\u2019\u00e9tanch\u00e9it\u00e9, le tout en respectant le DTU de chacun. Une \u00e9quipe de quatre bardeurs exp\u00e9riment\u00e9s a install\u00e9 pr\u00e8s de 1400 m2 de cassettes Alucobond\u00ae en s\u2019assurant que les joints soient quasi-invisibles. Un v\u00e9ritable travail de pr\u00e9cision car cet \u00e9l\u00e9ment architectural avait pour particularit\u00e9 d\u2019\u00eatre tr\u00e8s fin sur le bord (5 \u00e0 10 cm). Les cassettes semblent ainsi dispara\u00eetre au profit d\u2019une surface monolithique qui scintille de jour comme de nuit gr\u00e2ce aux \u00e9clairages artificiels. Leur couleur champagne s\u2019harmonise \u00e0 la min\u00e9ralit\u00e9 de la pierre en soubassement.<\/p>\n<p>Un soin particulier a \u00e9galement \u00e9t\u00e9 apport\u00e9 \u00e0 la cage de sc\u00e8ne surplombant le volume. SOPREMA Entreprises l\u2019a habill\u00e9e, de septembre 2019 \u00e0 octobre 2020, d\u2019une peau textur\u00e9e qui fait \u00e9cho au feuillage des arbres alentour. Au total, 1 000 m2 de lames sur-mesure en acier laqu\u00e9 recouvrent cette strate \u00e9mergente, signal de la ville. Sa teinte \u00ab gold perla \u00bb joue avec les lumi\u00e8res au fil de la journ\u00e9e et refl\u00e8te la canop\u00e9e voisine pour une symbiose entre le b\u00e2ti et le v\u00e9g\u00e9tal. Le travail du bureau d\u2019\u00e9tudes int\u00e9gr\u00e9 a \u00e9t\u00e9 essentiel en phase pr\u00e9paratoire. Il a r\u00e9interpr\u00e9t\u00e9 les dessins de l\u2019architecte, qui a pouss\u00e9 le niveau de d\u00e9tails avec plus de 50 modules de lames \u00ab chevrons \u00bb de diff\u00e9rentes longueurs (entre 200 et 3 500 mm &#8211; largeur identique de 400 mm). Une fois les plans d\u2019ex\u00e9cution valid\u00e9s, il les a transmis au fabricant Arcelor Mittal. Il a par la suite \u00e9t\u00e9 sur le chantier pour valider in-situ le prototype avant de lancer la production. L\u2019objectif \u00e9tant de retranscrire avec minutie le souhait de la ma\u00eetrise d\u2019\u0153uvre. Lors de la r\u00e9ception des modules, les \u00e9quipes devaient \u00e9galement \u00eatre attentives et suivre avec pr\u00e9cision les plans pour placer chaque pi\u00e8ce \u00e0 l\u2019endroit d\u00e9fini tel un \u00ab puzzle g\u00e9ant \u00bb.<\/p>\n<p>Pour favoriser le confort du public et du personnel, SOPREMA Entreprises a mis en \u0153uvre en toiture des solutions performantes qui garantissent une \u00e9tanch\u00e9it\u00e9 et une isolation optimales et durables. De juin 2019 \u00e0 f\u00e9vrier 2020, une \u00e9quipe de sept \u00e9tancheurs s\u2019est relay\u00e9e pour r\u00e9aliser :<br \/>\n&#8211; 3 400 m2 de toiture inaccessible sur b\u00e9ton avec finition autoprot\u00e9g\u00e9e et panneaux polyur\u00e9thane de 160 mm,<br \/>\n&#8211; 1 000 m2 de bac acier sur laine de roche soudable de 240 mm en 2 lits,<br \/>\n&#8211; 370 m2 de terrasses accessibles pi\u00e9tons sur panneaux polyur\u00e9thane de 160 mm,<br \/>\n&#8211; 540 m2 de terrasses avec protections dures pour terrasses techniques.<\/p>\n<p>MA\u00ceTRE D\u2019OUVRAGE : Ville de Bourges<br \/>\nARCHITECTE : Ivars &amp; Ballet<\/p>\n<p>&nbsp;<\/p>\n<p>Photos SOPREMA Entreprises &#8211; photographe Yannick PIROT<\/p>\n<p>&nbsp;<\/p>\n","protected":false},"excerpt":{"rendered":"<p>Imagin\u00e9 par l\u2019agence d\u2019architecture Ivars &amp; Ballet, la nouvelle Maison de la Culture Bourges devait jouer un r\u00f4le urbain et architectural de premier plan au sein d\u2019un environnement artistique d\u00e9j\u00e0 riche. Sur une surface de 6 000 m2, le programme accueille deux th\u00e9\u00e2tres, un espace d\u2019animation et de m\u00e9diation, une salle de r\u00e9p\u00e9tition, deux salles [&hellip;]<\/p>\n","protected":false},"author":17,"featured_media":104984,"comment_status":"closed","ping_status":"closed","sticky":false,"template":"","format":"standard","meta":{"_et_pb_use_builder":"","_et_pb_old_content":"","_et_gb_content_width":"","footnotes":""},"categories":[10530,6340,10771,10775],"tags":[126],"class_list":["post-104983","post","type-post","status-publish","format-standard","has-post-thumbnail","hentry","category-actualites","category-architecture-conception","category-5facades","category-actualites-5facades","tag-facade"],"yoast_head":"<!-- This site is optimized with the Yoast SEO plugin v27.4 - https:\/\/yoast.com\/product\/yoast-seo-wordpress\/ -->\n<title>La nouvelle Maison de la Culture de Bourges, une architecture \u00e9pur\u00e9e<\/title>\n<meta name=\"robots\" content=\"index, follow, max-snippet:-1, max-image-preview:large, max-video-preview:-1\" \/>\n<link rel=\"canonical\" href=\"https:\/\/batijournal.com\/index.php\/la-nouvelle-maison-de-la-culture-de-bourges-une-architecture-epuree\/104983\/\" \/>\n<meta property=\"og:locale\" content=\"fr_FR\" \/>\n<meta property=\"og:type\" content=\"article\" \/>\n<meta property=\"og:title\" content=\"La nouvelle Maison de la Culture de Bourges, une architecture \u00e9pur\u00e9e\" \/>\n<meta property=\"og:description\" content=\"Imagin\u00e9 par l\u2019agence d\u2019architecture Ivars &amp; Ballet, la nouvelle Maison de la Culture Bourges devait jouer un r\u00f4le urbain et architectural de premier plan au sein d\u2019un environnement artistique d\u00e9j\u00e0 riche. Sur une surface de 6 000 m2, le programme accueille deux th\u00e9\u00e2tres, un espace d\u2019animation et de m\u00e9diation, une salle de r\u00e9p\u00e9tition, deux salles [&hellip;]\" \/>\n<meta property=\"og:url\" content=\"https:\/\/batijournal.com\/index.php\/la-nouvelle-maison-de-la-culture-de-bourges-une-architecture-epuree\/104983\/\" \/>\n<meta property=\"og:site_name\" content=\"Batijournal\" \/>\n<meta property=\"article:published_time\" content=\"2020-10-15T07:20:51+00:00\" \/>\n<meta property=\"og:image\" content=\"https:\/\/batijournal.com\/wp-content\/uploads\/2020\/10\/nouvelle-Maison-de-la-Culture-de-Bourges.png\" \/>\n\t<meta property=\"og:image:width\" content=\"836\" \/>\n\t<meta property=\"og:image:height\" content=\"490\" \/>\n\t<meta property=\"og:image:type\" content=\"image\/png\" \/>\n<meta name=\"author\" content=\"St\u00e9phane Miget\" \/>\n<meta name=\"twitter:card\" content=\"summary_large_image\" \/>\n<meta name=\"twitter:creator\" content=\"@bati_journal\" \/>\n<meta name=\"twitter:site\" content=\"@bati_journal\" \/>\n<meta name=\"twitter:label1\" content=\"\u00c9crit par\" \/>\n\t<meta name=\"twitter:data1\" content=\"St\u00e9phane Miget\" \/>\n\t<meta name=\"twitter:label2\" content=\"Dur\u00e9e de lecture estim\u00e9e\" \/>\n\t<meta name=\"twitter:data2\" content=\"3 minutes\" \/>\n<script type=\"application\/ld+json\" class=\"yoast-schema-graph\">{\"@context\":\"https:\\\/\\\/schema.org\",\"@graph\":[{\"@type\":\"Article\",\"@id\":\"https:\\\/\\\/batijournal.com\\\/index.php\\\/la-nouvelle-maison-de-la-culture-de-bourges-une-architecture-epuree\\\/104983\\\/#article\",\"isPartOf\":{\"@id\":\"https:\\\/\\\/batijournal.com\\\/index.php\\\/la-nouvelle-maison-de-la-culture-de-bourges-une-architecture-epuree\\\/104983\\\/\"},\"author\":{\"name\":\"St\u00e9phane Miget\",\"@id\":\"https:\\\/\\\/batijournal.com\\\/#\\\/schema\\\/person\\\/1dc96ec6957aa1ccb25ebe78bb19f100\"},\"headline\":\"La nouvelle Maison de la Culture de Bourges, une architecture \u00e9pur\u00e9e\",\"datePublished\":\"2020-10-15T07:20:51+00:00\",\"mainEntityOfPage\":{\"@id\":\"https:\\\/\\\/batijournal.com\\\/index.php\\\/la-nouvelle-maison-de-la-culture-de-bourges-une-architecture-epuree\\\/104983\\\/\"},\"wordCount\":610,\"image\":{\"@id\":\"https:\\\/\\\/batijournal.com\\\/index.php\\\/la-nouvelle-maison-de-la-culture-de-bourges-une-architecture-epuree\\\/104983\\\/#primaryimage\"},\"thumbnailUrl\":\"https:\\\/\\\/batijournal.com\\\/wp-content\\\/uploads\\\/2020\\\/10\\\/nouvelle-Maison-de-la-Culture-de-Bourges.png\",\"keywords\":[\"fa\u00e7ade\"],\"articleSection\":[\"Actualit\u00e9s\",\"Architecture &amp; Conception\",\"zz_5fa\u00e7ades\",\"zz_Actualit\u00e9s - 5fa\u00e7ades\"],\"inLanguage\":\"fr-FR\"},{\"@type\":\"WebPage\",\"@id\":\"https:\\\/\\\/batijournal.com\\\/index.php\\\/la-nouvelle-maison-de-la-culture-de-bourges-une-architecture-epuree\\\/104983\\\/\",\"url\":\"https:\\\/\\\/batijournal.com\\\/index.php\\\/la-nouvelle-maison-de-la-culture-de-bourges-une-architecture-epuree\\\/104983\\\/\",\"name\":\"La nouvelle Maison de la Culture de Bourges, une architecture \u00e9pur\u00e9e\",\"isPartOf\":{\"@id\":\"https:\\\/\\\/batijournal.com\\\/#website\"},\"primaryImageOfPage\":{\"@id\":\"https:\\\/\\\/batijournal.com\\\/index.php\\\/la-nouvelle-maison-de-la-culture-de-bourges-une-architecture-epuree\\\/104983\\\/#primaryimage\"},\"image\":{\"@id\":\"https:\\\/\\\/batijournal.com\\\/index.php\\\/la-nouvelle-maison-de-la-culture-de-bourges-une-architecture-epuree\\\/104983\\\/#primaryimage\"},\"thumbnailUrl\":\"https:\\\/\\\/batijournal.com\\\/wp-content\\\/uploads\\\/2020\\\/10\\\/nouvelle-Maison-de-la-Culture-de-Bourges.png\",\"datePublished\":\"2020-10-15T07:20:51+00:00\",\"author\":{\"@id\":\"https:\\\/\\\/batijournal.com\\\/#\\\/schema\\\/person\\\/1dc96ec6957aa1ccb25ebe78bb19f100\"},\"breadcrumb\":{\"@id\":\"https:\\\/\\\/batijournal.com\\\/index.php\\\/la-nouvelle-maison-de-la-culture-de-bourges-une-architecture-epuree\\\/104983\\\/#breadcrumb\"},\"inLanguage\":\"fr-FR\",\"potentialAction\":[{\"@type\":\"ReadAction\",\"target\":[\"https:\\\/\\\/batijournal.com\\\/index.php\\\/la-nouvelle-maison-de-la-culture-de-bourges-une-architecture-epuree\\\/104983\\\/\"]}]},{\"@type\":\"ImageObject\",\"inLanguage\":\"fr-FR\",\"@id\":\"https:\\\/\\\/batijournal.com\\\/index.php\\\/la-nouvelle-maison-de-la-culture-de-bourges-une-architecture-epuree\\\/104983\\\/#primaryimage\",\"url\":\"https:\\\/\\\/batijournal.com\\\/wp-content\\\/uploads\\\/2020\\\/10\\\/nouvelle-Maison-de-la-Culture-de-Bourges.png\",\"contentUrl\":\"https:\\\/\\\/batijournal.com\\\/wp-content\\\/uploads\\\/2020\\\/10\\\/nouvelle-Maison-de-la-Culture-de-Bourges.png\",\"width\":836,\"height\":490},{\"@type\":\"BreadcrumbList\",\"@id\":\"https:\\\/\\\/batijournal.com\\\/index.php\\\/la-nouvelle-maison-de-la-culture-de-bourges-une-architecture-epuree\\\/104983\\\/#breadcrumb\",\"itemListElement\":[{\"@type\":\"ListItem\",\"position\":1,\"name\":\"Accueil\",\"item\":\"https:\\\/\\\/batijournal.com\\\/\"},{\"@type\":\"ListItem\",\"position\":2,\"name\":\"Actualit\u00e9s\",\"item\":\"https:\\\/\\\/batijournal.com\\\/index.php\\\/category\\\/actualites\\\/\"},{\"@type\":\"ListItem\",\"position\":3,\"name\":\"Architecture &amp; Conception\",\"item\":\"https:\\\/\\\/batijournal.com\\\/index.php\\\/category\\\/actualites\\\/architecture-conception\\\/\"},{\"@type\":\"ListItem\",\"position\":4,\"name\":\"La nouvelle Maison de la Culture de Bourges, une architecture \u00e9pur\u00e9e\"}]},{\"@type\":\"WebSite\",\"@id\":\"https:\\\/\\\/batijournal.com\\\/#website\",\"url\":\"https:\\\/\\\/batijournal.com\\\/\",\"name\":\"Batijournal\",\"description\":\"L&#039;actualit\u00e9 du b\u00e2timent\",\"potentialAction\":[{\"@type\":\"SearchAction\",\"target\":{\"@type\":\"EntryPoint\",\"urlTemplate\":\"https:\\\/\\\/batijournal.com\\\/?s={search_term_string}\"},\"query-input\":{\"@type\":\"PropertyValueSpecification\",\"valueRequired\":true,\"valueName\":\"search_term_string\"}}],\"inLanguage\":\"fr-FR\"},{\"@type\":\"Person\",\"@id\":\"https:\\\/\\\/batijournal.com\\\/#\\\/schema\\\/person\\\/1dc96ec6957aa1ccb25ebe78bb19f100\",\"name\":\"St\u00e9phane Miget\",\"image\":{\"@type\":\"ImageObject\",\"inLanguage\":\"fr-FR\",\"@id\":\"https:\\\/\\\/secure.gravatar.com\\\/avatar\\\/89915563d925342126b8ef0281b93d9d7fc337043e8df017f780908eb9644451?s=96&d=mm&r=g\",\"url\":\"https:\\\/\\\/secure.gravatar.com\\\/avatar\\\/89915563d925342126b8ef0281b93d9d7fc337043e8df017f780908eb9644451?s=96&d=mm&r=g\",\"contentUrl\":\"https:\\\/\\\/secure.gravatar.com\\\/avatar\\\/89915563d925342126b8ef0281b93d9d7fc337043e8df017f780908eb9644451?s=96&d=mm&r=g\",\"caption\":\"St\u00e9phane Miget\"},\"url\":\"https:\\\/\\\/batijournal.com\\\/index.php\\\/author\\\/stephane\\\/\"}]}<\/script>\n<!-- \/ Yoast SEO plugin. -->","yoast_head_json":{"title":"La nouvelle Maison de la Culture de Bourges, une architecture \u00e9pur\u00e9e","robots":{"index":"index","follow":"follow","max-snippet":"max-snippet:-1","max-image-preview":"max-image-preview:large","max-video-preview":"max-video-preview:-1"},"canonical":"https:\/\/batijournal.com\/index.php\/la-nouvelle-maison-de-la-culture-de-bourges-une-architecture-epuree\/104983\/","og_locale":"fr_FR","og_type":"article","og_title":"La nouvelle Maison de la Culture de Bourges, une architecture \u00e9pur\u00e9e","og_description":"Imagin\u00e9 par l\u2019agence d\u2019architecture Ivars &amp; Ballet, la nouvelle Maison de la Culture Bourges devait jouer un r\u00f4le urbain et architectural de premier plan au sein d\u2019un environnement artistique d\u00e9j\u00e0 riche. Sur une surface de 6 000 m2, le programme accueille deux th\u00e9\u00e2tres, un espace d\u2019animation et de m\u00e9diation, une salle de r\u00e9p\u00e9tition, deux salles [&hellip;]","og_url":"https:\/\/batijournal.com\/index.php\/la-nouvelle-maison-de-la-culture-de-bourges-une-architecture-epuree\/104983\/","og_site_name":"Batijournal","article_published_time":"2020-10-15T07:20:51+00:00","og_image":[{"width":836,"height":490,"url":"https:\/\/batijournal.com\/wp-content\/uploads\/2020\/10\/nouvelle-Maison-de-la-Culture-de-Bourges.png","type":"image\/png"}],"author":"St\u00e9phane Miget","twitter_card":"summary_large_image","twitter_creator":"@bati_journal","twitter_site":"@bati_journal","twitter_misc":{"\u00c9crit par":"St\u00e9phane Miget","Dur\u00e9e de lecture estim\u00e9e":"3 minutes"},"schema":{"@context":"https:\/\/schema.org","@graph":[{"@type":"Article","@id":"https:\/\/batijournal.com\/index.php\/la-nouvelle-maison-de-la-culture-de-bourges-une-architecture-epuree\/104983\/#article","isPartOf":{"@id":"https:\/\/batijournal.com\/index.php\/la-nouvelle-maison-de-la-culture-de-bourges-une-architecture-epuree\/104983\/"},"author":{"name":"St\u00e9phane Miget","@id":"https:\/\/batijournal.com\/#\/schema\/person\/1dc96ec6957aa1ccb25ebe78bb19f100"},"headline":"La nouvelle Maison de la Culture de Bourges, une architecture \u00e9pur\u00e9e","datePublished":"2020-10-15T07:20:51+00:00","mainEntityOfPage":{"@id":"https:\/\/batijournal.com\/index.php\/la-nouvelle-maison-de-la-culture-de-bourges-une-architecture-epuree\/104983\/"},"wordCount":610,"image":{"@id":"https:\/\/batijournal.com\/index.php\/la-nouvelle-maison-de-la-culture-de-bourges-une-architecture-epuree\/104983\/#primaryimage"},"thumbnailUrl":"https:\/\/batijournal.com\/wp-content\/uploads\/2020\/10\/nouvelle-Maison-de-la-Culture-de-Bourges.png","keywords":["fa\u00e7ade"],"articleSection":["Actualit\u00e9s","Architecture &amp; Conception","zz_5fa\u00e7ades","zz_Actualit\u00e9s - 5fa\u00e7ades"],"inLanguage":"fr-FR"},{"@type":"WebPage","@id":"https:\/\/batijournal.com\/index.php\/la-nouvelle-maison-de-la-culture-de-bourges-une-architecture-epuree\/104983\/","url":"https:\/\/batijournal.com\/index.php\/la-nouvelle-maison-de-la-culture-de-bourges-une-architecture-epuree\/104983\/","name":"La nouvelle Maison de la Culture de Bourges, une architecture \u00e9pur\u00e9e","isPartOf":{"@id":"https:\/\/batijournal.com\/#website"},"primaryImageOfPage":{"@id":"https:\/\/batijournal.com\/index.php\/la-nouvelle-maison-de-la-culture-de-bourges-une-architecture-epuree\/104983\/#primaryimage"},"image":{"@id":"https:\/\/batijournal.com\/index.php\/la-nouvelle-maison-de-la-culture-de-bourges-une-architecture-epuree\/104983\/#primaryimage"},"thumbnailUrl":"https:\/\/batijournal.com\/wp-content\/uploads\/2020\/10\/nouvelle-Maison-de-la-Culture-de-Bourges.png","datePublished":"2020-10-15T07:20:51+00:00","author":{"@id":"https:\/\/batijournal.com\/#\/schema\/person\/1dc96ec6957aa1ccb25ebe78bb19f100"},"breadcrumb":{"@id":"https:\/\/batijournal.com\/index.php\/la-nouvelle-maison-de-la-culture-de-bourges-une-architecture-epuree\/104983\/#breadcrumb"},"inLanguage":"fr-FR","potentialAction":[{"@type":"ReadAction","target":["https:\/\/batijournal.com\/index.php\/la-nouvelle-maison-de-la-culture-de-bourges-une-architecture-epuree\/104983\/"]}]},{"@type":"ImageObject","inLanguage":"fr-FR","@id":"https:\/\/batijournal.com\/index.php\/la-nouvelle-maison-de-la-culture-de-bourges-une-architecture-epuree\/104983\/#primaryimage","url":"https:\/\/batijournal.com\/wp-content\/uploads\/2020\/10\/nouvelle-Maison-de-la-Culture-de-Bourges.png","contentUrl":"https:\/\/batijournal.com\/wp-content\/uploads\/2020\/10\/nouvelle-Maison-de-la-Culture-de-Bourges.png","width":836,"height":490},{"@type":"BreadcrumbList","@id":"https:\/\/batijournal.com\/index.php\/la-nouvelle-maison-de-la-culture-de-bourges-une-architecture-epuree\/104983\/#breadcrumb","itemListElement":[{"@type":"ListItem","position":1,"name":"Accueil","item":"https:\/\/batijournal.com\/"},{"@type":"ListItem","position":2,"name":"Actualit\u00e9s","item":"https:\/\/batijournal.com\/index.php\/category\/actualites\/"},{"@type":"ListItem","position":3,"name":"Architecture &amp; Conception","item":"https:\/\/batijournal.com\/index.php\/category\/actualites\/architecture-conception\/"},{"@type":"ListItem","position":4,"name":"La nouvelle Maison de la Culture de Bourges, une architecture \u00e9pur\u00e9e"}]},{"@type":"WebSite","@id":"https:\/\/batijournal.com\/#website","url":"https:\/\/batijournal.com\/","name":"Batijournal","description":"L&#039;actualit\u00e9 du b\u00e2timent","potentialAction":[{"@type":"SearchAction","target":{"@type":"EntryPoint","urlTemplate":"https:\/\/batijournal.com\/?s={search_term_string}"},"query-input":{"@type":"PropertyValueSpecification","valueRequired":true,"valueName":"search_term_string"}}],"inLanguage":"fr-FR"},{"@type":"Person","@id":"https:\/\/batijournal.com\/#\/schema\/person\/1dc96ec6957aa1ccb25ebe78bb19f100","name":"St\u00e9phane Miget","image":{"@type":"ImageObject","inLanguage":"fr-FR","@id":"https:\/\/secure.gravatar.com\/avatar\/89915563d925342126b8ef0281b93d9d7fc337043e8df017f780908eb9644451?s=96&d=mm&r=g","url":"https:\/\/secure.gravatar.com\/avatar\/89915563d925342126b8ef0281b93d9d7fc337043e8df017f780908eb9644451?s=96&d=mm&r=g","contentUrl":"https:\/\/secure.gravatar.com\/avatar\/89915563d925342126b8ef0281b93d9d7fc337043e8df017f780908eb9644451?s=96&d=mm&r=g","caption":"St\u00e9phane Miget"},"url":"https:\/\/batijournal.com\/index.php\/author\/stephane\/"}]}},"_links":{"self":[{"href":"https:\/\/batijournal.com\/index.php\/wp-json\/wp\/v2\/posts\/104983","targetHints":{"allow":["GET"]}}],"collection":[{"href":"https:\/\/batijournal.com\/index.php\/wp-json\/wp\/v2\/posts"}],"about":[{"href":"https:\/\/batijournal.com\/index.php\/wp-json\/wp\/v2\/types\/post"}],"author":[{"embeddable":true,"href":"https:\/\/batijournal.com\/index.php\/wp-json\/wp\/v2\/users\/17"}],"replies":[{"embeddable":true,"href":"https:\/\/batijournal.com\/index.php\/wp-json\/wp\/v2\/comments?post=104983"}],"version-history":[{"count":0,"href":"https:\/\/batijournal.com\/index.php\/wp-json\/wp\/v2\/posts\/104983\/revisions"}],"wp:featuredmedia":[{"embeddable":true,"href":"https:\/\/batijournal.com\/index.php\/wp-json\/wp\/v2\/media\/104984"}],"wp:attachment":[{"href":"https:\/\/batijournal.com\/index.php\/wp-json\/wp\/v2\/media?parent=104983"}],"wp:term":[{"taxonomy":"category","embeddable":true,"href":"https:\/\/batijournal.com\/index.php\/wp-json\/wp\/v2\/categories?post=104983"},{"taxonomy":"post_tag","embeddable":true,"href":"https:\/\/batijournal.com\/index.php\/wp-json\/wp\/v2\/tags?post=104983"}],"curies":[{"name":"wp","href":"https:\/\/api.w.org\/{rel}","templated":true}]}}