{"id":104987,"date":"2020-10-15T14:42:24","date_gmt":"2020-10-15T12:42:24","guid":{"rendered":"https:\/\/batijournal.com\/?p=104987"},"modified":"2020-10-15T14:42:24","modified_gmt":"2020-10-15T12:42:24","slug":"programme-de-formations-dans-lutilisation-des-materiaux-locaux-naturels","status":"publish","type":"post","link":"https:\/\/batijournal.com\/index.php\/programme-de-formations-dans-lutilisation-des-materiaux-locaux-naturels\/104987\/","title":{"rendered":"Programme de formations dans l&rsquo;utilisation des mat\u00e9riaux locaux naturels"},"content":{"rendered":"<p>am\u00e0co vient de publier son calendrier et les programmes des formations professionnelles pour l\u2019ann\u00e9e 2020\/2021. am\u00e0co accompagne les professionnels et futurs professionnels de la construction, de l\u2019architecture et du design dans la conception et la r\u00e9alisation de projets transformant les mati\u00e8res naturelles disponibles localement en mat\u00e9riaux de construction. am\u00e0co accompagne \u00e9galement le d\u00e9veloppement de fili\u00e8res de production de mat\u00e9riaux en terre crue et en fibres v\u00e9g\u00e9tales dans les territoires. Sable, cailloux, argiles, osier, bambou et toutes les mati\u00e8res brutes qui nous entourent sont \u00e9tudi\u00e9es par am\u00e0co. En croisant science, technique, art et architecture, am\u00e0co r\u00e9v\u00e8le leurs potentiels constructifs et esth\u00e9tiques.<\/p>\n<p><a href=\"https:\/\/amaco.org\/nouveaucalendrier-des-formations-2020-2021\/\">https:\/\/amaco.org\/nouveaucalendrier-des-formations-2020-2021\/<\/a><\/p>\n<p>&nbsp;<\/p>\n","protected":false},"excerpt":{"rendered":"<p>am\u00e0co vient de publier son calendrier et les programmes des formations professionnelles pour l\u2019ann\u00e9e 2020\/2021. am\u00e0co accompagne les professionnels et futurs professionnels de la construction, de l\u2019architecture et du design dans la conception et la r\u00e9alisation de projets transformant les mati\u00e8res naturelles disponibles localement en mat\u00e9riaux de construction. am\u00e0co accompagne \u00e9galement le d\u00e9veloppement de fili\u00e8res [&hellip;]<\/p>\n","protected":false},"author":17,"featured_media":104988,"comment_status":"closed","ping_status":"closed","sticky":false,"template":"","format":"standard","meta":{"_et_pb_use_builder":"","_et_pb_old_content":"","_et_gb_content_width":"","footnotes":""},"categories":[10530,6362,10771,10775,10789,10785],"tags":[517],"class_list":["post-104987","post","type-post","status-publish","format-standard","has-post-thumbnail","hentry","category-actualites","category-services-equipements","category-5facades","category-actualites-5facades","category-publications-atrium","category-atrium","tag-formation"],"yoast_head":"<!-- This site is optimized with the Yoast SEO plugin v27.4 - https:\/\/yoast.com\/product\/yoast-seo-wordpress\/ -->\n<title>Programme de formations dans l&#039;utilisation des mat\u00e9riaux locaux naturels<\/title>\n<meta name=\"robots\" content=\"index, follow, max-snippet:-1, max-image-preview:large, max-video-preview:-1\" \/>\n<link rel=\"canonical\" href=\"https:\/\/batijournal.com\/index.php\/programme-de-formations-dans-lutilisation-des-materiaux-locaux-naturels\/104987\/\" \/>\n<meta property=\"og:locale\" content=\"fr_FR\" \/>\n<meta property=\"og:type\" content=\"article\" \/>\n<meta property=\"og:title\" content=\"Programme de formations dans l&#039;utilisation des mat\u00e9riaux locaux naturels\" \/>\n<meta property=\"og:description\" content=\"am\u00e0co vient de publier son calendrier et les programmes des formations professionnelles pour l\u2019ann\u00e9e 2020\/2021. am\u00e0co accompagne les professionnels et futurs professionnels de la construction, de l\u2019architecture et du design dans la conception et la r\u00e9alisation de projets transformant les mati\u00e8res naturelles disponibles localement en mat\u00e9riaux de construction. am\u00e0co accompagne \u00e9galement le d\u00e9veloppement de fili\u00e8res [&hellip;]\" \/>\n<meta property=\"og:url\" content=\"https:\/\/batijournal.com\/index.php\/programme-de-formations-dans-lutilisation-des-materiaux-locaux-naturels\/104987\/\" \/>\n<meta property=\"og:site_name\" content=\"Batijournal\" \/>\n<meta property=\"article:published_time\" content=\"2020-10-15T12:42:24+00:00\" \/>\n<meta property=\"og:image\" content=\"https:\/\/batijournal.com\/wp-content\/uploads\/2020\/10\/calendrier-formations-pro-amaco.png\" \/>\n\t<meta property=\"og:image:width\" content=\"481\" \/>\n\t<meta property=\"og:image:height\" content=\"685\" \/>\n\t<meta property=\"og:image:type\" content=\"image\/png\" \/>\n<meta name=\"author\" content=\"St\u00e9phane Miget\" \/>\n<meta name=\"twitter:card\" content=\"summary_large_image\" \/>\n<meta name=\"twitter:creator\" content=\"@bati_journal\" \/>\n<meta name=\"twitter:site\" content=\"@bati_journal\" \/>\n<meta name=\"twitter:label1\" content=\"\u00c9crit par\" \/>\n\t<meta name=\"twitter:data1\" content=\"St\u00e9phane Miget\" \/>\n\t<meta name=\"twitter:label2\" content=\"Dur\u00e9e de lecture estim\u00e9e\" \/>\n\t<meta name=\"twitter:data2\" content=\"1 minute\" \/>\n<script type=\"application\/ld+json\" class=\"yoast-schema-graph\">{\"@context\":\"https:\\\/\\\/schema.org\",\"@graph\":[{\"@type\":\"Article\",\"@id\":\"https:\\\/\\\/batijournal.com\\\/index.php\\\/programme-de-formations-dans-lutilisation-des-materiaux-locaux-naturels\\\/104987\\\/#article\",\"isPartOf\":{\"@id\":\"https:\\\/\\\/batijournal.com\\\/index.php\\\/programme-de-formations-dans-lutilisation-des-materiaux-locaux-naturels\\\/104987\\\/\"},\"author\":{\"name\":\"St\u00e9phane Miget\",\"@id\":\"https:\\\/\\\/batijournal.com\\\/#\\\/schema\\\/person\\\/1dc96ec6957aa1ccb25ebe78bb19f100\"},\"headline\":\"Programme de formations dans l&rsquo;utilisation des mat\u00e9riaux locaux naturels\",\"datePublished\":\"2020-10-15T12:42:24+00:00\",\"mainEntityOfPage\":{\"@id\":\"https:\\\/\\\/batijournal.com\\\/index.php\\\/programme-de-formations-dans-lutilisation-des-materiaux-locaux-naturels\\\/104987\\\/\"},\"wordCount\":137,\"image\":{\"@id\":\"https:\\\/\\\/batijournal.com\\\/index.php\\\/programme-de-formations-dans-lutilisation-des-materiaux-locaux-naturels\\\/104987\\\/#primaryimage\"},\"thumbnailUrl\":\"https:\\\/\\\/batijournal.com\\\/wp-content\\\/uploads\\\/2020\\\/10\\\/calendrier-formations-pro-amaco.png\",\"keywords\":[\"formation\"],\"articleSection\":[\"Actualit\u00e9s\",\"Divers\",\"zz_5fa\u00e7ades\",\"zz_Actualit\u00e9s - 5fa\u00e7ades\",\"zz_Actualit\u00e9s - Atrium\",\"zz_Atrium Patrimoine\"],\"inLanguage\":\"fr-FR\"},{\"@type\":\"WebPage\",\"@id\":\"https:\\\/\\\/batijournal.com\\\/index.php\\\/programme-de-formations-dans-lutilisation-des-materiaux-locaux-naturels\\\/104987\\\/\",\"url\":\"https:\\\/\\\/batijournal.com\\\/index.php\\\/programme-de-formations-dans-lutilisation-des-materiaux-locaux-naturels\\\/104987\\\/\",\"name\":\"Programme de formations dans l'utilisation des mat\u00e9riaux locaux naturels\",\"isPartOf\":{\"@id\":\"https:\\\/\\\/batijournal.com\\\/#website\"},\"primaryImageOfPage\":{\"@id\":\"https:\\\/\\\/batijournal.com\\\/index.php\\\/programme-de-formations-dans-lutilisation-des-materiaux-locaux-naturels\\\/104987\\\/#primaryimage\"},\"image\":{\"@id\":\"https:\\\/\\\/batijournal.com\\\/index.php\\\/programme-de-formations-dans-lutilisation-des-materiaux-locaux-naturels\\\/104987\\\/#primaryimage\"},\"thumbnailUrl\":\"https:\\\/\\\/batijournal.com\\\/wp-content\\\/uploads\\\/2020\\\/10\\\/calendrier-formations-pro-amaco.png\",\"datePublished\":\"2020-10-15T12:42:24+00:00\",\"author\":{\"@id\":\"https:\\\/\\\/batijournal.com\\\/#\\\/schema\\\/person\\\/1dc96ec6957aa1ccb25ebe78bb19f100\"},\"breadcrumb\":{\"@id\":\"https:\\\/\\\/batijournal.com\\\/index.php\\\/programme-de-formations-dans-lutilisation-des-materiaux-locaux-naturels\\\/104987\\\/#breadcrumb\"},\"inLanguage\":\"fr-FR\",\"potentialAction\":[{\"@type\":\"ReadAction\",\"target\":[\"https:\\\/\\\/batijournal.com\\\/index.php\\\/programme-de-formations-dans-lutilisation-des-materiaux-locaux-naturels\\\/104987\\\/\"]}]},{\"@type\":\"ImageObject\",\"inLanguage\":\"fr-FR\",\"@id\":\"https:\\\/\\\/batijournal.com\\\/index.php\\\/programme-de-formations-dans-lutilisation-des-materiaux-locaux-naturels\\\/104987\\\/#primaryimage\",\"url\":\"https:\\\/\\\/batijournal.com\\\/wp-content\\\/uploads\\\/2020\\\/10\\\/calendrier-formations-pro-amaco.png\",\"contentUrl\":\"https:\\\/\\\/batijournal.com\\\/wp-content\\\/uploads\\\/2020\\\/10\\\/calendrier-formations-pro-amaco.png\",\"width\":481,\"height\":685},{\"@type\":\"BreadcrumbList\",\"@id\":\"https:\\\/\\\/batijournal.com\\\/index.php\\\/programme-de-formations-dans-lutilisation-des-materiaux-locaux-naturels\\\/104987\\\/#breadcrumb\",\"itemListElement\":[{\"@type\":\"ListItem\",\"position\":1,\"name\":\"Accueil\",\"item\":\"https:\\\/\\\/batijournal.com\\\/\"},{\"@type\":\"ListItem\",\"position\":2,\"name\":\"Actualit\u00e9s\",\"item\":\"https:\\\/\\\/batijournal.com\\\/index.php\\\/category\\\/actualites\\\/\"},{\"@type\":\"ListItem\",\"position\":3,\"name\":\"Divers\",\"item\":\"https:\\\/\\\/batijournal.com\\\/index.php\\\/category\\\/actualites\\\/services-equipements\\\/\"},{\"@type\":\"ListItem\",\"position\":4,\"name\":\"Programme de formations dans l&rsquo;utilisation des mat\u00e9riaux locaux naturels\"}]},{\"@type\":\"WebSite\",\"@id\":\"https:\\\/\\\/batijournal.com\\\/#website\",\"url\":\"https:\\\/\\\/batijournal.com\\\/\",\"name\":\"Batijournal\",\"description\":\"L&#039;actualit\u00e9 du b\u00e2timent\",\"potentialAction\":[{\"@type\":\"SearchAction\",\"target\":{\"@type\":\"EntryPoint\",\"urlTemplate\":\"https:\\\/\\\/batijournal.com\\\/?s={search_term_string}\"},\"query-input\":{\"@type\":\"PropertyValueSpecification\",\"valueRequired\":true,\"valueName\":\"search_term_string\"}}],\"inLanguage\":\"fr-FR\"},{\"@type\":\"Person\",\"@id\":\"https:\\\/\\\/batijournal.com\\\/#\\\/schema\\\/person\\\/1dc96ec6957aa1ccb25ebe78bb19f100\",\"name\":\"St\u00e9phane Miget\",\"image\":{\"@type\":\"ImageObject\",\"inLanguage\":\"fr-FR\",\"@id\":\"https:\\\/\\\/secure.gravatar.com\\\/avatar\\\/89915563d925342126b8ef0281b93d9d7fc337043e8df017f780908eb9644451?s=96&d=mm&r=g\",\"url\":\"https:\\\/\\\/secure.gravatar.com\\\/avatar\\\/89915563d925342126b8ef0281b93d9d7fc337043e8df017f780908eb9644451?s=96&d=mm&r=g\",\"contentUrl\":\"https:\\\/\\\/secure.gravatar.com\\\/avatar\\\/89915563d925342126b8ef0281b93d9d7fc337043e8df017f780908eb9644451?s=96&d=mm&r=g\",\"caption\":\"St\u00e9phane Miget\"},\"url\":\"https:\\\/\\\/batijournal.com\\\/index.php\\\/author\\\/stephane\\\/\"}]}<\/script>\n<!-- \/ Yoast SEO plugin. -->","yoast_head_json":{"title":"Programme de formations dans l'utilisation des mat\u00e9riaux locaux naturels","robots":{"index":"index","follow":"follow","max-snippet":"max-snippet:-1","max-image-preview":"max-image-preview:large","max-video-preview":"max-video-preview:-1"},"canonical":"https:\/\/batijournal.com\/index.php\/programme-de-formations-dans-lutilisation-des-materiaux-locaux-naturels\/104987\/","og_locale":"fr_FR","og_type":"article","og_title":"Programme de formations dans l'utilisation des mat\u00e9riaux locaux naturels","og_description":"am\u00e0co vient de publier son calendrier et les programmes des formations professionnelles pour l\u2019ann\u00e9e 2020\/2021. am\u00e0co accompagne les professionnels et futurs professionnels de la construction, de l\u2019architecture et du design dans la conception et la r\u00e9alisation de projets transformant les mati\u00e8res naturelles disponibles localement en mat\u00e9riaux de construction. am\u00e0co accompagne \u00e9galement le d\u00e9veloppement de fili\u00e8res [&hellip;]","og_url":"https:\/\/batijournal.com\/index.php\/programme-de-formations-dans-lutilisation-des-materiaux-locaux-naturels\/104987\/","og_site_name":"Batijournal","article_published_time":"2020-10-15T12:42:24+00:00","og_image":[{"width":481,"height":685,"url":"https:\/\/batijournal.com\/wp-content\/uploads\/2020\/10\/calendrier-formations-pro-amaco.png","type":"image\/png"}],"author":"St\u00e9phane Miget","twitter_card":"summary_large_image","twitter_creator":"@bati_journal","twitter_site":"@bati_journal","twitter_misc":{"\u00c9crit par":"St\u00e9phane Miget","Dur\u00e9e de lecture estim\u00e9e":"1 minute"},"schema":{"@context":"https:\/\/schema.org","@graph":[{"@type":"Article","@id":"https:\/\/batijournal.com\/index.php\/programme-de-formations-dans-lutilisation-des-materiaux-locaux-naturels\/104987\/#article","isPartOf":{"@id":"https:\/\/batijournal.com\/index.php\/programme-de-formations-dans-lutilisation-des-materiaux-locaux-naturels\/104987\/"},"author":{"name":"St\u00e9phane Miget","@id":"https:\/\/batijournal.com\/#\/schema\/person\/1dc96ec6957aa1ccb25ebe78bb19f100"},"headline":"Programme de formations dans l&rsquo;utilisation des mat\u00e9riaux locaux naturels","datePublished":"2020-10-15T12:42:24+00:00","mainEntityOfPage":{"@id":"https:\/\/batijournal.com\/index.php\/programme-de-formations-dans-lutilisation-des-materiaux-locaux-naturels\/104987\/"},"wordCount":137,"image":{"@id":"https:\/\/batijournal.com\/index.php\/programme-de-formations-dans-lutilisation-des-materiaux-locaux-naturels\/104987\/#primaryimage"},"thumbnailUrl":"https:\/\/batijournal.com\/wp-content\/uploads\/2020\/10\/calendrier-formations-pro-amaco.png","keywords":["formation"],"articleSection":["Actualit\u00e9s","Divers","zz_5fa\u00e7ades","zz_Actualit\u00e9s - 5fa\u00e7ades","zz_Actualit\u00e9s - Atrium","zz_Atrium Patrimoine"],"inLanguage":"fr-FR"},{"@type":"WebPage","@id":"https:\/\/batijournal.com\/index.php\/programme-de-formations-dans-lutilisation-des-materiaux-locaux-naturels\/104987\/","url":"https:\/\/batijournal.com\/index.php\/programme-de-formations-dans-lutilisation-des-materiaux-locaux-naturels\/104987\/","name":"Programme de formations dans l'utilisation des mat\u00e9riaux locaux naturels","isPartOf":{"@id":"https:\/\/batijournal.com\/#website"},"primaryImageOfPage":{"@id":"https:\/\/batijournal.com\/index.php\/programme-de-formations-dans-lutilisation-des-materiaux-locaux-naturels\/104987\/#primaryimage"},"image":{"@id":"https:\/\/batijournal.com\/index.php\/programme-de-formations-dans-lutilisation-des-materiaux-locaux-naturels\/104987\/#primaryimage"},"thumbnailUrl":"https:\/\/batijournal.com\/wp-content\/uploads\/2020\/10\/calendrier-formations-pro-amaco.png","datePublished":"2020-10-15T12:42:24+00:00","author":{"@id":"https:\/\/batijournal.com\/#\/schema\/person\/1dc96ec6957aa1ccb25ebe78bb19f100"},"breadcrumb":{"@id":"https:\/\/batijournal.com\/index.php\/programme-de-formations-dans-lutilisation-des-materiaux-locaux-naturels\/104987\/#breadcrumb"},"inLanguage":"fr-FR","potentialAction":[{"@type":"ReadAction","target":["https:\/\/batijournal.com\/index.php\/programme-de-formations-dans-lutilisation-des-materiaux-locaux-naturels\/104987\/"]}]},{"@type":"ImageObject","inLanguage":"fr-FR","@id":"https:\/\/batijournal.com\/index.php\/programme-de-formations-dans-lutilisation-des-materiaux-locaux-naturels\/104987\/#primaryimage","url":"https:\/\/batijournal.com\/wp-content\/uploads\/2020\/10\/calendrier-formations-pro-amaco.png","contentUrl":"https:\/\/batijournal.com\/wp-content\/uploads\/2020\/10\/calendrier-formations-pro-amaco.png","width":481,"height":685},{"@type":"BreadcrumbList","@id":"https:\/\/batijournal.com\/index.php\/programme-de-formations-dans-lutilisation-des-materiaux-locaux-naturels\/104987\/#breadcrumb","itemListElement":[{"@type":"ListItem","position":1,"name":"Accueil","item":"https:\/\/batijournal.com\/"},{"@type":"ListItem","position":2,"name":"Actualit\u00e9s","item":"https:\/\/batijournal.com\/index.php\/category\/actualites\/"},{"@type":"ListItem","position":3,"name":"Divers","item":"https:\/\/batijournal.com\/index.php\/category\/actualites\/services-equipements\/"},{"@type":"ListItem","position":4,"name":"Programme de formations dans l&rsquo;utilisation des mat\u00e9riaux locaux naturels"}]},{"@type":"WebSite","@id":"https:\/\/batijournal.com\/#website","url":"https:\/\/batijournal.com\/","name":"Batijournal","description":"L&#039;actualit\u00e9 du b\u00e2timent","potentialAction":[{"@type":"SearchAction","target":{"@type":"EntryPoint","urlTemplate":"https:\/\/batijournal.com\/?s={search_term_string}"},"query-input":{"@type":"PropertyValueSpecification","valueRequired":true,"valueName":"search_term_string"}}],"inLanguage":"fr-FR"},{"@type":"Person","@id":"https:\/\/batijournal.com\/#\/schema\/person\/1dc96ec6957aa1ccb25ebe78bb19f100","name":"St\u00e9phane Miget","image":{"@type":"ImageObject","inLanguage":"fr-FR","@id":"https:\/\/secure.gravatar.com\/avatar\/89915563d925342126b8ef0281b93d9d7fc337043e8df017f780908eb9644451?s=96&d=mm&r=g","url":"https:\/\/secure.gravatar.com\/avatar\/89915563d925342126b8ef0281b93d9d7fc337043e8df017f780908eb9644451?s=96&d=mm&r=g","contentUrl":"https:\/\/secure.gravatar.com\/avatar\/89915563d925342126b8ef0281b93d9d7fc337043e8df017f780908eb9644451?s=96&d=mm&r=g","caption":"St\u00e9phane Miget"},"url":"https:\/\/batijournal.com\/index.php\/author\/stephane\/"}]}},"_links":{"self":[{"href":"https:\/\/batijournal.com\/index.php\/wp-json\/wp\/v2\/posts\/104987","targetHints":{"allow":["GET"]}}],"collection":[{"href":"https:\/\/batijournal.com\/index.php\/wp-json\/wp\/v2\/posts"}],"about":[{"href":"https:\/\/batijournal.com\/index.php\/wp-json\/wp\/v2\/types\/post"}],"author":[{"embeddable":true,"href":"https:\/\/batijournal.com\/index.php\/wp-json\/wp\/v2\/users\/17"}],"replies":[{"embeddable":true,"href":"https:\/\/batijournal.com\/index.php\/wp-json\/wp\/v2\/comments?post=104987"}],"version-history":[{"count":0,"href":"https:\/\/batijournal.com\/index.php\/wp-json\/wp\/v2\/posts\/104987\/revisions"}],"wp:featuredmedia":[{"embeddable":true,"href":"https:\/\/batijournal.com\/index.php\/wp-json\/wp\/v2\/media\/104988"}],"wp:attachment":[{"href":"https:\/\/batijournal.com\/index.php\/wp-json\/wp\/v2\/media?parent=104987"}],"wp:term":[{"taxonomy":"category","embeddable":true,"href":"https:\/\/batijournal.com\/index.php\/wp-json\/wp\/v2\/categories?post=104987"},{"taxonomy":"post_tag","embeddable":true,"href":"https:\/\/batijournal.com\/index.php\/wp-json\/wp\/v2\/tags?post=104987"}],"curies":[{"name":"wp","href":"https:\/\/api.w.org\/{rel}","templated":true}]}}