{"id":105012,"date":"2020-10-21T13:16:34","date_gmt":"2020-10-21T11:16:34","guid":{"rendered":"https:\/\/batijournal.com\/?p=105012"},"modified":"2020-10-21T13:16:34","modified_gmt":"2020-10-21T11:16:34","slug":"appel-a-projets-creation-de-deux-oeuvres-artistiques-ephemeres-pour-cacher-les-travaux-du-ministere-de-la-culture","status":"publish","type":"post","link":"https:\/\/batijournal.com\/index.php\/appel-a-projets-creation-de-deux-oeuvres-artistiques-ephemeres-pour-cacher-les-travaux-du-ministere-de-la-culture\/105012\/","title":{"rendered":"Appel \u00e0 projets : cr\u00e9ation de deux \u0153uvres artistiques \u00e9ph\u00e9m\u00e8res pour cacher les travaux du minist\u00e8re de la Culture"},"content":{"rendered":"<p>Le minist\u00e8re de la Culture met en \u0153uvre le \u00ab projet Camus \u00bb de regroupement de ses services d\u2019administration centrale sur trois sites au lieu de sept actuellement. Dans ce cadre, le minist\u00e8re entreprend des travaux de modernisation et lance un march\u00e9 pour la r\u00e9alisation de deux cr\u00e9ations artistiques \u00e9ph\u00e9m\u00e8res sur les habillages ext\u00e9rieurs des installations de chantiers de l\u2019h\u00f4tel de Valois et de l\u2019immeuble des Bons-Enfants (Paris 1e). Chacune des deux \u0153uvres sera install\u00e9e sur la voie publique, le temps des travaux, de janvier \u00e0 novembre 2021. Cette commande a aussi pour but de montrer la vitalit\u00e9 de la cr\u00e9ation visuelle contemporaine.<\/p>\n<p>P\u00e9rim\u00e8tres :<br \/>\nH\u00f4tel de Valois : deux palissades de chantier et habillage d\u2019un \u00e9chafaudage \u00e0 partir de janvier 2021 (b\u00e2che tendue).<br \/>\nImmeuble des Bons-Enfants : une palissade de chantier \u00e0 partir de juin 2021<br \/>\n(installations situ\u00e9es \u00e0 proximit\u00e9, sans co-visibilit\u00e9).<br \/>\nD\u00e9roul\u00e9 de la proc\u00e9dure :<br \/>\n1e phase : candidature sur dossier, s\u00e9lection de 3 dossiers mi-novembre,<br \/>\n2e phase : rendu des offres mi-d\u00e9cembre,<br \/>\ns\u00e9lection du laur\u00e9at : courant d\u00e9cembre 2020 pour une installation en janvier 2021.<br \/>\nD\u00e9p\u00f4ts des candidatures sur www.marches-publics.gouv.fr<br \/>\nNum\u00e9ro de consultation : 2020-24-CAMUS<\/p>\n<p>Photo : minist\u00e8re de la Culture, immeuble des Bons-Enfants, photographe : Mehrak Hans Lucas<\/p>\n","protected":false},"excerpt":{"rendered":"<p>Le minist\u00e8re de la Culture met en \u0153uvre le \u00ab projet Camus \u00bb de regroupement de ses services d\u2019administration centrale sur trois sites au lieu de sept actuellement. Dans ce cadre, le minist\u00e8re entreprend des travaux de modernisation et lance un march\u00e9 pour la r\u00e9alisation de deux cr\u00e9ations artistiques \u00e9ph\u00e9m\u00e8res sur les habillages ext\u00e9rieurs des [&hellip;]<\/p>\n","protected":false},"author":17,"featured_media":105013,"comment_status":"closed","ping_status":"closed","sticky":false,"template":"","format":"standard","meta":{"_et_pb_use_builder":"","_et_pb_old_content":"","_et_gb_content_width":"","footnotes":""},"categories":[10530,6340,10789,10785],"tags":[6004],"class_list":["post-105012","post","type-post","status-publish","format-standard","has-post-thumbnail","hentry","category-actualites","category-architecture-conception","category-publications-atrium","category-atrium","tag-ministere-de-la-culture"],"yoast_head":"<!-- This site is optimized with the Yoast SEO plugin v27.4 - https:\/\/yoast.com\/product\/yoast-seo-wordpress\/ -->\n<title>Appel \u00e0 projets : cr\u00e9ation de deux \u0153uvres artistiques \u00e9ph\u00e9m\u00e8res pour cacher les travaux du minist\u00e8re de la Culture<\/title>\n<meta name=\"robots\" content=\"index, follow, max-snippet:-1, max-image-preview:large, max-video-preview:-1\" \/>\n<link rel=\"canonical\" href=\"https:\/\/batijournal.com\/index.php\/appel-a-projets-creation-de-deux-oeuvres-artistiques-ephemeres-pour-cacher-les-travaux-du-ministere-de-la-culture\/105012\/\" \/>\n<meta property=\"og:locale\" content=\"fr_FR\" \/>\n<meta property=\"og:type\" content=\"article\" \/>\n<meta property=\"og:title\" content=\"Appel \u00e0 projets : cr\u00e9ation de deux \u0153uvres artistiques \u00e9ph\u00e9m\u00e8res pour cacher les travaux du minist\u00e8re de la Culture\" \/>\n<meta property=\"og:description\" content=\"Le minist\u00e8re de la Culture met en \u0153uvre le \u00ab projet Camus \u00bb de regroupement de ses services d\u2019administration centrale sur trois sites au lieu de sept actuellement. Dans ce cadre, le minist\u00e8re entreprend des travaux de modernisation et lance un march\u00e9 pour la r\u00e9alisation de deux cr\u00e9ations artistiques \u00e9ph\u00e9m\u00e8res sur les habillages ext\u00e9rieurs des [&hellip;]\" \/>\n<meta property=\"og:url\" content=\"https:\/\/batijournal.com\/index.php\/appel-a-projets-creation-de-deux-oeuvres-artistiques-ephemeres-pour-cacher-les-travaux-du-ministere-de-la-culture\/105012\/\" \/>\n<meta property=\"og:site_name\" content=\"Batijournal\" \/>\n<meta property=\"article:published_time\" content=\"2020-10-21T11:16:34+00:00\" \/>\n<meta property=\"og:image\" content=\"https:\/\/batijournal.com\/wp-content\/uploads\/2020\/10\/bons-enfants-ministere-de-la-culture.jpg\" \/>\n\t<meta property=\"og:image:width\" content=\"670\" \/>\n\t<meta property=\"og:image:height\" content=\"377\" \/>\n\t<meta property=\"og:image:type\" content=\"image\/jpeg\" \/>\n<meta name=\"author\" content=\"St\u00e9phane Miget\" \/>\n<meta name=\"twitter:card\" content=\"summary_large_image\" \/>\n<meta name=\"twitter:creator\" content=\"@bati_journal\" \/>\n<meta name=\"twitter:site\" content=\"@bati_journal\" \/>\n<meta name=\"twitter:label1\" content=\"\u00c9crit par\" \/>\n\t<meta name=\"twitter:data1\" content=\"St\u00e9phane Miget\" \/>\n\t<meta name=\"twitter:label2\" content=\"Dur\u00e9e de lecture estim\u00e9e\" \/>\n\t<meta name=\"twitter:data2\" content=\"1 minute\" \/>\n<script type=\"application\/ld+json\" class=\"yoast-schema-graph\">{\"@context\":\"https:\\\/\\\/schema.org\",\"@graph\":[{\"@type\":\"Article\",\"@id\":\"https:\\\/\\\/batijournal.com\\\/index.php\\\/appel-a-projets-creation-de-deux-oeuvres-artistiques-ephemeres-pour-cacher-les-travaux-du-ministere-de-la-culture\\\/105012\\\/#article\",\"isPartOf\":{\"@id\":\"https:\\\/\\\/batijournal.com\\\/index.php\\\/appel-a-projets-creation-de-deux-oeuvres-artistiques-ephemeres-pour-cacher-les-travaux-du-ministere-de-la-culture\\\/105012\\\/\"},\"author\":{\"name\":\"St\u00e9phane Miget\",\"@id\":\"https:\\\/\\\/batijournal.com\\\/#\\\/schema\\\/person\\\/1dc96ec6957aa1ccb25ebe78bb19f100\"},\"headline\":\"Appel \u00e0 projets : cr\u00e9ation de deux \u0153uvres artistiques \u00e9ph\u00e9m\u00e8res pour cacher les travaux du minist\u00e8re de la Culture\",\"datePublished\":\"2020-10-21T11:16:34+00:00\",\"mainEntityOfPage\":{\"@id\":\"https:\\\/\\\/batijournal.com\\\/index.php\\\/appel-a-projets-creation-de-deux-oeuvres-artistiques-ephemeres-pour-cacher-les-travaux-du-ministere-de-la-culture\\\/105012\\\/\"},\"wordCount\":236,\"image\":{\"@id\":\"https:\\\/\\\/batijournal.com\\\/index.php\\\/appel-a-projets-creation-de-deux-oeuvres-artistiques-ephemeres-pour-cacher-les-travaux-du-ministere-de-la-culture\\\/105012\\\/#primaryimage\"},\"thumbnailUrl\":\"https:\\\/\\\/batijournal.com\\\/wp-content\\\/uploads\\\/2020\\\/10\\\/bons-enfants-ministere-de-la-culture.jpg\",\"keywords\":[\"minist\u00e8re de la culture\"],\"articleSection\":[\"Actualit\u00e9s\",\"Architecture &amp; Conception\",\"zz_Actualit\u00e9s - Atrium\",\"zz_Atrium Patrimoine\"],\"inLanguage\":\"fr-FR\"},{\"@type\":\"WebPage\",\"@id\":\"https:\\\/\\\/batijournal.com\\\/index.php\\\/appel-a-projets-creation-de-deux-oeuvres-artistiques-ephemeres-pour-cacher-les-travaux-du-ministere-de-la-culture\\\/105012\\\/\",\"url\":\"https:\\\/\\\/batijournal.com\\\/index.php\\\/appel-a-projets-creation-de-deux-oeuvres-artistiques-ephemeres-pour-cacher-les-travaux-du-ministere-de-la-culture\\\/105012\\\/\",\"name\":\"Appel \u00e0 projets : cr\u00e9ation de deux \u0153uvres artistiques \u00e9ph\u00e9m\u00e8res pour cacher les travaux du minist\u00e8re de la Culture\",\"isPartOf\":{\"@id\":\"https:\\\/\\\/batijournal.com\\\/#website\"},\"primaryImageOfPage\":{\"@id\":\"https:\\\/\\\/batijournal.com\\\/index.php\\\/appel-a-projets-creation-de-deux-oeuvres-artistiques-ephemeres-pour-cacher-les-travaux-du-ministere-de-la-culture\\\/105012\\\/#primaryimage\"},\"image\":{\"@id\":\"https:\\\/\\\/batijournal.com\\\/index.php\\\/appel-a-projets-creation-de-deux-oeuvres-artistiques-ephemeres-pour-cacher-les-travaux-du-ministere-de-la-culture\\\/105012\\\/#primaryimage\"},\"thumbnailUrl\":\"https:\\\/\\\/batijournal.com\\\/wp-content\\\/uploads\\\/2020\\\/10\\\/bons-enfants-ministere-de-la-culture.jpg\",\"datePublished\":\"2020-10-21T11:16:34+00:00\",\"author\":{\"@id\":\"https:\\\/\\\/batijournal.com\\\/#\\\/schema\\\/person\\\/1dc96ec6957aa1ccb25ebe78bb19f100\"},\"breadcrumb\":{\"@id\":\"https:\\\/\\\/batijournal.com\\\/index.php\\\/appel-a-projets-creation-de-deux-oeuvres-artistiques-ephemeres-pour-cacher-les-travaux-du-ministere-de-la-culture\\\/105012\\\/#breadcrumb\"},\"inLanguage\":\"fr-FR\",\"potentialAction\":[{\"@type\":\"ReadAction\",\"target\":[\"https:\\\/\\\/batijournal.com\\\/index.php\\\/appel-a-projets-creation-de-deux-oeuvres-artistiques-ephemeres-pour-cacher-les-travaux-du-ministere-de-la-culture\\\/105012\\\/\"]}]},{\"@type\":\"ImageObject\",\"inLanguage\":\"fr-FR\",\"@id\":\"https:\\\/\\\/batijournal.com\\\/index.php\\\/appel-a-projets-creation-de-deux-oeuvres-artistiques-ephemeres-pour-cacher-les-travaux-du-ministere-de-la-culture\\\/105012\\\/#primaryimage\",\"url\":\"https:\\\/\\\/batijournal.com\\\/wp-content\\\/uploads\\\/2020\\\/10\\\/bons-enfants-ministere-de-la-culture.jpg\",\"contentUrl\":\"https:\\\/\\\/batijournal.com\\\/wp-content\\\/uploads\\\/2020\\\/10\\\/bons-enfants-ministere-de-la-culture.jpg\",\"width\":670,\"height\":377,\"caption\":\"6 oct 2015: Vitrine du b\u00e2timent Bons Enfants, minist\u00e8re de la culture, Paris, France\"},{\"@type\":\"BreadcrumbList\",\"@id\":\"https:\\\/\\\/batijournal.com\\\/index.php\\\/appel-a-projets-creation-de-deux-oeuvres-artistiques-ephemeres-pour-cacher-les-travaux-du-ministere-de-la-culture\\\/105012\\\/#breadcrumb\",\"itemListElement\":[{\"@type\":\"ListItem\",\"position\":1,\"name\":\"Accueil\",\"item\":\"https:\\\/\\\/batijournal.com\\\/\"},{\"@type\":\"ListItem\",\"position\":2,\"name\":\"Actualit\u00e9s\",\"item\":\"https:\\\/\\\/batijournal.com\\\/index.php\\\/category\\\/actualites\\\/\"},{\"@type\":\"ListItem\",\"position\":3,\"name\":\"Architecture &amp; Conception\",\"item\":\"https:\\\/\\\/batijournal.com\\\/index.php\\\/category\\\/actualites\\\/architecture-conception\\\/\"},{\"@type\":\"ListItem\",\"position\":4,\"name\":\"Appel \u00e0 projets : cr\u00e9ation de deux \u0153uvres artistiques \u00e9ph\u00e9m\u00e8res pour cacher les travaux du minist\u00e8re de la Culture\"}]},{\"@type\":\"WebSite\",\"@id\":\"https:\\\/\\\/batijournal.com\\\/#website\",\"url\":\"https:\\\/\\\/batijournal.com\\\/\",\"name\":\"Batijournal\",\"description\":\"L&#039;actualit\u00e9 du b\u00e2timent\",\"potentialAction\":[{\"@type\":\"SearchAction\",\"target\":{\"@type\":\"EntryPoint\",\"urlTemplate\":\"https:\\\/\\\/batijournal.com\\\/?s={search_term_string}\"},\"query-input\":{\"@type\":\"PropertyValueSpecification\",\"valueRequired\":true,\"valueName\":\"search_term_string\"}}],\"inLanguage\":\"fr-FR\"},{\"@type\":\"Person\",\"@id\":\"https:\\\/\\\/batijournal.com\\\/#\\\/schema\\\/person\\\/1dc96ec6957aa1ccb25ebe78bb19f100\",\"name\":\"St\u00e9phane Miget\",\"image\":{\"@type\":\"ImageObject\",\"inLanguage\":\"fr-FR\",\"@id\":\"https:\\\/\\\/secure.gravatar.com\\\/avatar\\\/89915563d925342126b8ef0281b93d9d7fc337043e8df017f780908eb9644451?s=96&d=mm&r=g\",\"url\":\"https:\\\/\\\/secure.gravatar.com\\\/avatar\\\/89915563d925342126b8ef0281b93d9d7fc337043e8df017f780908eb9644451?s=96&d=mm&r=g\",\"contentUrl\":\"https:\\\/\\\/secure.gravatar.com\\\/avatar\\\/89915563d925342126b8ef0281b93d9d7fc337043e8df017f780908eb9644451?s=96&d=mm&r=g\",\"caption\":\"St\u00e9phane Miget\"},\"url\":\"https:\\\/\\\/batijournal.com\\\/index.php\\\/author\\\/stephane\\\/\"}]}<\/script>\n<!-- \/ Yoast SEO plugin. -->","yoast_head_json":{"title":"Appel \u00e0 projets : cr\u00e9ation de deux \u0153uvres artistiques \u00e9ph\u00e9m\u00e8res pour cacher les travaux du minist\u00e8re de la Culture","robots":{"index":"index","follow":"follow","max-snippet":"max-snippet:-1","max-image-preview":"max-image-preview:large","max-video-preview":"max-video-preview:-1"},"canonical":"https:\/\/batijournal.com\/index.php\/appel-a-projets-creation-de-deux-oeuvres-artistiques-ephemeres-pour-cacher-les-travaux-du-ministere-de-la-culture\/105012\/","og_locale":"fr_FR","og_type":"article","og_title":"Appel \u00e0 projets : cr\u00e9ation de deux \u0153uvres artistiques \u00e9ph\u00e9m\u00e8res pour cacher les travaux du minist\u00e8re de la Culture","og_description":"Le minist\u00e8re de la Culture met en \u0153uvre le \u00ab projet Camus \u00bb de regroupement de ses services d\u2019administration centrale sur trois sites au lieu de sept actuellement. Dans ce cadre, le minist\u00e8re entreprend des travaux de modernisation et lance un march\u00e9 pour la r\u00e9alisation de deux cr\u00e9ations artistiques \u00e9ph\u00e9m\u00e8res sur les habillages ext\u00e9rieurs des [&hellip;]","og_url":"https:\/\/batijournal.com\/index.php\/appel-a-projets-creation-de-deux-oeuvres-artistiques-ephemeres-pour-cacher-les-travaux-du-ministere-de-la-culture\/105012\/","og_site_name":"Batijournal","article_published_time":"2020-10-21T11:16:34+00:00","og_image":[{"width":670,"height":377,"url":"https:\/\/batijournal.com\/wp-content\/uploads\/2020\/10\/bons-enfants-ministere-de-la-culture.jpg","type":"image\/jpeg"}],"author":"St\u00e9phane Miget","twitter_card":"summary_large_image","twitter_creator":"@bati_journal","twitter_site":"@bati_journal","twitter_misc":{"\u00c9crit par":"St\u00e9phane Miget","Dur\u00e9e de lecture estim\u00e9e":"1 minute"},"schema":{"@context":"https:\/\/schema.org","@graph":[{"@type":"Article","@id":"https:\/\/batijournal.com\/index.php\/appel-a-projets-creation-de-deux-oeuvres-artistiques-ephemeres-pour-cacher-les-travaux-du-ministere-de-la-culture\/105012\/#article","isPartOf":{"@id":"https:\/\/batijournal.com\/index.php\/appel-a-projets-creation-de-deux-oeuvres-artistiques-ephemeres-pour-cacher-les-travaux-du-ministere-de-la-culture\/105012\/"},"author":{"name":"St\u00e9phane Miget","@id":"https:\/\/batijournal.com\/#\/schema\/person\/1dc96ec6957aa1ccb25ebe78bb19f100"},"headline":"Appel \u00e0 projets : cr\u00e9ation de deux \u0153uvres artistiques \u00e9ph\u00e9m\u00e8res pour cacher les travaux du minist\u00e8re de la Culture","datePublished":"2020-10-21T11:16:34+00:00","mainEntityOfPage":{"@id":"https:\/\/batijournal.com\/index.php\/appel-a-projets-creation-de-deux-oeuvres-artistiques-ephemeres-pour-cacher-les-travaux-du-ministere-de-la-culture\/105012\/"},"wordCount":236,"image":{"@id":"https:\/\/batijournal.com\/index.php\/appel-a-projets-creation-de-deux-oeuvres-artistiques-ephemeres-pour-cacher-les-travaux-du-ministere-de-la-culture\/105012\/#primaryimage"},"thumbnailUrl":"https:\/\/batijournal.com\/wp-content\/uploads\/2020\/10\/bons-enfants-ministere-de-la-culture.jpg","keywords":["minist\u00e8re de la culture"],"articleSection":["Actualit\u00e9s","Architecture &amp; Conception","zz_Actualit\u00e9s - Atrium","zz_Atrium Patrimoine"],"inLanguage":"fr-FR"},{"@type":"WebPage","@id":"https:\/\/batijournal.com\/index.php\/appel-a-projets-creation-de-deux-oeuvres-artistiques-ephemeres-pour-cacher-les-travaux-du-ministere-de-la-culture\/105012\/","url":"https:\/\/batijournal.com\/index.php\/appel-a-projets-creation-de-deux-oeuvres-artistiques-ephemeres-pour-cacher-les-travaux-du-ministere-de-la-culture\/105012\/","name":"Appel \u00e0 projets : cr\u00e9ation de deux \u0153uvres artistiques \u00e9ph\u00e9m\u00e8res pour cacher les travaux du minist\u00e8re de la Culture","isPartOf":{"@id":"https:\/\/batijournal.com\/#website"},"primaryImageOfPage":{"@id":"https:\/\/batijournal.com\/index.php\/appel-a-projets-creation-de-deux-oeuvres-artistiques-ephemeres-pour-cacher-les-travaux-du-ministere-de-la-culture\/105012\/#primaryimage"},"image":{"@id":"https:\/\/batijournal.com\/index.php\/appel-a-projets-creation-de-deux-oeuvres-artistiques-ephemeres-pour-cacher-les-travaux-du-ministere-de-la-culture\/105012\/#primaryimage"},"thumbnailUrl":"https:\/\/batijournal.com\/wp-content\/uploads\/2020\/10\/bons-enfants-ministere-de-la-culture.jpg","datePublished":"2020-10-21T11:16:34+00:00","author":{"@id":"https:\/\/batijournal.com\/#\/schema\/person\/1dc96ec6957aa1ccb25ebe78bb19f100"},"breadcrumb":{"@id":"https:\/\/batijournal.com\/index.php\/appel-a-projets-creation-de-deux-oeuvres-artistiques-ephemeres-pour-cacher-les-travaux-du-ministere-de-la-culture\/105012\/#breadcrumb"},"inLanguage":"fr-FR","potentialAction":[{"@type":"ReadAction","target":["https:\/\/batijournal.com\/index.php\/appel-a-projets-creation-de-deux-oeuvres-artistiques-ephemeres-pour-cacher-les-travaux-du-ministere-de-la-culture\/105012\/"]}]},{"@type":"ImageObject","inLanguage":"fr-FR","@id":"https:\/\/batijournal.com\/index.php\/appel-a-projets-creation-de-deux-oeuvres-artistiques-ephemeres-pour-cacher-les-travaux-du-ministere-de-la-culture\/105012\/#primaryimage","url":"https:\/\/batijournal.com\/wp-content\/uploads\/2020\/10\/bons-enfants-ministere-de-la-culture.jpg","contentUrl":"https:\/\/batijournal.com\/wp-content\/uploads\/2020\/10\/bons-enfants-ministere-de-la-culture.jpg","width":670,"height":377,"caption":"6 oct 2015: Vitrine du b\u00e2timent Bons Enfants, minist\u00e8re de la culture, Paris, France"},{"@type":"BreadcrumbList","@id":"https:\/\/batijournal.com\/index.php\/appel-a-projets-creation-de-deux-oeuvres-artistiques-ephemeres-pour-cacher-les-travaux-du-ministere-de-la-culture\/105012\/#breadcrumb","itemListElement":[{"@type":"ListItem","position":1,"name":"Accueil","item":"https:\/\/batijournal.com\/"},{"@type":"ListItem","position":2,"name":"Actualit\u00e9s","item":"https:\/\/batijournal.com\/index.php\/category\/actualites\/"},{"@type":"ListItem","position":3,"name":"Architecture &amp; Conception","item":"https:\/\/batijournal.com\/index.php\/category\/actualites\/architecture-conception\/"},{"@type":"ListItem","position":4,"name":"Appel \u00e0 projets : cr\u00e9ation de deux \u0153uvres artistiques \u00e9ph\u00e9m\u00e8res pour cacher les travaux du minist\u00e8re de la Culture"}]},{"@type":"WebSite","@id":"https:\/\/batijournal.com\/#website","url":"https:\/\/batijournal.com\/","name":"Batijournal","description":"L&#039;actualit\u00e9 du b\u00e2timent","potentialAction":[{"@type":"SearchAction","target":{"@type":"EntryPoint","urlTemplate":"https:\/\/batijournal.com\/?s={search_term_string}"},"query-input":{"@type":"PropertyValueSpecification","valueRequired":true,"valueName":"search_term_string"}}],"inLanguage":"fr-FR"},{"@type":"Person","@id":"https:\/\/batijournal.com\/#\/schema\/person\/1dc96ec6957aa1ccb25ebe78bb19f100","name":"St\u00e9phane Miget","image":{"@type":"ImageObject","inLanguage":"fr-FR","@id":"https:\/\/secure.gravatar.com\/avatar\/89915563d925342126b8ef0281b93d9d7fc337043e8df017f780908eb9644451?s=96&d=mm&r=g","url":"https:\/\/secure.gravatar.com\/avatar\/89915563d925342126b8ef0281b93d9d7fc337043e8df017f780908eb9644451?s=96&d=mm&r=g","contentUrl":"https:\/\/secure.gravatar.com\/avatar\/89915563d925342126b8ef0281b93d9d7fc337043e8df017f780908eb9644451?s=96&d=mm&r=g","caption":"St\u00e9phane Miget"},"url":"https:\/\/batijournal.com\/index.php\/author\/stephane\/"}]}},"_links":{"self":[{"href":"https:\/\/batijournal.com\/index.php\/wp-json\/wp\/v2\/posts\/105012","targetHints":{"allow":["GET"]}}],"collection":[{"href":"https:\/\/batijournal.com\/index.php\/wp-json\/wp\/v2\/posts"}],"about":[{"href":"https:\/\/batijournal.com\/index.php\/wp-json\/wp\/v2\/types\/post"}],"author":[{"embeddable":true,"href":"https:\/\/batijournal.com\/index.php\/wp-json\/wp\/v2\/users\/17"}],"replies":[{"embeddable":true,"href":"https:\/\/batijournal.com\/index.php\/wp-json\/wp\/v2\/comments?post=105012"}],"version-history":[{"count":0,"href":"https:\/\/batijournal.com\/index.php\/wp-json\/wp\/v2\/posts\/105012\/revisions"}],"wp:featuredmedia":[{"embeddable":true,"href":"https:\/\/batijournal.com\/index.php\/wp-json\/wp\/v2\/media\/105013"}],"wp:attachment":[{"href":"https:\/\/batijournal.com\/index.php\/wp-json\/wp\/v2\/media?parent=105012"}],"wp:term":[{"taxonomy":"category","embeddable":true,"href":"https:\/\/batijournal.com\/index.php\/wp-json\/wp\/v2\/categories?post=105012"},{"taxonomy":"post_tag","embeddable":true,"href":"https:\/\/batijournal.com\/index.php\/wp-json\/wp\/v2\/tags?post=105012"}],"curies":[{"name":"wp","href":"https:\/\/api.w.org\/{rel}","templated":true}]}}