{"id":105018,"date":"2020-10-21T13:27:04","date_gmt":"2020-10-21T11:27:04","guid":{"rendered":"https:\/\/batijournal.com\/?p=105018"},"modified":"2020-10-29T14:58:01","modified_gmt":"2020-10-29T13:58:01","slug":"le-salon-international-du-patrimoine-culturel-sera-numerique-cette-annee","status":"publish","type":"post","link":"https:\/\/batijournal.com\/index.php\/le-salon-international-du-patrimoine-culturel-sera-numerique-cette-annee\/105018\/","title":{"rendered":"Le Salon International du Patrimoine Culturel sera num\u00e9rique cette ann\u00e9e"},"content":{"rendered":"<p><strong>Malgr\u00e9 l\u2019annulation du Salon International du Patrimoine Culturel dans sa version physique, Ateliers d\u2019Art de France pr\u00e9pare une \u00c9dition Digitale qui se d\u00e9roulera du 28 au 31 octobre sur<a href=\"https:\/\/www.patrimoineculturel.com\/edition-digitale\/\" target=\"_blank\" rel=\"noopener noreferrer\"> le site internet du salon<\/a>.<\/strong><\/p>\n<p>Cette alternative a pour objectif de soutenir, valoriser et rendre visibles les acteurs du patrimoine et la richesse de leurs savoir-faire. Une visibilit\u00e9 qui fait d\u00e9faut aujourd\u2019hui, dans un contexte o\u00f9 les annulations en cha\u00eene de nombreux \u00e9v\u00e9nements et foires privent le secteur de la rencontre avec les acheteurs, partenaires et passionn\u00e9s. Ainsi, l\u2019\u00c9dition Digitale du Salon International du Patrimoine Culturel s\u2019articulera autour de 4 axes compl\u00e9mentaires :<\/p>\n<p>\u00c0 LA RENCONTRE DES EXPOSANTS<br \/>\nL\u2019\u00c9dition Digitale du Salon International du Patrimoine Culturel repr\u00e9sente les 316 exposants \u2014 artisans d\u2019art, professionnels des m\u00e9tiers du patrimoine, collectivit\u00e9s, institutions, associations ou organismes de formations \u2014 qui devaient participer \u00e0 l\u2019\u00e9v\u00e9nement. Le salon fera d\u00e9couvrir leurs savoir-faire au travers d\u2019une s\u00e9lection de Portraits et de Visites d\u2019ateliers, enrichie par des contenus vid\u00e9os.<\/p>\n<p>VISITES DE CHANTIERS ET DE MONUMENTS<br \/>\nLe Salon donnera l\u2019occasion de d\u00e9couvrir au travers de vid\u00e9os divers projets autour du patrimoine b\u00e2ti ou non b\u00e2ti port\u00e9s par ses exposants, ainsi que des visites de monuments<\/p>\n<p>LE FORUM DU PATRIMOINE<br \/>\nCette \u00c9dition Digitale proposera une s\u00e9rie de conf\u00e9rences en ligne, pour certaines en direct sur inscription, anim\u00e9es par les acteurs phares du secteur et o\u00f9 seront abord\u00e9s de multiples sujets au c\u0153ur de l\u2019actualit\u00e9 du patrimoine.<br \/>\nCe programme de conf\u00e9rences est coorganis\u00e9 par Ateliers d\u2019Art de France et le magazine Atrium patrimoine et restauration avec le soutien de la Fondation France Bois For\u00eat pour notre Patrimoine.<br \/>\nPlusieurs conf\u00e9rences organis\u00e9es par Sites et Cit\u00e9s Remarquables viendront \u00e9galement enrichir la r\u00e9flexion autour des enjeux li\u00e9s au secteur du patrimoine.<br \/>\nAu total, une dizaine de conf\u00e9rences seront propos\u00e9es sur le site du Salon International du Patrimoine Culturel \u00e0 partir du 28 octobre.<\/p>\n<p>REMISES DE PRIX<br \/>\nFid\u00e8le \u00e0 son objectif de valoriser chaque ann\u00e9e les talents, projets, et professionnels qui se sont particuli\u00e8rement distingu\u00e9s, sans oublier les actions en faveur de la sauvegarde du patrimoine, l\u2019\u00c9dition Digitale d\u00e9voilera les laur\u00e9ats de prix habituellement remis lors du salon, parmi lesquels : le Prix du Patrimoine paysager et \u00e9cologique de la Fondation Etrillard, une des quatre laur\u00e9ats du Prix de la Jeune Cr\u00e9ation M\u00e9tiers d\u2019Art Ateliers d\u2019Art de France, le laur\u00e9at national cat\u00e9gorie \u00ab Patrimoine \u00bb du Concours Ateliers d\u2019Art de France, le Prix VMF\/AAF \u00ab M\u00e9tiers d\u2019art et patrimoine b\u00e2ti \u00bb, etc.<\/p>\n<p>Plus d&rsquo;informations sur :\u00a0<a href=\"https:\/\/www.patrimoineculturel.com\/edition-digitale\/\" target=\"_blank\" rel=\"noopener noreferrer\">https:\/\/www.patrimoineculturel.com\/edition-digitale\/<\/a><\/p>\n","protected":false},"excerpt":{"rendered":"<p>Malgr\u00e9 l\u2019annulation du Salon International du Patrimoine Culturel dans sa version physique, Ateliers d\u2019Art de France pr\u00e9pare une \u00c9dition Digitale qui se d\u00e9roulera du 28 au 31 octobre sur le site internet du salon. Cette alternative a pour objectif de soutenir, valoriser et rendre visibles les acteurs du patrimoine et la richesse de leurs savoir-faire. [&hellip;]<\/p>\n","protected":false},"author":17,"featured_media":105061,"comment_status":"closed","ping_status":"closed","sticky":false,"template":"","format":"standard","meta":{"_et_pb_use_builder":"","_et_pb_old_content":"","_et_gb_content_width":"","footnotes":""},"categories":[10530,6340,10789,10785],"tags":[12566],"class_list":["post-105018","post","type-post","status-publish","format-standard","has-post-thumbnail","hentry","category-actualites","category-architecture-conception","category-publications-atrium","category-atrium","tag-salon-international-du-patrimoine"],"yoast_head":"<!-- This site is optimized with the Yoast SEO plugin v27.4 - https:\/\/yoast.com\/product\/yoast-seo-wordpress\/ -->\n<title>Le Salon International du Patrimoine Culturel sera num\u00e9rique cette ann\u00e9e<\/title>\n<meta name=\"robots\" content=\"index, follow, max-snippet:-1, max-image-preview:large, max-video-preview:-1\" \/>\n<link rel=\"canonical\" href=\"https:\/\/batijournal.com\/index.php\/le-salon-international-du-patrimoine-culturel-sera-numerique-cette-annee\/105018\/\" \/>\n<meta property=\"og:locale\" content=\"fr_FR\" \/>\n<meta property=\"og:type\" content=\"article\" \/>\n<meta property=\"og:title\" content=\"Le Salon International du Patrimoine Culturel sera num\u00e9rique cette ann\u00e9e\" \/>\n<meta property=\"og:description\" content=\"Malgr\u00e9 l\u2019annulation du Salon International du Patrimoine Culturel dans sa version physique, Ateliers d\u2019Art de France pr\u00e9pare une \u00c9dition Digitale qui se d\u00e9roulera du 28 au 31 octobre sur le site internet du salon. Cette alternative a pour objectif de soutenir, valoriser et rendre visibles les acteurs du patrimoine et la richesse de leurs savoir-faire. [&hellip;]\" \/>\n<meta property=\"og:url\" content=\"https:\/\/batijournal.com\/index.php\/le-salon-international-du-patrimoine-culturel-sera-numerique-cette-annee\/105018\/\" \/>\n<meta property=\"og:site_name\" content=\"Batijournal\" \/>\n<meta property=\"article:published_time\" content=\"2020-10-21T11:27:04+00:00\" \/>\n<meta property=\"article:modified_time\" content=\"2020-10-29T13:58:01+00:00\" \/>\n<meta property=\"og:image\" content=\"https:\/\/batijournal.com\/wp-content\/uploads\/2020\/10\/SIPC-2020-digital.jpg\" \/>\n\t<meta property=\"og:image:width\" content=\"800\" \/>\n\t<meta property=\"og:image:height\" content=\"200\" \/>\n\t<meta property=\"og:image:type\" content=\"image\/jpeg\" \/>\n<meta name=\"author\" content=\"St\u00e9phane Miget\" \/>\n<meta name=\"twitter:card\" content=\"summary_large_image\" \/>\n<meta name=\"twitter:creator\" content=\"@bati_journal\" \/>\n<meta name=\"twitter:site\" content=\"@bati_journal\" \/>\n<meta name=\"twitter:label1\" content=\"\u00c9crit par\" \/>\n\t<meta name=\"twitter:data1\" content=\"St\u00e9phane Miget\" \/>\n\t<meta name=\"twitter:label2\" content=\"Dur\u00e9e de lecture estim\u00e9e\" \/>\n\t<meta name=\"twitter:data2\" content=\"2 minutes\" \/>\n<script type=\"application\/ld+json\" class=\"yoast-schema-graph\">{\"@context\":\"https:\\\/\\\/schema.org\",\"@graph\":[{\"@type\":\"Article\",\"@id\":\"https:\\\/\\\/batijournal.com\\\/index.php\\\/le-salon-international-du-patrimoine-culturel-sera-numerique-cette-annee\\\/105018\\\/#article\",\"isPartOf\":{\"@id\":\"https:\\\/\\\/batijournal.com\\\/index.php\\\/le-salon-international-du-patrimoine-culturel-sera-numerique-cette-annee\\\/105018\\\/\"},\"author\":{\"name\":\"St\u00e9phane Miget\",\"@id\":\"https:\\\/\\\/batijournal.com\\\/#\\\/schema\\\/person\\\/1dc96ec6957aa1ccb25ebe78bb19f100\"},\"headline\":\"Le Salon International du Patrimoine Culturel sera num\u00e9rique cette ann\u00e9e\",\"datePublished\":\"2020-10-21T11:27:04+00:00\",\"dateModified\":\"2020-10-29T13:58:01+00:00\",\"mainEntityOfPage\":{\"@id\":\"https:\\\/\\\/batijournal.com\\\/index.php\\\/le-salon-international-du-patrimoine-culturel-sera-numerique-cette-annee\\\/105018\\\/\"},\"wordCount\":476,\"image\":{\"@id\":\"https:\\\/\\\/batijournal.com\\\/index.php\\\/le-salon-international-du-patrimoine-culturel-sera-numerique-cette-annee\\\/105018\\\/#primaryimage\"},\"thumbnailUrl\":\"https:\\\/\\\/batijournal.com\\\/wp-content\\\/uploads\\\/2020\\\/10\\\/SIPC-2020-digital.jpg\",\"keywords\":[\"salon international du patrimoine\"],\"articleSection\":[\"Actualit\u00e9s\",\"Architecture &amp; Conception\",\"zz_Actualit\u00e9s - Atrium\",\"zz_Atrium Patrimoine\"],\"inLanguage\":\"fr-FR\"},{\"@type\":\"WebPage\",\"@id\":\"https:\\\/\\\/batijournal.com\\\/index.php\\\/le-salon-international-du-patrimoine-culturel-sera-numerique-cette-annee\\\/105018\\\/\",\"url\":\"https:\\\/\\\/batijournal.com\\\/index.php\\\/le-salon-international-du-patrimoine-culturel-sera-numerique-cette-annee\\\/105018\\\/\",\"name\":\"Le Salon International du Patrimoine Culturel sera num\u00e9rique cette ann\u00e9e\",\"isPartOf\":{\"@id\":\"https:\\\/\\\/batijournal.com\\\/#website\"},\"primaryImageOfPage\":{\"@id\":\"https:\\\/\\\/batijournal.com\\\/index.php\\\/le-salon-international-du-patrimoine-culturel-sera-numerique-cette-annee\\\/105018\\\/#primaryimage\"},\"image\":{\"@id\":\"https:\\\/\\\/batijournal.com\\\/index.php\\\/le-salon-international-du-patrimoine-culturel-sera-numerique-cette-annee\\\/105018\\\/#primaryimage\"},\"thumbnailUrl\":\"https:\\\/\\\/batijournal.com\\\/wp-content\\\/uploads\\\/2020\\\/10\\\/SIPC-2020-digital.jpg\",\"datePublished\":\"2020-10-21T11:27:04+00:00\",\"dateModified\":\"2020-10-29T13:58:01+00:00\",\"author\":{\"@id\":\"https:\\\/\\\/batijournal.com\\\/#\\\/schema\\\/person\\\/1dc96ec6957aa1ccb25ebe78bb19f100\"},\"breadcrumb\":{\"@id\":\"https:\\\/\\\/batijournal.com\\\/index.php\\\/le-salon-international-du-patrimoine-culturel-sera-numerique-cette-annee\\\/105018\\\/#breadcrumb\"},\"inLanguage\":\"fr-FR\",\"potentialAction\":[{\"@type\":\"ReadAction\",\"target\":[\"https:\\\/\\\/batijournal.com\\\/index.php\\\/le-salon-international-du-patrimoine-culturel-sera-numerique-cette-annee\\\/105018\\\/\"]}]},{\"@type\":\"ImageObject\",\"inLanguage\":\"fr-FR\",\"@id\":\"https:\\\/\\\/batijournal.com\\\/index.php\\\/le-salon-international-du-patrimoine-culturel-sera-numerique-cette-annee\\\/105018\\\/#primaryimage\",\"url\":\"https:\\\/\\\/batijournal.com\\\/wp-content\\\/uploads\\\/2020\\\/10\\\/SIPC-2020-digital.jpg\",\"contentUrl\":\"https:\\\/\\\/batijournal.com\\\/wp-content\\\/uploads\\\/2020\\\/10\\\/SIPC-2020-digital.jpg\",\"width\":800,\"height\":200},{\"@type\":\"BreadcrumbList\",\"@id\":\"https:\\\/\\\/batijournal.com\\\/index.php\\\/le-salon-international-du-patrimoine-culturel-sera-numerique-cette-annee\\\/105018\\\/#breadcrumb\",\"itemListElement\":[{\"@type\":\"ListItem\",\"position\":1,\"name\":\"Accueil\",\"item\":\"https:\\\/\\\/batijournal.com\\\/\"},{\"@type\":\"ListItem\",\"position\":2,\"name\":\"Actualit\u00e9s\",\"item\":\"https:\\\/\\\/batijournal.com\\\/index.php\\\/category\\\/actualites\\\/\"},{\"@type\":\"ListItem\",\"position\":3,\"name\":\"Architecture &amp; Conception\",\"item\":\"https:\\\/\\\/batijournal.com\\\/index.php\\\/category\\\/actualites\\\/architecture-conception\\\/\"},{\"@type\":\"ListItem\",\"position\":4,\"name\":\"Le Salon International du Patrimoine Culturel sera num\u00e9rique cette ann\u00e9e\"}]},{\"@type\":\"WebSite\",\"@id\":\"https:\\\/\\\/batijournal.com\\\/#website\",\"url\":\"https:\\\/\\\/batijournal.com\\\/\",\"name\":\"Batijournal\",\"description\":\"L&#039;actualit\u00e9 du b\u00e2timent\",\"potentialAction\":[{\"@type\":\"SearchAction\",\"target\":{\"@type\":\"EntryPoint\",\"urlTemplate\":\"https:\\\/\\\/batijournal.com\\\/?s={search_term_string}\"},\"query-input\":{\"@type\":\"PropertyValueSpecification\",\"valueRequired\":true,\"valueName\":\"search_term_string\"}}],\"inLanguage\":\"fr-FR\"},{\"@type\":\"Person\",\"@id\":\"https:\\\/\\\/batijournal.com\\\/#\\\/schema\\\/person\\\/1dc96ec6957aa1ccb25ebe78bb19f100\",\"name\":\"St\u00e9phane Miget\",\"image\":{\"@type\":\"ImageObject\",\"inLanguage\":\"fr-FR\",\"@id\":\"https:\\\/\\\/secure.gravatar.com\\\/avatar\\\/89915563d925342126b8ef0281b93d9d7fc337043e8df017f780908eb9644451?s=96&d=mm&r=g\",\"url\":\"https:\\\/\\\/secure.gravatar.com\\\/avatar\\\/89915563d925342126b8ef0281b93d9d7fc337043e8df017f780908eb9644451?s=96&d=mm&r=g\",\"contentUrl\":\"https:\\\/\\\/secure.gravatar.com\\\/avatar\\\/89915563d925342126b8ef0281b93d9d7fc337043e8df017f780908eb9644451?s=96&d=mm&r=g\",\"caption\":\"St\u00e9phane Miget\"},\"url\":\"https:\\\/\\\/batijournal.com\\\/index.php\\\/author\\\/stephane\\\/\"}]}<\/script>\n<!-- \/ Yoast SEO plugin. -->","yoast_head_json":{"title":"Le Salon International du Patrimoine Culturel sera num\u00e9rique cette ann\u00e9e","robots":{"index":"index","follow":"follow","max-snippet":"max-snippet:-1","max-image-preview":"max-image-preview:large","max-video-preview":"max-video-preview:-1"},"canonical":"https:\/\/batijournal.com\/index.php\/le-salon-international-du-patrimoine-culturel-sera-numerique-cette-annee\/105018\/","og_locale":"fr_FR","og_type":"article","og_title":"Le Salon International du Patrimoine Culturel sera num\u00e9rique cette ann\u00e9e","og_description":"Malgr\u00e9 l\u2019annulation du Salon International du Patrimoine Culturel dans sa version physique, Ateliers d\u2019Art de France pr\u00e9pare une \u00c9dition Digitale qui se d\u00e9roulera du 28 au 31 octobre sur le site internet du salon. Cette alternative a pour objectif de soutenir, valoriser et rendre visibles les acteurs du patrimoine et la richesse de leurs savoir-faire. [&hellip;]","og_url":"https:\/\/batijournal.com\/index.php\/le-salon-international-du-patrimoine-culturel-sera-numerique-cette-annee\/105018\/","og_site_name":"Batijournal","article_published_time":"2020-10-21T11:27:04+00:00","article_modified_time":"2020-10-29T13:58:01+00:00","og_image":[{"width":800,"height":200,"url":"https:\/\/batijournal.com\/wp-content\/uploads\/2020\/10\/SIPC-2020-digital.jpg","type":"image\/jpeg"}],"author":"St\u00e9phane Miget","twitter_card":"summary_large_image","twitter_creator":"@bati_journal","twitter_site":"@bati_journal","twitter_misc":{"\u00c9crit par":"St\u00e9phane Miget","Dur\u00e9e de lecture estim\u00e9e":"2 minutes"},"schema":{"@context":"https:\/\/schema.org","@graph":[{"@type":"Article","@id":"https:\/\/batijournal.com\/index.php\/le-salon-international-du-patrimoine-culturel-sera-numerique-cette-annee\/105018\/#article","isPartOf":{"@id":"https:\/\/batijournal.com\/index.php\/le-salon-international-du-patrimoine-culturel-sera-numerique-cette-annee\/105018\/"},"author":{"name":"St\u00e9phane Miget","@id":"https:\/\/batijournal.com\/#\/schema\/person\/1dc96ec6957aa1ccb25ebe78bb19f100"},"headline":"Le Salon International du Patrimoine Culturel sera num\u00e9rique cette ann\u00e9e","datePublished":"2020-10-21T11:27:04+00:00","dateModified":"2020-10-29T13:58:01+00:00","mainEntityOfPage":{"@id":"https:\/\/batijournal.com\/index.php\/le-salon-international-du-patrimoine-culturel-sera-numerique-cette-annee\/105018\/"},"wordCount":476,"image":{"@id":"https:\/\/batijournal.com\/index.php\/le-salon-international-du-patrimoine-culturel-sera-numerique-cette-annee\/105018\/#primaryimage"},"thumbnailUrl":"https:\/\/batijournal.com\/wp-content\/uploads\/2020\/10\/SIPC-2020-digital.jpg","keywords":["salon international du patrimoine"],"articleSection":["Actualit\u00e9s","Architecture &amp; Conception","zz_Actualit\u00e9s - Atrium","zz_Atrium Patrimoine"],"inLanguage":"fr-FR"},{"@type":"WebPage","@id":"https:\/\/batijournal.com\/index.php\/le-salon-international-du-patrimoine-culturel-sera-numerique-cette-annee\/105018\/","url":"https:\/\/batijournal.com\/index.php\/le-salon-international-du-patrimoine-culturel-sera-numerique-cette-annee\/105018\/","name":"Le Salon International du Patrimoine Culturel sera num\u00e9rique cette ann\u00e9e","isPartOf":{"@id":"https:\/\/batijournal.com\/#website"},"primaryImageOfPage":{"@id":"https:\/\/batijournal.com\/index.php\/le-salon-international-du-patrimoine-culturel-sera-numerique-cette-annee\/105018\/#primaryimage"},"image":{"@id":"https:\/\/batijournal.com\/index.php\/le-salon-international-du-patrimoine-culturel-sera-numerique-cette-annee\/105018\/#primaryimage"},"thumbnailUrl":"https:\/\/batijournal.com\/wp-content\/uploads\/2020\/10\/SIPC-2020-digital.jpg","datePublished":"2020-10-21T11:27:04+00:00","dateModified":"2020-10-29T13:58:01+00:00","author":{"@id":"https:\/\/batijournal.com\/#\/schema\/person\/1dc96ec6957aa1ccb25ebe78bb19f100"},"breadcrumb":{"@id":"https:\/\/batijournal.com\/index.php\/le-salon-international-du-patrimoine-culturel-sera-numerique-cette-annee\/105018\/#breadcrumb"},"inLanguage":"fr-FR","potentialAction":[{"@type":"ReadAction","target":["https:\/\/batijournal.com\/index.php\/le-salon-international-du-patrimoine-culturel-sera-numerique-cette-annee\/105018\/"]}]},{"@type":"ImageObject","inLanguage":"fr-FR","@id":"https:\/\/batijournal.com\/index.php\/le-salon-international-du-patrimoine-culturel-sera-numerique-cette-annee\/105018\/#primaryimage","url":"https:\/\/batijournal.com\/wp-content\/uploads\/2020\/10\/SIPC-2020-digital.jpg","contentUrl":"https:\/\/batijournal.com\/wp-content\/uploads\/2020\/10\/SIPC-2020-digital.jpg","width":800,"height":200},{"@type":"BreadcrumbList","@id":"https:\/\/batijournal.com\/index.php\/le-salon-international-du-patrimoine-culturel-sera-numerique-cette-annee\/105018\/#breadcrumb","itemListElement":[{"@type":"ListItem","position":1,"name":"Accueil","item":"https:\/\/batijournal.com\/"},{"@type":"ListItem","position":2,"name":"Actualit\u00e9s","item":"https:\/\/batijournal.com\/index.php\/category\/actualites\/"},{"@type":"ListItem","position":3,"name":"Architecture &amp; Conception","item":"https:\/\/batijournal.com\/index.php\/category\/actualites\/architecture-conception\/"},{"@type":"ListItem","position":4,"name":"Le Salon International du Patrimoine Culturel sera num\u00e9rique cette ann\u00e9e"}]},{"@type":"WebSite","@id":"https:\/\/batijournal.com\/#website","url":"https:\/\/batijournal.com\/","name":"Batijournal","description":"L&#039;actualit\u00e9 du b\u00e2timent","potentialAction":[{"@type":"SearchAction","target":{"@type":"EntryPoint","urlTemplate":"https:\/\/batijournal.com\/?s={search_term_string}"},"query-input":{"@type":"PropertyValueSpecification","valueRequired":true,"valueName":"search_term_string"}}],"inLanguage":"fr-FR"},{"@type":"Person","@id":"https:\/\/batijournal.com\/#\/schema\/person\/1dc96ec6957aa1ccb25ebe78bb19f100","name":"St\u00e9phane Miget","image":{"@type":"ImageObject","inLanguage":"fr-FR","@id":"https:\/\/secure.gravatar.com\/avatar\/89915563d925342126b8ef0281b93d9d7fc337043e8df017f780908eb9644451?s=96&d=mm&r=g","url":"https:\/\/secure.gravatar.com\/avatar\/89915563d925342126b8ef0281b93d9d7fc337043e8df017f780908eb9644451?s=96&d=mm&r=g","contentUrl":"https:\/\/secure.gravatar.com\/avatar\/89915563d925342126b8ef0281b93d9d7fc337043e8df017f780908eb9644451?s=96&d=mm&r=g","caption":"St\u00e9phane Miget"},"url":"https:\/\/batijournal.com\/index.php\/author\/stephane\/"}]}},"_links":{"self":[{"href":"https:\/\/batijournal.com\/index.php\/wp-json\/wp\/v2\/posts\/105018","targetHints":{"allow":["GET"]}}],"collection":[{"href":"https:\/\/batijournal.com\/index.php\/wp-json\/wp\/v2\/posts"}],"about":[{"href":"https:\/\/batijournal.com\/index.php\/wp-json\/wp\/v2\/types\/post"}],"author":[{"embeddable":true,"href":"https:\/\/batijournal.com\/index.php\/wp-json\/wp\/v2\/users\/17"}],"replies":[{"embeddable":true,"href":"https:\/\/batijournal.com\/index.php\/wp-json\/wp\/v2\/comments?post=105018"}],"version-history":[{"count":0,"href":"https:\/\/batijournal.com\/index.php\/wp-json\/wp\/v2\/posts\/105018\/revisions"}],"wp:featuredmedia":[{"embeddable":true,"href":"https:\/\/batijournal.com\/index.php\/wp-json\/wp\/v2\/media\/105061"}],"wp:attachment":[{"href":"https:\/\/batijournal.com\/index.php\/wp-json\/wp\/v2\/media?parent=105018"}],"wp:term":[{"taxonomy":"category","embeddable":true,"href":"https:\/\/batijournal.com\/index.php\/wp-json\/wp\/v2\/categories?post=105018"},{"taxonomy":"post_tag","embeddable":true,"href":"https:\/\/batijournal.com\/index.php\/wp-json\/wp\/v2\/tags?post=105018"}],"curies":[{"name":"wp","href":"https:\/\/api.w.org\/{rel}","templated":true}]}}