{"id":105020,"date":"2020-10-22T07:28:58","date_gmt":"2020-10-22T05:28:58","guid":{"rendered":"https:\/\/batijournal.com\/?p=105020"},"modified":"2020-10-22T07:28:58","modified_gmt":"2020-10-22T05:28:58","slug":"au-nouveau-lieu-de-strasbourg-nolistra-accueille-son-dernier-batiment","status":"publish","type":"post","link":"https:\/\/batijournal.com\/index.php\/au-nouveau-lieu-de-strasbourg-nolistra-accueille-son-dernier-batiment\/105020\/","title":{"rendered":"Au Nouveau Lieu de Strasbourg, \u00ab NoLiStra \u00bb accueille son dernier b\u00e2timent"},"content":{"rendered":"<p>ADIM Est, filiale de d\u00e9veloppement immobilier de VINCI Construction France, a livr\u00e9 fin juillet le dernier b\u00e2timent de \u00ab NoLiStra \u00bb, le Nouveau Lieu de Strasbourg. Erig\u00e9 au sein de la ZAC de l\u2019\u00c9toile sur l\u2019\u00eelot Saint-Urbain, cet ensemble immobilier de huit immeubles participe pleinement au renouveau urbain de la capitale alsacienne. La localisation et la diversit\u00e9 des fonctionnalit\u00e9s de \u00ab NoLiStra \u00bb, pens\u00e9 comme un nouveau quartier de ville, en font un v\u00e9ritable trait d\u2019union entre le centre-ville et le quartier Neudorf. T\u00eate de proue de la ZAC de l\u2019Etoile, \u00ab NoLiStra \u00bb fait face au centre administratif de Strasbourg. Con\u00e7u par le groupement d\u2019architectes LAN et TOA, \u00ab NoLiStra \u00bb se distingue par la singularit\u00e9 de ses formes inspir\u00e9es de l\u2019architecture am\u00e9ricaine des ann\u00e9es 1960 et 1970. Plus de 3 000 ouvertures vitr\u00e9es laissent entrer la lumi\u00e8re et cr\u00e9ent, pour les occupants des huit immeubles, une connexion avec la ville. Si les fa\u00e7ades ont \u00e9t\u00e9 con\u00e7ues en b\u00e9ton apparent, les neuf teintes de lasures min\u00e9rales qui les habillent \u00e9voquent les couleurs pastel des maisons traditionnelles du quartier strasbourgeois de la Petite-France. Les travaux d\u2019une dur\u00e9e de 36 mois ont \u00e9t\u00e9 men\u00e9s par Urban Dumez, filiale de VINCI Construction France. Pour relever le d\u00e9fi architectural du projet et r\u00e9aliser l\u2019ossature en b\u00e9ton des grandes croix qui composent les fa\u00e7ades, les \u00e9quipes ont con\u00e7u des outils de coffrages sp\u00e9cifiques. Au total, 490 mannequins m\u00e9talliques diff\u00e9rents ont \u00e9t\u00e9 produits.<\/p>\n<p>Photo : \u00ab NoLiStra \u00bb, vue depuis le c\u0153ur d\u2019\u00eelot &#8211; \u00a9 Patrick Bogner<\/p>\n","protected":false},"excerpt":{"rendered":"<p>ADIM Est, filiale de d\u00e9veloppement immobilier de VINCI Construction France, a livr\u00e9 fin juillet le dernier b\u00e2timent de \u00ab NoLiStra \u00bb, le Nouveau Lieu de Strasbourg. Erig\u00e9 au sein de la ZAC de l\u2019\u00c9toile sur l\u2019\u00eelot Saint-Urbain, cet ensemble immobilier de huit immeubles participe pleinement au renouveau urbain de la capitale alsacienne. La localisation et [&hellip;]<\/p>\n","protected":false},"author":17,"featured_media":105021,"comment_status":"closed","ping_status":"closed","sticky":false,"template":"","format":"standard","meta":{"_et_pb_use_builder":"","_et_pb_old_content":"","_et_gb_content_width":"","footnotes":""},"categories":[10530,6340,10771,10775],"tags":[8874],"class_list":["post-105020","post","type-post","status-publish","format-standard","has-post-thumbnail","hentry","category-actualites","category-architecture-conception","category-5facades","category-actualites-5facades","tag-vinci-construction"],"yoast_head":"<!-- This site is optimized with the Yoast SEO plugin v27.4 - https:\/\/yoast.com\/product\/yoast-seo-wordpress\/ -->\n<title>Au Nouveau Lieu de Strasbourg, \u00ab NoLiStra \u00bb accueille son dernier b\u00e2timent<\/title>\n<meta name=\"robots\" content=\"index, follow, max-snippet:-1, max-image-preview:large, max-video-preview:-1\" \/>\n<link rel=\"canonical\" href=\"https:\/\/batijournal.com\/index.php\/au-nouveau-lieu-de-strasbourg-nolistra-accueille-son-dernier-batiment\/105020\/\" \/>\n<meta property=\"og:locale\" content=\"fr_FR\" \/>\n<meta property=\"og:type\" content=\"article\" \/>\n<meta property=\"og:title\" content=\"Au Nouveau Lieu de Strasbourg, \u00ab NoLiStra \u00bb accueille son dernier b\u00e2timent\" \/>\n<meta property=\"og:description\" content=\"ADIM Est, filiale de d\u00e9veloppement immobilier de VINCI Construction France, a livr\u00e9 fin juillet le dernier b\u00e2timent de \u00ab NoLiStra \u00bb, le Nouveau Lieu de Strasbourg. Erig\u00e9 au sein de la ZAC de l\u2019\u00c9toile sur l\u2019\u00eelot Saint-Urbain, cet ensemble immobilier de huit immeubles participe pleinement au renouveau urbain de la capitale alsacienne. La localisation et [&hellip;]\" \/>\n<meta property=\"og:url\" content=\"https:\/\/batijournal.com\/index.php\/au-nouveau-lieu-de-strasbourg-nolistra-accueille-son-dernier-batiment\/105020\/\" \/>\n<meta property=\"og:site_name\" content=\"Batijournal\" \/>\n<meta property=\"article:published_time\" content=\"2020-10-22T05:28:58+00:00\" \/>\n<meta property=\"og:image\" content=\"https:\/\/batijournal.com\/wp-content\/uploads\/2020\/10\/Nouveau-Lieu-de-Strasbourg-NoLiStra.png\" \/>\n\t<meta property=\"og:image:width\" content=\"1002\" \/>\n\t<meta property=\"og:image:height\" content=\"664\" \/>\n\t<meta property=\"og:image:type\" content=\"image\/png\" \/>\n<meta name=\"author\" content=\"St\u00e9phane Miget\" \/>\n<meta name=\"twitter:card\" content=\"summary_large_image\" \/>\n<meta name=\"twitter:creator\" content=\"@bati_journal\" \/>\n<meta name=\"twitter:site\" content=\"@bati_journal\" \/>\n<meta name=\"twitter:label1\" content=\"\u00c9crit par\" \/>\n\t<meta name=\"twitter:data1\" content=\"St\u00e9phane Miget\" \/>\n\t<meta name=\"twitter:label2\" content=\"Dur\u00e9e de lecture estim\u00e9e\" \/>\n\t<meta name=\"twitter:data2\" content=\"1 minute\" \/>\n<script type=\"application\/ld+json\" class=\"yoast-schema-graph\">{\"@context\":\"https:\\\/\\\/schema.org\",\"@graph\":[{\"@type\":\"Article\",\"@id\":\"https:\\\/\\\/batijournal.com\\\/index.php\\\/au-nouveau-lieu-de-strasbourg-nolistra-accueille-son-dernier-batiment\\\/105020\\\/#article\",\"isPartOf\":{\"@id\":\"https:\\\/\\\/batijournal.com\\\/index.php\\\/au-nouveau-lieu-de-strasbourg-nolistra-accueille-son-dernier-batiment\\\/105020\\\/\"},\"author\":{\"name\":\"St\u00e9phane Miget\",\"@id\":\"https:\\\/\\\/batijournal.com\\\/#\\\/schema\\\/person\\\/1dc96ec6957aa1ccb25ebe78bb19f100\"},\"headline\":\"Au Nouveau Lieu de Strasbourg, \u00ab NoLiStra \u00bb accueille son dernier b\u00e2timent\",\"datePublished\":\"2020-10-22T05:28:58+00:00\",\"mainEntityOfPage\":{\"@id\":\"https:\\\/\\\/batijournal.com\\\/index.php\\\/au-nouveau-lieu-de-strasbourg-nolistra-accueille-son-dernier-batiment\\\/105020\\\/\"},\"wordCount\":281,\"image\":{\"@id\":\"https:\\\/\\\/batijournal.com\\\/index.php\\\/au-nouveau-lieu-de-strasbourg-nolistra-accueille-son-dernier-batiment\\\/105020\\\/#primaryimage\"},\"thumbnailUrl\":\"https:\\\/\\\/batijournal.com\\\/wp-content\\\/uploads\\\/2020\\\/10\\\/Nouveau-Lieu-de-Strasbourg-NoLiStra.png\",\"keywords\":[\"vinci construction\"],\"articleSection\":[\"Actualit\u00e9s\",\"Architecture &amp; Conception\",\"zz_5fa\u00e7ades\",\"zz_Actualit\u00e9s - 5fa\u00e7ades\"],\"inLanguage\":\"fr-FR\"},{\"@type\":\"WebPage\",\"@id\":\"https:\\\/\\\/batijournal.com\\\/index.php\\\/au-nouveau-lieu-de-strasbourg-nolistra-accueille-son-dernier-batiment\\\/105020\\\/\",\"url\":\"https:\\\/\\\/batijournal.com\\\/index.php\\\/au-nouveau-lieu-de-strasbourg-nolistra-accueille-son-dernier-batiment\\\/105020\\\/\",\"name\":\"Au Nouveau Lieu de Strasbourg, \u00ab NoLiStra \u00bb accueille son dernier b\u00e2timent\",\"isPartOf\":{\"@id\":\"https:\\\/\\\/batijournal.com\\\/#website\"},\"primaryImageOfPage\":{\"@id\":\"https:\\\/\\\/batijournal.com\\\/index.php\\\/au-nouveau-lieu-de-strasbourg-nolistra-accueille-son-dernier-batiment\\\/105020\\\/#primaryimage\"},\"image\":{\"@id\":\"https:\\\/\\\/batijournal.com\\\/index.php\\\/au-nouveau-lieu-de-strasbourg-nolistra-accueille-son-dernier-batiment\\\/105020\\\/#primaryimage\"},\"thumbnailUrl\":\"https:\\\/\\\/batijournal.com\\\/wp-content\\\/uploads\\\/2020\\\/10\\\/Nouveau-Lieu-de-Strasbourg-NoLiStra.png\",\"datePublished\":\"2020-10-22T05:28:58+00:00\",\"author\":{\"@id\":\"https:\\\/\\\/batijournal.com\\\/#\\\/schema\\\/person\\\/1dc96ec6957aa1ccb25ebe78bb19f100\"},\"breadcrumb\":{\"@id\":\"https:\\\/\\\/batijournal.com\\\/index.php\\\/au-nouveau-lieu-de-strasbourg-nolistra-accueille-son-dernier-batiment\\\/105020\\\/#breadcrumb\"},\"inLanguage\":\"fr-FR\",\"potentialAction\":[{\"@type\":\"ReadAction\",\"target\":[\"https:\\\/\\\/batijournal.com\\\/index.php\\\/au-nouveau-lieu-de-strasbourg-nolistra-accueille-son-dernier-batiment\\\/105020\\\/\"]}]},{\"@type\":\"ImageObject\",\"inLanguage\":\"fr-FR\",\"@id\":\"https:\\\/\\\/batijournal.com\\\/index.php\\\/au-nouveau-lieu-de-strasbourg-nolistra-accueille-son-dernier-batiment\\\/105020\\\/#primaryimage\",\"url\":\"https:\\\/\\\/batijournal.com\\\/wp-content\\\/uploads\\\/2020\\\/10\\\/Nouveau-Lieu-de-Strasbourg-NoLiStra.png\",\"contentUrl\":\"https:\\\/\\\/batijournal.com\\\/wp-content\\\/uploads\\\/2020\\\/10\\\/Nouveau-Lieu-de-Strasbourg-NoLiStra.png\",\"width\":1002,\"height\":664},{\"@type\":\"BreadcrumbList\",\"@id\":\"https:\\\/\\\/batijournal.com\\\/index.php\\\/au-nouveau-lieu-de-strasbourg-nolistra-accueille-son-dernier-batiment\\\/105020\\\/#breadcrumb\",\"itemListElement\":[{\"@type\":\"ListItem\",\"position\":1,\"name\":\"Accueil\",\"item\":\"https:\\\/\\\/batijournal.com\\\/\"},{\"@type\":\"ListItem\",\"position\":2,\"name\":\"Actualit\u00e9s\",\"item\":\"https:\\\/\\\/batijournal.com\\\/index.php\\\/category\\\/actualites\\\/\"},{\"@type\":\"ListItem\",\"position\":3,\"name\":\"Architecture &amp; Conception\",\"item\":\"https:\\\/\\\/batijournal.com\\\/index.php\\\/category\\\/actualites\\\/architecture-conception\\\/\"},{\"@type\":\"ListItem\",\"position\":4,\"name\":\"Au Nouveau Lieu de Strasbourg, \u00ab NoLiStra \u00bb accueille son dernier b\u00e2timent\"}]},{\"@type\":\"WebSite\",\"@id\":\"https:\\\/\\\/batijournal.com\\\/#website\",\"url\":\"https:\\\/\\\/batijournal.com\\\/\",\"name\":\"Batijournal\",\"description\":\"L&#039;actualit\u00e9 du b\u00e2timent\",\"potentialAction\":[{\"@type\":\"SearchAction\",\"target\":{\"@type\":\"EntryPoint\",\"urlTemplate\":\"https:\\\/\\\/batijournal.com\\\/?s={search_term_string}\"},\"query-input\":{\"@type\":\"PropertyValueSpecification\",\"valueRequired\":true,\"valueName\":\"search_term_string\"}}],\"inLanguage\":\"fr-FR\"},{\"@type\":\"Person\",\"@id\":\"https:\\\/\\\/batijournal.com\\\/#\\\/schema\\\/person\\\/1dc96ec6957aa1ccb25ebe78bb19f100\",\"name\":\"St\u00e9phane Miget\",\"image\":{\"@type\":\"ImageObject\",\"inLanguage\":\"fr-FR\",\"@id\":\"https:\\\/\\\/secure.gravatar.com\\\/avatar\\\/89915563d925342126b8ef0281b93d9d7fc337043e8df017f780908eb9644451?s=96&d=mm&r=g\",\"url\":\"https:\\\/\\\/secure.gravatar.com\\\/avatar\\\/89915563d925342126b8ef0281b93d9d7fc337043e8df017f780908eb9644451?s=96&d=mm&r=g\",\"contentUrl\":\"https:\\\/\\\/secure.gravatar.com\\\/avatar\\\/89915563d925342126b8ef0281b93d9d7fc337043e8df017f780908eb9644451?s=96&d=mm&r=g\",\"caption\":\"St\u00e9phane Miget\"},\"url\":\"https:\\\/\\\/batijournal.com\\\/index.php\\\/author\\\/stephane\\\/\"}]}<\/script>\n<!-- \/ Yoast SEO plugin. -->","yoast_head_json":{"title":"Au Nouveau Lieu de Strasbourg, \u00ab NoLiStra \u00bb accueille son dernier b\u00e2timent","robots":{"index":"index","follow":"follow","max-snippet":"max-snippet:-1","max-image-preview":"max-image-preview:large","max-video-preview":"max-video-preview:-1"},"canonical":"https:\/\/batijournal.com\/index.php\/au-nouveau-lieu-de-strasbourg-nolistra-accueille-son-dernier-batiment\/105020\/","og_locale":"fr_FR","og_type":"article","og_title":"Au Nouveau Lieu de Strasbourg, \u00ab NoLiStra \u00bb accueille son dernier b\u00e2timent","og_description":"ADIM Est, filiale de d\u00e9veloppement immobilier de VINCI Construction France, a livr\u00e9 fin juillet le dernier b\u00e2timent de \u00ab NoLiStra \u00bb, le Nouveau Lieu de Strasbourg. Erig\u00e9 au sein de la ZAC de l\u2019\u00c9toile sur l\u2019\u00eelot Saint-Urbain, cet ensemble immobilier de huit immeubles participe pleinement au renouveau urbain de la capitale alsacienne. La localisation et [&hellip;]","og_url":"https:\/\/batijournal.com\/index.php\/au-nouveau-lieu-de-strasbourg-nolistra-accueille-son-dernier-batiment\/105020\/","og_site_name":"Batijournal","article_published_time":"2020-10-22T05:28:58+00:00","og_image":[{"width":1002,"height":664,"url":"https:\/\/batijournal.com\/wp-content\/uploads\/2020\/10\/Nouveau-Lieu-de-Strasbourg-NoLiStra.png","type":"image\/png"}],"author":"St\u00e9phane Miget","twitter_card":"summary_large_image","twitter_creator":"@bati_journal","twitter_site":"@bati_journal","twitter_misc":{"\u00c9crit par":"St\u00e9phane Miget","Dur\u00e9e de lecture estim\u00e9e":"1 minute"},"schema":{"@context":"https:\/\/schema.org","@graph":[{"@type":"Article","@id":"https:\/\/batijournal.com\/index.php\/au-nouveau-lieu-de-strasbourg-nolistra-accueille-son-dernier-batiment\/105020\/#article","isPartOf":{"@id":"https:\/\/batijournal.com\/index.php\/au-nouveau-lieu-de-strasbourg-nolistra-accueille-son-dernier-batiment\/105020\/"},"author":{"name":"St\u00e9phane Miget","@id":"https:\/\/batijournal.com\/#\/schema\/person\/1dc96ec6957aa1ccb25ebe78bb19f100"},"headline":"Au Nouveau Lieu de Strasbourg, \u00ab NoLiStra \u00bb accueille son dernier b\u00e2timent","datePublished":"2020-10-22T05:28:58+00:00","mainEntityOfPage":{"@id":"https:\/\/batijournal.com\/index.php\/au-nouveau-lieu-de-strasbourg-nolistra-accueille-son-dernier-batiment\/105020\/"},"wordCount":281,"image":{"@id":"https:\/\/batijournal.com\/index.php\/au-nouveau-lieu-de-strasbourg-nolistra-accueille-son-dernier-batiment\/105020\/#primaryimage"},"thumbnailUrl":"https:\/\/batijournal.com\/wp-content\/uploads\/2020\/10\/Nouveau-Lieu-de-Strasbourg-NoLiStra.png","keywords":["vinci construction"],"articleSection":["Actualit\u00e9s","Architecture &amp; Conception","zz_5fa\u00e7ades","zz_Actualit\u00e9s - 5fa\u00e7ades"],"inLanguage":"fr-FR"},{"@type":"WebPage","@id":"https:\/\/batijournal.com\/index.php\/au-nouveau-lieu-de-strasbourg-nolistra-accueille-son-dernier-batiment\/105020\/","url":"https:\/\/batijournal.com\/index.php\/au-nouveau-lieu-de-strasbourg-nolistra-accueille-son-dernier-batiment\/105020\/","name":"Au Nouveau Lieu de Strasbourg, \u00ab NoLiStra \u00bb accueille son dernier b\u00e2timent","isPartOf":{"@id":"https:\/\/batijournal.com\/#website"},"primaryImageOfPage":{"@id":"https:\/\/batijournal.com\/index.php\/au-nouveau-lieu-de-strasbourg-nolistra-accueille-son-dernier-batiment\/105020\/#primaryimage"},"image":{"@id":"https:\/\/batijournal.com\/index.php\/au-nouveau-lieu-de-strasbourg-nolistra-accueille-son-dernier-batiment\/105020\/#primaryimage"},"thumbnailUrl":"https:\/\/batijournal.com\/wp-content\/uploads\/2020\/10\/Nouveau-Lieu-de-Strasbourg-NoLiStra.png","datePublished":"2020-10-22T05:28:58+00:00","author":{"@id":"https:\/\/batijournal.com\/#\/schema\/person\/1dc96ec6957aa1ccb25ebe78bb19f100"},"breadcrumb":{"@id":"https:\/\/batijournal.com\/index.php\/au-nouveau-lieu-de-strasbourg-nolistra-accueille-son-dernier-batiment\/105020\/#breadcrumb"},"inLanguage":"fr-FR","potentialAction":[{"@type":"ReadAction","target":["https:\/\/batijournal.com\/index.php\/au-nouveau-lieu-de-strasbourg-nolistra-accueille-son-dernier-batiment\/105020\/"]}]},{"@type":"ImageObject","inLanguage":"fr-FR","@id":"https:\/\/batijournal.com\/index.php\/au-nouveau-lieu-de-strasbourg-nolistra-accueille-son-dernier-batiment\/105020\/#primaryimage","url":"https:\/\/batijournal.com\/wp-content\/uploads\/2020\/10\/Nouveau-Lieu-de-Strasbourg-NoLiStra.png","contentUrl":"https:\/\/batijournal.com\/wp-content\/uploads\/2020\/10\/Nouveau-Lieu-de-Strasbourg-NoLiStra.png","width":1002,"height":664},{"@type":"BreadcrumbList","@id":"https:\/\/batijournal.com\/index.php\/au-nouveau-lieu-de-strasbourg-nolistra-accueille-son-dernier-batiment\/105020\/#breadcrumb","itemListElement":[{"@type":"ListItem","position":1,"name":"Accueil","item":"https:\/\/batijournal.com\/"},{"@type":"ListItem","position":2,"name":"Actualit\u00e9s","item":"https:\/\/batijournal.com\/index.php\/category\/actualites\/"},{"@type":"ListItem","position":3,"name":"Architecture &amp; Conception","item":"https:\/\/batijournal.com\/index.php\/category\/actualites\/architecture-conception\/"},{"@type":"ListItem","position":4,"name":"Au Nouveau Lieu de Strasbourg, \u00ab NoLiStra \u00bb accueille son dernier b\u00e2timent"}]},{"@type":"WebSite","@id":"https:\/\/batijournal.com\/#website","url":"https:\/\/batijournal.com\/","name":"Batijournal","description":"L&#039;actualit\u00e9 du b\u00e2timent","potentialAction":[{"@type":"SearchAction","target":{"@type":"EntryPoint","urlTemplate":"https:\/\/batijournal.com\/?s={search_term_string}"},"query-input":{"@type":"PropertyValueSpecification","valueRequired":true,"valueName":"search_term_string"}}],"inLanguage":"fr-FR"},{"@type":"Person","@id":"https:\/\/batijournal.com\/#\/schema\/person\/1dc96ec6957aa1ccb25ebe78bb19f100","name":"St\u00e9phane Miget","image":{"@type":"ImageObject","inLanguage":"fr-FR","@id":"https:\/\/secure.gravatar.com\/avatar\/89915563d925342126b8ef0281b93d9d7fc337043e8df017f780908eb9644451?s=96&d=mm&r=g","url":"https:\/\/secure.gravatar.com\/avatar\/89915563d925342126b8ef0281b93d9d7fc337043e8df017f780908eb9644451?s=96&d=mm&r=g","contentUrl":"https:\/\/secure.gravatar.com\/avatar\/89915563d925342126b8ef0281b93d9d7fc337043e8df017f780908eb9644451?s=96&d=mm&r=g","caption":"St\u00e9phane Miget"},"url":"https:\/\/batijournal.com\/index.php\/author\/stephane\/"}]}},"_links":{"self":[{"href":"https:\/\/batijournal.com\/index.php\/wp-json\/wp\/v2\/posts\/105020","targetHints":{"allow":["GET"]}}],"collection":[{"href":"https:\/\/batijournal.com\/index.php\/wp-json\/wp\/v2\/posts"}],"about":[{"href":"https:\/\/batijournal.com\/index.php\/wp-json\/wp\/v2\/types\/post"}],"author":[{"embeddable":true,"href":"https:\/\/batijournal.com\/index.php\/wp-json\/wp\/v2\/users\/17"}],"replies":[{"embeddable":true,"href":"https:\/\/batijournal.com\/index.php\/wp-json\/wp\/v2\/comments?post=105020"}],"version-history":[{"count":0,"href":"https:\/\/batijournal.com\/index.php\/wp-json\/wp\/v2\/posts\/105020\/revisions"}],"wp:featuredmedia":[{"embeddable":true,"href":"https:\/\/batijournal.com\/index.php\/wp-json\/wp\/v2\/media\/105021"}],"wp:attachment":[{"href":"https:\/\/batijournal.com\/index.php\/wp-json\/wp\/v2\/media?parent=105020"}],"wp:term":[{"taxonomy":"category","embeddable":true,"href":"https:\/\/batijournal.com\/index.php\/wp-json\/wp\/v2\/categories?post=105020"},{"taxonomy":"post_tag","embeddable":true,"href":"https:\/\/batijournal.com\/index.php\/wp-json\/wp\/v2\/tags?post=105020"}],"curies":[{"name":"wp","href":"https:\/\/api.w.org\/{rel}","templated":true}]}}