{"id":105038,"date":"2020-10-26T07:31:12","date_gmt":"2020-10-26T06:31:12","guid":{"rendered":"https:\/\/batijournal.com\/?p=105038"},"modified":"2020-10-26T07:31:12","modified_gmt":"2020-10-26T06:31:12","slug":"la-fondation-du-btp-recoit-le-prix-special-du-jury-du-festival-fimbacte","status":"publish","type":"post","link":"https:\/\/batijournal.com\/index.php\/la-fondation-du-btp-recoit-le-prix-special-du-jury-du-festival-fimbacte\/105038\/","title":{"rendered":"La fondation du btp re\u00e7oit le prix sp\u00e9cial du jury du festival FimbACTE"},"content":{"rendered":"<p>Chaque ann\u00e9e, le Festival FimbACTE, r\u00e9unit les acteurs engag\u00e9s pr\u00e9curseurs et cr\u00e9atifs dans le domaine de l\u2019urbanisme, de l\u2019am\u00e9nagement, de l\u2019architecture et de la construction. Ses Troph\u00e9es r\u00e9compensent les actions les plus innovantes. Un Prix sp\u00e9cial peut \u00e9galement \u00eatre attribu\u00e9 pour les dossiers ayant \u00ab un suppl\u00e9ment d\u2019\u00e2me \u00bb. Pour cette 25e \u00e9dition, le jury a souhait\u00e9 r\u00e9compenser la Fondation du BTP apr\u00e8s avoir \u00e9cout\u00e9 le t\u00e9moignage sinc\u00e8re de Laurence COTTET, marraine de l\u2019op\u00e9ration D\u00e9clic Addictions. La c\u00e9r\u00e9monie a eu lieu le 14 octobre \u00e0 la Cit\u00e9 de l\u2019Architecture.<\/p>\n<p>D\u00e9clic Addictions est un outil de communication pour les chefs d\u2019entreprise, managers, pr\u00e9venteurs et salari\u00e9s du BTP pour aborder le sujet des addictions. D\u00e9ploy\u00e9 autour de 3 modules et \u00e0 l\u2019aide de supports innovants, il valorise la communication interne de l\u2019entreprise. Lanc\u00e9e, en novembre 2019 \u00e0 l\u2019occasion de la pl\u00e9ni\u00e8re des 15 ans de la Fondation du BTP, l\u2019op\u00e9ration a \u00e9t\u00e9 pr\u00e9sent\u00e9e devant une trentaine d\u2019entreprises et est actuellement en cours de d\u00e9ploiement au sein de celles-ci.<\/p>\n<blockquote class=\"wp-embedded-content\" data-secret=\"KKUHc5HulD\"><p><a href=\"https:\/\/fondation-btp.com\/\">Home<\/a><\/p><\/blockquote>\n<p><iframe loading=\"lazy\" class=\"wp-embedded-content\" sandbox=\"allow-scripts\" security=\"restricted\" style=\"position: absolute; clip: rect(1px, 1px, 1px, 1px);\" title=\"\u00ab\u00a0Home\u00a0\u00bb &#8212; \" src=\"https:\/\/fondation-btp.com\/embed\/#?secret=1uIcK7dY8h#?secret=KKUHc5HulD\" data-secret=\"KKUHc5HulD\" width=\"600\" height=\"338\" frameborder=\"0\" marginwidth=\"0\" marginheight=\"0\" scrolling=\"no\"><\/iframe><\/p>\n<p>Photo : fondation du btp<\/p>\n","protected":false},"excerpt":{"rendered":"<p>Chaque ann\u00e9e, le Festival FimbACTE, r\u00e9unit les acteurs engag\u00e9s pr\u00e9curseurs et cr\u00e9atifs dans le domaine de l\u2019urbanisme, de l\u2019am\u00e9nagement, de l\u2019architecture et de la construction. Ses Troph\u00e9es r\u00e9compensent les actions les plus innovantes. Un Prix sp\u00e9cial peut \u00e9galement \u00eatre attribu\u00e9 pour les dossiers ayant \u00ab un suppl\u00e9ment d\u2019\u00e2me \u00bb. Pour cette 25e \u00e9dition, le jury [&hellip;]<\/p>\n","protected":false},"author":17,"featured_media":105039,"comment_status":"closed","ping_status":"closed","sticky":false,"template":"","format":"standard","meta":{"_et_pb_use_builder":"","_et_pb_old_content":"","_et_gb_content_width":"","footnotes":""},"categories":[10530,6345],"tags":[12947,12948,12949],"class_list":["post-105038","post","type-post","status-publish","format-standard","has-post-thumbnail","hentry","category-actualites","category-economie-marches","tag-addictions","tag-fimbacte","tag-fondation-du-btp"],"yoast_head":"<!-- This site is optimized with the Yoast SEO plugin v27.4 - https:\/\/yoast.com\/product\/yoast-seo-wordpress\/ -->\n<title>La fondation du btp re\u00e7oit le prix sp\u00e9cial du jury du festival FimbACTE<\/title>\n<meta name=\"robots\" content=\"index, follow, max-snippet:-1, max-image-preview:large, max-video-preview:-1\" \/>\n<link rel=\"canonical\" href=\"https:\/\/batijournal.com\/index.php\/la-fondation-du-btp-recoit-le-prix-special-du-jury-du-festival-fimbacte\/105038\/\" \/>\n<meta property=\"og:locale\" content=\"fr_FR\" \/>\n<meta property=\"og:type\" content=\"article\" \/>\n<meta property=\"og:title\" content=\"La fondation du btp re\u00e7oit le prix sp\u00e9cial du jury du festival FimbACTE\" \/>\n<meta property=\"og:description\" content=\"Chaque ann\u00e9e, le Festival FimbACTE, r\u00e9unit les acteurs engag\u00e9s pr\u00e9curseurs et cr\u00e9atifs dans le domaine de l\u2019urbanisme, de l\u2019am\u00e9nagement, de l\u2019architecture et de la construction. Ses Troph\u00e9es r\u00e9compensent les actions les plus innovantes. Un Prix sp\u00e9cial peut \u00e9galement \u00eatre attribu\u00e9 pour les dossiers ayant \u00ab un suppl\u00e9ment d\u2019\u00e2me \u00bb. Pour cette 25e \u00e9dition, le jury [&hellip;]\" \/>\n<meta property=\"og:url\" content=\"https:\/\/batijournal.com\/index.php\/la-fondation-du-btp-recoit-le-prix-special-du-jury-du-festival-fimbacte\/105038\/\" \/>\n<meta property=\"og:site_name\" content=\"Batijournal\" \/>\n<meta property=\"article:published_time\" content=\"2020-10-26T06:31:12+00:00\" \/>\n<meta property=\"og:image\" content=\"https:\/\/batijournal.com\/wp-content\/uploads\/2020\/10\/fondation-du-btp.jpg\" \/>\n\t<meta property=\"og:image:width\" content=\"1024\" \/>\n\t<meta property=\"og:image:height\" content=\"683\" \/>\n\t<meta property=\"og:image:type\" content=\"image\/jpeg\" \/>\n<meta name=\"author\" content=\"St\u00e9phane Miget\" \/>\n<meta name=\"twitter:card\" content=\"summary_large_image\" \/>\n<meta name=\"twitter:creator\" content=\"@bati_journal\" \/>\n<meta name=\"twitter:site\" content=\"@bati_journal\" \/>\n<meta name=\"twitter:label1\" content=\"\u00c9crit par\" \/>\n\t<meta name=\"twitter:data1\" content=\"St\u00e9phane Miget\" \/>\n\t<meta name=\"twitter:label2\" content=\"Dur\u00e9e de lecture estim\u00e9e\" \/>\n\t<meta name=\"twitter:data2\" content=\"1 minute\" \/>\n<script type=\"application\/ld+json\" class=\"yoast-schema-graph\">{\"@context\":\"https:\\\/\\\/schema.org\",\"@graph\":[{\"@type\":\"Article\",\"@id\":\"https:\\\/\\\/batijournal.com\\\/index.php\\\/la-fondation-du-btp-recoit-le-prix-special-du-jury-du-festival-fimbacte\\\/105038\\\/#article\",\"isPartOf\":{\"@id\":\"https:\\\/\\\/batijournal.com\\\/index.php\\\/la-fondation-du-btp-recoit-le-prix-special-du-jury-du-festival-fimbacte\\\/105038\\\/\"},\"author\":{\"name\":\"St\u00e9phane Miget\",\"@id\":\"https:\\\/\\\/batijournal.com\\\/#\\\/schema\\\/person\\\/1dc96ec6957aa1ccb25ebe78bb19f100\"},\"headline\":\"La fondation du btp re\u00e7oit le prix sp\u00e9cial du jury du festival FimbACTE\",\"datePublished\":\"2020-10-26T06:31:12+00:00\",\"mainEntityOfPage\":{\"@id\":\"https:\\\/\\\/batijournal.com\\\/index.php\\\/la-fondation-du-btp-recoit-le-prix-special-du-jury-du-festival-fimbacte\\\/105038\\\/\"},\"wordCount\":220,\"image\":{\"@id\":\"https:\\\/\\\/batijournal.com\\\/index.php\\\/la-fondation-du-btp-recoit-le-prix-special-du-jury-du-festival-fimbacte\\\/105038\\\/#primaryimage\"},\"thumbnailUrl\":\"https:\\\/\\\/batijournal.com\\\/wp-content\\\/uploads\\\/2020\\\/10\\\/fondation-du-btp.jpg\",\"keywords\":[\"Addictions\",\"FimbACTE\",\"fondation du btp\"],\"articleSection\":[\"Actualit\u00e9s\",\"\u00c9conomie &amp; March\u00e9s\"],\"inLanguage\":\"fr-FR\"},{\"@type\":\"WebPage\",\"@id\":\"https:\\\/\\\/batijournal.com\\\/index.php\\\/la-fondation-du-btp-recoit-le-prix-special-du-jury-du-festival-fimbacte\\\/105038\\\/\",\"url\":\"https:\\\/\\\/batijournal.com\\\/index.php\\\/la-fondation-du-btp-recoit-le-prix-special-du-jury-du-festival-fimbacte\\\/105038\\\/\",\"name\":\"La fondation du btp re\u00e7oit le prix sp\u00e9cial du jury du festival FimbACTE\",\"isPartOf\":{\"@id\":\"https:\\\/\\\/batijournal.com\\\/#website\"},\"primaryImageOfPage\":{\"@id\":\"https:\\\/\\\/batijournal.com\\\/index.php\\\/la-fondation-du-btp-recoit-le-prix-special-du-jury-du-festival-fimbacte\\\/105038\\\/#primaryimage\"},\"image\":{\"@id\":\"https:\\\/\\\/batijournal.com\\\/index.php\\\/la-fondation-du-btp-recoit-le-prix-special-du-jury-du-festival-fimbacte\\\/105038\\\/#primaryimage\"},\"thumbnailUrl\":\"https:\\\/\\\/batijournal.com\\\/wp-content\\\/uploads\\\/2020\\\/10\\\/fondation-du-btp.jpg\",\"datePublished\":\"2020-10-26T06:31:12+00:00\",\"author\":{\"@id\":\"https:\\\/\\\/batijournal.com\\\/#\\\/schema\\\/person\\\/1dc96ec6957aa1ccb25ebe78bb19f100\"},\"breadcrumb\":{\"@id\":\"https:\\\/\\\/batijournal.com\\\/index.php\\\/la-fondation-du-btp-recoit-le-prix-special-du-jury-du-festival-fimbacte\\\/105038\\\/#breadcrumb\"},\"inLanguage\":\"fr-FR\",\"potentialAction\":[{\"@type\":\"ReadAction\",\"target\":[\"https:\\\/\\\/batijournal.com\\\/index.php\\\/la-fondation-du-btp-recoit-le-prix-special-du-jury-du-festival-fimbacte\\\/105038\\\/\"]}]},{\"@type\":\"ImageObject\",\"inLanguage\":\"fr-FR\",\"@id\":\"https:\\\/\\\/batijournal.com\\\/index.php\\\/la-fondation-du-btp-recoit-le-prix-special-du-jury-du-festival-fimbacte\\\/105038\\\/#primaryimage\",\"url\":\"https:\\\/\\\/batijournal.com\\\/wp-content\\\/uploads\\\/2020\\\/10\\\/fondation-du-btp.jpg\",\"contentUrl\":\"https:\\\/\\\/batijournal.com\\\/wp-content\\\/uploads\\\/2020\\\/10\\\/fondation-du-btp.jpg\",\"width\":1024,\"height\":683},{\"@type\":\"BreadcrumbList\",\"@id\":\"https:\\\/\\\/batijournal.com\\\/index.php\\\/la-fondation-du-btp-recoit-le-prix-special-du-jury-du-festival-fimbacte\\\/105038\\\/#breadcrumb\",\"itemListElement\":[{\"@type\":\"ListItem\",\"position\":1,\"name\":\"Accueil\",\"item\":\"https:\\\/\\\/batijournal.com\\\/\"},{\"@type\":\"ListItem\",\"position\":2,\"name\":\"Actualit\u00e9s\",\"item\":\"https:\\\/\\\/batijournal.com\\\/index.php\\\/category\\\/actualites\\\/\"},{\"@type\":\"ListItem\",\"position\":3,\"name\":\"\u00c9conomie &amp; March\u00e9s\",\"item\":\"https:\\\/\\\/batijournal.com\\\/index.php\\\/category\\\/actualites\\\/economie-marches\\\/\"},{\"@type\":\"ListItem\",\"position\":4,\"name\":\"La fondation du btp re\u00e7oit le prix sp\u00e9cial du jury du festival FimbACTE\"}]},{\"@type\":\"WebSite\",\"@id\":\"https:\\\/\\\/batijournal.com\\\/#website\",\"url\":\"https:\\\/\\\/batijournal.com\\\/\",\"name\":\"Batijournal\",\"description\":\"L&#039;actualit\u00e9 du b\u00e2timent\",\"potentialAction\":[{\"@type\":\"SearchAction\",\"target\":{\"@type\":\"EntryPoint\",\"urlTemplate\":\"https:\\\/\\\/batijournal.com\\\/?s={search_term_string}\"},\"query-input\":{\"@type\":\"PropertyValueSpecification\",\"valueRequired\":true,\"valueName\":\"search_term_string\"}}],\"inLanguage\":\"fr-FR\"},{\"@type\":\"Person\",\"@id\":\"https:\\\/\\\/batijournal.com\\\/#\\\/schema\\\/person\\\/1dc96ec6957aa1ccb25ebe78bb19f100\",\"name\":\"St\u00e9phane Miget\",\"image\":{\"@type\":\"ImageObject\",\"inLanguage\":\"fr-FR\",\"@id\":\"https:\\\/\\\/secure.gravatar.com\\\/avatar\\\/89915563d925342126b8ef0281b93d9d7fc337043e8df017f780908eb9644451?s=96&d=mm&r=g\",\"url\":\"https:\\\/\\\/secure.gravatar.com\\\/avatar\\\/89915563d925342126b8ef0281b93d9d7fc337043e8df017f780908eb9644451?s=96&d=mm&r=g\",\"contentUrl\":\"https:\\\/\\\/secure.gravatar.com\\\/avatar\\\/89915563d925342126b8ef0281b93d9d7fc337043e8df017f780908eb9644451?s=96&d=mm&r=g\",\"caption\":\"St\u00e9phane Miget\"},\"url\":\"https:\\\/\\\/batijournal.com\\\/index.php\\\/author\\\/stephane\\\/\"}]}<\/script>\n<!-- \/ Yoast SEO plugin. -->","yoast_head_json":{"title":"La fondation du btp re\u00e7oit le prix sp\u00e9cial du jury du festival FimbACTE","robots":{"index":"index","follow":"follow","max-snippet":"max-snippet:-1","max-image-preview":"max-image-preview:large","max-video-preview":"max-video-preview:-1"},"canonical":"https:\/\/batijournal.com\/index.php\/la-fondation-du-btp-recoit-le-prix-special-du-jury-du-festival-fimbacte\/105038\/","og_locale":"fr_FR","og_type":"article","og_title":"La fondation du btp re\u00e7oit le prix sp\u00e9cial du jury du festival FimbACTE","og_description":"Chaque ann\u00e9e, le Festival FimbACTE, r\u00e9unit les acteurs engag\u00e9s pr\u00e9curseurs et cr\u00e9atifs dans le domaine de l\u2019urbanisme, de l\u2019am\u00e9nagement, de l\u2019architecture et de la construction. Ses Troph\u00e9es r\u00e9compensent les actions les plus innovantes. Un Prix sp\u00e9cial peut \u00e9galement \u00eatre attribu\u00e9 pour les dossiers ayant \u00ab un suppl\u00e9ment d\u2019\u00e2me \u00bb. Pour cette 25e \u00e9dition, le jury [&hellip;]","og_url":"https:\/\/batijournal.com\/index.php\/la-fondation-du-btp-recoit-le-prix-special-du-jury-du-festival-fimbacte\/105038\/","og_site_name":"Batijournal","article_published_time":"2020-10-26T06:31:12+00:00","og_image":[{"width":1024,"height":683,"url":"https:\/\/batijournal.com\/wp-content\/uploads\/2020\/10\/fondation-du-btp.jpg","type":"image\/jpeg"}],"author":"St\u00e9phane Miget","twitter_card":"summary_large_image","twitter_creator":"@bati_journal","twitter_site":"@bati_journal","twitter_misc":{"\u00c9crit par":"St\u00e9phane Miget","Dur\u00e9e de lecture estim\u00e9e":"1 minute"},"schema":{"@context":"https:\/\/schema.org","@graph":[{"@type":"Article","@id":"https:\/\/batijournal.com\/index.php\/la-fondation-du-btp-recoit-le-prix-special-du-jury-du-festival-fimbacte\/105038\/#article","isPartOf":{"@id":"https:\/\/batijournal.com\/index.php\/la-fondation-du-btp-recoit-le-prix-special-du-jury-du-festival-fimbacte\/105038\/"},"author":{"name":"St\u00e9phane Miget","@id":"https:\/\/batijournal.com\/#\/schema\/person\/1dc96ec6957aa1ccb25ebe78bb19f100"},"headline":"La fondation du btp re\u00e7oit le prix sp\u00e9cial du jury du festival FimbACTE","datePublished":"2020-10-26T06:31:12+00:00","mainEntityOfPage":{"@id":"https:\/\/batijournal.com\/index.php\/la-fondation-du-btp-recoit-le-prix-special-du-jury-du-festival-fimbacte\/105038\/"},"wordCount":220,"image":{"@id":"https:\/\/batijournal.com\/index.php\/la-fondation-du-btp-recoit-le-prix-special-du-jury-du-festival-fimbacte\/105038\/#primaryimage"},"thumbnailUrl":"https:\/\/batijournal.com\/wp-content\/uploads\/2020\/10\/fondation-du-btp.jpg","keywords":["Addictions","FimbACTE","fondation du btp"],"articleSection":["Actualit\u00e9s","\u00c9conomie &amp; March\u00e9s"],"inLanguage":"fr-FR"},{"@type":"WebPage","@id":"https:\/\/batijournal.com\/index.php\/la-fondation-du-btp-recoit-le-prix-special-du-jury-du-festival-fimbacte\/105038\/","url":"https:\/\/batijournal.com\/index.php\/la-fondation-du-btp-recoit-le-prix-special-du-jury-du-festival-fimbacte\/105038\/","name":"La fondation du btp re\u00e7oit le prix sp\u00e9cial du jury du festival FimbACTE","isPartOf":{"@id":"https:\/\/batijournal.com\/#website"},"primaryImageOfPage":{"@id":"https:\/\/batijournal.com\/index.php\/la-fondation-du-btp-recoit-le-prix-special-du-jury-du-festival-fimbacte\/105038\/#primaryimage"},"image":{"@id":"https:\/\/batijournal.com\/index.php\/la-fondation-du-btp-recoit-le-prix-special-du-jury-du-festival-fimbacte\/105038\/#primaryimage"},"thumbnailUrl":"https:\/\/batijournal.com\/wp-content\/uploads\/2020\/10\/fondation-du-btp.jpg","datePublished":"2020-10-26T06:31:12+00:00","author":{"@id":"https:\/\/batijournal.com\/#\/schema\/person\/1dc96ec6957aa1ccb25ebe78bb19f100"},"breadcrumb":{"@id":"https:\/\/batijournal.com\/index.php\/la-fondation-du-btp-recoit-le-prix-special-du-jury-du-festival-fimbacte\/105038\/#breadcrumb"},"inLanguage":"fr-FR","potentialAction":[{"@type":"ReadAction","target":["https:\/\/batijournal.com\/index.php\/la-fondation-du-btp-recoit-le-prix-special-du-jury-du-festival-fimbacte\/105038\/"]}]},{"@type":"ImageObject","inLanguage":"fr-FR","@id":"https:\/\/batijournal.com\/index.php\/la-fondation-du-btp-recoit-le-prix-special-du-jury-du-festival-fimbacte\/105038\/#primaryimage","url":"https:\/\/batijournal.com\/wp-content\/uploads\/2020\/10\/fondation-du-btp.jpg","contentUrl":"https:\/\/batijournal.com\/wp-content\/uploads\/2020\/10\/fondation-du-btp.jpg","width":1024,"height":683},{"@type":"BreadcrumbList","@id":"https:\/\/batijournal.com\/index.php\/la-fondation-du-btp-recoit-le-prix-special-du-jury-du-festival-fimbacte\/105038\/#breadcrumb","itemListElement":[{"@type":"ListItem","position":1,"name":"Accueil","item":"https:\/\/batijournal.com\/"},{"@type":"ListItem","position":2,"name":"Actualit\u00e9s","item":"https:\/\/batijournal.com\/index.php\/category\/actualites\/"},{"@type":"ListItem","position":3,"name":"\u00c9conomie &amp; March\u00e9s","item":"https:\/\/batijournal.com\/index.php\/category\/actualites\/economie-marches\/"},{"@type":"ListItem","position":4,"name":"La fondation du btp re\u00e7oit le prix sp\u00e9cial du jury du festival FimbACTE"}]},{"@type":"WebSite","@id":"https:\/\/batijournal.com\/#website","url":"https:\/\/batijournal.com\/","name":"Batijournal","description":"L&#039;actualit\u00e9 du b\u00e2timent","potentialAction":[{"@type":"SearchAction","target":{"@type":"EntryPoint","urlTemplate":"https:\/\/batijournal.com\/?s={search_term_string}"},"query-input":{"@type":"PropertyValueSpecification","valueRequired":true,"valueName":"search_term_string"}}],"inLanguage":"fr-FR"},{"@type":"Person","@id":"https:\/\/batijournal.com\/#\/schema\/person\/1dc96ec6957aa1ccb25ebe78bb19f100","name":"St\u00e9phane Miget","image":{"@type":"ImageObject","inLanguage":"fr-FR","@id":"https:\/\/secure.gravatar.com\/avatar\/89915563d925342126b8ef0281b93d9d7fc337043e8df017f780908eb9644451?s=96&d=mm&r=g","url":"https:\/\/secure.gravatar.com\/avatar\/89915563d925342126b8ef0281b93d9d7fc337043e8df017f780908eb9644451?s=96&d=mm&r=g","contentUrl":"https:\/\/secure.gravatar.com\/avatar\/89915563d925342126b8ef0281b93d9d7fc337043e8df017f780908eb9644451?s=96&d=mm&r=g","caption":"St\u00e9phane Miget"},"url":"https:\/\/batijournal.com\/index.php\/author\/stephane\/"}]}},"_links":{"self":[{"href":"https:\/\/batijournal.com\/index.php\/wp-json\/wp\/v2\/posts\/105038","targetHints":{"allow":["GET"]}}],"collection":[{"href":"https:\/\/batijournal.com\/index.php\/wp-json\/wp\/v2\/posts"}],"about":[{"href":"https:\/\/batijournal.com\/index.php\/wp-json\/wp\/v2\/types\/post"}],"author":[{"embeddable":true,"href":"https:\/\/batijournal.com\/index.php\/wp-json\/wp\/v2\/users\/17"}],"replies":[{"embeddable":true,"href":"https:\/\/batijournal.com\/index.php\/wp-json\/wp\/v2\/comments?post=105038"}],"version-history":[{"count":0,"href":"https:\/\/batijournal.com\/index.php\/wp-json\/wp\/v2\/posts\/105038\/revisions"}],"wp:featuredmedia":[{"embeddable":true,"href":"https:\/\/batijournal.com\/index.php\/wp-json\/wp\/v2\/media\/105039"}],"wp:attachment":[{"href":"https:\/\/batijournal.com\/index.php\/wp-json\/wp\/v2\/media?parent=105038"}],"wp:term":[{"taxonomy":"category","embeddable":true,"href":"https:\/\/batijournal.com\/index.php\/wp-json\/wp\/v2\/categories?post=105038"},{"taxonomy":"post_tag","embeddable":true,"href":"https:\/\/batijournal.com\/index.php\/wp-json\/wp\/v2\/tags?post=105038"}],"curies":[{"name":"wp","href":"https:\/\/api.w.org\/{rel}","templated":true}]}}