{"id":105040,"date":"2020-10-27T07:32:16","date_gmt":"2020-10-27T06:32:16","guid":{"rendered":"https:\/\/batijournal.com\/?p=105040"},"modified":"2020-10-27T07:32:16","modified_gmt":"2020-10-27T06:32:16","slug":"semaine-de-la-reno-copro-du-2-au-8-novembre-2020-partout-en-france","status":"publish","type":"post","link":"https:\/\/batijournal.com\/index.php\/semaine-de-la-reno-copro-du-2-au-8-novembre-2020-partout-en-france\/105040\/","title":{"rendered":"Semaine de la R\u00e9no Copro du 2 au 8 novembre 2020 partout en France"},"content":{"rendered":"<p>A l\u2019occasion de la premi\u00e8re \u00e9dition nationale de la Semaine de la R\u00e9no Copro qui aura lieu du 2 au 8 novembre 2020, de nombreux \u00e9v\u00e9nements se tiendront partout en France autour de la r\u00e9novation \u00e9nerg\u00e9tique des copropri\u00e9t\u00e9s. Une \u00e9tude r\u00e9v\u00e8le que 31 % des Fran\u00e7ais pr\u00e9voient de s\u2019engager dans des travaux de r\u00e9novation \u00e9nerg\u00e9tique de leurs logements. Ainsi, cette semaine nationale, port\u00e9e par les programmes La Copro des Possibles, Les Copros Vertes, RECIF et ETEHC, visera \u00e0 rassembler sous une communication commune, diverses initiatives, destin\u00e9es \u00e0 promouvoir la r\u00e9novation \u00e9nerg\u00e9tique des copropri\u00e9t\u00e9s \u00e0 travers tout le pays. Dans ce contexte de crise sanitaire, le format sera revisit\u00e9 alliant \u00e9v\u00e9nements physiques et webinaires. Plusieurs manifestations autour de cette th\u00e9matique sont pr\u00e9vues dans le cadre de ces quatre programmes phares.<\/p>\n<p>https:\/\/semainerenocopro.fr<\/p>\n","protected":false},"excerpt":{"rendered":"<p>A l\u2019occasion de la premi\u00e8re \u00e9dition nationale de la Semaine de la R\u00e9no Copro qui aura lieu du 2 au 8 novembre 2020, de nombreux \u00e9v\u00e9nements se tiendront partout en France autour de la r\u00e9novation \u00e9nerg\u00e9tique des copropri\u00e9t\u00e9s. Une \u00e9tude r\u00e9v\u00e8le que 31 % des Fran\u00e7ais pr\u00e9voient de s\u2019engager dans des travaux de r\u00e9novation \u00e9nerg\u00e9tique [&hellip;]<\/p>\n","protected":false},"author":17,"featured_media":105041,"comment_status":"closed","ping_status":"closed","sticky":false,"template":"","format":"standard","meta":{"_et_pb_use_builder":"","_et_pb_old_content":"","_et_gb_content_width":"","footnotes":""},"categories":[10530,6362,10781,10778],"tags":[3230],"class_list":["post-105040","post","type-post","status-publish","format-standard","has-post-thumbnail","hentry","category-actualites","category-services-equipements","category-publications-planete","category-planete","tag-coproprietes"],"yoast_head":"<!-- This site is optimized with the Yoast SEO plugin v27.4 - https:\/\/yoast.com\/product\/yoast-seo-wordpress\/ -->\n<title>Semaine de la R\u00e9no Copro du 2 au 8 novembre 2020 partout en France<\/title>\n<meta name=\"robots\" content=\"index, follow, max-snippet:-1, max-image-preview:large, max-video-preview:-1\" \/>\n<link rel=\"canonical\" href=\"https:\/\/batijournal.com\/index.php\/semaine-de-la-reno-copro-du-2-au-8-novembre-2020-partout-en-france\/105040\/\" \/>\n<meta property=\"og:locale\" content=\"fr_FR\" \/>\n<meta property=\"og:type\" content=\"article\" \/>\n<meta property=\"og:title\" content=\"Semaine de la R\u00e9no Copro du 2 au 8 novembre 2020 partout en France\" \/>\n<meta property=\"og:description\" content=\"A l\u2019occasion de la premi\u00e8re \u00e9dition nationale de la Semaine de la R\u00e9no Copro qui aura lieu du 2 au 8 novembre 2020, de nombreux \u00e9v\u00e9nements se tiendront partout en France autour de la r\u00e9novation \u00e9nerg\u00e9tique des copropri\u00e9t\u00e9s. Une \u00e9tude r\u00e9v\u00e8le que 31 % des Fran\u00e7ais pr\u00e9voient de s\u2019engager dans des travaux de r\u00e9novation \u00e9nerg\u00e9tique [&hellip;]\" \/>\n<meta property=\"og:url\" content=\"https:\/\/batijournal.com\/index.php\/semaine-de-la-reno-copro-du-2-au-8-novembre-2020-partout-en-france\/105040\/\" \/>\n<meta property=\"og:site_name\" content=\"Batijournal\" \/>\n<meta property=\"article:published_time\" content=\"2020-10-27T06:32:16+00:00\" \/>\n<meta property=\"og:image\" content=\"https:\/\/batijournal.com\/wp-content\/uploads\/2020\/10\/semaine-copro-2020.png\" \/>\n\t<meta property=\"og:image:width\" content=\"3147\" \/>\n\t<meta property=\"og:image:height\" content=\"1024\" \/>\n\t<meta property=\"og:image:type\" content=\"image\/png\" \/>\n<meta name=\"author\" content=\"St\u00e9phane Miget\" \/>\n<meta name=\"twitter:card\" content=\"summary_large_image\" \/>\n<meta name=\"twitter:creator\" content=\"@bati_journal\" \/>\n<meta name=\"twitter:site\" content=\"@bati_journal\" \/>\n<meta name=\"twitter:label1\" content=\"\u00c9crit par\" \/>\n\t<meta name=\"twitter:data1\" content=\"St\u00e9phane Miget\" \/>\n\t<meta name=\"twitter:label2\" content=\"Dur\u00e9e de lecture estim\u00e9e\" \/>\n\t<meta name=\"twitter:data2\" content=\"1 minute\" \/>\n<script type=\"application\/ld+json\" class=\"yoast-schema-graph\">{\"@context\":\"https:\\\/\\\/schema.org\",\"@graph\":[{\"@type\":\"Article\",\"@id\":\"https:\\\/\\\/batijournal.com\\\/index.php\\\/semaine-de-la-reno-copro-du-2-au-8-novembre-2020-partout-en-france\\\/105040\\\/#article\",\"isPartOf\":{\"@id\":\"https:\\\/\\\/batijournal.com\\\/index.php\\\/semaine-de-la-reno-copro-du-2-au-8-novembre-2020-partout-en-france\\\/105040\\\/\"},\"author\":{\"name\":\"St\u00e9phane Miget\",\"@id\":\"https:\\\/\\\/batijournal.com\\\/#\\\/schema\\\/person\\\/1dc96ec6957aa1ccb25ebe78bb19f100\"},\"headline\":\"Semaine de la R\u00e9no Copro du 2 au 8 novembre 2020 partout en France\",\"datePublished\":\"2020-10-27T06:32:16+00:00\",\"mainEntityOfPage\":{\"@id\":\"https:\\\/\\\/batijournal.com\\\/index.php\\\/semaine-de-la-reno-copro-du-2-au-8-novembre-2020-partout-en-france\\\/105040\\\/\"},\"wordCount\":160,\"image\":{\"@id\":\"https:\\\/\\\/batijournal.com\\\/index.php\\\/semaine-de-la-reno-copro-du-2-au-8-novembre-2020-partout-en-france\\\/105040\\\/#primaryimage\"},\"thumbnailUrl\":\"https:\\\/\\\/batijournal.com\\\/wp-content\\\/uploads\\\/2020\\\/10\\\/semaine-copro-2020.png\",\"keywords\":[\"copropri\u00e9t\u00e9s\"],\"articleSection\":[\"Actualit\u00e9s\",\"Divers\",\"zz_Actualit\u00e9s - Plan\u00e8te\",\"zz_Plan\u00e8te B\u00e2timent\"],\"inLanguage\":\"fr-FR\"},{\"@type\":\"WebPage\",\"@id\":\"https:\\\/\\\/batijournal.com\\\/index.php\\\/semaine-de-la-reno-copro-du-2-au-8-novembre-2020-partout-en-france\\\/105040\\\/\",\"url\":\"https:\\\/\\\/batijournal.com\\\/index.php\\\/semaine-de-la-reno-copro-du-2-au-8-novembre-2020-partout-en-france\\\/105040\\\/\",\"name\":\"Semaine de la R\u00e9no Copro du 2 au 8 novembre 2020 partout en France\",\"isPartOf\":{\"@id\":\"https:\\\/\\\/batijournal.com\\\/#website\"},\"primaryImageOfPage\":{\"@id\":\"https:\\\/\\\/batijournal.com\\\/index.php\\\/semaine-de-la-reno-copro-du-2-au-8-novembre-2020-partout-en-france\\\/105040\\\/#primaryimage\"},\"image\":{\"@id\":\"https:\\\/\\\/batijournal.com\\\/index.php\\\/semaine-de-la-reno-copro-du-2-au-8-novembre-2020-partout-en-france\\\/105040\\\/#primaryimage\"},\"thumbnailUrl\":\"https:\\\/\\\/batijournal.com\\\/wp-content\\\/uploads\\\/2020\\\/10\\\/semaine-copro-2020.png\",\"datePublished\":\"2020-10-27T06:32:16+00:00\",\"author\":{\"@id\":\"https:\\\/\\\/batijournal.com\\\/#\\\/schema\\\/person\\\/1dc96ec6957aa1ccb25ebe78bb19f100\"},\"breadcrumb\":{\"@id\":\"https:\\\/\\\/batijournal.com\\\/index.php\\\/semaine-de-la-reno-copro-du-2-au-8-novembre-2020-partout-en-france\\\/105040\\\/#breadcrumb\"},\"inLanguage\":\"fr-FR\",\"potentialAction\":[{\"@type\":\"ReadAction\",\"target\":[\"https:\\\/\\\/batijournal.com\\\/index.php\\\/semaine-de-la-reno-copro-du-2-au-8-novembre-2020-partout-en-france\\\/105040\\\/\"]}]},{\"@type\":\"ImageObject\",\"inLanguage\":\"fr-FR\",\"@id\":\"https:\\\/\\\/batijournal.com\\\/index.php\\\/semaine-de-la-reno-copro-du-2-au-8-novembre-2020-partout-en-france\\\/105040\\\/#primaryimage\",\"url\":\"https:\\\/\\\/batijournal.com\\\/wp-content\\\/uploads\\\/2020\\\/10\\\/semaine-copro-2020.png\",\"contentUrl\":\"https:\\\/\\\/batijournal.com\\\/wp-content\\\/uploads\\\/2020\\\/10\\\/semaine-copro-2020.png\",\"width\":3147,\"height\":1024},{\"@type\":\"BreadcrumbList\",\"@id\":\"https:\\\/\\\/batijournal.com\\\/index.php\\\/semaine-de-la-reno-copro-du-2-au-8-novembre-2020-partout-en-france\\\/105040\\\/#breadcrumb\",\"itemListElement\":[{\"@type\":\"ListItem\",\"position\":1,\"name\":\"Accueil\",\"item\":\"https:\\\/\\\/batijournal.com\\\/\"},{\"@type\":\"ListItem\",\"position\":2,\"name\":\"Actualit\u00e9s\",\"item\":\"https:\\\/\\\/batijournal.com\\\/index.php\\\/category\\\/actualites\\\/\"},{\"@type\":\"ListItem\",\"position\":3,\"name\":\"Divers\",\"item\":\"https:\\\/\\\/batijournal.com\\\/index.php\\\/category\\\/actualites\\\/services-equipements\\\/\"},{\"@type\":\"ListItem\",\"position\":4,\"name\":\"Semaine de la R\u00e9no Copro du 2 au 8 novembre 2020 partout en France\"}]},{\"@type\":\"WebSite\",\"@id\":\"https:\\\/\\\/batijournal.com\\\/#website\",\"url\":\"https:\\\/\\\/batijournal.com\\\/\",\"name\":\"Batijournal\",\"description\":\"L&#039;actualit\u00e9 du b\u00e2timent\",\"potentialAction\":[{\"@type\":\"SearchAction\",\"target\":{\"@type\":\"EntryPoint\",\"urlTemplate\":\"https:\\\/\\\/batijournal.com\\\/?s={search_term_string}\"},\"query-input\":{\"@type\":\"PropertyValueSpecification\",\"valueRequired\":true,\"valueName\":\"search_term_string\"}}],\"inLanguage\":\"fr-FR\"},{\"@type\":\"Person\",\"@id\":\"https:\\\/\\\/batijournal.com\\\/#\\\/schema\\\/person\\\/1dc96ec6957aa1ccb25ebe78bb19f100\",\"name\":\"St\u00e9phane Miget\",\"image\":{\"@type\":\"ImageObject\",\"inLanguage\":\"fr-FR\",\"@id\":\"https:\\\/\\\/secure.gravatar.com\\\/avatar\\\/89915563d925342126b8ef0281b93d9d7fc337043e8df017f780908eb9644451?s=96&d=mm&r=g\",\"url\":\"https:\\\/\\\/secure.gravatar.com\\\/avatar\\\/89915563d925342126b8ef0281b93d9d7fc337043e8df017f780908eb9644451?s=96&d=mm&r=g\",\"contentUrl\":\"https:\\\/\\\/secure.gravatar.com\\\/avatar\\\/89915563d925342126b8ef0281b93d9d7fc337043e8df017f780908eb9644451?s=96&d=mm&r=g\",\"caption\":\"St\u00e9phane Miget\"},\"url\":\"https:\\\/\\\/batijournal.com\\\/index.php\\\/author\\\/stephane\\\/\"}]}<\/script>\n<!-- \/ Yoast SEO plugin. -->","yoast_head_json":{"title":"Semaine de la R\u00e9no Copro du 2 au 8 novembre 2020 partout en France","robots":{"index":"index","follow":"follow","max-snippet":"max-snippet:-1","max-image-preview":"max-image-preview:large","max-video-preview":"max-video-preview:-1"},"canonical":"https:\/\/batijournal.com\/index.php\/semaine-de-la-reno-copro-du-2-au-8-novembre-2020-partout-en-france\/105040\/","og_locale":"fr_FR","og_type":"article","og_title":"Semaine de la R\u00e9no Copro du 2 au 8 novembre 2020 partout en France","og_description":"A l\u2019occasion de la premi\u00e8re \u00e9dition nationale de la Semaine de la R\u00e9no Copro qui aura lieu du 2 au 8 novembre 2020, de nombreux \u00e9v\u00e9nements se tiendront partout en France autour de la r\u00e9novation \u00e9nerg\u00e9tique des copropri\u00e9t\u00e9s. Une \u00e9tude r\u00e9v\u00e8le que 31 % des Fran\u00e7ais pr\u00e9voient de s\u2019engager dans des travaux de r\u00e9novation \u00e9nerg\u00e9tique [&hellip;]","og_url":"https:\/\/batijournal.com\/index.php\/semaine-de-la-reno-copro-du-2-au-8-novembre-2020-partout-en-france\/105040\/","og_site_name":"Batijournal","article_published_time":"2020-10-27T06:32:16+00:00","og_image":[{"width":3147,"height":1024,"url":"https:\/\/batijournal.com\/wp-content\/uploads\/2020\/10\/semaine-copro-2020.png","type":"image\/png"}],"author":"St\u00e9phane Miget","twitter_card":"summary_large_image","twitter_creator":"@bati_journal","twitter_site":"@bati_journal","twitter_misc":{"\u00c9crit par":"St\u00e9phane Miget","Dur\u00e9e de lecture estim\u00e9e":"1 minute"},"schema":{"@context":"https:\/\/schema.org","@graph":[{"@type":"Article","@id":"https:\/\/batijournal.com\/index.php\/semaine-de-la-reno-copro-du-2-au-8-novembre-2020-partout-en-france\/105040\/#article","isPartOf":{"@id":"https:\/\/batijournal.com\/index.php\/semaine-de-la-reno-copro-du-2-au-8-novembre-2020-partout-en-france\/105040\/"},"author":{"name":"St\u00e9phane Miget","@id":"https:\/\/batijournal.com\/#\/schema\/person\/1dc96ec6957aa1ccb25ebe78bb19f100"},"headline":"Semaine de la R\u00e9no Copro du 2 au 8 novembre 2020 partout en France","datePublished":"2020-10-27T06:32:16+00:00","mainEntityOfPage":{"@id":"https:\/\/batijournal.com\/index.php\/semaine-de-la-reno-copro-du-2-au-8-novembre-2020-partout-en-france\/105040\/"},"wordCount":160,"image":{"@id":"https:\/\/batijournal.com\/index.php\/semaine-de-la-reno-copro-du-2-au-8-novembre-2020-partout-en-france\/105040\/#primaryimage"},"thumbnailUrl":"https:\/\/batijournal.com\/wp-content\/uploads\/2020\/10\/semaine-copro-2020.png","keywords":["copropri\u00e9t\u00e9s"],"articleSection":["Actualit\u00e9s","Divers","zz_Actualit\u00e9s - Plan\u00e8te","zz_Plan\u00e8te B\u00e2timent"],"inLanguage":"fr-FR"},{"@type":"WebPage","@id":"https:\/\/batijournal.com\/index.php\/semaine-de-la-reno-copro-du-2-au-8-novembre-2020-partout-en-france\/105040\/","url":"https:\/\/batijournal.com\/index.php\/semaine-de-la-reno-copro-du-2-au-8-novembre-2020-partout-en-france\/105040\/","name":"Semaine de la R\u00e9no Copro du 2 au 8 novembre 2020 partout en France","isPartOf":{"@id":"https:\/\/batijournal.com\/#website"},"primaryImageOfPage":{"@id":"https:\/\/batijournal.com\/index.php\/semaine-de-la-reno-copro-du-2-au-8-novembre-2020-partout-en-france\/105040\/#primaryimage"},"image":{"@id":"https:\/\/batijournal.com\/index.php\/semaine-de-la-reno-copro-du-2-au-8-novembre-2020-partout-en-france\/105040\/#primaryimage"},"thumbnailUrl":"https:\/\/batijournal.com\/wp-content\/uploads\/2020\/10\/semaine-copro-2020.png","datePublished":"2020-10-27T06:32:16+00:00","author":{"@id":"https:\/\/batijournal.com\/#\/schema\/person\/1dc96ec6957aa1ccb25ebe78bb19f100"},"breadcrumb":{"@id":"https:\/\/batijournal.com\/index.php\/semaine-de-la-reno-copro-du-2-au-8-novembre-2020-partout-en-france\/105040\/#breadcrumb"},"inLanguage":"fr-FR","potentialAction":[{"@type":"ReadAction","target":["https:\/\/batijournal.com\/index.php\/semaine-de-la-reno-copro-du-2-au-8-novembre-2020-partout-en-france\/105040\/"]}]},{"@type":"ImageObject","inLanguage":"fr-FR","@id":"https:\/\/batijournal.com\/index.php\/semaine-de-la-reno-copro-du-2-au-8-novembre-2020-partout-en-france\/105040\/#primaryimage","url":"https:\/\/batijournal.com\/wp-content\/uploads\/2020\/10\/semaine-copro-2020.png","contentUrl":"https:\/\/batijournal.com\/wp-content\/uploads\/2020\/10\/semaine-copro-2020.png","width":3147,"height":1024},{"@type":"BreadcrumbList","@id":"https:\/\/batijournal.com\/index.php\/semaine-de-la-reno-copro-du-2-au-8-novembre-2020-partout-en-france\/105040\/#breadcrumb","itemListElement":[{"@type":"ListItem","position":1,"name":"Accueil","item":"https:\/\/batijournal.com\/"},{"@type":"ListItem","position":2,"name":"Actualit\u00e9s","item":"https:\/\/batijournal.com\/index.php\/category\/actualites\/"},{"@type":"ListItem","position":3,"name":"Divers","item":"https:\/\/batijournal.com\/index.php\/category\/actualites\/services-equipements\/"},{"@type":"ListItem","position":4,"name":"Semaine de la R\u00e9no Copro du 2 au 8 novembre 2020 partout en France"}]},{"@type":"WebSite","@id":"https:\/\/batijournal.com\/#website","url":"https:\/\/batijournal.com\/","name":"Batijournal","description":"L&#039;actualit\u00e9 du b\u00e2timent","potentialAction":[{"@type":"SearchAction","target":{"@type":"EntryPoint","urlTemplate":"https:\/\/batijournal.com\/?s={search_term_string}"},"query-input":{"@type":"PropertyValueSpecification","valueRequired":true,"valueName":"search_term_string"}}],"inLanguage":"fr-FR"},{"@type":"Person","@id":"https:\/\/batijournal.com\/#\/schema\/person\/1dc96ec6957aa1ccb25ebe78bb19f100","name":"St\u00e9phane Miget","image":{"@type":"ImageObject","inLanguage":"fr-FR","@id":"https:\/\/secure.gravatar.com\/avatar\/89915563d925342126b8ef0281b93d9d7fc337043e8df017f780908eb9644451?s=96&d=mm&r=g","url":"https:\/\/secure.gravatar.com\/avatar\/89915563d925342126b8ef0281b93d9d7fc337043e8df017f780908eb9644451?s=96&d=mm&r=g","contentUrl":"https:\/\/secure.gravatar.com\/avatar\/89915563d925342126b8ef0281b93d9d7fc337043e8df017f780908eb9644451?s=96&d=mm&r=g","caption":"St\u00e9phane Miget"},"url":"https:\/\/batijournal.com\/index.php\/author\/stephane\/"}]}},"_links":{"self":[{"href":"https:\/\/batijournal.com\/index.php\/wp-json\/wp\/v2\/posts\/105040","targetHints":{"allow":["GET"]}}],"collection":[{"href":"https:\/\/batijournal.com\/index.php\/wp-json\/wp\/v2\/posts"}],"about":[{"href":"https:\/\/batijournal.com\/index.php\/wp-json\/wp\/v2\/types\/post"}],"author":[{"embeddable":true,"href":"https:\/\/batijournal.com\/index.php\/wp-json\/wp\/v2\/users\/17"}],"replies":[{"embeddable":true,"href":"https:\/\/batijournal.com\/index.php\/wp-json\/wp\/v2\/comments?post=105040"}],"version-history":[{"count":0,"href":"https:\/\/batijournal.com\/index.php\/wp-json\/wp\/v2\/posts\/105040\/revisions"}],"wp:featuredmedia":[{"embeddable":true,"href":"https:\/\/batijournal.com\/index.php\/wp-json\/wp\/v2\/media\/105041"}],"wp:attachment":[{"href":"https:\/\/batijournal.com\/index.php\/wp-json\/wp\/v2\/media?parent=105040"}],"wp:term":[{"taxonomy":"category","embeddable":true,"href":"https:\/\/batijournal.com\/index.php\/wp-json\/wp\/v2\/categories?post=105040"},{"taxonomy":"post_tag","embeddable":true,"href":"https:\/\/batijournal.com\/index.php\/wp-json\/wp\/v2\/tags?post=105040"}],"curies":[{"name":"wp","href":"https:\/\/api.w.org\/{rel}","templated":true}]}}