{"id":105047,"date":"2020-10-27T07:47:45","date_gmt":"2020-10-27T06:47:45","guid":{"rendered":"https:\/\/batijournal.com\/?p=105047"},"modified":"2020-10-27T07:47:45","modified_gmt":"2020-10-27T06:47:45","slug":"solaire-photovoltaique-la-commission-des-finances-dit-non-a-la-retroactivite","status":"publish","type":"post","link":"https:\/\/batijournal.com\/index.php\/solaire-photovoltaique-la-commission-des-finances-dit-non-a-la-retroactivite\/105047\/","title":{"rendered":"Solaire photovolta\u00efque : la Commission des finances dit non \u00e0 la r\u00e9troactivit\u00e9"},"content":{"rendered":"<p>La commission des finances de l\u2019Assembl\u00e9e nationale a rejet\u00e9 le 23 octobre 2020 une proposition d\u2019amendement qui visait \u00e0 r\u00e9duire, de mani\u00e8re r\u00e9troactive, la dur\u00e9e des contrats d\u2019obligation d\u2019achat pour les installations photovolta\u00efques conclus avant 2011. La remise en cause, \u00e0 travers cet amendement, de la parole de l\u2019Etat aurait eu un impact n\u00e9gatif majeur sur le financement de l\u2019ensemble de la transition \u00e9nerg\u00e9tique.<br \/>\n<em>\u00ab Le SER se f\u00e9licite que la commission des Finances ait rejet\u00e9 cette proposition qui, au-del\u00e0 des cons\u00e9quences directes sur les entreprises de la fili\u00e8re du solaire, aurait tr\u00e8s lourdement d\u00e9grad\u00e9 les conditions de financement de l\u2019ensemble des futurs projets renouvelables et conduit \u00e0 devoir m\u00e9caniquement augmenter les niveaux de soutiens publics n\u00e9cessaires. La parole de l\u2019Etat constitue aujourd\u2019hui un \u00ab bien commun \u00bb qui permet de financer la transition \u00e9nerg\u00e9tique et l\u2019innovation dans des conditions favorables. Nous devons absolument \u00e9viter de remettre en cause cet acquis, sans quoi la relance \u00e9conomique et la transition \u00e9nerg\u00e9tique seraient mises \u00e0 mal \u00bb<\/em> indique Jean-Louis BAL, Pr\u00e9sident du Syndicat des \u00e9nergies renouvelables.<\/p>\n","protected":false},"excerpt":{"rendered":"<p>La commission des finances de l\u2019Assembl\u00e9e nationale a rejet\u00e9 le 23 octobre 2020 une proposition d\u2019amendement qui visait \u00e0 r\u00e9duire, de mani\u00e8re r\u00e9troactive, la dur\u00e9e des contrats d\u2019obligation d\u2019achat pour les installations photovolta\u00efques conclus avant 2011. La remise en cause, \u00e0 travers cet amendement, de la parole de l\u2019Etat aurait eu un impact n\u00e9gatif majeur [&hellip;]<\/p>\n","protected":false},"author":17,"featured_media":91814,"comment_status":"closed","ping_status":"closed","sticky":false,"template":"","format":"standard","meta":{"_et_pb_use_builder":"","_et_pb_old_content":"","_et_gb_content_width":"","footnotes":""},"categories":[10530,6351,10781,10778],"tags":[464],"class_list":["post-105047","post","type-post","status-publish","format-standard","has-post-thumbnail","hentry","category-actualites","category-energie-environnement","category-publications-planete","category-planete","tag-photovoltaique"],"yoast_head":"<!-- This site is optimized with the Yoast SEO plugin v27.4 - https:\/\/yoast.com\/product\/yoast-seo-wordpress\/ -->\n<title>Solaire photovolta\u00efque : la Commission des finances dit non \u00e0 la r\u00e9troactivit\u00e9<\/title>\n<meta name=\"robots\" content=\"index, follow, max-snippet:-1, max-image-preview:large, max-video-preview:-1\" \/>\n<link rel=\"canonical\" href=\"https:\/\/batijournal.com\/index.php\/solaire-photovoltaique-la-commission-des-finances-dit-non-a-la-retroactivite\/105047\/\" \/>\n<meta property=\"og:locale\" content=\"fr_FR\" \/>\n<meta property=\"og:type\" content=\"article\" \/>\n<meta property=\"og:title\" content=\"Solaire photovolta\u00efque : la Commission des finances dit non \u00e0 la r\u00e9troactivit\u00e9\" \/>\n<meta property=\"og:description\" content=\"La commission des finances de l\u2019Assembl\u00e9e nationale a rejet\u00e9 le 23 octobre 2020 une proposition d\u2019amendement qui visait \u00e0 r\u00e9duire, de mani\u00e8re r\u00e9troactive, la dur\u00e9e des contrats d\u2019obligation d\u2019achat pour les installations photovolta\u00efques conclus avant 2011. La remise en cause, \u00e0 travers cet amendement, de la parole de l\u2019Etat aurait eu un impact n\u00e9gatif majeur [&hellip;]\" \/>\n<meta property=\"og:url\" content=\"https:\/\/batijournal.com\/index.php\/solaire-photovoltaique-la-commission-des-finances-dit-non-a-la-retroactivite\/105047\/\" \/>\n<meta property=\"og:site_name\" content=\"Batijournal\" \/>\n<meta property=\"article:published_time\" content=\"2020-10-27T06:47:45+00:00\" \/>\n<meta property=\"og:image\" content=\"https:\/\/batijournal.com\/wp-content\/uploads\/2016\/03\/installations-photovoltaiques-de-moyenne-puissance.jpg\" \/>\n\t<meta property=\"og:image:width\" content=\"800\" \/>\n\t<meta property=\"og:image:height\" content=\"600\" \/>\n\t<meta property=\"og:image:type\" content=\"image\/jpeg\" \/>\n<meta name=\"author\" content=\"St\u00e9phane Miget\" \/>\n<meta name=\"twitter:card\" content=\"summary_large_image\" \/>\n<meta name=\"twitter:creator\" content=\"@bati_journal\" \/>\n<meta name=\"twitter:site\" content=\"@bati_journal\" \/>\n<meta name=\"twitter:label1\" content=\"\u00c9crit par\" \/>\n\t<meta name=\"twitter:data1\" content=\"St\u00e9phane Miget\" \/>\n\t<meta name=\"twitter:label2\" content=\"Dur\u00e9e de lecture estim\u00e9e\" \/>\n\t<meta name=\"twitter:data2\" content=\"1 minute\" \/>\n<script type=\"application\/ld+json\" class=\"yoast-schema-graph\">{\"@context\":\"https:\\\/\\\/schema.org\",\"@graph\":[{\"@type\":\"Article\",\"@id\":\"https:\\\/\\\/batijournal.com\\\/index.php\\\/solaire-photovoltaique-la-commission-des-finances-dit-non-a-la-retroactivite\\\/105047\\\/#article\",\"isPartOf\":{\"@id\":\"https:\\\/\\\/batijournal.com\\\/index.php\\\/solaire-photovoltaique-la-commission-des-finances-dit-non-a-la-retroactivite\\\/105047\\\/\"},\"author\":{\"name\":\"St\u00e9phane Miget\",\"@id\":\"https:\\\/\\\/batijournal.com\\\/#\\\/schema\\\/person\\\/1dc96ec6957aa1ccb25ebe78bb19f100\"},\"headline\":\"Solaire photovolta\u00efque : la Commission des finances dit non \u00e0 la r\u00e9troactivit\u00e9\",\"datePublished\":\"2020-10-27T06:47:45+00:00\",\"mainEntityOfPage\":{\"@id\":\"https:\\\/\\\/batijournal.com\\\/index.php\\\/solaire-photovoltaique-la-commission-des-finances-dit-non-a-la-retroactivite\\\/105047\\\/\"},\"wordCount\":203,\"image\":{\"@id\":\"https:\\\/\\\/batijournal.com\\\/index.php\\\/solaire-photovoltaique-la-commission-des-finances-dit-non-a-la-retroactivite\\\/105047\\\/#primaryimage\"},\"thumbnailUrl\":\"https:\\\/\\\/batijournal.com\\\/wp-content\\\/uploads\\\/2016\\\/03\\\/installations-photovoltaiques-de-moyenne-puissance.jpg\",\"keywords\":[\"photovolta\u00efque\"],\"articleSection\":[\"Actualit\u00e9s\",\"\u00c9nergie &amp; Environnement\",\"zz_Actualit\u00e9s - Plan\u00e8te\",\"zz_Plan\u00e8te B\u00e2timent\"],\"inLanguage\":\"fr-FR\"},{\"@type\":\"WebPage\",\"@id\":\"https:\\\/\\\/batijournal.com\\\/index.php\\\/solaire-photovoltaique-la-commission-des-finances-dit-non-a-la-retroactivite\\\/105047\\\/\",\"url\":\"https:\\\/\\\/batijournal.com\\\/index.php\\\/solaire-photovoltaique-la-commission-des-finances-dit-non-a-la-retroactivite\\\/105047\\\/\",\"name\":\"Solaire photovolta\u00efque : la Commission des finances dit non \u00e0 la r\u00e9troactivit\u00e9\",\"isPartOf\":{\"@id\":\"https:\\\/\\\/batijournal.com\\\/#website\"},\"primaryImageOfPage\":{\"@id\":\"https:\\\/\\\/batijournal.com\\\/index.php\\\/solaire-photovoltaique-la-commission-des-finances-dit-non-a-la-retroactivite\\\/105047\\\/#primaryimage\"},\"image\":{\"@id\":\"https:\\\/\\\/batijournal.com\\\/index.php\\\/solaire-photovoltaique-la-commission-des-finances-dit-non-a-la-retroactivite\\\/105047\\\/#primaryimage\"},\"thumbnailUrl\":\"https:\\\/\\\/batijournal.com\\\/wp-content\\\/uploads\\\/2016\\\/03\\\/installations-photovoltaiques-de-moyenne-puissance.jpg\",\"datePublished\":\"2020-10-27T06:47:45+00:00\",\"author\":{\"@id\":\"https:\\\/\\\/batijournal.com\\\/#\\\/schema\\\/person\\\/1dc96ec6957aa1ccb25ebe78bb19f100\"},\"breadcrumb\":{\"@id\":\"https:\\\/\\\/batijournal.com\\\/index.php\\\/solaire-photovoltaique-la-commission-des-finances-dit-non-a-la-retroactivite\\\/105047\\\/#breadcrumb\"},\"inLanguage\":\"fr-FR\",\"potentialAction\":[{\"@type\":\"ReadAction\",\"target\":[\"https:\\\/\\\/batijournal.com\\\/index.php\\\/solaire-photovoltaique-la-commission-des-finances-dit-non-a-la-retroactivite\\\/105047\\\/\"]}]},{\"@type\":\"ImageObject\",\"inLanguage\":\"fr-FR\",\"@id\":\"https:\\\/\\\/batijournal.com\\\/index.php\\\/solaire-photovoltaique-la-commission-des-finances-dit-non-a-la-retroactivite\\\/105047\\\/#primaryimage\",\"url\":\"https:\\\/\\\/batijournal.com\\\/wp-content\\\/uploads\\\/2016\\\/03\\\/installations-photovoltaiques-de-moyenne-puissance.jpg\",\"contentUrl\":\"https:\\\/\\\/batijournal.com\\\/wp-content\\\/uploads\\\/2016\\\/03\\\/installations-photovoltaiques-de-moyenne-puissance.jpg\",\"width\":800,\"height\":600},{\"@type\":\"BreadcrumbList\",\"@id\":\"https:\\\/\\\/batijournal.com\\\/index.php\\\/solaire-photovoltaique-la-commission-des-finances-dit-non-a-la-retroactivite\\\/105047\\\/#breadcrumb\",\"itemListElement\":[{\"@type\":\"ListItem\",\"position\":1,\"name\":\"Accueil\",\"item\":\"https:\\\/\\\/batijournal.com\\\/\"},{\"@type\":\"ListItem\",\"position\":2,\"name\":\"Actualit\u00e9s\",\"item\":\"https:\\\/\\\/batijournal.com\\\/index.php\\\/category\\\/actualites\\\/\"},{\"@type\":\"ListItem\",\"position\":3,\"name\":\"\u00c9nergie &amp; Environnement\",\"item\":\"https:\\\/\\\/batijournal.com\\\/index.php\\\/category\\\/actualites\\\/energie-environnement\\\/\"},{\"@type\":\"ListItem\",\"position\":4,\"name\":\"Solaire photovolta\u00efque : la Commission des finances dit non \u00e0 la r\u00e9troactivit\u00e9\"}]},{\"@type\":\"WebSite\",\"@id\":\"https:\\\/\\\/batijournal.com\\\/#website\",\"url\":\"https:\\\/\\\/batijournal.com\\\/\",\"name\":\"Batijournal\",\"description\":\"L&#039;actualit\u00e9 du b\u00e2timent\",\"potentialAction\":[{\"@type\":\"SearchAction\",\"target\":{\"@type\":\"EntryPoint\",\"urlTemplate\":\"https:\\\/\\\/batijournal.com\\\/?s={search_term_string}\"},\"query-input\":{\"@type\":\"PropertyValueSpecification\",\"valueRequired\":true,\"valueName\":\"search_term_string\"}}],\"inLanguage\":\"fr-FR\"},{\"@type\":\"Person\",\"@id\":\"https:\\\/\\\/batijournal.com\\\/#\\\/schema\\\/person\\\/1dc96ec6957aa1ccb25ebe78bb19f100\",\"name\":\"St\u00e9phane Miget\",\"image\":{\"@type\":\"ImageObject\",\"inLanguage\":\"fr-FR\",\"@id\":\"https:\\\/\\\/secure.gravatar.com\\\/avatar\\\/89915563d925342126b8ef0281b93d9d7fc337043e8df017f780908eb9644451?s=96&d=mm&r=g\",\"url\":\"https:\\\/\\\/secure.gravatar.com\\\/avatar\\\/89915563d925342126b8ef0281b93d9d7fc337043e8df017f780908eb9644451?s=96&d=mm&r=g\",\"contentUrl\":\"https:\\\/\\\/secure.gravatar.com\\\/avatar\\\/89915563d925342126b8ef0281b93d9d7fc337043e8df017f780908eb9644451?s=96&d=mm&r=g\",\"caption\":\"St\u00e9phane Miget\"},\"url\":\"https:\\\/\\\/batijournal.com\\\/index.php\\\/author\\\/stephane\\\/\"}]}<\/script>\n<!-- \/ Yoast SEO plugin. -->","yoast_head_json":{"title":"Solaire photovolta\u00efque : la Commission des finances dit non \u00e0 la r\u00e9troactivit\u00e9","robots":{"index":"index","follow":"follow","max-snippet":"max-snippet:-1","max-image-preview":"max-image-preview:large","max-video-preview":"max-video-preview:-1"},"canonical":"https:\/\/batijournal.com\/index.php\/solaire-photovoltaique-la-commission-des-finances-dit-non-a-la-retroactivite\/105047\/","og_locale":"fr_FR","og_type":"article","og_title":"Solaire photovolta\u00efque : la Commission des finances dit non \u00e0 la r\u00e9troactivit\u00e9","og_description":"La commission des finances de l\u2019Assembl\u00e9e nationale a rejet\u00e9 le 23 octobre 2020 une proposition d\u2019amendement qui visait \u00e0 r\u00e9duire, de mani\u00e8re r\u00e9troactive, la dur\u00e9e des contrats d\u2019obligation d\u2019achat pour les installations photovolta\u00efques conclus avant 2011. La remise en cause, \u00e0 travers cet amendement, de la parole de l\u2019Etat aurait eu un impact n\u00e9gatif majeur [&hellip;]","og_url":"https:\/\/batijournal.com\/index.php\/solaire-photovoltaique-la-commission-des-finances-dit-non-a-la-retroactivite\/105047\/","og_site_name":"Batijournal","article_published_time":"2020-10-27T06:47:45+00:00","og_image":[{"width":800,"height":600,"url":"https:\/\/batijournal.com\/wp-content\/uploads\/2016\/03\/installations-photovoltaiques-de-moyenne-puissance.jpg","type":"image\/jpeg"}],"author":"St\u00e9phane Miget","twitter_card":"summary_large_image","twitter_creator":"@bati_journal","twitter_site":"@bati_journal","twitter_misc":{"\u00c9crit par":"St\u00e9phane Miget","Dur\u00e9e de lecture estim\u00e9e":"1 minute"},"schema":{"@context":"https:\/\/schema.org","@graph":[{"@type":"Article","@id":"https:\/\/batijournal.com\/index.php\/solaire-photovoltaique-la-commission-des-finances-dit-non-a-la-retroactivite\/105047\/#article","isPartOf":{"@id":"https:\/\/batijournal.com\/index.php\/solaire-photovoltaique-la-commission-des-finances-dit-non-a-la-retroactivite\/105047\/"},"author":{"name":"St\u00e9phane Miget","@id":"https:\/\/batijournal.com\/#\/schema\/person\/1dc96ec6957aa1ccb25ebe78bb19f100"},"headline":"Solaire photovolta\u00efque : la Commission des finances dit non \u00e0 la r\u00e9troactivit\u00e9","datePublished":"2020-10-27T06:47:45+00:00","mainEntityOfPage":{"@id":"https:\/\/batijournal.com\/index.php\/solaire-photovoltaique-la-commission-des-finances-dit-non-a-la-retroactivite\/105047\/"},"wordCount":203,"image":{"@id":"https:\/\/batijournal.com\/index.php\/solaire-photovoltaique-la-commission-des-finances-dit-non-a-la-retroactivite\/105047\/#primaryimage"},"thumbnailUrl":"https:\/\/batijournal.com\/wp-content\/uploads\/2016\/03\/installations-photovoltaiques-de-moyenne-puissance.jpg","keywords":["photovolta\u00efque"],"articleSection":["Actualit\u00e9s","\u00c9nergie &amp; Environnement","zz_Actualit\u00e9s - Plan\u00e8te","zz_Plan\u00e8te B\u00e2timent"],"inLanguage":"fr-FR"},{"@type":"WebPage","@id":"https:\/\/batijournal.com\/index.php\/solaire-photovoltaique-la-commission-des-finances-dit-non-a-la-retroactivite\/105047\/","url":"https:\/\/batijournal.com\/index.php\/solaire-photovoltaique-la-commission-des-finances-dit-non-a-la-retroactivite\/105047\/","name":"Solaire photovolta\u00efque : la Commission des finances dit non \u00e0 la r\u00e9troactivit\u00e9","isPartOf":{"@id":"https:\/\/batijournal.com\/#website"},"primaryImageOfPage":{"@id":"https:\/\/batijournal.com\/index.php\/solaire-photovoltaique-la-commission-des-finances-dit-non-a-la-retroactivite\/105047\/#primaryimage"},"image":{"@id":"https:\/\/batijournal.com\/index.php\/solaire-photovoltaique-la-commission-des-finances-dit-non-a-la-retroactivite\/105047\/#primaryimage"},"thumbnailUrl":"https:\/\/batijournal.com\/wp-content\/uploads\/2016\/03\/installations-photovoltaiques-de-moyenne-puissance.jpg","datePublished":"2020-10-27T06:47:45+00:00","author":{"@id":"https:\/\/batijournal.com\/#\/schema\/person\/1dc96ec6957aa1ccb25ebe78bb19f100"},"breadcrumb":{"@id":"https:\/\/batijournal.com\/index.php\/solaire-photovoltaique-la-commission-des-finances-dit-non-a-la-retroactivite\/105047\/#breadcrumb"},"inLanguage":"fr-FR","potentialAction":[{"@type":"ReadAction","target":["https:\/\/batijournal.com\/index.php\/solaire-photovoltaique-la-commission-des-finances-dit-non-a-la-retroactivite\/105047\/"]}]},{"@type":"ImageObject","inLanguage":"fr-FR","@id":"https:\/\/batijournal.com\/index.php\/solaire-photovoltaique-la-commission-des-finances-dit-non-a-la-retroactivite\/105047\/#primaryimage","url":"https:\/\/batijournal.com\/wp-content\/uploads\/2016\/03\/installations-photovoltaiques-de-moyenne-puissance.jpg","contentUrl":"https:\/\/batijournal.com\/wp-content\/uploads\/2016\/03\/installations-photovoltaiques-de-moyenne-puissance.jpg","width":800,"height":600},{"@type":"BreadcrumbList","@id":"https:\/\/batijournal.com\/index.php\/solaire-photovoltaique-la-commission-des-finances-dit-non-a-la-retroactivite\/105047\/#breadcrumb","itemListElement":[{"@type":"ListItem","position":1,"name":"Accueil","item":"https:\/\/batijournal.com\/"},{"@type":"ListItem","position":2,"name":"Actualit\u00e9s","item":"https:\/\/batijournal.com\/index.php\/category\/actualites\/"},{"@type":"ListItem","position":3,"name":"\u00c9nergie &amp; Environnement","item":"https:\/\/batijournal.com\/index.php\/category\/actualites\/energie-environnement\/"},{"@type":"ListItem","position":4,"name":"Solaire photovolta\u00efque : la Commission des finances dit non \u00e0 la r\u00e9troactivit\u00e9"}]},{"@type":"WebSite","@id":"https:\/\/batijournal.com\/#website","url":"https:\/\/batijournal.com\/","name":"Batijournal","description":"L&#039;actualit\u00e9 du b\u00e2timent","potentialAction":[{"@type":"SearchAction","target":{"@type":"EntryPoint","urlTemplate":"https:\/\/batijournal.com\/?s={search_term_string}"},"query-input":{"@type":"PropertyValueSpecification","valueRequired":true,"valueName":"search_term_string"}}],"inLanguage":"fr-FR"},{"@type":"Person","@id":"https:\/\/batijournal.com\/#\/schema\/person\/1dc96ec6957aa1ccb25ebe78bb19f100","name":"St\u00e9phane Miget","image":{"@type":"ImageObject","inLanguage":"fr-FR","@id":"https:\/\/secure.gravatar.com\/avatar\/89915563d925342126b8ef0281b93d9d7fc337043e8df017f780908eb9644451?s=96&d=mm&r=g","url":"https:\/\/secure.gravatar.com\/avatar\/89915563d925342126b8ef0281b93d9d7fc337043e8df017f780908eb9644451?s=96&d=mm&r=g","contentUrl":"https:\/\/secure.gravatar.com\/avatar\/89915563d925342126b8ef0281b93d9d7fc337043e8df017f780908eb9644451?s=96&d=mm&r=g","caption":"St\u00e9phane Miget"},"url":"https:\/\/batijournal.com\/index.php\/author\/stephane\/"}]}},"_links":{"self":[{"href":"https:\/\/batijournal.com\/index.php\/wp-json\/wp\/v2\/posts\/105047","targetHints":{"allow":["GET"]}}],"collection":[{"href":"https:\/\/batijournal.com\/index.php\/wp-json\/wp\/v2\/posts"}],"about":[{"href":"https:\/\/batijournal.com\/index.php\/wp-json\/wp\/v2\/types\/post"}],"author":[{"embeddable":true,"href":"https:\/\/batijournal.com\/index.php\/wp-json\/wp\/v2\/users\/17"}],"replies":[{"embeddable":true,"href":"https:\/\/batijournal.com\/index.php\/wp-json\/wp\/v2\/comments?post=105047"}],"version-history":[{"count":0,"href":"https:\/\/batijournal.com\/index.php\/wp-json\/wp\/v2\/posts\/105047\/revisions"}],"wp:featuredmedia":[{"embeddable":true,"href":"https:\/\/batijournal.com\/index.php\/wp-json\/wp\/v2\/media\/91814"}],"wp:attachment":[{"href":"https:\/\/batijournal.com\/index.php\/wp-json\/wp\/v2\/media?parent=105047"}],"wp:term":[{"taxonomy":"category","embeddable":true,"href":"https:\/\/batijournal.com\/index.php\/wp-json\/wp\/v2\/categories?post=105047"},{"taxonomy":"post_tag","embeddable":true,"href":"https:\/\/batijournal.com\/index.php\/wp-json\/wp\/v2\/tags?post=105047"}],"curies":[{"name":"wp","href":"https:\/\/api.w.org\/{rel}","templated":true}]}}