{"id":105048,"date":"2020-10-27T07:49:04","date_gmt":"2020-10-27T06:49:04","guid":{"rendered":"https:\/\/batijournal.com\/?p=105048"},"modified":"2020-10-27T07:49:04","modified_gmt":"2020-10-27T06:49:04","slug":"chaleur-renouvelable-la-france-accentue-encore-son-retard","status":"publish","type":"post","link":"https:\/\/batijournal.com\/index.php\/chaleur-renouvelable-la-france-accentue-encore-son-retard\/105048\/","title":{"rendered":"Chaleur renouvelable : la France accentue encore son retard"},"content":{"rendered":"<p><strong>A seulement une ann\u00e9e de l\u2019objectif que s\u2019est fix\u00e9 la France d\u2019atteindre 33 % de chaleur renouvelable dans la consommation de chaleur en 2020, la quatri\u00e8me \u00e9dition du Panorama de la chaleur renouvelable et de r\u00e9cup\u00e9ration confirme cette ann\u00e9e encore l\u2019\u00e9cart consid\u00e9rable qui persiste entre les objectifs de la Loi de Transition \u00c9nerg\u00e9tique pour la Croissance Verte et la Programmation Pluriannuelle de l\u2019Energie et la r\u00e9alit\u00e9 sur le terrain. La progression de la part de chaleur renouvelable entre 2018 et 2019 n\u2019est que de 0,9 point contre 1,2 point entre 2017 et 2018. En 2019, la chaleur renouvelable n\u2019a repr\u00e9sent\u00e9 que 20,8 % (19,9 % en 2018) de notre consommation finale brute de chaleur.<\/strong><\/p>\n<p>Les projets de chaleur renouvelable et de r\u00e9cup\u00e9ration, qui ont pour caract\u00e9ristiques d\u2019\u00e9conomiser ou de se substituer \u00e0 des \u00e9nergies fossiles import\u00e9es, sont fond\u00e9s sur des investissements, des emplois et des fili\u00e8res d\u2019approvisionnement endog\u00e8nes, valorisant au mieux les ressources \u00e9nerg\u00e9tiques renouvelables et de r\u00e9cup\u00e9ration locale. Ils constituent en ce sens des leviers puissants et imm\u00e9diats de relance \u00e9conomique des territoires et de croissance verte de notre pays.<\/p>\n<p>Afin de combler ce retard et esp\u00e9rer respecter les objectifs que la France s\u2019est fix\u00e9s au niveau national, europ\u00e9en et international en mati\u00e8re de lutte contre le changement climatique, il est essentiel que l\u2019\u00c9tat mobilise l\u2019ensemble des leviers de d\u00e9veloppement de la production de chaleur renouvelable et de r\u00e9cup\u00e9ration : favoriser la p\u00e9n\u00e9tration de la chaleur et du froid renouvelables dans le b\u00e2timent via notamment la R\u00e9glementation Environnementale 2020 \u00ab RE 2020 \u00bb, renforcer et \u00e9largir le dispositif de soutien \u00e0 la chaleur bas carbone (qui ajoute \u00e0 l\u2019aide \u00e0 l\u2019investissement du Fonds chaleur une aide au fonctionnement indispensable) \u00e0 toutes les fili\u00e8res de production de chaleur et de froid renouvelables et de r\u00e9cup\u00e9ration et aux r\u00e9seaux de chaleur et de froid, optimiser le fonctionnement de \u00ab MaPrimeR\u00e9nov \u00bb notamment. Les conditions d\u2019une reprise de la trajectoire de la Contribution Climat Energie, outil strat\u00e9gique et fondamental permettant de redonner de la comp\u00e9titivit\u00e9 aux fili\u00e8res thermiques renouvelables, devront \u00eatre analys\u00e9es.<\/p>\n<p>Source : SER<\/p>\n","protected":false},"excerpt":{"rendered":"<p>A seulement une ann\u00e9e de l\u2019objectif que s\u2019est fix\u00e9 la France d\u2019atteindre 33 % de chaleur renouvelable dans la consommation de chaleur en 2020, la quatri\u00e8me \u00e9dition du Panorama de la chaleur renouvelable et de r\u00e9cup\u00e9ration confirme cette ann\u00e9e encore l\u2019\u00e9cart consid\u00e9rable qui persiste entre les objectifs de la Loi de Transition \u00c9nerg\u00e9tique pour la [&hellip;]<\/p>\n","protected":false},"author":17,"featured_media":105044,"comment_status":"closed","ping_status":"closed","sticky":false,"template":"","format":"standard","meta":{"_et_pb_use_builder":"","_et_pb_old_content":"","_et_gb_content_width":"","footnotes":""},"categories":[10530,6351,10781,10778],"tags":[12951],"class_list":["post-105048","post","type-post","status-publish","format-standard","has-post-thumbnail","hentry","category-actualites","category-energie-environnement","category-publications-planete","category-planete","tag-chaleur-renouvelable"],"yoast_head":"<!-- This site is optimized with the Yoast SEO plugin v27.4 - https:\/\/yoast.com\/product\/yoast-seo-wordpress\/ -->\n<title>Chaleur renouvelable : la France accentue encore son retard<\/title>\n<meta name=\"robots\" content=\"index, follow, max-snippet:-1, max-image-preview:large, max-video-preview:-1\" \/>\n<link rel=\"canonical\" href=\"https:\/\/batijournal.com\/index.php\/chaleur-renouvelable-la-france-accentue-encore-son-retard\/105048\/\" \/>\n<meta property=\"og:locale\" content=\"fr_FR\" \/>\n<meta property=\"og:type\" content=\"article\" \/>\n<meta property=\"og:title\" content=\"Chaleur renouvelable : la France accentue encore son retard\" \/>\n<meta property=\"og:description\" content=\"A seulement une ann\u00e9e de l\u2019objectif que s\u2019est fix\u00e9 la France d\u2019atteindre 33 % de chaleur renouvelable dans la consommation de chaleur en 2020, la quatri\u00e8me \u00e9dition du Panorama de la chaleur renouvelable et de r\u00e9cup\u00e9ration confirme cette ann\u00e9e encore l\u2019\u00e9cart consid\u00e9rable qui persiste entre les objectifs de la Loi de Transition \u00c9nerg\u00e9tique pour la [&hellip;]\" \/>\n<meta property=\"og:url\" content=\"https:\/\/batijournal.com\/index.php\/chaleur-renouvelable-la-france-accentue-encore-son-retard\/105048\/\" \/>\n<meta property=\"og:site_name\" content=\"Batijournal\" \/>\n<meta property=\"article:published_time\" content=\"2020-10-27T06:49:04+00:00\" \/>\n<meta property=\"og:image\" content=\"https:\/\/batijournal.com\/wp-content\/uploads\/2020\/10\/chaleur-renouvelable.png\" \/>\n\t<meta property=\"og:image:width\" content=\"651\" \/>\n\t<meta property=\"og:image:height\" content=\"736\" \/>\n\t<meta property=\"og:image:type\" content=\"image\/png\" \/>\n<meta name=\"author\" content=\"St\u00e9phane Miget\" \/>\n<meta name=\"twitter:card\" content=\"summary_large_image\" \/>\n<meta name=\"twitter:creator\" content=\"@bati_journal\" \/>\n<meta name=\"twitter:site\" content=\"@bati_journal\" \/>\n<meta name=\"twitter:label1\" content=\"\u00c9crit par\" \/>\n\t<meta name=\"twitter:data1\" content=\"St\u00e9phane Miget\" \/>\n\t<meta name=\"twitter:label2\" content=\"Dur\u00e9e de lecture estim\u00e9e\" \/>\n\t<meta name=\"twitter:data2\" content=\"2 minutes\" \/>\n<script type=\"application\/ld+json\" class=\"yoast-schema-graph\">{\"@context\":\"https:\\\/\\\/schema.org\",\"@graph\":[{\"@type\":\"Article\",\"@id\":\"https:\\\/\\\/batijournal.com\\\/index.php\\\/chaleur-renouvelable-la-france-accentue-encore-son-retard\\\/105048\\\/#article\",\"isPartOf\":{\"@id\":\"https:\\\/\\\/batijournal.com\\\/index.php\\\/chaleur-renouvelable-la-france-accentue-encore-son-retard\\\/105048\\\/\"},\"author\":{\"name\":\"St\u00e9phane Miget\",\"@id\":\"https:\\\/\\\/batijournal.com\\\/#\\\/schema\\\/person\\\/1dc96ec6957aa1ccb25ebe78bb19f100\"},\"headline\":\"Chaleur renouvelable : la France accentue encore son retard\",\"datePublished\":\"2020-10-27T06:49:04+00:00\",\"mainEntityOfPage\":{\"@id\":\"https:\\\/\\\/batijournal.com\\\/index.php\\\/chaleur-renouvelable-la-france-accentue-encore-son-retard\\\/105048\\\/\"},\"wordCount\":378,\"image\":{\"@id\":\"https:\\\/\\\/batijournal.com\\\/index.php\\\/chaleur-renouvelable-la-france-accentue-encore-son-retard\\\/105048\\\/#primaryimage\"},\"thumbnailUrl\":\"https:\\\/\\\/batijournal.com\\\/wp-content\\\/uploads\\\/2020\\\/10\\\/chaleur-renouvelable.png\",\"keywords\":[\"chaleur renouvelable\"],\"articleSection\":[\"Actualit\u00e9s\",\"\u00c9nergie &amp; Environnement\",\"zz_Actualit\u00e9s - Plan\u00e8te\",\"zz_Plan\u00e8te B\u00e2timent\"],\"inLanguage\":\"fr-FR\"},{\"@type\":\"WebPage\",\"@id\":\"https:\\\/\\\/batijournal.com\\\/index.php\\\/chaleur-renouvelable-la-france-accentue-encore-son-retard\\\/105048\\\/\",\"url\":\"https:\\\/\\\/batijournal.com\\\/index.php\\\/chaleur-renouvelable-la-france-accentue-encore-son-retard\\\/105048\\\/\",\"name\":\"Chaleur renouvelable : la France accentue encore son retard\",\"isPartOf\":{\"@id\":\"https:\\\/\\\/batijournal.com\\\/#website\"},\"primaryImageOfPage\":{\"@id\":\"https:\\\/\\\/batijournal.com\\\/index.php\\\/chaleur-renouvelable-la-france-accentue-encore-son-retard\\\/105048\\\/#primaryimage\"},\"image\":{\"@id\":\"https:\\\/\\\/batijournal.com\\\/index.php\\\/chaleur-renouvelable-la-france-accentue-encore-son-retard\\\/105048\\\/#primaryimage\"},\"thumbnailUrl\":\"https:\\\/\\\/batijournal.com\\\/wp-content\\\/uploads\\\/2020\\\/10\\\/chaleur-renouvelable.png\",\"datePublished\":\"2020-10-27T06:49:04+00:00\",\"author\":{\"@id\":\"https:\\\/\\\/batijournal.com\\\/#\\\/schema\\\/person\\\/1dc96ec6957aa1ccb25ebe78bb19f100\"},\"breadcrumb\":{\"@id\":\"https:\\\/\\\/batijournal.com\\\/index.php\\\/chaleur-renouvelable-la-france-accentue-encore-son-retard\\\/105048\\\/#breadcrumb\"},\"inLanguage\":\"fr-FR\",\"potentialAction\":[{\"@type\":\"ReadAction\",\"target\":[\"https:\\\/\\\/batijournal.com\\\/index.php\\\/chaleur-renouvelable-la-france-accentue-encore-son-retard\\\/105048\\\/\"]}]},{\"@type\":\"ImageObject\",\"inLanguage\":\"fr-FR\",\"@id\":\"https:\\\/\\\/batijournal.com\\\/index.php\\\/chaleur-renouvelable-la-france-accentue-encore-son-retard\\\/105048\\\/#primaryimage\",\"url\":\"https:\\\/\\\/batijournal.com\\\/wp-content\\\/uploads\\\/2020\\\/10\\\/chaleur-renouvelable.png\",\"contentUrl\":\"https:\\\/\\\/batijournal.com\\\/wp-content\\\/uploads\\\/2020\\\/10\\\/chaleur-renouvelable.png\",\"width\":651,\"height\":736},{\"@type\":\"BreadcrumbList\",\"@id\":\"https:\\\/\\\/batijournal.com\\\/index.php\\\/chaleur-renouvelable-la-france-accentue-encore-son-retard\\\/105048\\\/#breadcrumb\",\"itemListElement\":[{\"@type\":\"ListItem\",\"position\":1,\"name\":\"Accueil\",\"item\":\"https:\\\/\\\/batijournal.com\\\/\"},{\"@type\":\"ListItem\",\"position\":2,\"name\":\"Actualit\u00e9s\",\"item\":\"https:\\\/\\\/batijournal.com\\\/index.php\\\/category\\\/actualites\\\/\"},{\"@type\":\"ListItem\",\"position\":3,\"name\":\"\u00c9nergie &amp; Environnement\",\"item\":\"https:\\\/\\\/batijournal.com\\\/index.php\\\/category\\\/actualites\\\/energie-environnement\\\/\"},{\"@type\":\"ListItem\",\"position\":4,\"name\":\"Chaleur renouvelable : la France accentue encore son retard\"}]},{\"@type\":\"WebSite\",\"@id\":\"https:\\\/\\\/batijournal.com\\\/#website\",\"url\":\"https:\\\/\\\/batijournal.com\\\/\",\"name\":\"Batijournal\",\"description\":\"L&#039;actualit\u00e9 du b\u00e2timent\",\"potentialAction\":[{\"@type\":\"SearchAction\",\"target\":{\"@type\":\"EntryPoint\",\"urlTemplate\":\"https:\\\/\\\/batijournal.com\\\/?s={search_term_string}\"},\"query-input\":{\"@type\":\"PropertyValueSpecification\",\"valueRequired\":true,\"valueName\":\"search_term_string\"}}],\"inLanguage\":\"fr-FR\"},{\"@type\":\"Person\",\"@id\":\"https:\\\/\\\/batijournal.com\\\/#\\\/schema\\\/person\\\/1dc96ec6957aa1ccb25ebe78bb19f100\",\"name\":\"St\u00e9phane Miget\",\"image\":{\"@type\":\"ImageObject\",\"inLanguage\":\"fr-FR\",\"@id\":\"https:\\\/\\\/secure.gravatar.com\\\/avatar\\\/89915563d925342126b8ef0281b93d9d7fc337043e8df017f780908eb9644451?s=96&d=mm&r=g\",\"url\":\"https:\\\/\\\/secure.gravatar.com\\\/avatar\\\/89915563d925342126b8ef0281b93d9d7fc337043e8df017f780908eb9644451?s=96&d=mm&r=g\",\"contentUrl\":\"https:\\\/\\\/secure.gravatar.com\\\/avatar\\\/89915563d925342126b8ef0281b93d9d7fc337043e8df017f780908eb9644451?s=96&d=mm&r=g\",\"caption\":\"St\u00e9phane Miget\"},\"url\":\"https:\\\/\\\/batijournal.com\\\/index.php\\\/author\\\/stephane\\\/\"}]}<\/script>\n<!-- \/ Yoast SEO plugin. -->","yoast_head_json":{"title":"Chaleur renouvelable : la France accentue encore son retard","robots":{"index":"index","follow":"follow","max-snippet":"max-snippet:-1","max-image-preview":"max-image-preview:large","max-video-preview":"max-video-preview:-1"},"canonical":"https:\/\/batijournal.com\/index.php\/chaleur-renouvelable-la-france-accentue-encore-son-retard\/105048\/","og_locale":"fr_FR","og_type":"article","og_title":"Chaleur renouvelable : la France accentue encore son retard","og_description":"A seulement une ann\u00e9e de l\u2019objectif que s\u2019est fix\u00e9 la France d\u2019atteindre 33 % de chaleur renouvelable dans la consommation de chaleur en 2020, la quatri\u00e8me \u00e9dition du Panorama de la chaleur renouvelable et de r\u00e9cup\u00e9ration confirme cette ann\u00e9e encore l\u2019\u00e9cart consid\u00e9rable qui persiste entre les objectifs de la Loi de Transition \u00c9nerg\u00e9tique pour la [&hellip;]","og_url":"https:\/\/batijournal.com\/index.php\/chaleur-renouvelable-la-france-accentue-encore-son-retard\/105048\/","og_site_name":"Batijournal","article_published_time":"2020-10-27T06:49:04+00:00","og_image":[{"width":651,"height":736,"url":"https:\/\/batijournal.com\/wp-content\/uploads\/2020\/10\/chaleur-renouvelable.png","type":"image\/png"}],"author":"St\u00e9phane Miget","twitter_card":"summary_large_image","twitter_creator":"@bati_journal","twitter_site":"@bati_journal","twitter_misc":{"\u00c9crit par":"St\u00e9phane Miget","Dur\u00e9e de lecture estim\u00e9e":"2 minutes"},"schema":{"@context":"https:\/\/schema.org","@graph":[{"@type":"Article","@id":"https:\/\/batijournal.com\/index.php\/chaleur-renouvelable-la-france-accentue-encore-son-retard\/105048\/#article","isPartOf":{"@id":"https:\/\/batijournal.com\/index.php\/chaleur-renouvelable-la-france-accentue-encore-son-retard\/105048\/"},"author":{"name":"St\u00e9phane Miget","@id":"https:\/\/batijournal.com\/#\/schema\/person\/1dc96ec6957aa1ccb25ebe78bb19f100"},"headline":"Chaleur renouvelable : la France accentue encore son retard","datePublished":"2020-10-27T06:49:04+00:00","mainEntityOfPage":{"@id":"https:\/\/batijournal.com\/index.php\/chaleur-renouvelable-la-france-accentue-encore-son-retard\/105048\/"},"wordCount":378,"image":{"@id":"https:\/\/batijournal.com\/index.php\/chaleur-renouvelable-la-france-accentue-encore-son-retard\/105048\/#primaryimage"},"thumbnailUrl":"https:\/\/batijournal.com\/wp-content\/uploads\/2020\/10\/chaleur-renouvelable.png","keywords":["chaleur renouvelable"],"articleSection":["Actualit\u00e9s","\u00c9nergie &amp; Environnement","zz_Actualit\u00e9s - Plan\u00e8te","zz_Plan\u00e8te B\u00e2timent"],"inLanguage":"fr-FR"},{"@type":"WebPage","@id":"https:\/\/batijournal.com\/index.php\/chaleur-renouvelable-la-france-accentue-encore-son-retard\/105048\/","url":"https:\/\/batijournal.com\/index.php\/chaleur-renouvelable-la-france-accentue-encore-son-retard\/105048\/","name":"Chaleur renouvelable : la France accentue encore son retard","isPartOf":{"@id":"https:\/\/batijournal.com\/#website"},"primaryImageOfPage":{"@id":"https:\/\/batijournal.com\/index.php\/chaleur-renouvelable-la-france-accentue-encore-son-retard\/105048\/#primaryimage"},"image":{"@id":"https:\/\/batijournal.com\/index.php\/chaleur-renouvelable-la-france-accentue-encore-son-retard\/105048\/#primaryimage"},"thumbnailUrl":"https:\/\/batijournal.com\/wp-content\/uploads\/2020\/10\/chaleur-renouvelable.png","datePublished":"2020-10-27T06:49:04+00:00","author":{"@id":"https:\/\/batijournal.com\/#\/schema\/person\/1dc96ec6957aa1ccb25ebe78bb19f100"},"breadcrumb":{"@id":"https:\/\/batijournal.com\/index.php\/chaleur-renouvelable-la-france-accentue-encore-son-retard\/105048\/#breadcrumb"},"inLanguage":"fr-FR","potentialAction":[{"@type":"ReadAction","target":["https:\/\/batijournal.com\/index.php\/chaleur-renouvelable-la-france-accentue-encore-son-retard\/105048\/"]}]},{"@type":"ImageObject","inLanguage":"fr-FR","@id":"https:\/\/batijournal.com\/index.php\/chaleur-renouvelable-la-france-accentue-encore-son-retard\/105048\/#primaryimage","url":"https:\/\/batijournal.com\/wp-content\/uploads\/2020\/10\/chaleur-renouvelable.png","contentUrl":"https:\/\/batijournal.com\/wp-content\/uploads\/2020\/10\/chaleur-renouvelable.png","width":651,"height":736},{"@type":"BreadcrumbList","@id":"https:\/\/batijournal.com\/index.php\/chaleur-renouvelable-la-france-accentue-encore-son-retard\/105048\/#breadcrumb","itemListElement":[{"@type":"ListItem","position":1,"name":"Accueil","item":"https:\/\/batijournal.com\/"},{"@type":"ListItem","position":2,"name":"Actualit\u00e9s","item":"https:\/\/batijournal.com\/index.php\/category\/actualites\/"},{"@type":"ListItem","position":3,"name":"\u00c9nergie &amp; Environnement","item":"https:\/\/batijournal.com\/index.php\/category\/actualites\/energie-environnement\/"},{"@type":"ListItem","position":4,"name":"Chaleur renouvelable : la France accentue encore son retard"}]},{"@type":"WebSite","@id":"https:\/\/batijournal.com\/#website","url":"https:\/\/batijournal.com\/","name":"Batijournal","description":"L&#039;actualit\u00e9 du b\u00e2timent","potentialAction":[{"@type":"SearchAction","target":{"@type":"EntryPoint","urlTemplate":"https:\/\/batijournal.com\/?s={search_term_string}"},"query-input":{"@type":"PropertyValueSpecification","valueRequired":true,"valueName":"search_term_string"}}],"inLanguage":"fr-FR"},{"@type":"Person","@id":"https:\/\/batijournal.com\/#\/schema\/person\/1dc96ec6957aa1ccb25ebe78bb19f100","name":"St\u00e9phane Miget","image":{"@type":"ImageObject","inLanguage":"fr-FR","@id":"https:\/\/secure.gravatar.com\/avatar\/89915563d925342126b8ef0281b93d9d7fc337043e8df017f780908eb9644451?s=96&d=mm&r=g","url":"https:\/\/secure.gravatar.com\/avatar\/89915563d925342126b8ef0281b93d9d7fc337043e8df017f780908eb9644451?s=96&d=mm&r=g","contentUrl":"https:\/\/secure.gravatar.com\/avatar\/89915563d925342126b8ef0281b93d9d7fc337043e8df017f780908eb9644451?s=96&d=mm&r=g","caption":"St\u00e9phane Miget"},"url":"https:\/\/batijournal.com\/index.php\/author\/stephane\/"}]}},"_links":{"self":[{"href":"https:\/\/batijournal.com\/index.php\/wp-json\/wp\/v2\/posts\/105048","targetHints":{"allow":["GET"]}}],"collection":[{"href":"https:\/\/batijournal.com\/index.php\/wp-json\/wp\/v2\/posts"}],"about":[{"href":"https:\/\/batijournal.com\/index.php\/wp-json\/wp\/v2\/types\/post"}],"author":[{"embeddable":true,"href":"https:\/\/batijournal.com\/index.php\/wp-json\/wp\/v2\/users\/17"}],"replies":[{"embeddable":true,"href":"https:\/\/batijournal.com\/index.php\/wp-json\/wp\/v2\/comments?post=105048"}],"version-history":[{"count":0,"href":"https:\/\/batijournal.com\/index.php\/wp-json\/wp\/v2\/posts\/105048\/revisions"}],"wp:featuredmedia":[{"embeddable":true,"href":"https:\/\/batijournal.com\/index.php\/wp-json\/wp\/v2\/media\/105044"}],"wp:attachment":[{"href":"https:\/\/batijournal.com\/index.php\/wp-json\/wp\/v2\/media?parent=105048"}],"wp:term":[{"taxonomy":"category","embeddable":true,"href":"https:\/\/batijournal.com\/index.php\/wp-json\/wp\/v2\/categories?post=105048"},{"taxonomy":"post_tag","embeddable":true,"href":"https:\/\/batijournal.com\/index.php\/wp-json\/wp\/v2\/tags?post=105048"}],"curies":[{"name":"wp","href":"https:\/\/api.w.org\/{rel}","templated":true}]}}